{"id":33755,"date":"2015-03-11T17:00:47","date_gmt":"2015-03-11T16:00:47","guid":{"rendered":"https:\/\/graziamagazine.com\/es\/?p=33755"},"modified":"2015-03-18T15:04:19","modified_gmt":"2015-03-18T14:04:19","slug":"asi-felicita-ursula-corbero-andres-velencoso","status":"publish","type":"articles","link":"https:\/\/graziamagazine.com\/es\/articles\/asi-felicita-ursula-corbero-andres-velencoso\/","title":{"rendered":"As\u00ed felicita \u00darsula Corber\u00f3 a Andr\u00e9s Velencoso"},"content":{"rendered":"<p>Un cumplea\u00f1os es motivo m\u00e1s que suficiente para hacer p\u00fablica, de una vez por todas una relaci\u00f3n. Y es que, aunque la actriz y el modelo llevan m\u00e1s de un a\u00f1o juntos (primero jugando al tira y afloja con los rumores, luego dej\u00e1ndonos pistas en sus perfiles en redes sociales), nunca les hab\u00edamos visto juntos en la misma estampa publicando su amor a los cuatro vientos&#8230; hasta hoy.<\/p>\n<p><a href=\"https:\/\/graziamagazine.com\/es\/etiqueta\/ursula-corbero\/\" target=\"_blank\"><strong>\u00darsula<\/strong><\/a> ha subido <a href=\"https:\/\/instagram.com\/ursulolita\/\" target=\"_blank\" target=\"_blank\">a su cuenta de Instagram<\/a> una imagen de los dos frente al mar y a contra luz, ambos de lo m\u00e1s cari\u00f1osos junto a un \u00abCumplea\u00f1os feliz @andresvelencoso\u00bb:<\/p>\n<figure id=\"attachment_33756\" aria-describedby=\"caption-attachment-33756\" style=\"width: 785px\" class=\"wp-caption aligncenter\"><img loading=\"lazy\" decoding=\"async\" class=\"size-full wp-image-33756\" src=\"https:\/\/graziamagazine.com\/es\/wp-content\/uploads\/sites\/12\/2015\/03\/11165800\/usrulavelencoso.jpg\" alt=\"\u00a9 Instagram\" width=\"785\" height=\"467\" \/><figcaption id=\"caption-attachment-33756\" class=\"wp-caption-text\">\u00a9 Instagram<\/figcaption><\/figure>\n<p><a href=\"https:\/\/graziamagazine.com\/es\/etiqueta\/andres-velencoso\/\" target=\"_blank\"><strong>Velencoso<\/strong><\/a>, que hace hoy mismo 37 primaveras, lo ha celebrado tambi\u00e9n <a href=\"https:\/\/instagram.com\/andresvelencoso\/\" target=\"_blank\" target=\"_blank\">en su perfil<\/a> con una imagen de \u00e9l mismo soplando las velas de su tarta. Hace una semana, nos deleitaba tambi\u00e9n con un <em>selfie<\/em> junto al cartel de la cinta <a href=\"https:\/\/graziamagazine.com\/es\/celebs\/blanca-y-ursula-vota-el-look-round-ii\/\" target=\"_blank\">que acaba de estrenar su chica, <em>Perdiendo el Norte<\/em><\/a> y, como caption, un \u00abHoy es posible que pierda el norte @ursulolita\u00bb.<\/p>\n<p>Ahora, a celebrarlo como se merecen. \u00a1Felicidades!<\/p>\n<figure id=\"attachment_33772\" aria-describedby=\"caption-attachment-33772\" style=\"width: 785px\" class=\"wp-caption aligncenter\"><img loading=\"lazy\" decoding=\"async\" class=\"size-full wp-image-33772\" src=\"https:\/\/graziamagazine.com\/es\/wp-content\/uploads\/sites\/12\/2015\/03\/11160047\/velen.jpg\" alt=\"\u00a9 Instagram\" width=\"785\" height=\"467\" \/><figcaption id=\"caption-attachment-33772\" class=\"wp-caption-text\">\u00a9 Instagram<\/figcaption><\/figure>\n<p>[galeria]<\/p>\n<p><iframe loading=\"lazy\" style=\"border: none; overflow: hidden; height: 258px;\" src=\"\/\/www.facebook.com\/plugins\/likebox.php?href=https%3A%2F%2Fwww.facebook.com%2Fgraziaespana&amp;width&amp;height=258&amp;colorscheme=light&amp;show_faces=true&amp;header=false&amp;stream=false&amp;show_border=false&amp;appId=349017955267591\" width=\"300\" height=\"150\" frameborder=\"0\" scrolling=\"no\"><\/iframe><\/p>\n","protected":false},"author":24470,"featured_media":0,"template":"","format":"standard","categories":[14,13],"acf":[],"yoast_head":"<!-- This site is optimized with the Yoast SEO Premium plugin v18.5 (Yoast SEO v20.4) - https:\/\/yoast.com\/wordpress\/plugins\/seo\/ -->\n<title>As\u00ed felicita \u00darsula Corber\u00f3 a Andr\u00e9s Velencoso | Grazia<\/title>\n<meta name=\"description\" content=\"La actriz ha dedicado una estampa de lo m\u00e1s tierna a su chico... \u00a1por fin lo hacen (oficialmente) p\u00fablico!\" \/>\n<meta name=\"robots\" content=\"index, follow, max-snippet:-1, max-image-preview:large, max-video-preview:-1\" \/>\n<link rel=\"canonical\" href=\"https:\/\/graziamagazine.com\/es\/articles\/asi-felicita-ursula-corbero-andres-velencoso\/\" \/>\n<meta property=\"og:locale\" content=\"es_ES\" \/>\n<meta property=\"og:type\" content=\"article\" \/>\n<meta property=\"og:title\" content=\"As\u00ed felicita \u00darsula Corber\u00f3 a Andr\u00e9s Velencoso\" \/>\n<meta property=\"og:description\" content=\"La actriz ha dedicado una estampa de lo m\u00e1s tierna a su chico... \u00a1por fin lo hacen (oficialmente) p\u00fablico!\" \/>\n<meta property=\"og:url\" content=\"https:\/\/graziamagazine.com\/es\/articles\/asi-felicita-ursula-corbero-andres-velencoso\/\" \/>\n<meta property=\"og:site_name\" content=\"Grazia\" \/>\n<meta property=\"article:modified_time\" content=\"2015-03-18T14:04:19+00:00\" \/>\n<meta property=\"og:image\" content=\"https:\/\/graziamagazine.com\/es\/wp-content\/uploads\/sites\/12\/2015\/03\/11165800\/usrulavelencoso.jpg\" \/>\n<meta name=\"twitter:card\" content=\"summary_large_image\" \/>\n<meta name=\"twitter:label1\" content=\"Est. reading time\" \/>\n\t<meta name=\"twitter:data1\" content=\"1 minuto\" \/>\n<script type=\"application\/ld+json\" class=\"yoast-schema-graph\">{\"@context\":\"https:\/\/schema.org\",\"@graph\":[{\"@type\":\"WebPage\",\"@id\":\"https:\/\/graziamagazine.com\/es\/articles\/asi-felicita-ursula-corbero-andres-velencoso\/\",\"url\":\"https:\/\/graziamagazine.com\/es\/articles\/asi-felicita-ursula-corbero-andres-velencoso\/\",\"name\":\"As\u00ed felicita \u00darsula Corber\u00f3 a Andr\u00e9s Velencoso | Grazia\",\"isPartOf\":{\"@id\":\"https:\/\/graziamagazine.com\/es\/#website\"},\"datePublished\":\"2015-03-11T16:00:47+00:00\",\"dateModified\":\"2015-03-18T14:04:19+00:00\",\"description\":\"La actriz ha dedicado una estampa de lo m\u00e1s tierna a su chico... \u00a1por fin lo hacen (oficialmente) p\u00fablico!\",\"breadcrumb\":{\"@id\":\"https:\/\/graziamagazine.com\/es\/articles\/asi-felicita-ursula-corbero-andres-velencoso\/#breadcrumb\"},\"inLanguage\":\"es\",\"potentialAction\":[{\"@type\":\"ReadAction\",\"target\":[\"https:\/\/graziamagazine.com\/es\/articles\/asi-felicita-ursula-corbero-andres-velencoso\/\"]}]},{\"@type\":\"BreadcrumbList\",\"@id\":\"https:\/\/graziamagazine.com\/es\/articles\/asi-felicita-ursula-corbero-andres-velencoso\/#breadcrumb\",\"itemListElement\":[{\"@type\":\"ListItem\",\"position\":1,\"name\":\"Portada\",\"item\":\"https:\/\/graziamagazine.com\/es\/\"},{\"@type\":\"ListItem\",\"position\":2,\"name\":\"As\u00ed felicita \u00darsula Corber\u00f3 a Andr\u00e9s Velencoso\"}]},{\"@type\":\"WebSite\",\"@id\":\"https:\/\/graziamagazine.com\/es\/#website\",\"url\":\"https:\/\/graziamagazine.com\/es\/\",\"name\":\"Grazia\",\"description\":\"Moda, belleza, celebrities, estilo de vida...\",\"potentialAction\":[{\"@type\":\"SearchAction\",\"target\":{\"@type\":\"EntryPoint\",\"urlTemplate\":\"https:\/\/graziamagazine.com\/es\/?s={search_term_string}\"},\"query-input\":\"required name=search_term_string\"}],\"inLanguage\":\"es\"}]}<\/script>\n<!-- \/ Yoast SEO Premium plugin. -->","yoast_head_json":{"title":"As\u00ed felicita \u00darsula Corber\u00f3 a Andr\u00e9s Velencoso | Grazia","description":"La actriz ha dedicado una estampa de lo m\u00e1s tierna a su chico... \u00a1por fin lo hacen (oficialmente) p\u00fablico!","robots":{"index":"index","follow":"follow","max-snippet":"max-snippet:-1","max-image-preview":"max-image-preview:large","max-video-preview":"max-video-preview:-1"},"canonical":"https:\/\/graziamagazine.com\/es\/articles\/asi-felicita-ursula-corbero-andres-velencoso\/","og_locale":"es_ES","og_type":"article","og_title":"As\u00ed felicita \u00darsula Corber\u00f3 a Andr\u00e9s Velencoso","og_description":"La actriz ha dedicado una estampa de lo m\u00e1s tierna a su chico... \u00a1por fin lo hacen (oficialmente) p\u00fablico!","og_url":"https:\/\/graziamagazine.com\/es\/articles\/asi-felicita-ursula-corbero-andres-velencoso\/","og_site_name":"Grazia","article_modified_time":"2015-03-18T14:04:19+00:00","og_image":[{"url":"https:\/\/graziamagazine.com\/es\/wp-content\/uploads\/sites\/12\/2015\/03\/11165800\/usrulavelencoso.jpg"}],"twitter_card":"summary_large_image","twitter_misc":{"Est. reading time":"1 minuto"},"schema":{"@context":"https:\/\/schema.org","@graph":[{"@type":"WebPage","@id":"https:\/\/graziamagazine.com\/es\/articles\/asi-felicita-ursula-corbero-andres-velencoso\/","url":"https:\/\/graziamagazine.com\/es\/articles\/asi-felicita-ursula-corbero-andres-velencoso\/","name":"As\u00ed felicita \u00darsula Corber\u00f3 a Andr\u00e9s Velencoso | Grazia","isPartOf":{"@id":"https:\/\/graziamagazine.com\/es\/#website"},"datePublished":"2015-03-11T16:00:47+00:00","dateModified":"2015-03-18T14:04:19+00:00","description":"La actriz ha dedicado una estampa de lo m\u00e1s tierna a su chico... \u00a1por fin lo hacen (oficialmente) p\u00fablico!","breadcrumb":{"@id":"https:\/\/graziamagazine.com\/es\/articles\/asi-felicita-ursula-corbero-andres-velencoso\/#breadcrumb"},"inLanguage":"es","potentialAction":[{"@type":"ReadAction","target":["https:\/\/graziamagazine.com\/es\/articles\/asi-felicita-ursula-corbero-andres-velencoso\/"]}]},{"@type":"BreadcrumbList","@id":"https:\/\/graziamagazine.com\/es\/articles\/asi-felicita-ursula-corbero-andres-velencoso\/#breadcrumb","itemListElement":[{"@type":"ListItem","position":1,"name":"Portada","item":"https:\/\/graziamagazine.com\/es\/"},{"@type":"ListItem","position":2,"name":"As\u00ed felicita \u00darsula Corber\u00f3 a Andr\u00e9s Velencoso"}]},{"@type":"WebSite","@id":"https:\/\/graziamagazine.com\/es\/#website","url":"https:\/\/graziamagazine.com\/es\/","name":"Grazia","description":"Moda, belleza, celebrities, estilo de vida...","potentialAction":[{"@type":"SearchAction","target":{"@type":"EntryPoint","urlTemplate":"https:\/\/graziamagazine.com\/es\/?s={search_term_string}"},"query-input":"required name=search_term_string"}],"inLanguage":"es"}]}},"jetpack_sharing_enabled":true,"distributor_meta":false,"distributor_terms":false,"distributor_media":false,"distributor_original_site_name":"Grazia","distributor_original_site_url":"https:\/\/graziamagazine.com\/es","push-errors":false,"_links":{"self":[{"href":"https:\/\/graziamagazine.com\/es\/wp-json\/wp\/v2\/articles\/33755"}],"collection":[{"href":"https:\/\/graziamagazine.com\/es\/wp-json\/wp\/v2\/articles"}],"about":[{"href":"https:\/\/graziamagazine.com\/es\/wp-json\/wp\/v2\/types\/articles"}],"author":[{"embeddable":true,"href":"https:\/\/graziamagazine.com\/es\/wp-json\/wp\/v2\/users\/24470"}],"wp:attachment":[{"href":"https:\/\/graziamagazine.com\/es\/wp-json\/wp\/v2\/media?parent=33755"}],"wp:term":[{"taxonomy":"category","embeddable":true,"href":"https:\/\/graziamagazine.com\/es\/wp-json\/wp\/v2\/categories?post=33755"}],"curies":[{"name":"wp","href":"https:\/\/api.w.org\/{rel}","templated":true}]}}