{"id":32787,"date":"2015-03-11T06:29:47","date_gmt":"2015-03-11T05:29:47","guid":{"rendered":"https:\/\/graziamagazine.com\/es\/?p=32787"},"modified":"2015-03-12T11:29:21","modified_gmt":"2015-03-12T10:29:21","slug":"escaparates-pasen-y-vean","status":"publish","type":"articles","link":"https:\/\/graziamagazine.com\/es\/articles\/escaparates-pasen-y-vean\/","title":{"rendered":"\u00bfQu\u00e9 esconde un escaparate?"},"content":{"rendered":"<p><strong>Un escaparate bien ideado es responsable del 27% de las ventas totales de un establecimiento<\/strong>. Lo dice <b>Mercedes Moneo, directora de <\/b><a href=\"http:\/\/www.escaparatistasprofesionales.com\/\" target=\"_blank\"><b>Triskel,<\/b><\/a> empresa dedicada a dar servicio a escaparatistas y con clientes en su cartera como <strong>Burberry<\/strong>, <strong>Apple<\/strong>, <strong>BMW<\/strong>, <strong>Nike<\/strong>, <strong>Diesel<\/strong> o <strong>Quicksilver<\/strong>.<\/p>\n<p>Y es que algo tan habitual en las calles de cualquier ciudad es una de las herramientas de venta m\u00e1s importantes (para algunos, la principal) de las tiendas, tengan el tama\u00f1o que tengan: \u201c<strong>Zara<\/strong> no hace publicidad, por lo que el escaparate es el primer punto de contacto de la marca con el cliente, y tiene que ser especialmente atractivo para convencerlo de entrar. Es la publicidad de la marca\u201d, comenta <b>Mercedes Domecq, <\/b>responsable de Comunicaci\u00f3n de la marca espa\u00f1ola<b>.<\/b><\/p>\n<figure id=\"attachment_33100\" aria-describedby=\"caption-attachment-33100\" style=\"width: 785px\" class=\"wp-caption aligncenter\"><img loading=\"lazy\" decoding=\"async\" class=\"size-full wp-image-33100\" src=\"https:\/\/graziamagazine.com\/es\/wp-content\/uploads\/sites\/12\/2015\/03\/10141238\/zara_escaparates.jpg\" alt=\"\u00a9 ZARA\" width=\"785\" height=\"633\" \/><figcaption id=\"caption-attachment-33100\" class=\"wp-caption-text\">\u00a9 ZARA<\/figcaption><\/figure>\n<p>Pero, \u00bfpara qu\u00e9 sirve exactamente un escaparate? \u201cFundamentalmente, para generar tr\u00e1fico en el interior de la tienda\u201d, explica <b>Montse Ortega, directora del Departamento de Escaparatismo de <\/b><a href=\"http:\/\/www.desigual.com\/es_ES\" target=\"_blank\"><b>Desigual<\/b><\/a><b>.<\/b>\u00a0 \u201cTambi\u00e9n para generar oportunidades de venta, diferenciarte de la competencia y desarrollar imagen de marca\u201d. Esa diferenciaci\u00f3n del resto, sin embargo, puede antojarse complicada si se tiene en cuenta que es muy dif\u00edcil llamar la atenci\u00f3n de un p\u00fablico cada vez m\u00e1s acostumbrado a los impactos visuales continuos. Eso s\u00ed, los escaparates que funcionan tienen un clar\u00edsimo impacto en el interior: \u201cDe hecho, existen <b>herramientas que nos permiten medir la cantidad de gente que entra en ella con determinado escaparate,<\/b> e incluso valorar si \u00e9ste capta la atenci\u00f3n de los transe\u00fantes con un indicador de duraci\u00f3n de miradas en segundos. La m\u00e9trica es b\u00e1sica para analizar los resultados y determinar c\u00f3mo dise\u00f1ar cada decoraci\u00f3n\u201d, comenta Montse.<\/p>\n<figure id=\"attachment_33119\" aria-describedby=\"caption-attachment-33119\" style=\"width: 785px\" class=\"wp-caption aligncenter\"><img loading=\"lazy\" decoding=\"async\" class=\"wp-image-33119 size-full\" src=\"https:\/\/graziamagazine.com\/es\/wp-content\/uploads\/sites\/12\/2015\/03\/10143836\/harrods_escaparates.jpg\" alt=\"harrods_escaparates\" width=\"785\" height=\"480\" \/><figcaption id=\"caption-attachment-33119\" class=\"wp-caption-text\">El escaparate de Harrods, en Londres, es uno de los m\u00e1s famosos del mundo. \u00a9 Getty Images<\/figcaption><\/figure>\n<p><b><span style=\"text-decoration: underline;\">Soy <em>visual merchandising<br \/>\n<\/em><\/span><\/b>El escaparate es la puerta de entrada, pero su continuaci\u00f3n debe estar en el interior del local: no hay uno sin el otro. En el caso de <strong>Zara<\/strong>, \u201cel escaparate tiene que estar perfectamente coordinado con las propuestas de moda que hay en la tienda, deben ser coherentes. <b>La coordinaci\u00f3n interior es una continuaci\u00f3n de la tendencia ya apuntada en el escaparate\u201d,<\/b> aclara Mercedes Domecq.<\/p>\n<p>Es aqu\u00ed donde entra en valor la <b>figura del <em>visual merchandising<\/em> (VM),<\/b> que no se debe confundir con la del escaparatista, independientemente de que, en ciertas marcas, sea la misma persona la que ejerza ambas funciones: \u201cLos dos tienen los mismos objetivos, que es llamar la atenci\u00f3n y llevar al cliente hacia el producto, pero las herramientas utilizadas son muy diferentes\u201d, explica Montse desde <strong>Desigual<\/strong>. \u201cEl VM desarrolla su trabajo en el interior, y es la suma de t\u00e9cnicas que sirven para exponer y presentar el producto al consumidor de la manera m\u00e1s atractiva y con la intenci\u00f3n de modificar o reafirmar la compra de los art\u00edculos expuestos. Digamos que se basa en la presentaci\u00f3n, la rotaci\u00f3n del producto y la rentabilidad de la superficie de venta\u201d.<\/p>\n<figure id=\"attachment_33103\" aria-describedby=\"caption-attachment-33103\" style=\"width: 785px\" class=\"wp-caption aligncenter\"><img loading=\"lazy\" decoding=\"async\" class=\"wp-image-33103 size-full\" src=\"https:\/\/graziamagazine.com\/es\/wp-content\/uploads\/sites\/12\/2015\/03\/10141433\/escaparate1.jpg\" alt=\"Escaparates\" width=\"785\" height=\"586\" \/><figcaption id=\"caption-attachment-33103\" class=\"wp-caption-text\">\u00a9 \u00c1rtidi<\/figcaption><\/figure>\n<p>\u201c<strong>Se tiene la opini\u00f3n err\u00f3nea de que el VM coloca, ordena o posiciona los productos, pero es mucho m\u00e1s<\/strong>. Es el dise\u00f1ador de estrategias visuales, <b>el que convierte una tienda est\u00e1tica en din\u00e1mica<\/b> y el inductor de los clientes a comprar sin que ellos se den cuenta, mientras el escaparatista debe conocer las \u00faltimas tendencias, saber idear, construir y montar una decoraci\u00f3n como si de un espect\u00e1culo se tratara. Uno sin el otro no tendr\u00eda el mismo efecto en las ventas\u201d, explica <b>Puri Fern\u00e1ndez, directora de Comunicaci\u00f3n de <\/b><a href=\"http:\/\/www.artidi.com\/\" target=\"_blank\"><b>\u00c1rtidi, escuela superior<\/b><\/a> de escaparatismo, VM, dise\u00f1o e imagen.<\/p>\n<p><b><span style=\"text-decoration: underline;\">\u00bfC\u00f3mo triunfa un escaparate?<\/span><br \/>\n<\/b>Materializar esa venta es el objetivo, pero su consecuci\u00f3n pasa, ante todo, por una clara estrategia art\u00edstica y unas tendencias que, en contra de lo que pueda parecer, no existen de manera generalizada: \u201cLo que hay son colores propios de cada temporada, pero me atrever\u00eda a decir que <b>en el escaparatismo no hay tendencias\u201d,<\/b> resume Mercedes Moneo desde Triskel. \u201cLo que es bueno para unos no funciona para otros\u201d, coincide Montse Ortega desde <strong>Desigual<\/strong>, aunque ella s\u00ed <b>agrupa los escaparates de moda en dos:<\/b> \u201cPrimero, los de firmas <i>mainstream, <\/i>en los que s\u00ed hay una tendencia clara a explicar el producto. En estas firmas, cada vez hay menos elementos decorativos, que se utilizan para dar indicios sobre el tema de la ropa expuesta, y m\u00e1s maniqu\u00edes y <i>displays. <\/i>Y despu\u00e9s est\u00e1n los de firmas <i>luxury<\/i>\u00a0o <i>Department Stores, <\/i>en los que la tendencia hacia el escaparate conceptual es muy clara: el mensaje y el impacto priman sobre el producto expuesto\u201d.<\/p>\n<figure id=\"attachment_33105\" aria-describedby=\"caption-attachment-33105\" style=\"width: 785px\" class=\"wp-caption aligncenter\"><img loading=\"lazy\" decoding=\"async\" class=\"wp-image-33105 size-full\" src=\"https:\/\/graziamagazine.com\/es\/wp-content\/uploads\/sites\/12\/2015\/03\/10141603\/escaparate2.jpg\" alt=\"Escaparates\" width=\"785\" height=\"586\" \/><figcaption id=\"caption-attachment-33105\" class=\"wp-caption-text\">\u00a9 \u00c1rtidi<\/figcaption><\/figure>\n<p>Esta pr\u00f3xima temporada primavera-verano<b>,<\/b> desde <strong>Desigual<\/strong> se lanzar\u00e1n dos mensajes: \u201cEl primero, basado en nuestro ADN, una decoraci\u00f3n basada en nuestros iconos gr\u00e1ficos, que sirve de apoyo a nuestro producto y cuya funci\u00f3n es explicar nuestra ropa. Y el segundo ser\u00e1 contar a trav\u00e9s de elementos y personajes <i>handicraft <\/i>una historia, un gui\u00f1o. El objetivo es divulgar nuestros valores y crear marca\u201d. Desde <strong>Triskel<\/strong>, su creatividad pasar\u00e1 esta vez por \u201cescaparates \u00f1o\u00f1os, muy dulces, con elementos como pasteles, gominolas, piruletas, nubes de az\u00facar metidas dentro de bolas de cristal\u2026\u201d. Moneo apunta tambi\u00e9n a <strong>los usos para esta temporada de la luz y el color<\/strong>: <b>\u201cLa tendencia apunta hacia la luz natural,<\/b> que reproduzca los colores reales del producto, mientras que en el color, <b>esta nueva campa\u00f1a estar\u00e1 muy marcada por los tonos pastel <\/b>y creo que el color rosa va a ser el protagonista\u201d.<\/p>\n<figure id=\"attachment_33101\" aria-describedby=\"caption-attachment-33101\" style=\"width: 785px\" class=\"wp-caption aligncenter\"><img loading=\"lazy\" decoding=\"async\" class=\"size-full wp-image-33101\" src=\"https:\/\/graziamagazine.com\/es\/wp-content\/uploads\/sites\/12\/2015\/03\/10141354\/bershka_escaparates.jpg\" alt=\"\u00a9 Bershka\" width=\"785\" height=\"527\" \/><figcaption id=\"caption-attachment-33101\" class=\"wp-caption-text\">\u00a9 Bershka<\/figcaption><\/figure>\n<p><b><span style=\"text-decoration: underline;\">Renovarse o morir<\/span><br \/>\n<\/b>Hasta llegar aqu\u00ed, ha habido un <b>proceso que oscila entre los seis meses y el a\u00f1o<\/b>, dependiendo de la marca y de la estrategia de comunicaci\u00f3n de la empresa. <strong>Desigual<\/strong>, en cambio, trabaja m\u00e1s en el corto plazo. Seg\u00fan Montse Ortega, \u201ctardamos poco m\u00e1s de cuatro meses en realizarlo al completo. Creemos que m\u00e1s tiempo no suma, sino que resta\u201d.<\/p>\n<p>\u00bfY a la hora de renovarlo? \u201cExisten tres campa\u00f1as en las que obligatoriamente debemos cambiar el aspecto del escaparate: primavera-verano, oto\u00f1o-invierno y Navidad. <b>El producto debe cambiarse cada 15 o 20 d\u00edas; a partir de ah\u00ed va perdiendo efectividad\u201d,<\/b> aclara Mercedes desde Triskel.\u00a0 Otra Mercedes, Domecq, coincide: \u201c<strong>Zara<\/strong>, al igual que cada cadena del grupo [Inditex], renueva el producto expuesto de todas sus tiendas en el mundo cada 15 d\u00edas durante la campa\u00f1a, acorde con los cambios de colecci\u00f3n disponibles en tienda, y se componen dos escaparates adicionales en los periodos de rebajas de verano y de invierno\u201d.<\/p>\n<figure id=\"attachment_33118\" aria-describedby=\"caption-attachment-33118\" style=\"width: 785px\" class=\"wp-caption aligncenter\"><img loading=\"lazy\" decoding=\"async\" class=\"size-full wp-image-33118\" src=\"https:\/\/graziamagazine.com\/es\/wp-content\/uploads\/sites\/12\/2015\/03\/10143829\/chanel_escaparate.jpg\" alt=\"El escaparate de Chanel en Bond Street (Londres) las pasadas Navidades. \u00a9 Getty Images\" width=\"785\" height=\"480\" \/><figcaption id=\"caption-attachment-33118\" class=\"wp-caption-text\">El escaparate de Chanel en Bond Street (Londres) las pasadas Navidades. \u00a9 Getty Images<\/figcaption><\/figure>\n<p>Desde <strong>\u00c1rtidi<\/strong>, Puri Fern\u00e1ndez asegura que todo este trabajo supone que los <b>escaparates espa\u00f1oles \u201cest\u00e9n muy igualados a nivel internacional, <\/b>ya que las grandes firmas extranjeras tienen tiendas aqu\u00ed y las empresas espa\u00f1olas las tienen fuera. La diferencia est\u00e1 en el peque\u00f1o comercio, y es ah\u00ed cuando interviene el factor ciudad\u201d. Respecto a diferencias entre la meca de las compras, EE. UU., y Europa, est\u00e1n claras: \u201cNueva York es conocido por sus grandes montajes, donde las tiendas se transforman en espect\u00e1culos animados. En cambio, <b>en Europa<\/b> es menos frecuente ver escaparates en movimiento, pero <b>somos m\u00e1s artistas ya que, con menor presupuesto, existe una gran capacidad<\/b> para realizar escaparates de infinidad de tipolog\u00edas: conceptuales, comerciales, minimalistas, escenogr\u00e1ficos\u2026\u201d.<\/p>\n<figure id=\"attachment_33117\" aria-describedby=\"caption-attachment-33117\" style=\"width: 785px\" class=\"wp-caption aligncenter\"><img loading=\"lazy\" decoding=\"async\" class=\"size-full wp-image-33117\" src=\"https:\/\/graziamagazine.com\/es\/wp-content\/uploads\/sites\/12\/2015\/03\/10143828\/cover1_escaparates.jpg\" alt=\"\u00a9 Getty Images\" width=\"785\" height=\"480\" \/><figcaption id=\"caption-attachment-33117\" class=\"wp-caption-text\">\u00a9 Getty Images<\/figcaption><\/figure>\n<p><span style=\"text-decoration: underline;\"><b>BONUS TRACK | \u00bfQuieres formarte como escaparatista?<br \/>\n<\/b><\/span>Existen muchas escuelas para tu formaci\u00f3n. Puri Fern\u00e1ndez nos explica que <a href=\"http:\/\/www.artidi.com\" target=\"_blank\"><strong>\u00c1rtidi<\/strong><\/a> basa la suya en dos grandes \u00e1reas: la de Escaparatismo y VM (imagen en el espacio) y la de Asesor\u00eda de Imagen y<em> Personal Shopper<\/em> (imagen en la persona y en la empresa).<\/p>\n<ul>\n<li><b>Escaparatismo y VM<br \/>\n<\/b>Salidas profesionales: empresas nacionales e internacionales de diferentes sectores; tiendas; showrooms; c\u00e1maras y asociaciones de comercio; productoras; departamentos de Marketing; agencias de comunicaci\u00f3n; revistas y editoriales\u2026<\/li>\n<\/ul>\n<p>&nbsp;<\/p>\n<ul>\n<li><b>Imagen y <em>Personal Shopper<\/em><br \/>\n<\/b>Salidas profesionales: consultor\u00eda en estas dos \u00e1reas; dise\u00f1o y producci\u00f3n de moda; marcas de moda; showrooms; c\u00e1maras y asociaciones de comercio; agencias de investigaci\u00f3n de tendencias; productoras; televisi\u00f3n; revistas y editoriales; agencias de comunicaci\u00f3n\u2026<\/li>\n<\/ul>\n<p><iframe loading=\"lazy\" style=\"border: none; overflow: hidden; height: 258px;\" src=\"\/\/www.facebook.com\/plugins\/likebox.php?href=https%3A%2F%2Fwww.facebook.com%2Fgraziaespana&amp;width&amp;height=258&amp;colorscheme=light&amp;show_faces=true&amp;header=false&amp;stream=false&amp;show_border=false&amp;appId=349017955267591\" width=\"300\" height=\"150\" frameborder=\"0\" scrolling=\"no\"><\/iframe><\/p>\n","protected":false},"author":16025,"featured_media":0,"template":"","format":"standard","categories":[162,1],"acf":[],"yoast_head":"<!-- This site is optimized with the Yoast SEO Premium plugin v18.5 (Yoast SEO v20.4) - https:\/\/yoast.com\/wordpress\/plugins\/seo\/ -->\n<title>\u00bfQu\u00e9 esconde un escaparate? | Grazia<\/title>\n<meta name=\"description\" content=\"\u00bfPor qu\u00e9 algunos funcionan y otros pasan desapercibidos? \u00bfQu\u00e9 diferencia hay entre escaparatismo y \u2018visual merchandising\u2019? \u00bfQuieres formarte como escaparatista? Te lo contamos todo.\" \/>\n<meta name=\"robots\" content=\"index, follow, max-snippet:-1, max-image-preview:large, max-video-preview:-1\" \/>\n<link rel=\"canonical\" href=\"https:\/\/graziamagazine.com\/es\/articles\/escaparates-pasen-y-vean\/\" \/>\n<meta property=\"og:locale\" content=\"es_ES\" \/>\n<meta property=\"og:type\" content=\"article\" \/>\n<meta property=\"og:title\" content=\"\u00bfQu\u00e9 esconde un escaparate?\" \/>\n<meta property=\"og:description\" content=\"\u00bfPor qu\u00e9 algunos funcionan y otros pasan desapercibidos? \u00bfQu\u00e9 diferencia hay entre escaparatismo y \u2018visual merchandising\u2019? \u00bfQuieres formarte como escaparatista? Te lo contamos todo.\" \/>\n<meta property=\"og:url\" content=\"https:\/\/graziamagazine.com\/es\/articles\/escaparates-pasen-y-vean\/\" \/>\n<meta property=\"og:site_name\" content=\"Grazia\" \/>\n<meta property=\"article:modified_time\" content=\"2015-03-12T10:29:21+00:00\" \/>\n<meta property=\"og:image\" content=\"https:\/\/graziamagazine.com\/es\/wp-content\/uploads\/sites\/12\/2015\/03\/10141238\/zara_escaparates.jpg\" \/>\n<meta name=\"twitter:card\" content=\"summary_large_image\" \/>\n<meta name=\"twitter:label1\" content=\"Est. reading time\" \/>\n\t<meta name=\"twitter:data1\" content=\"7 minutos\" \/>\n<script type=\"application\/ld+json\" class=\"yoast-schema-graph\">{\"@context\":\"https:\/\/schema.org\",\"@graph\":[{\"@type\":\"WebPage\",\"@id\":\"https:\/\/graziamagazine.com\/es\/articles\/escaparates-pasen-y-vean\/\",\"url\":\"https:\/\/graziamagazine.com\/es\/articles\/escaparates-pasen-y-vean\/\",\"name\":\"\u00bfQu\u00e9 esconde un escaparate? | Grazia\",\"isPartOf\":{\"@id\":\"https:\/\/graziamagazine.com\/es\/#website\"},\"datePublished\":\"2015-03-11T05:29:47+00:00\",\"dateModified\":\"2015-03-12T10:29:21+00:00\",\"description\":\"\u00bfPor qu\u00e9 algunos funcionan y otros pasan desapercibidos? \u00bfQu\u00e9 diferencia hay entre escaparatismo y \u2018visual merchandising\u2019? \u00bfQuieres formarte como escaparatista? Te lo contamos todo.\",\"breadcrumb\":{\"@id\":\"https:\/\/graziamagazine.com\/es\/articles\/escaparates-pasen-y-vean\/#breadcrumb\"},\"inLanguage\":\"es\",\"potentialAction\":[{\"@type\":\"ReadAction\",\"target\":[\"https:\/\/graziamagazine.com\/es\/articles\/escaparates-pasen-y-vean\/\"]}]},{\"@type\":\"BreadcrumbList\",\"@id\":\"https:\/\/graziamagazine.com\/es\/articles\/escaparates-pasen-y-vean\/#breadcrumb\",\"itemListElement\":[{\"@type\":\"ListItem\",\"position\":1,\"name\":\"Portada\",\"item\":\"https:\/\/graziamagazine.com\/es\/\"},{\"@type\":\"ListItem\",\"position\":2,\"name\":\"\u00bfQu\u00e9 esconde un escaparate?\"}]},{\"@type\":\"WebSite\",\"@id\":\"https:\/\/graziamagazine.com\/es\/#website\",\"url\":\"https:\/\/graziamagazine.com\/es\/\",\"name\":\"Grazia\",\"description\":\"Moda, belleza, celebrities, estilo de vida...\",\"potentialAction\":[{\"@type\":\"SearchAction\",\"target\":{\"@type\":\"EntryPoint\",\"urlTemplate\":\"https:\/\/graziamagazine.com\/es\/?s={search_term_string}\"},\"query-input\":\"required name=search_term_string\"}],\"inLanguage\":\"es\"}]}<\/script>\n<!-- \/ Yoast SEO Premium plugin. -->","yoast_head_json":{"title":"\u00bfQu\u00e9 esconde un escaparate? | Grazia","description":"\u00bfPor qu\u00e9 algunos funcionan y otros pasan desapercibidos? \u00bfQu\u00e9 diferencia hay entre escaparatismo y \u2018visual merchandising\u2019? \u00bfQuieres formarte como escaparatista? Te lo contamos todo.","robots":{"index":"index","follow":"follow","max-snippet":"max-snippet:-1","max-image-preview":"max-image-preview:large","max-video-preview":"max-video-preview:-1"},"canonical":"https:\/\/graziamagazine.com\/es\/articles\/escaparates-pasen-y-vean\/","og_locale":"es_ES","og_type":"article","og_title":"\u00bfQu\u00e9 esconde un escaparate?","og_description":"\u00bfPor qu\u00e9 algunos funcionan y otros pasan desapercibidos? \u00bfQu\u00e9 diferencia hay entre escaparatismo y \u2018visual merchandising\u2019? \u00bfQuieres formarte como escaparatista? Te lo contamos todo.","og_url":"https:\/\/graziamagazine.com\/es\/articles\/escaparates-pasen-y-vean\/","og_site_name":"Grazia","article_modified_time":"2015-03-12T10:29:21+00:00","og_image":[{"url":"https:\/\/graziamagazine.com\/es\/wp-content\/uploads\/sites\/12\/2015\/03\/10141238\/zara_escaparates.jpg"}],"twitter_card":"summary_large_image","twitter_misc":{"Est. reading time":"7 minutos"},"schema":{"@context":"https:\/\/schema.org","@graph":[{"@type":"WebPage","@id":"https:\/\/graziamagazine.com\/es\/articles\/escaparates-pasen-y-vean\/","url":"https:\/\/graziamagazine.com\/es\/articles\/escaparates-pasen-y-vean\/","name":"\u00bfQu\u00e9 esconde un escaparate? | Grazia","isPartOf":{"@id":"https:\/\/graziamagazine.com\/es\/#website"},"datePublished":"2015-03-11T05:29:47+00:00","dateModified":"2015-03-12T10:29:21+00:00","description":"\u00bfPor qu\u00e9 algunos funcionan y otros pasan desapercibidos? \u00bfQu\u00e9 diferencia hay entre escaparatismo y \u2018visual merchandising\u2019? \u00bfQuieres formarte como escaparatista? Te lo contamos todo.","breadcrumb":{"@id":"https:\/\/graziamagazine.com\/es\/articles\/escaparates-pasen-y-vean\/#breadcrumb"},"inLanguage":"es","potentialAction":[{"@type":"ReadAction","target":["https:\/\/graziamagazine.com\/es\/articles\/escaparates-pasen-y-vean\/"]}]},{"@type":"BreadcrumbList","@id":"https:\/\/graziamagazine.com\/es\/articles\/escaparates-pasen-y-vean\/#breadcrumb","itemListElement":[{"@type":"ListItem","position":1,"name":"Portada","item":"https:\/\/graziamagazine.com\/es\/"},{"@type":"ListItem","position":2,"name":"\u00bfQu\u00e9 esconde un escaparate?"}]},{"@type":"WebSite","@id":"https:\/\/graziamagazine.com\/es\/#website","url":"https:\/\/graziamagazine.com\/es\/","name":"Grazia","description":"Moda, belleza, celebrities, estilo de vida...","potentialAction":[{"@type":"SearchAction","target":{"@type":"EntryPoint","urlTemplate":"https:\/\/graziamagazine.com\/es\/?s={search_term_string}"},"query-input":"required name=search_term_string"}],"inLanguage":"es"}]}},"jetpack_sharing_enabled":true,"distributor_meta":false,"distributor_terms":false,"distributor_media":false,"distributor_original_site_name":"Grazia","distributor_original_site_url":"https:\/\/graziamagazine.com\/es","push-errors":false,"_links":{"self":[{"href":"https:\/\/graziamagazine.com\/es\/wp-json\/wp\/v2\/articles\/32787"}],"collection":[{"href":"https:\/\/graziamagazine.com\/es\/wp-json\/wp\/v2\/articles"}],"about":[{"href":"https:\/\/graziamagazine.com\/es\/wp-json\/wp\/v2\/types\/articles"}],"author":[{"embeddable":true,"href":"https:\/\/graziamagazine.com\/es\/wp-json\/wp\/v2\/users\/16025"}],"wp:attachment":[{"href":"https:\/\/graziamagazine.com\/es\/wp-json\/wp\/v2\/media?parent=32787"}],"wp:term":[{"taxonomy":"category","embeddable":true,"href":"https:\/\/graziamagazine.com\/es\/wp-json\/wp\/v2\/categories?post=32787"}],"curies":[{"name":"wp","href":"https:\/\/api.w.org\/{rel}","templated":true}]}}