{"id":31508,"date":"2015-03-06T11:48:31","date_gmt":"2015-03-06T10:48:31","guid":{"rendered":"https:\/\/graziamagazine.com\/es\/?p=31508"},"modified":"2015-03-06T14:37:37","modified_gmt":"2015-03-06T13:37:37","slug":"blanca-y-ursula-vota-el-look-round-ii","status":"publish","type":"articles","link":"https:\/\/graziamagazine.com\/es\/articles\/blanca-y-ursula-vota-el-look-round-ii\/","title":{"rendered":"Blanca y \u00darsula: vota el look (Round II)"},"content":{"rendered":"<p>Con cinta juntas era de esperar que tuvi\u00e9ramos m\u00e1s de un duelo de looks con los que deleitarnos. <a href=\"https:\/\/graziamagazine.com\/es\/celebs\/blanca-suarez-o-ursula-corbero-vota-el-look\/\" target=\"_blank\">Si hace unos d\u00edas fue la presentaci\u00f3n a medios, con estilismos m\u00e1s informales dignos de un evento de d\u00eda<\/a>, ayer celebraron el estreno (por todo lo alto) en Madrid y, por supuesto, se pusieron de punta en blanco. Veamos:<\/p>\n<figure id=\"attachment_31513\" aria-describedby=\"caption-attachment-31513\" style=\"width: 785px\" class=\"wp-caption aligncenter\"><img loading=\"lazy\" decoding=\"async\" class=\"size-full wp-image-31513\" src=\"https:\/\/graziamagazine.com\/es\/wp-content\/uploads\/sites\/12\/2015\/03\/06111608\/1_perdiendonorte.jpg\" alt=\"\u00a9 Cordon Press\" width=\"785\" height=\"1178\" \/><figcaption id=\"caption-attachment-31513\" class=\"wp-caption-text\">\u00a9 Cordon Press<\/figcaption><\/figure>\n<p>Juntas, jugaron a los extremos, recurriendo cada una a un estilo: el de <strong>Blanca<\/strong>, m\u00e1s elaborado y recargado, y el de <strong>\u00darsula<\/strong>, <em>minimal<\/em>.<\/p>\n<p><script src=\"http:\/\/static.polldaddy.com\/p\/8705242.js\" type=\"text\/javascript\" charset=\"utf-8\"><\/script><br \/>\n<noscript><a href=\"http:\/\/polldaddy.com\/poll\/8705242\/\" target=\"_blank\">Vota el look: \u00bfBlanca o \u00darsula?<\/a><\/noscript><\/p>\n<p><strong>Blanca<\/strong> eligi\u00f3 un vestido de inspiraci\u00f3n <em>tuxedo<\/em>\u00a0con doble botonadura en color blanco con detalles dorados y cola trasera, de <strong>Zuhair Murad<\/strong>. Lo acompa\u00f1\u00f3 con un cintur\u00f3n, tambi\u00e9n dorado, en forma de hojas, y sandalias y bolso en negro y dorado. En la espalda, un detalle m\u00e1s: una abertura en forma de tri\u00e1ngulo sorprende en cuanto la actriz se gira ante las c\u00e1maras. En el terreno <em>beauty<\/em>, un rostro marcado (\u00a1<a href=\"https:\/\/graziamagazine.com\/es\/belleza\/contouring-o-como-usar-la-brocha\/\" target=\"_blank\">viva el <em>contouring<\/em><\/a>!), ojos ahumados labios naturales, dejando el protagonismo a una melena engominada hacia atr\u00e1s en la parte superior que se va abriendo a amplias ondas al final del cabello, estilo a\u00f1os 20.<\/p>\n<figure id=\"attachment_31512\" aria-describedby=\"caption-attachment-31512\" style=\"width: 785px\" class=\"wp-caption aligncenter\"><img loading=\"lazy\" decoding=\"async\" class=\"size-full wp-image-31512\" src=\"https:\/\/graziamagazine.com\/es\/wp-content\/uploads\/sites\/12\/2015\/03\/06111600\/blanca_perdiendoelnorte.jpg\" alt=\"\u00a9 Cordon Press\" width=\"785\" height=\"480\" \/><figcaption id=\"caption-attachment-31512\" class=\"wp-caption-text\">\u00a9 Cordon Press<\/figcaption><\/figure>\n<p>Por su parte, <strong>\u00darsula<\/strong> opt\u00f3, como dec\u00edamos, por un look m\u00e1s sencillo, con un vestido de tirantes negro con abertura lateral a trav\u00e9s de la cual se dejaban ver sus sandalias de Stuart Weitzman. El toque de color lo puso su clutch de Louis Vuitton en color fresa, a juego con el tono que eligi\u00f3 para levantar sus labios. La melena suelta, con raya ladeada (\u00bfes solo cosa nuestra o tiene un rollo Rachel en las primeras temporadas de <em>Friends<\/em>?) y el ojo marcado con su habitual <em>eyeliner<\/em>.<\/p>\n<figure id=\"attachment_31511\" aria-describedby=\"caption-attachment-31511\" style=\"width: 785px\" class=\"wp-caption aligncenter\"><img loading=\"lazy\" decoding=\"async\" class=\"size-full wp-image-31511\" src=\"https:\/\/graziamagazine.com\/es\/wp-content\/uploads\/sites\/12\/2015\/03\/06111554\/ursula__perdiendoelnorte.jpg\" alt=\"\u00a9 Cordon Press\" width=\"785\" height=\"480\" \/><figcaption id=\"caption-attachment-31511\" class=\"wp-caption-text\">\u00a9 Cordon Press<\/figcaption><\/figure>\n<figure id=\"attachment_31510\" aria-describedby=\"caption-attachment-31510\" style=\"width: 785px\" class=\"wp-caption aligncenter\"><img loading=\"lazy\" decoding=\"async\" class=\"size-full wp-image-31510\" src=\"https:\/\/graziamagazine.com\/es\/wp-content\/uploads\/sites\/12\/2015\/03\/06111550\/ursula2_perdiendonorte.jpg\" alt=\"No pos\u00f3 con ella, pero all\u00ed tambi\u00e9n estuvo su chico, Andr\u00e9s Velencoso. \u00a9 Cordon Press\" width=\"785\" height=\"480\" \/><figcaption id=\"caption-attachment-31510\" class=\"wp-caption-text\">No pos\u00f3 con ella, pero all\u00ed tambi\u00e9n estuvo su chico, Andr\u00e9s Velencoso. \u00a9 Cordon Press<\/figcaption><\/figure>\n<p><strong>Ahora te toca a ti: \u00bfel llamativo de Blanca o el minimal de \u00darsula? \u00a1Vota tu look favorito!<\/strong><br \/>\n<iframe loading=\"lazy\" style=\"border: none; overflow: hidden; height: 258px;\" src=\"\/\/www.facebook.com\/plugins\/likebox.php?href=https%3A%2F%2Fwww.facebook.com%2Fgraziaespana&amp;width&amp;height=258&amp;colorscheme=light&amp;show_faces=true&amp;header=false&amp;stream=false&amp;show_border=false&amp;appId=349017955267591\" width=\"300\" height=\"150\" frameborder=\"0\" scrolling=\"no\"><\/iframe><\/p>\n","protected":false},"author":24470,"featured_media":0,"template":"","format":"standard","categories":[14,13],"acf":[],"yoast_head":"<!-- This site is optimized with the Yoast SEO Premium plugin v18.5 (Yoast SEO v20.4) - https:\/\/yoast.com\/wordpress\/plugins\/seo\/ -->\n<title>Blanca y \u00darsula: vota el look (Round II) | Grazia<\/title>\n<meta name=\"description\" content=\"El estreno de &#039;Perdiendo el Norte&#039; en Madrid vuelve a enfrentar (estil\u00edsticamente) a sus protagonistas. As\u00ed fueron sus looks... \u00bfcon cu\u00e1l te quedas?\" \/>\n<meta name=\"robots\" content=\"index, follow, max-snippet:-1, max-image-preview:large, max-video-preview:-1\" \/>\n<link rel=\"canonical\" href=\"https:\/\/graziamagazine.com\/es\/articles\/blanca-y-ursula-vota-el-look-round-ii\/\" \/>\n<meta property=\"og:locale\" content=\"es_ES\" \/>\n<meta property=\"og:type\" content=\"article\" \/>\n<meta property=\"og:title\" content=\"Blanca y \u00darsula: vota el look (Round II)\" \/>\n<meta property=\"og:description\" content=\"El estreno de &#039;Perdiendo el Norte&#039; en Madrid vuelve a enfrentar (estil\u00edsticamente) a sus protagonistas. As\u00ed fueron sus looks... \u00bfcon cu\u00e1l te quedas?\" \/>\n<meta property=\"og:url\" content=\"https:\/\/graziamagazine.com\/es\/articles\/blanca-y-ursula-vota-el-look-round-ii\/\" \/>\n<meta property=\"og:site_name\" content=\"Grazia\" \/>\n<meta property=\"article:modified_time\" content=\"2015-03-06T13:37:37+00:00\" \/>\n<meta property=\"og:image\" content=\"https:\/\/graziamagazine.com\/es\/wp-content\/uploads\/sites\/12\/2015\/03\/06111608\/1_perdiendonorte.jpg\" \/>\n<meta name=\"twitter:card\" content=\"summary_large_image\" \/>\n<meta name=\"twitter:label1\" content=\"Est. reading time\" \/>\n\t<meta name=\"twitter:data1\" content=\"2 minutos\" \/>\n<script type=\"application\/ld+json\" class=\"yoast-schema-graph\">{\"@context\":\"https:\/\/schema.org\",\"@graph\":[{\"@type\":\"WebPage\",\"@id\":\"https:\/\/graziamagazine.com\/es\/articles\/blanca-y-ursula-vota-el-look-round-ii\/\",\"url\":\"https:\/\/graziamagazine.com\/es\/articles\/blanca-y-ursula-vota-el-look-round-ii\/\",\"name\":\"Blanca y \u00darsula: vota el look (Round II) | Grazia\",\"isPartOf\":{\"@id\":\"https:\/\/graziamagazine.com\/es\/#website\"},\"datePublished\":\"2015-03-06T10:48:31+00:00\",\"dateModified\":\"2015-03-06T13:37:37+00:00\",\"description\":\"El estreno de 'Perdiendo el Norte' en Madrid vuelve a enfrentar (estil\u00edsticamente) a sus protagonistas. As\u00ed fueron sus looks... \u00bfcon cu\u00e1l te quedas?\",\"breadcrumb\":{\"@id\":\"https:\/\/graziamagazine.com\/es\/articles\/blanca-y-ursula-vota-el-look-round-ii\/#breadcrumb\"},\"inLanguage\":\"es\",\"potentialAction\":[{\"@type\":\"ReadAction\",\"target\":[\"https:\/\/graziamagazine.com\/es\/articles\/blanca-y-ursula-vota-el-look-round-ii\/\"]}]},{\"@type\":\"BreadcrumbList\",\"@id\":\"https:\/\/graziamagazine.com\/es\/articles\/blanca-y-ursula-vota-el-look-round-ii\/#breadcrumb\",\"itemListElement\":[{\"@type\":\"ListItem\",\"position\":1,\"name\":\"Portada\",\"item\":\"https:\/\/graziamagazine.com\/es\/\"},{\"@type\":\"ListItem\",\"position\":2,\"name\":\"Blanca y \u00darsula: vota el look (Round II)\"}]},{\"@type\":\"WebSite\",\"@id\":\"https:\/\/graziamagazine.com\/es\/#website\",\"url\":\"https:\/\/graziamagazine.com\/es\/\",\"name\":\"Grazia\",\"description\":\"Moda, belleza, celebrities, estilo de vida...\",\"potentialAction\":[{\"@type\":\"SearchAction\",\"target\":{\"@type\":\"EntryPoint\",\"urlTemplate\":\"https:\/\/graziamagazine.com\/es\/?s={search_term_string}\"},\"query-input\":\"required name=search_term_string\"}],\"inLanguage\":\"es\"}]}<\/script>\n<!-- \/ Yoast SEO Premium plugin. -->","yoast_head_json":{"title":"Blanca y \u00darsula: vota el look (Round II) | Grazia","description":"El estreno de 'Perdiendo el Norte' en Madrid vuelve a enfrentar (estil\u00edsticamente) a sus protagonistas. As\u00ed fueron sus looks... \u00bfcon cu\u00e1l te quedas?","robots":{"index":"index","follow":"follow","max-snippet":"max-snippet:-1","max-image-preview":"max-image-preview:large","max-video-preview":"max-video-preview:-1"},"canonical":"https:\/\/graziamagazine.com\/es\/articles\/blanca-y-ursula-vota-el-look-round-ii\/","og_locale":"es_ES","og_type":"article","og_title":"Blanca y \u00darsula: vota el look (Round II)","og_description":"El estreno de 'Perdiendo el Norte' en Madrid vuelve a enfrentar (estil\u00edsticamente) a sus protagonistas. As\u00ed fueron sus looks... \u00bfcon cu\u00e1l te quedas?","og_url":"https:\/\/graziamagazine.com\/es\/articles\/blanca-y-ursula-vota-el-look-round-ii\/","og_site_name":"Grazia","article_modified_time":"2015-03-06T13:37:37+00:00","og_image":[{"url":"https:\/\/graziamagazine.com\/es\/wp-content\/uploads\/sites\/12\/2015\/03\/06111608\/1_perdiendonorte.jpg"}],"twitter_card":"summary_large_image","twitter_misc":{"Est. reading time":"2 minutos"},"schema":{"@context":"https:\/\/schema.org","@graph":[{"@type":"WebPage","@id":"https:\/\/graziamagazine.com\/es\/articles\/blanca-y-ursula-vota-el-look-round-ii\/","url":"https:\/\/graziamagazine.com\/es\/articles\/blanca-y-ursula-vota-el-look-round-ii\/","name":"Blanca y \u00darsula: vota el look (Round II) | Grazia","isPartOf":{"@id":"https:\/\/graziamagazine.com\/es\/#website"},"datePublished":"2015-03-06T10:48:31+00:00","dateModified":"2015-03-06T13:37:37+00:00","description":"El estreno de 'Perdiendo el Norte' en Madrid vuelve a enfrentar (estil\u00edsticamente) a sus protagonistas. As\u00ed fueron sus looks... \u00bfcon cu\u00e1l te quedas?","breadcrumb":{"@id":"https:\/\/graziamagazine.com\/es\/articles\/blanca-y-ursula-vota-el-look-round-ii\/#breadcrumb"},"inLanguage":"es","potentialAction":[{"@type":"ReadAction","target":["https:\/\/graziamagazine.com\/es\/articles\/blanca-y-ursula-vota-el-look-round-ii\/"]}]},{"@type":"BreadcrumbList","@id":"https:\/\/graziamagazine.com\/es\/articles\/blanca-y-ursula-vota-el-look-round-ii\/#breadcrumb","itemListElement":[{"@type":"ListItem","position":1,"name":"Portada","item":"https:\/\/graziamagazine.com\/es\/"},{"@type":"ListItem","position":2,"name":"Blanca y \u00darsula: vota el look (Round II)"}]},{"@type":"WebSite","@id":"https:\/\/graziamagazine.com\/es\/#website","url":"https:\/\/graziamagazine.com\/es\/","name":"Grazia","description":"Moda, belleza, celebrities, estilo de vida...","potentialAction":[{"@type":"SearchAction","target":{"@type":"EntryPoint","urlTemplate":"https:\/\/graziamagazine.com\/es\/?s={search_term_string}"},"query-input":"required name=search_term_string"}],"inLanguage":"es"}]}},"jetpack_sharing_enabled":true,"distributor_meta":false,"distributor_terms":false,"distributor_media":false,"distributor_original_site_name":"Grazia","distributor_original_site_url":"https:\/\/graziamagazine.com\/es","push-errors":false,"_links":{"self":[{"href":"https:\/\/graziamagazine.com\/es\/wp-json\/wp\/v2\/articles\/31508"}],"collection":[{"href":"https:\/\/graziamagazine.com\/es\/wp-json\/wp\/v2\/articles"}],"about":[{"href":"https:\/\/graziamagazine.com\/es\/wp-json\/wp\/v2\/types\/articles"}],"author":[{"embeddable":true,"href":"https:\/\/graziamagazine.com\/es\/wp-json\/wp\/v2\/users\/24470"}],"wp:attachment":[{"href":"https:\/\/graziamagazine.com\/es\/wp-json\/wp\/v2\/media?parent=31508"}],"wp:term":[{"taxonomy":"category","embeddable":true,"href":"https:\/\/graziamagazine.com\/es\/wp-json\/wp\/v2\/categories?post=31508"}],"curies":[{"name":"wp","href":"https:\/\/api.w.org\/{rel}","templated":true}]}}