{"id":30383,"date":"2015-03-03T18:32:06","date_gmt":"2015-03-03T17:32:06","guid":{"rendered":"https:\/\/graziamagazine.com\/es\/?p=30383"},"modified":"2015-03-03T18:38:47","modified_gmt":"2015-03-03T17:38:47","slug":"blanca-suarez-o-ursula-corbero-vota-el-look","status":"publish","type":"articles","link":"https:\/\/graziamagazine.com\/es\/articles\/blanca-suarez-o-ursula-corbero-vota-el-look\/","title":{"rendered":"\u00bfBlanca Su\u00e1rez o \u00darsula Corber\u00f3?: Vota el look"},"content":{"rendered":"<p>Profesionalmente ambas est\u00e1n en un momento muy dulce y ninguna puede quejarse. Si la noche del lunes nos encontr\u00e1bamos a las dos\u00a0en la ceremonia de entrega de los premios <a href=\"https:\/\/graziamagazine.com\/es\/celebs\/premios-fotogramas-de-plata-2015\/\" target=\"_blank\">Fotogramas de Plata,<\/a> Blanca -adem\u00e1s- hac\u00eda doblete y estrenaba en la peque\u00f1a pantalla <em>Los nuestros<\/em> (con gran \u00e9xito de audiencia). No contentas con ello, esta ma\u00f1ana ten\u00edan una nueva cita con los medios para presentar lo pr\u00f3ximo:\u00a0<em>Perdiendo el Norte,<\/em> una pel\u00edcula\u00a0sobre espa\u00f1oles que emigran a Alemania buscando fortuna <del>\u00bfa alguien le suena?<\/del> que se estrena este fin de semana.<\/p>\n<figure id=\"attachment_30388\" aria-describedby=\"caption-attachment-30388\" style=\"width: 640px\" class=\"wp-caption aligncenter\"><img loading=\"lazy\" decoding=\"async\" class=\"size-full wp-image-30388\" src=\"https:\/\/graziamagazine.com\/es\/wp-content\/uploads\/sites\/12\/2015\/03\/03181033\/10843667_1607497789462596_1500133853_n.jpg\" alt=\"Blanca y \u00darsula, anoche en los Premios Fotogramas. \u00a9 Instagram @ursulolita\" width=\"640\" height=\"640\" \/><figcaption id=\"caption-attachment-30388\" class=\"wp-caption-text\">Blanca y \u00darsula, anoche en los Premios Fotogramas. \u00a9 Instagram @ursulolita<\/figcaption><\/figure>\n<p>Para esta nueva reuni\u00f3n con la prensa, en el Hotel Intercontinental de Madrid, ambas han coincidido en truco de estilo: mezclar prendas casual y propias del d\u00eda a d\u00eda con otras deluxe. En el caso de Blanca, una sencilla sudadera\u00a0negra sobre falda <em>midi<\/em> de raso con incrustaciones de <strong>Fernando Claro<\/strong> y <em>peep toes<\/em> con plataforma. Por su parte, \u00darsula, ha preferido mezclar una camisa masculina con una minifalda joya con sandalias de tiras.<\/p>\n<p>\u00bfQui\u00e9n te gusta m\u00e1s?<\/p>\n<figure id=\"attachment_30389\" aria-describedby=\"caption-attachment-30389\" style=\"width: 785px\" class=\"wp-caption aligncenter\"><img loading=\"lazy\" decoding=\"async\" class=\"size-full wp-image-30389\" src=\"https:\/\/graziamagazine.com\/es\/wp-content\/uploads\/sites\/12\/2015\/03\/03181252\/04-ursula-corbero-blanca-suarez.jpg\" alt=\"\u00bfBlanca Su\u00e1rez o \u00darsula Corber\u00f3? Toca elegir. \u00a9 Cordon Press\" width=\"785\" height=\"589\" \/><figcaption id=\"caption-attachment-30389\" class=\"wp-caption-text\">\u00bfBlanca Su\u00e1rez o \u00darsula Corber\u00f3? Toca elegir. \u00a9 Cordon Press<\/figcaption><\/figure>\n<figure id=\"attachment_30395\" aria-describedby=\"caption-attachment-30395\" style=\"width: 785px\" class=\"wp-caption aligncenter\"><img loading=\"lazy\" decoding=\"async\" class=\"size-full wp-image-30395\" src=\"https:\/\/graziamagazine.com\/es\/wp-content\/uploads\/sites\/12\/2015\/03\/03182053\/05-ursula-corbero-blanca-suarez.jpg\" alt=\"\u00a9 Cordon Press\" width=\"785\" height=\"393\" \/><figcaption id=\"caption-attachment-30395\" class=\"wp-caption-text\">\u00a9 Cordon Press<\/figcaption><\/figure>\n<p>En look de belleza,\u00a0natural en ambos casos, se ha centrado en enfatizar la mirada con un suave delineador negro y completar con un labio mordido: rosado para Blanca y rojizo para \u00darsula. Para completar, ondas naturales y semi deshechas en el pelo.<\/p>\n<p><script src=\"http:\/\/static.polldaddy.com\/p\/8697345.js\" type=\"text\/javascript\" charset=\"utf-8\"><\/script><br \/>\n<noscript><a href=\"http:\/\/polldaddy.com\/poll\/8697345\/\" target=\"_blank\">Vota tu look favorito<\/a><\/noscript><\/p>\n<figure id=\"attachment_30413\" aria-describedby=\"caption-attachment-30413\" style=\"width: 785px\" class=\"wp-caption aligncenter\"><img loading=\"lazy\" decoding=\"async\" class=\"size-full wp-image-30413\" src=\"https:\/\/graziamagazine.com\/es\/wp-content\/uploads\/sites\/12\/2015\/03\/03173206\/06-ursula-corbero-blanca-suarez.jpg\" alt=\"\u00a9 Cordon Press\" width=\"785\" height=\"523\" \/><figcaption id=\"caption-attachment-30413\" class=\"wp-caption-text\">\u00a9 Cordon Press<\/figcaption><\/figure>\n<figure id=\"attachment_30414\" aria-describedby=\"caption-attachment-30414\" style=\"width: 785px\" class=\"wp-caption aligncenter\"><img loading=\"lazy\" decoding=\"async\" class=\"size-full wp-image-30414\" src=\"https:\/\/graziamagazine.com\/es\/wp-content\/uploads\/sites\/12\/2015\/03\/03173206\/07-ursula-corbero-blanca-suarez.jpg\" alt=\"\u00a9 Cordon Press\" width=\"785\" height=\"523\" \/><figcaption id=\"caption-attachment-30414\" class=\"wp-caption-text\">\u00a9 Cordon Press<\/figcaption><\/figure>\n<p><iframe loading=\"lazy\" title=\"Perdiendo el Norte - Tr\u00e1iler Oficial HD\" width=\"500\" height=\"281\" src=\"https:\/\/www.youtube.com\/embed\/oB1Fw1gdB9Q?feature=oembed\" frameborder=\"0\" allow=\"accelerometer; autoplay; encrypted-media; gyroscope; picture-in-picture\" allowfullscreen><\/iframe><\/p>\n<p><iframe loading=\"lazy\" style=\"border: none; overflow: hidden; height: 258px;\" src=\"\/\/www.facebook.com\/plugins\/likebox.php?href=https%3A%2F%2Fwww.facebook.com%2Fgraziaespana&amp;width&amp;height=258&amp;colorscheme=light&amp;show_faces=true&amp;header=false&amp;stream=false&amp;show_border=false&amp;appId=349017955267591\" width=\"300\" height=\"150\" frameborder=\"0\" scrolling=\"no\"><\/iframe><\/p>\n","protected":false},"author":24470,"featured_media":0,"template":"","format":"standard","categories":[14,13],"acf":[],"yoast_head":"<!-- This site is optimized with the Yoast SEO Premium plugin v18.5 (Yoast SEO v20.4) - https:\/\/yoast.com\/wordpress\/plugins\/seo\/ -->\n<title>\u00bfBlanca Su\u00e1rez o \u00darsula Corber\u00f3?: Vota el look | Grazia<\/title>\n<meta name=\"description\" content=\"Las actrices protagonizan, junto a Yon Gonz\u00e1lez, la comedia &#039;Perdiendo el norte&#039; que se estrena este fin de semana. Hoy, en el pase con medios, han entrenado con dos looks de 10.\" \/>\n<meta name=\"robots\" content=\"index, follow, max-snippet:-1, max-image-preview:large, max-video-preview:-1\" \/>\n<link rel=\"canonical\" href=\"https:\/\/graziamagazine.com\/es\/articles\/blanca-suarez-o-ursula-corbero-vota-el-look\/\" \/>\n<meta property=\"og:locale\" content=\"es_ES\" \/>\n<meta property=\"og:type\" content=\"article\" \/>\n<meta property=\"og:title\" content=\"\u00bfBlanca Su\u00e1rez o \u00darsula Corber\u00f3?: Vota el look\" \/>\n<meta property=\"og:description\" content=\"Las actrices protagonizan, junto a Yon Gonz\u00e1lez, la comedia &#039;Perdiendo el norte&#039; que se estrena este fin de semana. Hoy, en el pase con medios, han entrenado con dos looks de 10.\" \/>\n<meta property=\"og:url\" content=\"https:\/\/graziamagazine.com\/es\/articles\/blanca-suarez-o-ursula-corbero-vota-el-look\/\" \/>\n<meta property=\"og:site_name\" content=\"Grazia\" \/>\n<meta property=\"article:modified_time\" content=\"2015-03-03T17:38:47+00:00\" \/>\n<meta property=\"og:image\" content=\"https:\/\/graziamagazine.com\/es\/wp-content\/uploads\/sites\/12\/2015\/03\/03181033\/10843667_1607497789462596_1500133853_n.jpg\" \/>\n<meta name=\"twitter:card\" content=\"summary_large_image\" \/>\n<meta name=\"twitter:label1\" content=\"Est. reading time\" \/>\n\t<meta name=\"twitter:data1\" content=\"2 minutos\" \/>\n<script type=\"application\/ld+json\" class=\"yoast-schema-graph\">{\"@context\":\"https:\/\/schema.org\",\"@graph\":[{\"@type\":\"WebPage\",\"@id\":\"https:\/\/graziamagazine.com\/es\/articles\/blanca-suarez-o-ursula-corbero-vota-el-look\/\",\"url\":\"https:\/\/graziamagazine.com\/es\/articles\/blanca-suarez-o-ursula-corbero-vota-el-look\/\",\"name\":\"\u00bfBlanca Su\u00e1rez o \u00darsula Corber\u00f3?: Vota el look | Grazia\",\"isPartOf\":{\"@id\":\"https:\/\/graziamagazine.com\/es\/#website\"},\"datePublished\":\"2015-03-03T17:32:06+00:00\",\"dateModified\":\"2015-03-03T17:38:47+00:00\",\"description\":\"Las actrices protagonizan, junto a Yon Gonz\u00e1lez, la comedia 'Perdiendo el norte' que se estrena este fin de semana. Hoy, en el pase con medios, han entrenado con dos looks de 10.\",\"breadcrumb\":{\"@id\":\"https:\/\/graziamagazine.com\/es\/articles\/blanca-suarez-o-ursula-corbero-vota-el-look\/#breadcrumb\"},\"inLanguage\":\"es\",\"potentialAction\":[{\"@type\":\"ReadAction\",\"target\":[\"https:\/\/graziamagazine.com\/es\/articles\/blanca-suarez-o-ursula-corbero-vota-el-look\/\"]}]},{\"@type\":\"BreadcrumbList\",\"@id\":\"https:\/\/graziamagazine.com\/es\/articles\/blanca-suarez-o-ursula-corbero-vota-el-look\/#breadcrumb\",\"itemListElement\":[{\"@type\":\"ListItem\",\"position\":1,\"name\":\"Portada\",\"item\":\"https:\/\/graziamagazine.com\/es\/\"},{\"@type\":\"ListItem\",\"position\":2,\"name\":\"\u00bfBlanca Su\u00e1rez o \u00darsula Corber\u00f3?: Vota el look\"}]},{\"@type\":\"WebSite\",\"@id\":\"https:\/\/graziamagazine.com\/es\/#website\",\"url\":\"https:\/\/graziamagazine.com\/es\/\",\"name\":\"Grazia\",\"description\":\"Moda, belleza, celebrities, estilo de vida...\",\"potentialAction\":[{\"@type\":\"SearchAction\",\"target\":{\"@type\":\"EntryPoint\",\"urlTemplate\":\"https:\/\/graziamagazine.com\/es\/?s={search_term_string}\"},\"query-input\":\"required name=search_term_string\"}],\"inLanguage\":\"es\"}]}<\/script>\n<!-- \/ Yoast SEO Premium plugin. -->","yoast_head_json":{"title":"\u00bfBlanca Su\u00e1rez o \u00darsula Corber\u00f3?: Vota el look | Grazia","description":"Las actrices protagonizan, junto a Yon Gonz\u00e1lez, la comedia 'Perdiendo el norte' que se estrena este fin de semana. Hoy, en el pase con medios, han entrenado con dos looks de 10.","robots":{"index":"index","follow":"follow","max-snippet":"max-snippet:-1","max-image-preview":"max-image-preview:large","max-video-preview":"max-video-preview:-1"},"canonical":"https:\/\/graziamagazine.com\/es\/articles\/blanca-suarez-o-ursula-corbero-vota-el-look\/","og_locale":"es_ES","og_type":"article","og_title":"\u00bfBlanca Su\u00e1rez o \u00darsula Corber\u00f3?: Vota el look","og_description":"Las actrices protagonizan, junto a Yon Gonz\u00e1lez, la comedia 'Perdiendo el norte' que se estrena este fin de semana. Hoy, en el pase con medios, han entrenado con dos looks de 10.","og_url":"https:\/\/graziamagazine.com\/es\/articles\/blanca-suarez-o-ursula-corbero-vota-el-look\/","og_site_name":"Grazia","article_modified_time":"2015-03-03T17:38:47+00:00","og_image":[{"url":"https:\/\/graziamagazine.com\/es\/wp-content\/uploads\/sites\/12\/2015\/03\/03181033\/10843667_1607497789462596_1500133853_n.jpg"}],"twitter_card":"summary_large_image","twitter_misc":{"Est. reading time":"2 minutos"},"schema":{"@context":"https:\/\/schema.org","@graph":[{"@type":"WebPage","@id":"https:\/\/graziamagazine.com\/es\/articles\/blanca-suarez-o-ursula-corbero-vota-el-look\/","url":"https:\/\/graziamagazine.com\/es\/articles\/blanca-suarez-o-ursula-corbero-vota-el-look\/","name":"\u00bfBlanca Su\u00e1rez o \u00darsula Corber\u00f3?: Vota el look | Grazia","isPartOf":{"@id":"https:\/\/graziamagazine.com\/es\/#website"},"datePublished":"2015-03-03T17:32:06+00:00","dateModified":"2015-03-03T17:38:47+00:00","description":"Las actrices protagonizan, junto a Yon Gonz\u00e1lez, la comedia 'Perdiendo el norte' que se estrena este fin de semana. Hoy, en el pase con medios, han entrenado con dos looks de 10.","breadcrumb":{"@id":"https:\/\/graziamagazine.com\/es\/articles\/blanca-suarez-o-ursula-corbero-vota-el-look\/#breadcrumb"},"inLanguage":"es","potentialAction":[{"@type":"ReadAction","target":["https:\/\/graziamagazine.com\/es\/articles\/blanca-suarez-o-ursula-corbero-vota-el-look\/"]}]},{"@type":"BreadcrumbList","@id":"https:\/\/graziamagazine.com\/es\/articles\/blanca-suarez-o-ursula-corbero-vota-el-look\/#breadcrumb","itemListElement":[{"@type":"ListItem","position":1,"name":"Portada","item":"https:\/\/graziamagazine.com\/es\/"},{"@type":"ListItem","position":2,"name":"\u00bfBlanca Su\u00e1rez o \u00darsula Corber\u00f3?: Vota el look"}]},{"@type":"WebSite","@id":"https:\/\/graziamagazine.com\/es\/#website","url":"https:\/\/graziamagazine.com\/es\/","name":"Grazia","description":"Moda, belleza, celebrities, estilo de vida...","potentialAction":[{"@type":"SearchAction","target":{"@type":"EntryPoint","urlTemplate":"https:\/\/graziamagazine.com\/es\/?s={search_term_string}"},"query-input":"required name=search_term_string"}],"inLanguage":"es"}]}},"jetpack_sharing_enabled":true,"distributor_meta":false,"distributor_terms":false,"distributor_media":false,"distributor_original_site_name":"Grazia","distributor_original_site_url":"https:\/\/graziamagazine.com\/es","push-errors":false,"_links":{"self":[{"href":"https:\/\/graziamagazine.com\/es\/wp-json\/wp\/v2\/articles\/30383"}],"collection":[{"href":"https:\/\/graziamagazine.com\/es\/wp-json\/wp\/v2\/articles"}],"about":[{"href":"https:\/\/graziamagazine.com\/es\/wp-json\/wp\/v2\/types\/articles"}],"author":[{"embeddable":true,"href":"https:\/\/graziamagazine.com\/es\/wp-json\/wp\/v2\/users\/24470"}],"wp:attachment":[{"href":"https:\/\/graziamagazine.com\/es\/wp-json\/wp\/v2\/media?parent=30383"}],"wp:term":[{"taxonomy":"category","embeddable":true,"href":"https:\/\/graziamagazine.com\/es\/wp-json\/wp\/v2\/categories?post=30383"}],"curies":[{"name":"wp","href":"https:\/\/api.w.org\/{rel}","templated":true}]}}