{"id":30269,"date":"2015-03-03T12:05:52","date_gmt":"2015-03-03T11:05:52","guid":{"rendered":"https:\/\/graziamagazine.com\/es\/?p=30269"},"modified":"2015-03-03T12:18:50","modified_gmt":"2015-03-03T11:18:50","slug":"premios-fotogramas-de-plata-2015","status":"publish","type":"articles","link":"https:\/\/graziamagazine.com\/es\/articles\/premios-fotogramas-de-plata-2015\/","title":{"rendered":"Premios Fotogramas de Plata 2015"},"content":{"rendered":"<p>65 ediciones no son pocas. Todas ellas, una por una, son las que lleva la publicaci\u00f3n especializada en cine\u00a0<em>Fotogramas\u00a0<\/em>celebrando sus galardones, las estatuillas nacionales que\u00a0premian lo mejor del a\u00f1o en cine, televisi\u00f3n y teatro seg\u00fan los votos de los lectores.<\/p>\n<p>Anoche el cine espa\u00f1ol volvi\u00f3 a ser protagonista (cuando no hac\u00eda ni un mes de la ceremonia de los Goya) celebrando una gala m\u00e1s en la madrile\u00f1a sala Joy Eslava, donde sonaron bien alto nombres como el de Concha Velasco (quien recibi\u00f3 el octavo Fotogramas de su carrera por su papel en la teatral <em>H\u00e9cuba<\/em>), <strong>B\u00e1rbara Lennie<\/strong> por <em>Magical Girl<\/em> o<strong> Javier Guti\u00e9rrez<\/strong> por <em>La Isla M\u00ednima<\/em>. En el \u00e1mbito televisivo, <strong>Rodolfo Sancho<\/strong> se llev\u00f3 su premio a casa gracias a su papel como Fernando El Cat\u00f3lico en <em>Isabel<\/em>\u00a0y su se\u00f1ora (en la ficci\u00f3n, claro),\u00a0<strong>Michelle Jenner,<\/strong> fue la premiada como Mejor actriz de TV. Adem\u00e1s, no falt\u00f3 el galard\u00f3n de honor, entregado a la actriz <strong>Charo L\u00f3pez<\/strong> en homenaje a toda su carrera.<\/p>\n<p>Pero \u00bfqu\u00e9 lucieron los invitados? Te lo contamos&#8230;<br \/>\n[galeria]<br \/>\n<iframe loading=\"lazy\" style=\"border: none; overflow: hidden; height: 258px;\" src=\"\/\/www.facebook.com\/plugins\/likebox.php?href=https%3A%2F%2Fwww.facebook.com%2Fgraziaespana&amp;width&amp;height=258&amp;colorscheme=light&amp;show_faces=true&amp;header=false&amp;stream=false&amp;show_border=false&amp;appId=349017955267591\" width=\"300\" height=\"150\" frameborder=\"0\" scrolling=\"no\"><\/iframe><\/p>\n","protected":false},"author":24470,"featured_media":0,"template":"","format":"standard","categories":[13,15],"acf":[],"yoast_head":"<!-- This site is optimized with the Yoast SEO Premium plugin v18.5 (Yoast SEO v20.4) - https:\/\/yoast.com\/wordpress\/plugins\/seo\/ -->\n<title>Premios Fotogramas de Plata 2015 | Grazia<\/title>\n<meta name=\"description\" content=\"Cine, televisi\u00f3n y teatro (nacionales) brillaron ayer en la edici\u00f3n 65 de los premios.\" \/>\n<meta name=\"robots\" content=\"index, follow, max-snippet:-1, max-image-preview:large, max-video-preview:-1\" \/>\n<link rel=\"canonical\" href=\"https:\/\/graziamagazine.com\/es\/articles\/premios-fotogramas-de-plata-2015\/\" \/>\n<meta property=\"og:locale\" content=\"es_ES\" \/>\n<meta property=\"og:type\" content=\"article\" \/>\n<meta property=\"og:title\" content=\"Premios Fotogramas de Plata 2015\" \/>\n<meta property=\"og:description\" content=\"Cine, televisi\u00f3n y teatro (nacionales) brillaron ayer en la edici\u00f3n 65 de los premios.\" \/>\n<meta property=\"og:url\" content=\"https:\/\/graziamagazine.com\/es\/articles\/premios-fotogramas-de-plata-2015\/\" \/>\n<meta property=\"og:site_name\" content=\"Grazia\" \/>\n<meta property=\"article:modified_time\" content=\"2015-03-03T11:18:50+00:00\" \/>\n<meta property=\"og:image\" content=\"https:\/\/graziamagazine.com\/es\/wp-content\/uploads\/sites\/12\/2015\/03\/03114013\/cover1_fotogramas.jpg?fit=785%2C480\" \/>\n\t<meta property=\"og:image:width\" content=\"785\" \/>\n\t<meta property=\"og:image:height\" content=\"480\" \/>\n\t<meta property=\"og:image:type\" content=\"image\/jpeg\" \/>\n<meta name=\"twitter:card\" content=\"summary_large_image\" \/>\n<meta name=\"twitter:label1\" content=\"Est. reading time\" \/>\n\t<meta name=\"twitter:data1\" content=\"1 minuto\" \/>\n<script type=\"application\/ld+json\" class=\"yoast-schema-graph\">{\"@context\":\"https:\/\/schema.org\",\"@graph\":[{\"@type\":\"WebPage\",\"@id\":\"https:\/\/graziamagazine.com\/es\/articles\/premios-fotogramas-de-plata-2015\/\",\"url\":\"https:\/\/graziamagazine.com\/es\/articles\/premios-fotogramas-de-plata-2015\/\",\"name\":\"Premios Fotogramas de Plata 2015 | Grazia\",\"isPartOf\":{\"@id\":\"https:\/\/graziamagazine.com\/es\/#website\"},\"datePublished\":\"2015-03-03T11:05:52+00:00\",\"dateModified\":\"2015-03-03T11:18:50+00:00\",\"description\":\"Cine, televisi\u00f3n y teatro (nacionales) brillaron ayer en la edici\u00f3n 65 de los premios.\",\"breadcrumb\":{\"@id\":\"https:\/\/graziamagazine.com\/es\/articles\/premios-fotogramas-de-plata-2015\/#breadcrumb\"},\"inLanguage\":\"es\",\"potentialAction\":[{\"@type\":\"ReadAction\",\"target\":[\"https:\/\/graziamagazine.com\/es\/articles\/premios-fotogramas-de-plata-2015\/\"]}]},{\"@type\":\"BreadcrumbList\",\"@id\":\"https:\/\/graziamagazine.com\/es\/articles\/premios-fotogramas-de-plata-2015\/#breadcrumb\",\"itemListElement\":[{\"@type\":\"ListItem\",\"position\":1,\"name\":\"Portada\",\"item\":\"https:\/\/graziamagazine.com\/es\/\"},{\"@type\":\"ListItem\",\"position\":2,\"name\":\"Premios Fotogramas de Plata 2015\"}]},{\"@type\":\"WebSite\",\"@id\":\"https:\/\/graziamagazine.com\/es\/#website\",\"url\":\"https:\/\/graziamagazine.com\/es\/\",\"name\":\"Grazia\",\"description\":\"Moda, belleza, celebrities, estilo de vida...\",\"potentialAction\":[{\"@type\":\"SearchAction\",\"target\":{\"@type\":\"EntryPoint\",\"urlTemplate\":\"https:\/\/graziamagazine.com\/es\/?s={search_term_string}\"},\"query-input\":\"required name=search_term_string\"}],\"inLanguage\":\"es\"}]}<\/script>\n<!-- \/ Yoast SEO Premium plugin. -->","yoast_head_json":{"title":"Premios Fotogramas de Plata 2015 | Grazia","description":"Cine, televisi\u00f3n y teatro (nacionales) brillaron ayer en la edici\u00f3n 65 de los premios.","robots":{"index":"index","follow":"follow","max-snippet":"max-snippet:-1","max-image-preview":"max-image-preview:large","max-video-preview":"max-video-preview:-1"},"canonical":"https:\/\/graziamagazine.com\/es\/articles\/premios-fotogramas-de-plata-2015\/","og_locale":"es_ES","og_type":"article","og_title":"Premios Fotogramas de Plata 2015","og_description":"Cine, televisi\u00f3n y teatro (nacionales) brillaron ayer en la edici\u00f3n 65 de los premios.","og_url":"https:\/\/graziamagazine.com\/es\/articles\/premios-fotogramas-de-plata-2015\/","og_site_name":"Grazia","article_modified_time":"2015-03-03T11:18:50+00:00","og_image":[{"width":785,"height":480,"url":"https:\/\/graziamagazine.com\/es\/wp-content\/uploads\/sites\/12\/2015\/03\/03114013\/cover1_fotogramas.jpg?fit=785%2C480","type":"image\/jpeg"}],"twitter_card":"summary_large_image","twitter_misc":{"Est. reading time":"1 minuto"},"schema":{"@context":"https:\/\/schema.org","@graph":[{"@type":"WebPage","@id":"https:\/\/graziamagazine.com\/es\/articles\/premios-fotogramas-de-plata-2015\/","url":"https:\/\/graziamagazine.com\/es\/articles\/premios-fotogramas-de-plata-2015\/","name":"Premios Fotogramas de Plata 2015 | Grazia","isPartOf":{"@id":"https:\/\/graziamagazine.com\/es\/#website"},"datePublished":"2015-03-03T11:05:52+00:00","dateModified":"2015-03-03T11:18:50+00:00","description":"Cine, televisi\u00f3n y teatro (nacionales) brillaron ayer en la edici\u00f3n 65 de los premios.","breadcrumb":{"@id":"https:\/\/graziamagazine.com\/es\/articles\/premios-fotogramas-de-plata-2015\/#breadcrumb"},"inLanguage":"es","potentialAction":[{"@type":"ReadAction","target":["https:\/\/graziamagazine.com\/es\/articles\/premios-fotogramas-de-plata-2015\/"]}]},{"@type":"BreadcrumbList","@id":"https:\/\/graziamagazine.com\/es\/articles\/premios-fotogramas-de-plata-2015\/#breadcrumb","itemListElement":[{"@type":"ListItem","position":1,"name":"Portada","item":"https:\/\/graziamagazine.com\/es\/"},{"@type":"ListItem","position":2,"name":"Premios Fotogramas de Plata 2015"}]},{"@type":"WebSite","@id":"https:\/\/graziamagazine.com\/es\/#website","url":"https:\/\/graziamagazine.com\/es\/","name":"Grazia","description":"Moda, belleza, celebrities, estilo de vida...","potentialAction":[{"@type":"SearchAction","target":{"@type":"EntryPoint","urlTemplate":"https:\/\/graziamagazine.com\/es\/?s={search_term_string}"},"query-input":"required name=search_term_string"}],"inLanguage":"es"}]}},"jetpack_sharing_enabled":true,"distributor_meta":false,"distributor_terms":false,"distributor_media":false,"distributor_original_site_name":"Grazia","distributor_original_site_url":"https:\/\/graziamagazine.com\/es","push-errors":false,"_links":{"self":[{"href":"https:\/\/graziamagazine.com\/es\/wp-json\/wp\/v2\/articles\/30269"}],"collection":[{"href":"https:\/\/graziamagazine.com\/es\/wp-json\/wp\/v2\/articles"}],"about":[{"href":"https:\/\/graziamagazine.com\/es\/wp-json\/wp\/v2\/types\/articles"}],"author":[{"embeddable":true,"href":"https:\/\/graziamagazine.com\/es\/wp-json\/wp\/v2\/users\/24470"}],"wp:attachment":[{"href":"https:\/\/graziamagazine.com\/es\/wp-json\/wp\/v2\/media?parent=30269"}],"wp:term":[{"taxonomy":"category","embeddable":true,"href":"https:\/\/graziamagazine.com\/es\/wp-json\/wp\/v2\/categories?post=30269"}],"curies":[{"name":"wp","href":"https:\/\/api.w.org\/{rel}","templated":true}]}}