{"id":2932,"date":"2014-12-15T11:32:57","date_gmt":"2014-12-15T11:32:57","guid":{"rendered":"https:\/\/graziamagazine.com\/es\/?p=2932"},"modified":"2015-04-28T20:00:12","modified_gmt":"2015-04-28T18:00:12","slug":"orlando-y-miranda-pasaran-la-navidad-juntos","status":"publish","type":"articles","link":"https:\/\/graziamagazine.com\/es\/articles\/orlando-y-miranda-pasaran-la-navidad-juntos\/","title":{"rendered":"Orlando y Miranda pasar\u00e1n la Navidad juntos"},"content":{"rendered":"<p>A pesar de la broma f\u00e1cil del subt\u00edtulo que precede a estas l\u00edneas (venga, que nos gusta un villancico a todos, hombre) creemos que REALMENTE es NECESARIO que se establezcan una serie de normas al respecto de las celebraciones familiares que est\u00e1n punto de llevarse a cabo en las <span style=\"text-decoration: line-through;\">chozas neoyorquinas<\/span> casas de <strong>Orlando Bloom<\/strong> y <strong>Miranda Kerr<\/strong> en los pr\u00f3ximos d\u00edas (con permiso de intrusi\u00f3n, claro, eso siempre).<\/p>\n<p>Resulta que el actor coment\u00f3 hace unos d\u00edas <a href=\"https:\/\/www.youtube.com\/watch?v=3yen9WU0KkQ\" target=\"_blank\" target=\"_blank\">en el show de Ellen Degeneres<\/a>, a ra\u00edz de una conversaci\u00f3n sobre su hijo <strong>Flynn<\/strong> y la Navidad, que \u201csu madre vive muy cerca\u201d -por &#8216;su madre&#8217; enti\u00e9ndase <strong>Miranda Kerr<\/strong>-; \u201cEso es genial, as\u00ed podremos celebrar la Navidad todos juntos. Su familia, mi familia\u2026 todos juntos\u201d, dijo <strong>Bloom<\/strong>.<\/p>\n<figure id=\"attachment_2939\" aria-describedby=\"caption-attachment-2939\" style=\"width: 785px\" class=\"wp-caption aligncenter\"><img loading=\"lazy\" decoding=\"async\" class=\"wp-image-2939 size-full\" src=\"https:\/\/graziamagazine.com\/es\/wp-content\/uploads\/sites\/12\/2014\/12\/cover1-orlandomirandanavidadesjuntos.jpg\" alt=\"Una de sus \u00faltimas im\u00e1genes juntos sobre la alfombra roja (SNIF).   \u00a9 Cordon Press\" width=\"785\" height=\"480\" srcset=\"https:\/\/graziamagazine.com\/es\/wp-content\/uploads\/sites\/12\/2014\/12\/cover1-orlandomirandanavidadesjuntos.jpg 785w, https:\/\/graziamagazine.com\/es\/wp-content\/uploads\/sites\/12\/2014\/12\/cover1-orlandomirandanavidadesjuntos-300x183.jpg 300w, https:\/\/graziamagazine.com\/es\/wp-content\/uploads\/sites\/12\/2014\/12\/cover1-orlandomirandanavidadesjuntos-695x425.jpg 695w, https:\/\/graziamagazine.com\/es\/wp-content\/uploads\/sites\/12\/2014\/12\/cover1-orlandomirandanavidadesjuntos-720x440.jpg 720w, https:\/\/graziamagazine.com\/es\/wp-content\/uploads\/sites\/12\/2014\/12\/cover1-orlandomirandanavidadesjuntos-626x383.jpg 626w, https:\/\/graziamagazine.com\/es\/wp-content\/uploads\/sites\/12\/2014\/12\/cover1-orlandomirandanavidadesjuntos-360x220.jpg 360w\" sizes=\"(max-width: 785px) 100vw, 785px\" \/><figcaption id=\"caption-attachment-2939\" class=\"wp-caption-text\">Una de sus \u00faltimas im\u00e1genes juntos sobre la alfombra roja (SNIF). \u00a9 Cordon Press<\/figcaption><\/figure>\n<p>JUNTOS. En. Amor. Y. Compa\u00f1\u00eda. Despu\u00e9s de que se divorciaran cre\u00e1ndonos un trauma a tama\u00f1o real a finales de 2013. \u00bfY ahora pretenden hacernos creer en la amistad-despu\u00e9s-del-amor-pasional? Y una nariz. Esas cenas van a ser UN DESASTRE, porque en todo este tiempo han pasado cosas que, \u00a1en fin!, no queremos meter el dedo en la herida, pero son dignas de atenci\u00f3n.<\/p>\n<p>Por eso, porque les queremos y somos m\u00e1s considerados que un bote de Nutella a tama\u00f1o industrial, hemos decidido enlistar los tips necesarios para que esa sea una velada para el recuerdo y una (dejadnos volver a decirlo, anda) bonita \u2018Noche de Paz\u2019. A saber:<\/p>\n<p><strong>1. No hablar de dinero:<\/strong> esencial, pues los rumores dicen que la australiana esta feliz y contenta compartiendo coraz\u00f3n con un muchimillonario y no es plan de entrar en semejante tema escabroso. Nada. Ni yates, ni nada.<\/p>\n<p><img loading=\"lazy\" decoding=\"async\" class=\"aligncenter wp-image-2936 size-full\" src=\"https:\/\/graziamagazine.com\/es\/wp-content\/uploads\/sites\/12\/2014\/12\/2-giphy-orlandomirandanavidadjuntos.gif\" alt=\"2-giphy-orlandomirandanavidadjuntos\" width=\"500\" height=\"253\" \/><\/p>\n<p><strong><br \/>\n2. EVITAR a toda costa poner <a href=\"https:\/\/graziamagazine.com\/es\/lifestyle\/actualidad\/2014-12-07\/8-cosas-que-no-sabias-de-all-i-want-for-christmas-is-you\" target=\"_blank\">la versi\u00f3n de <em>All I Want For Christmas<\/em> que canta Mariah Carey junto a Justin Bieber<\/a><\/strong>: \u00bfacaso no record\u00e1is <a href=\"http:\/\/www.huffingtonpost.es\/2014\/07\/31\/pelea-justin-bieber-orlando-bloom_n_5636741.html\" target=\"_blank\" target=\"_blank\">la que li\u00f3 el ni\u00f1\u00edn este verano en Ibiza<\/a> cuando le dio a Orlando recuerdos de su parte para Miranda? Tensi\u00f3n <em>is in the air<\/em> y el T\u00edo Bloom no se anda con tonter\u00edas y alarga la mano cuando se toca este tema&#8230;<\/p>\n<p><img loading=\"lazy\" decoding=\"async\" class=\"aligncenter wp-image-2938 size-full\" src=\"https:\/\/graziamagazine.com\/es\/wp-content\/uploads\/sites\/12\/2014\/12\/4-giphy.gif\" alt=\"4-giphy\" width=\"500\" height=\"206\" \/><\/p>\n<p><strong><br \/>\n3. No marcarse un Kardashian.<\/strong> Hay algo que nos asquea y nos desconcierta a partes iguales desde que<strong> Miranda<\/strong> rompi\u00f3 con su se\u00f1or marido. Resulta que ha pasado de ser la m\u00e1s estilosa y elegante del lugar a convertirse en una versi\u00f3n m\u00e1s guapa de <strong>Kim Kardashian<\/strong> con escotes de llorar y vestidos ajustados. Total, que procure mantener el tipo y volver a sus agradables looks para mantener a Orlando en su sitio y, ehm, encandilarle de nuevo (\u00bfo acaso esto es algo que solo queremos nosotros?).<\/p>\n<figure id=\"attachment_2937\" aria-describedby=\"caption-attachment-2937\" style=\"width: 785px\" class=\"wp-caption aligncenter\"><img loading=\"lazy\" decoding=\"async\" class=\"wp-image-2937 size-full\" src=\"https:\/\/graziamagazine.com\/es\/wp-content\/uploads\/sites\/12\/2014\/12\/2-orlandomirandanavidadesjuntos.jpg\" alt=\"\u00a9 Cordon Press\" width=\"785\" height=\"480\" srcset=\"https:\/\/graziamagazine.com\/es\/wp-content\/uploads\/sites\/12\/2014\/12\/2-orlandomirandanavidadesjuntos.jpg 785w, https:\/\/graziamagazine.com\/es\/wp-content\/uploads\/sites\/12\/2014\/12\/2-orlandomirandanavidadesjuntos-300x183.jpg 300w, https:\/\/graziamagazine.com\/es\/wp-content\/uploads\/sites\/12\/2014\/12\/2-orlandomirandanavidadesjuntos-695x425.jpg 695w, https:\/\/graziamagazine.com\/es\/wp-content\/uploads\/sites\/12\/2014\/12\/2-orlandomirandanavidadesjuntos-720x440.jpg 720w, https:\/\/graziamagazine.com\/es\/wp-content\/uploads\/sites\/12\/2014\/12\/2-orlandomirandanavidadesjuntos-626x383.jpg 626w, https:\/\/graziamagazine.com\/es\/wp-content\/uploads\/sites\/12\/2014\/12\/2-orlandomirandanavidadesjuntos-360x220.jpg 360w\" sizes=\"(max-width: 785px) 100vw, 785px\" \/><figcaption id=\"caption-attachment-2937\" class=\"wp-caption-text\">\u00a9 Cordon Press<\/figcaption><\/figure>\n<p><strong><em>Bonus track<\/em>:<\/strong> este va para los familiares. Haced el favor de poner un mu\u00f1erdago considerable en un punto por el que vayan a pasar los dos. A la vez. Y que haya beso. En serio, es Navidad y QUEREMOS reconciliaci\u00f3n a toda costa. El mundo y sus creencias sobre el amor lo necesitan.<\/p>\n<p>\u00a1Felices fiestas!<\/p>\n","protected":false},"author":24470,"featured_media":0,"template":"","format":"standard","categories":[14,13],"acf":[],"yoast_head":"<!-- This site is optimized with the Yoast SEO Premium plugin v18.5 (Yoast SEO v20.4) - https:\/\/yoast.com\/wordpress\/plugins\/seo\/ -->\n<title>Orlando y Miranda pasar\u00e1n la Navidad juntos | Grazia<\/title>\n<meta name=\"description\" content=\"Y nosotros no hemos podido evitarlo: tenemos los tips que han de cumplirse para que tengan una \u00bfNoche de Paz?\" \/>\n<meta name=\"robots\" content=\"index, follow, max-snippet:-1, max-image-preview:large, max-video-preview:-1\" \/>\n<link rel=\"canonical\" href=\"https:\/\/graziamagazine.com\/es\/articles\/orlando-y-miranda-pasaran-la-navidad-juntos\/\" \/>\n<meta property=\"og:locale\" content=\"es_ES\" \/>\n<meta property=\"og:type\" content=\"article\" \/>\n<meta property=\"og:title\" content=\"Orlando y Miranda pasar\u00e1n la Navidad juntos\" \/>\n<meta property=\"og:description\" content=\"Y nosotros no hemos podido evitarlo: tenemos los tips que han de cumplirse para que tengan una \u00bfNoche de Paz?\" \/>\n<meta property=\"og:url\" content=\"https:\/\/graziamagazine.com\/es\/articles\/orlando-y-miranda-pasaran-la-navidad-juntos\/\" \/>\n<meta property=\"og:site_name\" content=\"Grazia\" \/>\n<meta property=\"article:modified_time\" content=\"2015-04-28T18:00:12+00:00\" \/>\n<meta property=\"og:image\" content=\"https:\/\/graziamagazine.com\/es\/wp-content\/uploads\/sites\/12\/2014\/12\/cover1-orlandomirandanavidadesjuntos.jpg\" \/>\n<meta name=\"twitter:card\" content=\"summary_large_image\" \/>\n<meta name=\"twitter:label1\" content=\"Est. reading time\" \/>\n\t<meta name=\"twitter:data1\" content=\"3 minutos\" \/>\n<script type=\"application\/ld+json\" class=\"yoast-schema-graph\">{\"@context\":\"https:\/\/schema.org\",\"@graph\":[{\"@type\":\"WebPage\",\"@id\":\"https:\/\/graziamagazine.com\/es\/articles\/orlando-y-miranda-pasaran-la-navidad-juntos\/\",\"url\":\"https:\/\/graziamagazine.com\/es\/articles\/orlando-y-miranda-pasaran-la-navidad-juntos\/\",\"name\":\"Orlando y Miranda pasar\u00e1n la Navidad juntos | Grazia\",\"isPartOf\":{\"@id\":\"https:\/\/graziamagazine.com\/es\/#website\"},\"datePublished\":\"2014-12-15T11:32:57+00:00\",\"dateModified\":\"2015-04-28T18:00:12+00:00\",\"description\":\"Y nosotros no hemos podido evitarlo: tenemos los tips que han de cumplirse para que tengan una \u00bfNoche de Paz?\",\"breadcrumb\":{\"@id\":\"https:\/\/graziamagazine.com\/es\/articles\/orlando-y-miranda-pasaran-la-navidad-juntos\/#breadcrumb\"},\"inLanguage\":\"es\",\"potentialAction\":[{\"@type\":\"ReadAction\",\"target\":[\"https:\/\/graziamagazine.com\/es\/articles\/orlando-y-miranda-pasaran-la-navidad-juntos\/\"]}]},{\"@type\":\"BreadcrumbList\",\"@id\":\"https:\/\/graziamagazine.com\/es\/articles\/orlando-y-miranda-pasaran-la-navidad-juntos\/#breadcrumb\",\"itemListElement\":[{\"@type\":\"ListItem\",\"position\":1,\"name\":\"Portada\",\"item\":\"https:\/\/graziamagazine.com\/es\/\"},{\"@type\":\"ListItem\",\"position\":2,\"name\":\"Orlando y Miranda pasar\u00e1n la Navidad juntos\"}]},{\"@type\":\"WebSite\",\"@id\":\"https:\/\/graziamagazine.com\/es\/#website\",\"url\":\"https:\/\/graziamagazine.com\/es\/\",\"name\":\"Grazia\",\"description\":\"Moda, belleza, celebrities, estilo de vida...\",\"potentialAction\":[{\"@type\":\"SearchAction\",\"target\":{\"@type\":\"EntryPoint\",\"urlTemplate\":\"https:\/\/graziamagazine.com\/es\/?s={search_term_string}\"},\"query-input\":\"required name=search_term_string\"}],\"inLanguage\":\"es\"}]}<\/script>\n<!-- \/ Yoast SEO Premium plugin. -->","yoast_head_json":{"title":"Orlando y Miranda pasar\u00e1n la Navidad juntos | Grazia","description":"Y nosotros no hemos podido evitarlo: tenemos los tips que han de cumplirse para que tengan una \u00bfNoche de Paz?","robots":{"index":"index","follow":"follow","max-snippet":"max-snippet:-1","max-image-preview":"max-image-preview:large","max-video-preview":"max-video-preview:-1"},"canonical":"https:\/\/graziamagazine.com\/es\/articles\/orlando-y-miranda-pasaran-la-navidad-juntos\/","og_locale":"es_ES","og_type":"article","og_title":"Orlando y Miranda pasar\u00e1n la Navidad juntos","og_description":"Y nosotros no hemos podido evitarlo: tenemos los tips que han de cumplirse para que tengan una \u00bfNoche de Paz?","og_url":"https:\/\/graziamagazine.com\/es\/articles\/orlando-y-miranda-pasaran-la-navidad-juntos\/","og_site_name":"Grazia","article_modified_time":"2015-04-28T18:00:12+00:00","og_image":[{"url":"https:\/\/graziamagazine.com\/es\/wp-content\/uploads\/sites\/12\/2014\/12\/cover1-orlandomirandanavidadesjuntos.jpg"}],"twitter_card":"summary_large_image","twitter_misc":{"Est. reading time":"3 minutos"},"schema":{"@context":"https:\/\/schema.org","@graph":[{"@type":"WebPage","@id":"https:\/\/graziamagazine.com\/es\/articles\/orlando-y-miranda-pasaran-la-navidad-juntos\/","url":"https:\/\/graziamagazine.com\/es\/articles\/orlando-y-miranda-pasaran-la-navidad-juntos\/","name":"Orlando y Miranda pasar\u00e1n la Navidad juntos | Grazia","isPartOf":{"@id":"https:\/\/graziamagazine.com\/es\/#website"},"datePublished":"2014-12-15T11:32:57+00:00","dateModified":"2015-04-28T18:00:12+00:00","description":"Y nosotros no hemos podido evitarlo: tenemos los tips que han de cumplirse para que tengan una \u00bfNoche de Paz?","breadcrumb":{"@id":"https:\/\/graziamagazine.com\/es\/articles\/orlando-y-miranda-pasaran-la-navidad-juntos\/#breadcrumb"},"inLanguage":"es","potentialAction":[{"@type":"ReadAction","target":["https:\/\/graziamagazine.com\/es\/articles\/orlando-y-miranda-pasaran-la-navidad-juntos\/"]}]},{"@type":"BreadcrumbList","@id":"https:\/\/graziamagazine.com\/es\/articles\/orlando-y-miranda-pasaran-la-navidad-juntos\/#breadcrumb","itemListElement":[{"@type":"ListItem","position":1,"name":"Portada","item":"https:\/\/graziamagazine.com\/es\/"},{"@type":"ListItem","position":2,"name":"Orlando y Miranda pasar\u00e1n la Navidad juntos"}]},{"@type":"WebSite","@id":"https:\/\/graziamagazine.com\/es\/#website","url":"https:\/\/graziamagazine.com\/es\/","name":"Grazia","description":"Moda, belleza, celebrities, estilo de vida...","potentialAction":[{"@type":"SearchAction","target":{"@type":"EntryPoint","urlTemplate":"https:\/\/graziamagazine.com\/es\/?s={search_term_string}"},"query-input":"required name=search_term_string"}],"inLanguage":"es"}]}},"jetpack_sharing_enabled":true,"distributor_meta":false,"distributor_terms":false,"distributor_media":false,"distributor_original_site_name":"Grazia","distributor_original_site_url":"https:\/\/graziamagazine.com\/es","push-errors":false,"_links":{"self":[{"href":"https:\/\/graziamagazine.com\/es\/wp-json\/wp\/v2\/articles\/2932"}],"collection":[{"href":"https:\/\/graziamagazine.com\/es\/wp-json\/wp\/v2\/articles"}],"about":[{"href":"https:\/\/graziamagazine.com\/es\/wp-json\/wp\/v2\/types\/articles"}],"author":[{"embeddable":true,"href":"https:\/\/graziamagazine.com\/es\/wp-json\/wp\/v2\/users\/24470"}],"wp:attachment":[{"href":"https:\/\/graziamagazine.com\/es\/wp-json\/wp\/v2\/media?parent=2932"}],"wp:term":[{"taxonomy":"category","embeddable":true,"href":"https:\/\/graziamagazine.com\/es\/wp-json\/wp\/v2\/categories?post=2932"}],"curies":[{"name":"wp","href":"https:\/\/api.w.org\/{rel}","templated":true}]}}