{"id":2725,"date":"2013-04-18T16:23:52","date_gmt":"2013-04-18T16:23:52","guid":{"rendered":"https:\/\/graziamagazine.com\/es\/?p=2725"},"modified":"2015-04-30T19:32:59","modified_gmt":"2015-04-30T17:32:59","slug":"quiero-trabajar-en-moda","status":"publish","type":"articles","link":"https:\/\/graziamagazine.com\/es\/articles\/quiero-trabajar-en-moda\/","title":{"rendered":"\u00a1Quiero trabajar en moda!"},"content":{"rendered":"<p>Cada d\u00eda cientos de j\u00f3venes en todo el mundo deciden que quieren enfocar su carrera profesional hacia el mundo de la moda. Ok. Pero, \u00bfexactamente hacia d\u00f3nde mira eso? <strong>&#8216;El mundo de la moda&#8217;, con su brillo y sus frivolidades aparentes es en realidad una industria que mueve miles de millones de euros al a\u00f1o<\/strong> y que (s\u00f3lo el sector textil) da trabajo en Espa\u00f1a a m\u00e1s de 100.000 personas.<\/p>\n<p><strong>Ainhoa Chamorro<\/strong>, <em>Senior Fashion Consultant<\/em> en la consultora de RR.HH. <a href=\"http:\/\/www.talentiam.com\/\" target=\"_blank\" target=\"_blank\"><strong>Talentiam<\/strong><\/a>, nos confiesa los requisitos indispensables que sus clientes demandan a los nuevos candidatos: \u201cUn conocimiento del producto y de las tendencias, adem\u00e1s de estar muy puesto en el mercado, conocer marcas, dise\u00f1adores\u2026\u201d En definitiva, <strong>te debe apasionar la moda, sabiendo que esta afirmaci\u00f3n va mucho m\u00e1s all\u00e1 de que te guste la ropa o ir de compras.<\/strong><\/p>\n<p>Lee todo lo que caiga en tus manos y mantente al d\u00eda en novedades y tendencias. Actualmente internet, con sus medios a golpe de click, sus blogs y sus redes sociales, nos permite conocer de primera mano qu\u00e9 se cuece en cualquier rinc\u00f3n. <strong>No desaproveches la oportunidad.<\/strong><\/p>\n<figure id=\"attachment_4802\" aria-describedby=\"caption-attachment-4802\" style=\"width: 785px\" class=\"wp-caption aligncenter\"><img loading=\"lazy\" decoding=\"async\" class=\"wp-image-4802 size-full\" src=\"https:\/\/graziamagazine.com\/es\/wp-content\/uploads\/sites\/12\/2013\/04\/01-trabajar-en-moda.jpg\" alt=\"\u00a1No tengas miedo! Seguro que tu jefe no es tan malo como Miranda Priestly en 'El diablo viste de Prada'.\" width=\"785\" height=\"480\" srcset=\"https:\/\/graziamagazine.com\/es\/wp-content\/uploads\/sites\/12\/2013\/04\/01-trabajar-en-moda.jpg 785w, https:\/\/graziamagazine.com\/es\/wp-content\/uploads\/sites\/12\/2013\/04\/01-trabajar-en-moda-300x183.jpg 300w, https:\/\/graziamagazine.com\/es\/wp-content\/uploads\/sites\/12\/2013\/04\/01-trabajar-en-moda-695x425.jpg 695w, https:\/\/graziamagazine.com\/es\/wp-content\/uploads\/sites\/12\/2013\/04\/01-trabajar-en-moda-720x440.jpg 720w, https:\/\/graziamagazine.com\/es\/wp-content\/uploads\/sites\/12\/2013\/04\/01-trabajar-en-moda-626x383.jpg 626w, https:\/\/graziamagazine.com\/es\/wp-content\/uploads\/sites\/12\/2013\/04\/01-trabajar-en-moda-360x220.jpg 360w\" sizes=\"(max-width: 785px) 100vw, 785px\" \/><figcaption id=\"caption-attachment-4802\" class=\"wp-caption-text\">\u00a1No tengas miedo! Seguro que tu jefe no es tan malo como Miranda Priestly en &#8216;El diablo viste de Prada&#8217;.<\/figcaption><\/figure>\n<p><span style=\"text-decoration: underline;\"><strong>Cualidades<\/strong> <\/span><\/p>\n<p>No es sencillo. Pero si conf\u00edas en tus capacidades, te har\u00e1s con ese puesto tan ansiado. Analiza qu\u00e9 te hace diferente del resto y conoce a la perfecci\u00f3n cu\u00e1les son tus puntos fuertes. Para ello, resulta imprescindible conocer qu\u00e9 cualidades son las demandadas por las empresas.<\/p>\n<p><strong>Alessandro Montanari<\/strong> <em>HR &amp; Organization Director<\/em> de <a href=\"http:\/\/www.yooxgroup.com\/en\/homepage.asp\" target=\"_blank\" target=\"_blank\"><strong>YOOX Group<\/strong><\/a> nos desvela algunos puntos decisivos: \u201cValoramos mucho la internacionalizaci\u00f3n, ya sea profesional, ya sea de apertura mental hacia el <em>business global<\/em> y por esta raz\u00f3n <strong>damos una gran importancia a las personas innovadoras, que aportan nuevas ideas, flexibles y con gran capacidad para trabajar en equipo<\/strong>.\u201d Adem\u00e1s, a\u00f1ade \u201cbuscamos siempre la excelencia profesional, personas que tengan una predisposici\u00f3n especial hacia las redes sociales y el e-commerce en general, con mucha empat\u00eda en la relaci\u00f3n con los clientes\u201d<\/p>\n<p>&nbsp;<\/p>\n<p><span style=\"text-decoration: underline;\"><strong>Formaci\u00f3n<\/strong> <\/span><\/p>\n<p>Se dan por sentado estudios superiores orientadas al \u00e1rea que nos interesa y, en muchos de los casos, aderezados con un master espec\u00edfico. Sobre el perfil formativo m\u00e1s buscado, <strong>Mar\u00eda Jos\u00e9 Molina<\/strong>, <em>Responsable de Desarrollo Corporativo<\/em> de <a href=\"http:\/\/www.isem.es\/\" target=\"_blank\" target=\"_blank\"><strong>ISEM Fashion Business School<\/strong><\/a> (Universidad de Navarra) nos conf\u00eda que <strong>a su bolsa de trabajo las empresas acuden en busca de \u201cpersonas anal\u00edticas, con estudios superiores y master en gesti\u00f3n de moda\u201d.<\/strong><\/p>\n<p>&nbsp;<\/p>\n<p><span style=\"text-decoration: underline;\"><strong>Punto extra<\/strong> <\/span><\/p>\n<p><strong>El dominio del ingl\u00e9s no se cuestiona<\/strong>, as\u00ed que esto no diferencia a un candidato. S\u00ed lo har\u00e1, sin embargo, un tercer y cuarto idioma, imprescindibles para los cada vez m\u00e1s demandados perfiles internacionales. El franc\u00e9s o el italiano son siempre un punto positivo a la hora de buscar empleo en empresas extranjeras mientras que dominar (o conocer) otros como el chino o el ruso pueden ser factores claves y decisivos.<\/p>\n<figure id=\"attachment_4805\" aria-describedby=\"caption-attachment-4805\" style=\"width: 700px\" class=\"wp-caption aligncenter\"><img loading=\"lazy\" decoding=\"async\" class=\"wp-image-4805 size-full\" src=\"https:\/\/graziamagazine.com\/es\/wp-content\/uploads\/sites\/12\/2013\/04\/04-trabajar-en-moda.jpg\" alt=\"No es una redundancia: los idomas te har\u00e1n llegar muy lejos. En la imagen, Julia Roberts en la pel\u00edcula 'Come, reza, ama'.\" width=\"700\" height=\"570\" srcset=\"https:\/\/graziamagazine.com\/es\/wp-content\/uploads\/sites\/12\/2013\/04\/04-trabajar-en-moda.jpg 700w, https:\/\/graziamagazine.com\/es\/wp-content\/uploads\/sites\/12\/2013\/04\/04-trabajar-en-moda-300x244.jpg 300w, https:\/\/graziamagazine.com\/es\/wp-content\/uploads\/sites\/12\/2013\/04\/04-trabajar-en-moda-626x510.jpg 626w, https:\/\/graziamagazine.com\/es\/wp-content\/uploads\/sites\/12\/2013\/04\/04-trabajar-en-moda-360x293.jpg 360w\" sizes=\"(max-width: 700px) 100vw, 700px\" \/><figcaption id=\"caption-attachment-4805\" class=\"wp-caption-text\">No es una redundancia: los idomas te har\u00e1n llegar muy lejos. En la imagen, Julia Roberts en la pel\u00edcula &#8216;Come, reza, ama&#8217;.<\/figcaption><\/figure>\n<p><span style=\"text-decoration: underline;\"><strong>Perfiles m\u00e1s demandados<\/strong> <\/span><\/p>\n<p>En una situaci\u00f3n econ\u00f3mica como la actual, digamos poco ben\u00e9vola, no est\u00e1 de m\u00e1s conocer qu\u00e9 \u00e1reas tienen un \u00edndice m\u00e1s alto de contrataci\u00f3n. El Director de Recursos Humanos de <strong>YOOX Group<\/strong> nos comenta que \u201c<strong>en general, los perfiles m\u00e1s buscados en este momento son los roles comerciales como<\/strong> <em>Buyer<\/em> y <em>Merchandiser<\/em>. De un modo m\u00e1s concreto, si hablamos del departamento tecnol\u00f3gico, se buscan <em>Product Managers<\/em> y <em>Desarrolladores<\/em>. En <em>Operations<\/em> por lo general buscamos los perfiles especializados en <em>Digital Production<\/em>, <em>Atenci\u00f3n al Cliente<\/em> y <em>Localization<\/em>.\u201d<\/p>\n<p>Adem\u00e1s, toma nota, los campos en los que les cuesta encontrar expertos \u201cest\u00e1n dentro del \u00e1rea de <em>Web Marketing<\/em>: los especialitas en <em>SEM<\/em>, <em>Afiliaci\u00f3n y Experiencia del Usuario<\/em> as\u00ed como expertos en contenidos editoriales aplicados a la web\u201d.<\/p>\n<p><img loading=\"lazy\" decoding=\"async\" class=\"aligncenter wp-image-4806 size-full\" src=\"https:\/\/graziamagazine.com\/es\/wp-content\/uploads\/sites\/12\/2013\/04\/05-trabajar-en-moda.jpg\" alt=\"05 trabajar en moda\" width=\"785\" height=\"431\" srcset=\"https:\/\/graziamagazine.com\/es\/wp-content\/uploads\/sites\/12\/2013\/04\/05-trabajar-en-moda.jpg 785w, https:\/\/graziamagazine.com\/es\/wp-content\/uploads\/sites\/12\/2013\/04\/05-trabajar-en-moda-300x165.jpg 300w, https:\/\/graziamagazine.com\/es\/wp-content\/uploads\/sites\/12\/2013\/04\/05-trabajar-en-moda-720x395.jpg 720w, https:\/\/graziamagazine.com\/es\/wp-content\/uploads\/sites\/12\/2013\/04\/05-trabajar-en-moda-626x344.jpg 626w, https:\/\/graziamagazine.com\/es\/wp-content\/uploads\/sites\/12\/2013\/04\/05-trabajar-en-moda-360x198.jpg 360w\" sizes=\"(max-width: 785px) 100vw, 785px\" \/><\/p>\n<p><span style=\"text-decoration: underline;\"><strong>Consejos<\/strong> <\/span><\/p>\n<p><strong>Si buscas tu primer empleo ten en cuenta que la mayor\u00eda de las empresas de moda tienen programas especiales para<\/strong> <em>juniors<\/em>. All\u00ed podr\u00e1s formarte, adquirir experiencia y comenzar a hacer carrera.<\/p>\n<p>\u201cYa cumplo los requisitos y tengo claro lo que quiero\u201d. Ahora, \u00bfc\u00f3mo conseguir esa ansiada entrevista?<\/p>\n<p>Esto nos dar\u00eda para un tema aparte, pero <strong>Alessandro Montanari<\/strong> nos conf\u00eda <strong>algunos trucos para que nuestro curr\u00edculum despierte el inter\u00e9s de un director de Recursos Humanos<\/strong>: \u201cHay que evitar las descripciones extensas, desordenadas y poco claras. El CV es una tarjeta de visita y tiene que ser inmediatamente comprensible y claro. Debe despertar curiosidad, no tiene por qu\u00e9 responder a todas las preguntas.\u201d A lo que <strong>Ainhoa Chamorro<\/strong> a\u00f1ade, \u201cevita las frases hechas y redundantes y piensa en una estructura que facilite la lectura al m\u00e1ximo\u201d.<\/p>\n<p>Una vez enviado\u2026 \u00a1Mucha suerte! <strong>Ten claro que el puesto perfecto para ti est\u00e1 esper\u00e1ndote a la vuelta de la esquina<\/strong>.<\/p>\n<figure id=\"attachment_4807\" aria-describedby=\"caption-attachment-4807\" style=\"width: 785px\" class=\"wp-caption aligncenter\"><img loading=\"lazy\" decoding=\"async\" class=\"wp-image-4807 size-full\" src=\"https:\/\/graziamagazine.com\/es\/wp-content\/uploads\/sites\/12\/2013\/04\/06-trabajar-en-moda.jpg\" alt=\"06 trabajar en moda\" width=\"785\" height=\"431\" srcset=\"https:\/\/graziamagazine.com\/es\/wp-content\/uploads\/sites\/12\/2013\/04\/06-trabajar-en-moda.jpg 785w, https:\/\/graziamagazine.com\/es\/wp-content\/uploads\/sites\/12\/2013\/04\/06-trabajar-en-moda-300x165.jpg 300w, https:\/\/graziamagazine.com\/es\/wp-content\/uploads\/sites\/12\/2013\/04\/06-trabajar-en-moda-720x395.jpg 720w, https:\/\/graziamagazine.com\/es\/wp-content\/uploads\/sites\/12\/2013\/04\/06-trabajar-en-moda-626x344.jpg 626w, https:\/\/graziamagazine.com\/es\/wp-content\/uploads\/sites\/12\/2013\/04\/06-trabajar-en-moda-360x198.jpg 360w\" sizes=\"(max-width: 785px) 100vw, 785px\" \/><figcaption id=\"caption-attachment-4807\" class=\"wp-caption-text\">Amanda Seyfried preparando una carta muy especial.<\/figcaption><\/figure>\n","protected":false},"author":21500,"featured_media":0,"template":"","format":"standard","categories":[162,1],"acf":[],"yoast_head":"<!-- This site is optimized with the Yoast SEO Premium plugin v18.5 (Yoast SEO v20.4) - https:\/\/yoast.com\/wordpress\/plugins\/seo\/ -->\n<title>\u00a1Quiero trabajar en moda! | Grazia<\/title>\n<meta name=\"description\" content=\"Consultamos cu\u00e1les son los perfiles m\u00e1s buscados para que encontrar trabajo no se convierta en misi\u00f3n imposible.\" \/>\n<meta name=\"robots\" content=\"index, follow, max-snippet:-1, max-image-preview:large, max-video-preview:-1\" \/>\n<link rel=\"canonical\" href=\"https:\/\/graziamagazine.com\/es\/articles\/quiero-trabajar-en-moda\/\" \/>\n<meta property=\"og:locale\" content=\"es_ES\" \/>\n<meta property=\"og:type\" content=\"article\" \/>\n<meta property=\"og:title\" content=\"\u00a1Quiero trabajar en moda!\" \/>\n<meta property=\"og:description\" content=\"Consultamos cu\u00e1les son los perfiles m\u00e1s buscados para que encontrar trabajo no se convierta en misi\u00f3n imposible.\" \/>\n<meta property=\"og:url\" content=\"https:\/\/graziamagazine.com\/es\/articles\/quiero-trabajar-en-moda\/\" \/>\n<meta property=\"og:site_name\" content=\"Grazia\" \/>\n<meta property=\"article:modified_time\" content=\"2015-04-30T17:32:59+00:00\" \/>\n<meta property=\"og:image\" content=\"https:\/\/graziamagazine.com\/es\/wp-content\/uploads\/sites\/12\/2013\/04\/01-trabajar-en-moda.jpg\" \/>\n<meta name=\"twitter:card\" content=\"summary_large_image\" \/>\n<meta name=\"twitter:label1\" content=\"Est. reading time\" \/>\n\t<meta name=\"twitter:data1\" content=\"4 minutos\" \/>\n<script type=\"application\/ld+json\" class=\"yoast-schema-graph\">{\"@context\":\"https:\/\/schema.org\",\"@graph\":[{\"@type\":\"WebPage\",\"@id\":\"https:\/\/graziamagazine.com\/es\/articles\/quiero-trabajar-en-moda\/\",\"url\":\"https:\/\/graziamagazine.com\/es\/articles\/quiero-trabajar-en-moda\/\",\"name\":\"\u00a1Quiero trabajar en moda! | Grazia\",\"isPartOf\":{\"@id\":\"https:\/\/graziamagazine.com\/es\/#website\"},\"datePublished\":\"2013-04-18T16:23:52+00:00\",\"dateModified\":\"2015-04-30T17:32:59+00:00\",\"description\":\"Consultamos cu\u00e1les son los perfiles m\u00e1s buscados para que encontrar trabajo no se convierta en misi\u00f3n imposible.\",\"breadcrumb\":{\"@id\":\"https:\/\/graziamagazine.com\/es\/articles\/quiero-trabajar-en-moda\/#breadcrumb\"},\"inLanguage\":\"es\",\"potentialAction\":[{\"@type\":\"ReadAction\",\"target\":[\"https:\/\/graziamagazine.com\/es\/articles\/quiero-trabajar-en-moda\/\"]}]},{\"@type\":\"BreadcrumbList\",\"@id\":\"https:\/\/graziamagazine.com\/es\/articles\/quiero-trabajar-en-moda\/#breadcrumb\",\"itemListElement\":[{\"@type\":\"ListItem\",\"position\":1,\"name\":\"Portada\",\"item\":\"https:\/\/graziamagazine.com\/es\/\"},{\"@type\":\"ListItem\",\"position\":2,\"name\":\"\u00a1Quiero trabajar en moda!\"}]},{\"@type\":\"WebSite\",\"@id\":\"https:\/\/graziamagazine.com\/es\/#website\",\"url\":\"https:\/\/graziamagazine.com\/es\/\",\"name\":\"Grazia\",\"description\":\"Moda, belleza, celebrities, estilo de vida...\",\"potentialAction\":[{\"@type\":\"SearchAction\",\"target\":{\"@type\":\"EntryPoint\",\"urlTemplate\":\"https:\/\/graziamagazine.com\/es\/?s={search_term_string}\"},\"query-input\":\"required name=search_term_string\"}],\"inLanguage\":\"es\"}]}<\/script>\n<!-- \/ Yoast SEO Premium plugin. -->","yoast_head_json":{"title":"\u00a1Quiero trabajar en moda! | Grazia","description":"Consultamos cu\u00e1les son los perfiles m\u00e1s buscados para que encontrar trabajo no se convierta en misi\u00f3n imposible.","robots":{"index":"index","follow":"follow","max-snippet":"max-snippet:-1","max-image-preview":"max-image-preview:large","max-video-preview":"max-video-preview:-1"},"canonical":"https:\/\/graziamagazine.com\/es\/articles\/quiero-trabajar-en-moda\/","og_locale":"es_ES","og_type":"article","og_title":"\u00a1Quiero trabajar en moda!","og_description":"Consultamos cu\u00e1les son los perfiles m\u00e1s buscados para que encontrar trabajo no se convierta en misi\u00f3n imposible.","og_url":"https:\/\/graziamagazine.com\/es\/articles\/quiero-trabajar-en-moda\/","og_site_name":"Grazia","article_modified_time":"2015-04-30T17:32:59+00:00","og_image":[{"url":"https:\/\/graziamagazine.com\/es\/wp-content\/uploads\/sites\/12\/2013\/04\/01-trabajar-en-moda.jpg"}],"twitter_card":"summary_large_image","twitter_misc":{"Est. reading time":"4 minutos"},"schema":{"@context":"https:\/\/schema.org","@graph":[{"@type":"WebPage","@id":"https:\/\/graziamagazine.com\/es\/articles\/quiero-trabajar-en-moda\/","url":"https:\/\/graziamagazine.com\/es\/articles\/quiero-trabajar-en-moda\/","name":"\u00a1Quiero trabajar en moda! | Grazia","isPartOf":{"@id":"https:\/\/graziamagazine.com\/es\/#website"},"datePublished":"2013-04-18T16:23:52+00:00","dateModified":"2015-04-30T17:32:59+00:00","description":"Consultamos cu\u00e1les son los perfiles m\u00e1s buscados para que encontrar trabajo no se convierta en misi\u00f3n imposible.","breadcrumb":{"@id":"https:\/\/graziamagazine.com\/es\/articles\/quiero-trabajar-en-moda\/#breadcrumb"},"inLanguage":"es","potentialAction":[{"@type":"ReadAction","target":["https:\/\/graziamagazine.com\/es\/articles\/quiero-trabajar-en-moda\/"]}]},{"@type":"BreadcrumbList","@id":"https:\/\/graziamagazine.com\/es\/articles\/quiero-trabajar-en-moda\/#breadcrumb","itemListElement":[{"@type":"ListItem","position":1,"name":"Portada","item":"https:\/\/graziamagazine.com\/es\/"},{"@type":"ListItem","position":2,"name":"\u00a1Quiero trabajar en moda!"}]},{"@type":"WebSite","@id":"https:\/\/graziamagazine.com\/es\/#website","url":"https:\/\/graziamagazine.com\/es\/","name":"Grazia","description":"Moda, belleza, celebrities, estilo de vida...","potentialAction":[{"@type":"SearchAction","target":{"@type":"EntryPoint","urlTemplate":"https:\/\/graziamagazine.com\/es\/?s={search_term_string}"},"query-input":"required name=search_term_string"}],"inLanguage":"es"}]}},"jetpack_sharing_enabled":true,"distributor_meta":false,"distributor_terms":false,"distributor_media":false,"distributor_original_site_name":"Grazia","distributor_original_site_url":"https:\/\/graziamagazine.com\/es","push-errors":false,"_links":{"self":[{"href":"https:\/\/graziamagazine.com\/es\/wp-json\/wp\/v2\/articles\/2725"}],"collection":[{"href":"https:\/\/graziamagazine.com\/es\/wp-json\/wp\/v2\/articles"}],"about":[{"href":"https:\/\/graziamagazine.com\/es\/wp-json\/wp\/v2\/types\/articles"}],"author":[{"embeddable":true,"href":"https:\/\/graziamagazine.com\/es\/wp-json\/wp\/v2\/users\/21500"}],"wp:attachment":[{"href":"https:\/\/graziamagazine.com\/es\/wp-json\/wp\/v2\/media?parent=2725"}],"wp:term":[{"taxonomy":"category","embeddable":true,"href":"https:\/\/graziamagazine.com\/es\/wp-json\/wp\/v2\/categories?post=2725"}],"curies":[{"name":"wp","href":"https:\/\/api.w.org\/{rel}","templated":true}]}}