{"id":197024,"date":"2026-09-04T11:16:55","date_gmt":"2026-09-04T09:16:55","guid":{"rendered":"https:\/\/graziamagazine.com\/es\/?post_type=articles&#038;p=197024"},"modified":"2026-09-04T11:16:55","modified_gmt":"2026-09-04T09:16:55","slug":"hm-anuncia-su-proxima-colaboracion-con-elie-saab","status":"publish","type":"articles","link":"https:\/\/graziamagazine.com\/es\/articles\/hm-anuncia-su-proxima-colaboracion-con-elie-saab\/","title":{"rendered":"H&amp;M anuncia su pr\u00f3xima colaboraci\u00f3n con Elie Saab"},"content":{"rendered":"<p class=\"isSelectedEnd\">El universo de Elie Saab est\u00e1 a punto de entrar en una nueva dimensi\u00f3n. La casa de alta costura, reconocida por sus vestidos de siluetas espectaculares, bordados y una feminidad profundamente ligada al glamour, se prepara para colaborar con H&amp;M en una colecci\u00f3n que llevar\u00e1 algunos de sus c\u00f3digos m\u00e1s reconocibles a un p\u00fablico mucho m\u00e1s amplio.<\/p>\n<p class=\"isSelectedEnd\">Fundada en Beirut en 1982, la maison comenz\u00f3 su trayectoria de la mano de la visi\u00f3n de Elie Saab, quien desde sus primeros a\u00f1os destac\u00f3 especialmente por sus creaciones nupciales. Su nombre no tardar\u00eda en trascender las fronteras de L\u00edbano hasta convertirse en una presencia habitual dentro de la moda internacional. Su incorporaci\u00f3n como uno de los primeros miembros internacionales de la Chambre Syndicale de la Haute Couture de Francia marc\u00f3 otro momento decisivo en su consolidaci\u00f3n dentro del circuito de la alta costura.<\/p>\n<p class=\"isSelectedEnd\">Hoy, el universo de Elie Saab abarca alta costura, pr\u00eat-\u00e0-porter y accesorios, pero mantiene intacta una identidad construida alrededor de la artesan\u00eda, el refinamiento y una idea muy particular del lujo. La colaboraci\u00f3n con H&amp;M propone trasladar precisamente esa esencia a una colecci\u00f3n mucho m\u00e1s accesible.<\/p>\n<h3><img loading=\"lazy\" decoding=\"async\" class=\"size-full wp-image-176748\" style=\"color: #444444;font-family: Garamond, 'EB Garamond', Baskerville, 'Baskerville Old Face', 'Hoefler Text', 'Times New Roman', serif;font-size: 16px;font-weight: normal\" src=\"https:\/\/graziamagazine.com\/mx\/wp-content\/uploads\/sites\/13\/2026\/09\/ELIE-SAAB-HM-Campaign-13003-scaled.jpg\" alt=\"Modelo caminando por una alfombra roja desplegada en una calle urbana de Par\u00eds, luciendo un vestido negro sin tirantes con un gran lazo y una cola larga vaporosa.\" width=\"2560\" height=\"1707\" \/><\/h3>\n<h3>De Beirut al armario global<\/h3>\n<p class=\"isSelectedEnd\">La historia de Elie Saab est\u00e1 profundamente ligada a una visi\u00f3n de la feminidad que combina sofisticaci\u00f3n y teatralidad. Sus vestidos han protagonizado algunas de las apariciones m\u00e1s memorables sobre la alfombra roja y han convertido el trabajo artesanal de la maison en uno de sus principales sellos de identidad.<\/p>\n<p class=\"isSelectedEnd\">Para la colaboraci\u00f3n con H&amp;M, esa herencia se traduce en una propuesta que no se limitar\u00e1 a una sola categor\u00eda. La colecci\u00f3n incluir\u00e1 moda femenina, masculina y accesorios, con calzado entre sus piezas destacadas.<\/p>\n<p><img loading=\"lazy\" decoding=\"async\" class=\"aligncenter size-full wp-image-197036\" src=\"https:\/\/graziamagazine.com\/es\/wp-content\/uploads\/sites\/12\/2026\/09\/Foto-del-perfil-de-grazia_magazin-6-scaled.jpg\" alt=\"\" width=\"2063\" height=\"2560\" srcset=\"https:\/\/graziamagazine.com\/es\/wp-content\/uploads\/sites\/12\/2026\/09\/Foto-del-perfil-de-grazia_magazin-6-scaled.jpg 2063w, https:\/\/graziamagazine.com\/es\/wp-content\/uploads\/sites\/12\/2026\/09\/Foto-del-perfil-de-grazia_magazin-6-242x300.jpg 242w, https:\/\/graziamagazine.com\/es\/wp-content\/uploads\/sites\/12\/2026\/09\/Foto-del-perfil-de-grazia_magazin-6-825x1024.jpg 825w, https:\/\/graziamagazine.com\/es\/wp-content\/uploads\/sites\/12\/2026\/09\/Foto-del-perfil-de-grazia_magazin-6-768x953.jpg 768w, https:\/\/graziamagazine.com\/es\/wp-content\/uploads\/sites\/12\/2026\/09\/Foto-del-perfil-de-grazia_magazin-6-1238x1536.jpg 1238w, https:\/\/graziamagazine.com\/es\/wp-content\/uploads\/sites\/12\/2026\/09\/Foto-del-perfil-de-grazia_magazin-6-1651x2048.jpg 1651w, https:\/\/graziamagazine.com\/es\/wp-content\/uploads\/sites\/12\/2026\/09\/Foto-del-perfil-de-grazia_magazin-6-400x496.jpg 400w, https:\/\/graziamagazine.com\/es\/wp-content\/uploads\/sites\/12\/2026\/09\/Foto-del-perfil-de-grazia_magazin-6-155x192.jpg 155w\" sizes=\"(max-width: 2063px) 100vw, 2063px\" \/><\/p>\n<p class=\"isSelectedEnd\">El objetivo no parece ser simplemente reproducir algunos de los vestidos m\u00e1s reconocibles de la casa, sino construir un guardarropa completo alrededor de su lenguaje creativo. Una oportunidad para acercarse al universo de Elie Saab desde diferentes momentos y c\u00f3digos de vestimenta.<\/p>\n<h3>Lentejuelas, encaje y sastrer\u00eda<\/h3>\n<p><img loading=\"lazy\" decoding=\"async\" class=\"aligncenter size-full wp-image-197031\" src=\"https:\/\/graziamagazine.com\/es\/wp-content\/uploads\/sites\/12\/2026\/09\/Foto-del-perfil-de-grazia_magazin-11-scaled.jpg\" alt=\"\" width=\"2063\" height=\"2560\" srcset=\"https:\/\/graziamagazine.com\/es\/wp-content\/uploads\/sites\/12\/2026\/09\/Foto-del-perfil-de-grazia_magazin-11-scaled.jpg 2063w, https:\/\/graziamagazine.com\/es\/wp-content\/uploads\/sites\/12\/2026\/09\/Foto-del-perfil-de-grazia_magazin-11-242x300.jpg 242w, https:\/\/graziamagazine.com\/es\/wp-content\/uploads\/sites\/12\/2026\/09\/Foto-del-perfil-de-grazia_magazin-11-825x1024.jpg 825w, https:\/\/graziamagazine.com\/es\/wp-content\/uploads\/sites\/12\/2026\/09\/Foto-del-perfil-de-grazia_magazin-11-768x953.jpg 768w, https:\/\/graziamagazine.com\/es\/wp-content\/uploads\/sites\/12\/2026\/09\/Foto-del-perfil-de-grazia_magazin-11-1238x1536.jpg 1238w, https:\/\/graziamagazine.com\/es\/wp-content\/uploads\/sites\/12\/2026\/09\/Foto-del-perfil-de-grazia_magazin-11-1651x2048.jpg 1651w, https:\/\/graziamagazine.com\/es\/wp-content\/uploads\/sites\/12\/2026\/09\/Foto-del-perfil-de-grazia_magazin-11-400x496.jpg 400w, https:\/\/graziamagazine.com\/es\/wp-content\/uploads\/sites\/12\/2026\/09\/Foto-del-perfil-de-grazia_magazin-11-155x192.jpg 155w\" sizes=\"(max-width: 2063px) 100vw, 2063px\" \/><\/p>\n<div class=\"content-gallery\">\n<div id=\"gallery-1\" class=\"gallery galleryid- gallery-columns- gallery-size-\">\n<\/div>\n<\/div>\n<p class=\"isSelectedEnd\">La colecci\u00f3n reunir\u00e1 algunos de los elementos que han ayudado a definir la est\u00e9tica de la maison. Vestidos ornamentados, acabados brillantes y prendas de sastrer\u00eda de l\u00edneas marcadas convivir\u00e1n con detalles como encajes delicados, lentejuelas degradadas y los monogramas distintivos de la casa.<\/p>\n<p class=\"isSelectedEnd\">El resultado promete moverse entre dos extremos que forman parte del ADN de Elie Saab: la sofisticaci\u00f3n de las piezas de noche y la posibilidad de construir un guardarropa m\u00e1s completo para distintos momentos.<\/p>\n<p class=\"isSelectedEnd\">Ann-Sofie Johansson, asesora creativa de H&amp;M y jefa de dise\u00f1o de ropa femenina, describi\u00f3 la colaboraci\u00f3n como un momento hist\u00f3rico para la firma y destac\u00f3 el recorrido de Saab desde Beirut hasta convertirse en una figura central de la moda parisina. La propuesta, se\u00f1al\u00f3, ser\u00e1 \u201cm\u00e1gica, ornamentada y muy glamurosa\u201d.<\/p>\n<p><img loading=\"lazy\" decoding=\"async\" class=\"aligncenter size-full wp-image-197033\" src=\"https:\/\/graziamagazine.com\/es\/wp-content\/uploads\/sites\/12\/2026\/09\/Foto-del-perfil-de-grazia_magazin-9-scaled.jpg\" alt=\"\" width=\"2059\" height=\"2560\" srcset=\"https:\/\/graziamagazine.com\/es\/wp-content\/uploads\/sites\/12\/2026\/09\/Foto-del-perfil-de-grazia_magazin-9-scaled.jpg 2059w, https:\/\/graziamagazine.com\/es\/wp-content\/uploads\/sites\/12\/2026\/09\/Foto-del-perfil-de-grazia_magazin-9-241x300.jpg 241w, https:\/\/graziamagazine.com\/es\/wp-content\/uploads\/sites\/12\/2026\/09\/Foto-del-perfil-de-grazia_magazin-9-824x1024.jpg 824w, https:\/\/graziamagazine.com\/es\/wp-content\/uploads\/sites\/12\/2026\/09\/Foto-del-perfil-de-grazia_magazin-9-768x955.jpg 768w, https:\/\/graziamagazine.com\/es\/wp-content\/uploads\/sites\/12\/2026\/09\/Foto-del-perfil-de-grazia_magazin-9-1235x1536.jpg 1235w, https:\/\/graziamagazine.com\/es\/wp-content\/uploads\/sites\/12\/2026\/09\/Foto-del-perfil-de-grazia_magazin-9-1647x2048.jpg 1647w, https:\/\/graziamagazine.com\/es\/wp-content\/uploads\/sites\/12\/2026\/09\/Foto-del-perfil-de-grazia_magazin-9-400x497.jpg 400w, https:\/\/graziamagazine.com\/es\/wp-content\/uploads\/sites\/12\/2026\/09\/Foto-del-perfil-de-grazia_magazin-9-155x193.jpg 155w\" sizes=\"(max-width: 2059px) 100vw, 2059px\" \/><\/p>\n<h3>Una colecci\u00f3n creada para admirar y llevar<\/h3>\n<div class=\"content-gallery\">\n<div id=\"gallery-2\" class=\"gallery galleryid- gallery-columns- gallery-size-\">\n<\/div>\n<\/div>\n<p class=\"isSelectedEnd\">Para Elie Saab, el proyecto representa tambi\u00e9n una oportunidad de acercar su universo creativo a quienes han seguido su trabajo durante d\u00e9cadas. El dise\u00f1ador ha descrito el proceso junto al equipo de H&amp;M como colaborativo e inspirador, con la intenci\u00f3n de crear un vestuario completo capaz de acompa\u00f1ar diferentes momentos de la vida.<\/p>\n<p class=\"isSelectedEnd\">Esa idea resulta especialmente interesante porque la colaboraci\u00f3n no busca reducir el lenguaje de la maison a una sola pieza ic\u00f3nica. La intenci\u00f3n es trasladar una sensibilidad completa: desde el brillo y la ornamentaci\u00f3n hasta la sastrer\u00eda y los accesorios.<\/p>\n<p><img loading=\"lazy\" decoding=\"async\" class=\"aligncenter size-full wp-image-197035\" src=\"https:\/\/graziamagazine.com\/es\/wp-content\/uploads\/sites\/12\/2026\/09\/Foto-del-perfil-de-grazia_magazin-7-scaled.jpg\" alt=\"\" width=\"2063\" height=\"2560\" srcset=\"https:\/\/graziamagazine.com\/es\/wp-content\/uploads\/sites\/12\/2026\/09\/Foto-del-perfil-de-grazia_magazin-7-scaled.jpg 2063w, https:\/\/graziamagazine.com\/es\/wp-content\/uploads\/sites\/12\/2026\/09\/Foto-del-perfil-de-grazia_magazin-7-242x300.jpg 242w, https:\/\/graziamagazine.com\/es\/wp-content\/uploads\/sites\/12\/2026\/09\/Foto-del-perfil-de-grazia_magazin-7-825x1024.jpg 825w, https:\/\/graziamagazine.com\/es\/wp-content\/uploads\/sites\/12\/2026\/09\/Foto-del-perfil-de-grazia_magazin-7-768x953.jpg 768w, https:\/\/graziamagazine.com\/es\/wp-content\/uploads\/sites\/12\/2026\/09\/Foto-del-perfil-de-grazia_magazin-7-1238x1536.jpg 1238w, https:\/\/graziamagazine.com\/es\/wp-content\/uploads\/sites\/12\/2026\/09\/Foto-del-perfil-de-grazia_magazin-7-1651x2048.jpg 1651w, https:\/\/graziamagazine.com\/es\/wp-content\/uploads\/sites\/12\/2026\/09\/Foto-del-perfil-de-grazia_magazin-7-400x496.jpg 400w, https:\/\/graziamagazine.com\/es\/wp-content\/uploads\/sites\/12\/2026\/09\/Foto-del-perfil-de-grazia_magazin-7-155x192.jpg 155w\" sizes=\"(max-width: 2063px) 100vw, 2063px\" \/><\/p>\n<p><img loading=\"lazy\" decoding=\"async\" class=\"aligncenter size-full wp-image-197032\" src=\"https:\/\/graziamagazine.com\/es\/wp-content\/uploads\/sites\/12\/2026\/09\/Foto-del-perfil-de-grazia_magazin-10-scaled.jpg\" alt=\"\" width=\"2059\" height=\"2560\" srcset=\"https:\/\/graziamagazine.com\/es\/wp-content\/uploads\/sites\/12\/2026\/09\/Foto-del-perfil-de-grazia_magazin-10-scaled.jpg 2059w, https:\/\/graziamagazine.com\/es\/wp-content\/uploads\/sites\/12\/2026\/09\/Foto-del-perfil-de-grazia_magazin-10-241x300.jpg 241w, https:\/\/graziamagazine.com\/es\/wp-content\/uploads\/sites\/12\/2026\/09\/Foto-del-perfil-de-grazia_magazin-10-824x1024.jpg 824w, https:\/\/graziamagazine.com\/es\/wp-content\/uploads\/sites\/12\/2026\/09\/Foto-del-perfil-de-grazia_magazin-10-768x955.jpg 768w, https:\/\/graziamagazine.com\/es\/wp-content\/uploads\/sites\/12\/2026\/09\/Foto-del-perfil-de-grazia_magazin-10-1235x1536.jpg 1235w, https:\/\/graziamagazine.com\/es\/wp-content\/uploads\/sites\/12\/2026\/09\/Foto-del-perfil-de-grazia_magazin-10-1647x2048.jpg 1647w, https:\/\/graziamagazine.com\/es\/wp-content\/uploads\/sites\/12\/2026\/09\/Foto-del-perfil-de-grazia_magazin-10-400x497.jpg 400w, https:\/\/graziamagazine.com\/es\/wp-content\/uploads\/sites\/12\/2026\/09\/Foto-del-perfil-de-grazia_magazin-10-155x193.jpg 155w\" sizes=\"(max-width: 2059px) 100vw, 2059px\" \/><\/p>\n<p class=\"isSelectedEnd\">La colaboraci\u00f3n entre Elie Saab y H&amp;M se suma as\u00ed a una larga tradici\u00f3n de encuentros entre la firma sueca y algunos de los nombres m\u00e1s reconocidos de la moda internacional. Esta vez, el atractivo est\u00e1 en la posibilidad de descubrir una interpretaci\u00f3n m\u00e1s democr\u00e1tica de uno de los universos m\u00e1s sofisticados de la alta costura.<\/p>\n<p><img loading=\"lazy\" decoding=\"async\" class=\"aligncenter size-full wp-image-197037\" src=\"https:\/\/graziamagazine.com\/es\/wp-content\/uploads\/sites\/12\/2026\/09\/Foto-del-perfil-de-grazia_magazin-2-scaled.jpg\" alt=\"\" width=\"2059\" height=\"2560\" srcset=\"https:\/\/graziamagazine.com\/es\/wp-content\/uploads\/sites\/12\/2026\/09\/Foto-del-perfil-de-grazia_magazin-2-scaled.jpg 2059w, https:\/\/graziamagazine.com\/es\/wp-content\/uploads\/sites\/12\/2026\/09\/Foto-del-perfil-de-grazia_magazin-2-241x300.jpg 241w, https:\/\/graziamagazine.com\/es\/wp-content\/uploads\/sites\/12\/2026\/09\/Foto-del-perfil-de-grazia_magazin-2-824x1024.jpg 824w, https:\/\/graziamagazine.com\/es\/wp-content\/uploads\/sites\/12\/2026\/09\/Foto-del-perfil-de-grazia_magazin-2-768x955.jpg 768w, https:\/\/graziamagazine.com\/es\/wp-content\/uploads\/sites\/12\/2026\/09\/Foto-del-perfil-de-grazia_magazin-2-1235x1536.jpg 1235w, https:\/\/graziamagazine.com\/es\/wp-content\/uploads\/sites\/12\/2026\/09\/Foto-del-perfil-de-grazia_magazin-2-1647x2048.jpg 1647w, https:\/\/graziamagazine.com\/es\/wp-content\/uploads\/sites\/12\/2026\/09\/Foto-del-perfil-de-grazia_magazin-2-400x497.jpg 400w, https:\/\/graziamagazine.com\/es\/wp-content\/uploads\/sites\/12\/2026\/09\/Foto-del-perfil-de-grazia_magazin-2-155x193.jpg 155w\" sizes=\"(max-width: 2059px) 100vw, 2059px\" \/><\/p>\n<p>Elie Saab lleva m\u00e1s de cuatro d\u00e9cadas construyendo un lenguaje propio alrededor de la belleza, el detalle y el espect\u00e1culo. <strong>Ahora, ese lenguaje cambia de escenario y tiene una fecha marcada en el calendario: 22 de octubre de 2026.<\/strong><\/p>\n<p><em>*Im\u00e1genes: cortes\u00eda de H&amp;M<\/em><\/p>\n","protected":false},"author":16349,"featured_media":197025,"template":"","format":"standard","categories":[1],"acf":[],"yoast_head":"<!-- This site is optimized with the Yoast SEO Premium plugin v18.5 (Yoast SEO v20.4) - https:\/\/yoast.com\/wordpress\/plugins\/seo\/ -->\n<title>H&amp;M anuncia su pr\u00f3xima colaboraci\u00f3n con Elie Saab<\/title>\n<meta name=\"description\" content=\"La maison lleva su universo de glamour, artesan\u00eda y sofisticaci\u00f3n a una nueva colecci\u00f3n que reunir\u00e1 moda femenina, masculina y accesorios\" \/>\n<meta name=\"robots\" content=\"index, follow, max-snippet:-1, max-image-preview:large, max-video-preview:-1\" \/>\n<link rel=\"canonical\" href=\"https:\/\/graziamagazine.com\/es\/articles\/hm-anuncia-su-proxima-colaboracion-con-elie-saab\/\" \/>\n<meta property=\"og:locale\" content=\"es_ES\" \/>\n<meta property=\"og:type\" content=\"article\" \/>\n<meta property=\"og:title\" content=\"H&amp;M anuncia su pr\u00f3xima colaboraci\u00f3n con Elie Saab\" \/>\n<meta property=\"og:description\" content=\"La maison lleva su universo de glamour, artesan\u00eda y sofisticaci\u00f3n a una nueva colecci\u00f3n que reunir\u00e1 moda femenina, masculina y accesorios\" \/>\n<meta property=\"og:url\" content=\"https:\/\/graziamagazine.com\/es\/articles\/hm-anuncia-su-proxima-colaboracion-con-elie-saab\/\" \/>\n<meta property=\"og:site_name\" content=\"Grazia\" \/>\n<meta property=\"og:image\" content=\"https:\/\/graziamagazine.com\/es\/wp-content\/uploads\/sites\/12\/2026\/09\/ELIE-SAAB-HM-Campaign-13016-scaled-1.jpg\" \/>\n\t<meta property=\"og:image:width\" content=\"2560\" \/>\n\t<meta property=\"og:image:height\" content=\"1707\" \/>\n\t<meta property=\"og:image:type\" content=\"image\/jpeg\" \/>\n<meta name=\"twitter:card\" content=\"summary_large_image\" \/>\n<meta name=\"twitter:label1\" content=\"Est. reading time\" \/>\n\t<meta name=\"twitter:data1\" content=\"5 minutos\" \/>\n<script type=\"application\/ld+json\" class=\"yoast-schema-graph\">{\"@context\":\"https:\/\/schema.org\",\"@graph\":[{\"@type\":\"WebPage\",\"@id\":\"https:\/\/graziamagazine.com\/es\/articles\/hm-anuncia-su-proxima-colaboracion-con-elie-saab\/\",\"url\":\"https:\/\/graziamagazine.com\/es\/articles\/hm-anuncia-su-proxima-colaboracion-con-elie-saab\/\",\"name\":\"H&M anuncia su pr\u00f3xima colaboraci\u00f3n con Elie Saab\",\"isPartOf\":{\"@id\":\"https:\/\/graziamagazine.com\/es\/#website\"},\"datePublished\":\"2026-09-04T09:16:55+00:00\",\"dateModified\":\"2026-09-04T09:16:55+00:00\",\"description\":\"La maison lleva su universo de glamour, artesan\u00eda y sofisticaci\u00f3n a una nueva colecci\u00f3n que reunir\u00e1 moda femenina, masculina y accesorios\",\"breadcrumb\":{\"@id\":\"https:\/\/graziamagazine.com\/es\/articles\/hm-anuncia-su-proxima-colaboracion-con-elie-saab\/#breadcrumb\"},\"inLanguage\":\"es\",\"potentialAction\":[{\"@type\":\"ReadAction\",\"target\":[\"https:\/\/graziamagazine.com\/es\/articles\/hm-anuncia-su-proxima-colaboracion-con-elie-saab\/\"]}]},{\"@type\":\"BreadcrumbList\",\"@id\":\"https:\/\/graziamagazine.com\/es\/articles\/hm-anuncia-su-proxima-colaboracion-con-elie-saab\/#breadcrumb\",\"itemListElement\":[{\"@type\":\"ListItem\",\"position\":1,\"name\":\"Portada\",\"item\":\"https:\/\/graziamagazine.com\/es\/\"},{\"@type\":\"ListItem\",\"position\":2,\"name\":\"H&amp;M anuncia su pr\u00f3xima colaboraci\u00f3n con Elie Saab\"}]},{\"@type\":\"WebSite\",\"@id\":\"https:\/\/graziamagazine.com\/es\/#website\",\"url\":\"https:\/\/graziamagazine.com\/es\/\",\"name\":\"Grazia\",\"description\":\"Moda, belleza, celebrities, estilo de vida...\",\"potentialAction\":[{\"@type\":\"SearchAction\",\"target\":{\"@type\":\"EntryPoint\",\"urlTemplate\":\"https:\/\/graziamagazine.com\/es\/?s={search_term_string}\"},\"query-input\":\"required name=search_term_string\"}],\"inLanguage\":\"es\"}]}<\/script>\n<!-- \/ Yoast SEO Premium plugin. -->","yoast_head_json":{"title":"H&M anuncia su pr\u00f3xima colaboraci\u00f3n con Elie Saab","description":"La maison lleva su universo de glamour, artesan\u00eda y sofisticaci\u00f3n a una nueva colecci\u00f3n que reunir\u00e1 moda femenina, masculina y accesorios","robots":{"index":"index","follow":"follow","max-snippet":"max-snippet:-1","max-image-preview":"max-image-preview:large","max-video-preview":"max-video-preview:-1"},"canonical":"https:\/\/graziamagazine.com\/es\/articles\/hm-anuncia-su-proxima-colaboracion-con-elie-saab\/","og_locale":"es_ES","og_type":"article","og_title":"H&amp;M anuncia su pr\u00f3xima colaboraci\u00f3n con Elie Saab","og_description":"La maison lleva su universo de glamour, artesan\u00eda y sofisticaci\u00f3n a una nueva colecci\u00f3n que reunir\u00e1 moda femenina, masculina y accesorios","og_url":"https:\/\/graziamagazine.com\/es\/articles\/hm-anuncia-su-proxima-colaboracion-con-elie-saab\/","og_site_name":"Grazia","og_image":[{"width":2560,"height":1707,"url":"https:\/\/graziamagazine.com\/es\/wp-content\/uploads\/sites\/12\/2026\/09\/ELIE-SAAB-HM-Campaign-13016-scaled-1.jpg","type":"image\/jpeg"}],"twitter_card":"summary_large_image","twitter_misc":{"Est. reading time":"5 minutos"},"schema":{"@context":"https:\/\/schema.org","@graph":[{"@type":"WebPage","@id":"https:\/\/graziamagazine.com\/es\/articles\/hm-anuncia-su-proxima-colaboracion-con-elie-saab\/","url":"https:\/\/graziamagazine.com\/es\/articles\/hm-anuncia-su-proxima-colaboracion-con-elie-saab\/","name":"H&M anuncia su pr\u00f3xima colaboraci\u00f3n con Elie Saab","isPartOf":{"@id":"https:\/\/graziamagazine.com\/es\/#website"},"datePublished":"2026-09-04T09:16:55+00:00","dateModified":"2026-09-04T09:16:55+00:00","description":"La maison lleva su universo de glamour, artesan\u00eda y sofisticaci\u00f3n a una nueva colecci\u00f3n que reunir\u00e1 moda femenina, masculina y accesorios","breadcrumb":{"@id":"https:\/\/graziamagazine.com\/es\/articles\/hm-anuncia-su-proxima-colaboracion-con-elie-saab\/#breadcrumb"},"inLanguage":"es","potentialAction":[{"@type":"ReadAction","target":["https:\/\/graziamagazine.com\/es\/articles\/hm-anuncia-su-proxima-colaboracion-con-elie-saab\/"]}]},{"@type":"BreadcrumbList","@id":"https:\/\/graziamagazine.com\/es\/articles\/hm-anuncia-su-proxima-colaboracion-con-elie-saab\/#breadcrumb","itemListElement":[{"@type":"ListItem","position":1,"name":"Portada","item":"https:\/\/graziamagazine.com\/es\/"},{"@type":"ListItem","position":2,"name":"H&amp;M anuncia su pr\u00f3xima colaboraci\u00f3n con Elie Saab"}]},{"@type":"WebSite","@id":"https:\/\/graziamagazine.com\/es\/#website","url":"https:\/\/graziamagazine.com\/es\/","name":"Grazia","description":"Moda, belleza, celebrities, estilo de vida...","potentialAction":[{"@type":"SearchAction","target":{"@type":"EntryPoint","urlTemplate":"https:\/\/graziamagazine.com\/es\/?s={search_term_string}"},"query-input":"required name=search_term_string"}],"inLanguage":"es"}]}},"jetpack_sharing_enabled":true,"distributor_meta":false,"distributor_terms":false,"distributor_media":false,"distributor_original_site_name":"Grazia","distributor_original_site_url":"https:\/\/graziamagazine.com\/es","push-errors":false,"_links":{"self":[{"href":"https:\/\/graziamagazine.com\/es\/wp-json\/wp\/v2\/articles\/197024"}],"collection":[{"href":"https:\/\/graziamagazine.com\/es\/wp-json\/wp\/v2\/articles"}],"about":[{"href":"https:\/\/graziamagazine.com\/es\/wp-json\/wp\/v2\/types\/articles"}],"author":[{"embeddable":true,"href":"https:\/\/graziamagazine.com\/es\/wp-json\/wp\/v2\/users\/16349"}],"wp:featuredmedia":[{"embeddable":true,"href":"https:\/\/graziamagazine.com\/es\/wp-json\/wp\/v2\/media\/197025"}],"wp:attachment":[{"href":"https:\/\/graziamagazine.com\/es\/wp-json\/wp\/v2\/media?parent=197024"}],"wp:term":[{"taxonomy":"category","embeddable":true,"href":"https:\/\/graziamagazine.com\/es\/wp-json\/wp\/v2\/categories?post=197024"}],"curies":[{"name":"wp","href":"https:\/\/api.w.org\/{rel}","templated":true}]}}