{"id":197014,"date":"2026-09-03T12:41:42","date_gmt":"2026-09-03T10:41:42","guid":{"rendered":"https:\/\/graziamagazine.com\/es\/?post_type=articles&#038;p=197014"},"modified":"2026-09-03T12:41:42","modified_gmt":"2026-09-03T10:41:42","slug":"el-ser-querido-la-bola-negra-y-los-domingos-preseleccionadas-para-representar-a-espana-en-los-oscar","status":"publish","type":"articles","link":"https:\/\/graziamagazine.com\/es\/articles\/el-ser-querido-la-bola-negra-y-los-domingos-preseleccionadas-para-representar-a-espana-en-los-oscar\/","title":{"rendered":"El ser querido, La bola negra y Los domingos, preseleccionadas para representar a Espa\u00f1a en los Oscar"},"content":{"rendered":"<p><em>El\u00a0ser querido, <\/em>dirigida por\u00a0<strong>Rodrigo Sorogoyen<\/strong>;<em>\u00a0La bola negra, dirigida por\u00a0<\/em><strong>Javier Ambrossi<\/strong>\u00a0y\u00a0<strong>Javier Calvo<\/strong>; y<em>\u00a0Los domingos, dirigida por\u00a0<\/em><strong>Alauda Ruiz de Az\u00faa<\/strong>\u00a0son los filmes preseleccionados por los miembros de la Academia de Cine para representar a Espa\u00f1a en la 99 edici\u00f3n de los Premios Oscar, en la categor\u00eda de Mejor Pel\u00edcula Internacional.<\/p>\n<p><strong>Miriam Garlo<\/strong>, ganadora del Goya a Mejor Actriz Revelaci\u00f3n por\u00a0<em>Sorda<\/em>, ha realizado la lectura de los t\u00edtulos preseleccionados, acompa\u00f1ada por el presidente de la Academia\u00a0<strong>Fernando M\u00e9ndez-Leite<\/strong>\u00a0y la notaria\u00a0<strong>Eva Fern\u00e1ndez Medina<\/strong>, en un acto que tuvo lugar este jueves en la sede de la instituci\u00f3n.<\/p>\n<p>De esta terna saldr\u00e1 la pel\u00edcula elegida finalmente, tras una segunda votaci\u00f3n. El pr\u00f3ximo 16 de septiembre se anunciar\u00e1 el t\u00edtulo que representar\u00e1 a nuestro pa\u00eds en los premios de la Academia de Hollywood.<\/p>\n<p><img loading=\"lazy\" decoding=\"async\" class=\"aligncenter size-full wp-image-197015\" src=\"https:\/\/graziamagazine.com\/es\/wp-content\/uploads\/sites\/12\/2026\/09\/ndp-preseleccion-foto-isntitucional.jpg\" alt=\"\" width=\"1024\" height=\"669\" srcset=\"https:\/\/graziamagazine.com\/es\/wp-content\/uploads\/sites\/12\/2026\/09\/ndp-preseleccion-foto-isntitucional.jpg 1024w, https:\/\/graziamagazine.com\/es\/wp-content\/uploads\/sites\/12\/2026\/09\/ndp-preseleccion-foto-isntitucional-300x196.jpg 300w, https:\/\/graziamagazine.com\/es\/wp-content\/uploads\/sites\/12\/2026\/09\/ndp-preseleccion-foto-isntitucional-768x502.jpg 768w, https:\/\/graziamagazine.com\/es\/wp-content\/uploads\/sites\/12\/2026\/09\/ndp-preseleccion-foto-isntitucional-400x261.jpg 400w, https:\/\/graziamagazine.com\/es\/wp-content\/uploads\/sites\/12\/2026\/09\/ndp-preseleccion-foto-isntitucional-155x101.jpg 155w\" sizes=\"(max-width: 1024px) 100vw, 1024px\" \/><\/p>\n<h3><strong>El ser querido<\/strong><\/h3>\n<p>Dirigida por Rodrigo Sorogoyen, se present\u00f3 internacionalmente en la secci\u00f3n oficial a competici\u00f3n del Festival de Cannes.\u00a0<em>El ser querido<\/em>\u00a0est\u00e1 protagonizada por\u00a0Javier Bardem\u00a0y\u00a0Victoria Luengo y cuenta la historia de un aclamado director de cine y su hija, una actriz sin \u00e9xito, que ruedan juntos una pel\u00edcula tras a\u00f1os de distanciamiento.<\/p>\n<p><iframe loading=\"lazy\" title=\"EL SER QUERIDO | Tr\u00e1iler Oficial | 26 DE AGOSTO SOLO EN CINES\" width=\"500\" height=\"281\" src=\"https:\/\/www.youtube.com\/embed\/ApdPm1KWUcc?feature=oembed\" frameborder=\"0\" allow=\"accelerometer; autoplay; clipboard-write; encrypted-media; gyroscope; picture-in-picture; web-share\" referrerpolicy=\"strict-origin-when-cross-origin\" allowfullscreen><\/iframe><\/p>\n<h3><strong>La bola negra<\/strong><\/h3>\n<p>Presentada en la pasada edici\u00f3n del Festival de Cannes, donde obtuvo el Premio a la Mejor Direcci\u00f3n para Javier Ambrossi y Javier Calvo,\u00a0<em>La bola negra<\/em>\u00a0narra las vidas entrelazadas de tres hombres en tres \u00e9pocas distintas, unidas por la sexualidad y el deseo, el dolor y la herencia. Inspirada en una de las \u00faltimas obras inacabadas de Federico Garc\u00eda Lorca.<\/p>\n<p><iframe loading=\"lazy\" title=\"La bola negra: Tr\u00e1iler oficial | Movistar Plus\" width=\"500\" height=\"281\" src=\"https:\/\/www.youtube.com\/embed\/9NNU-vSeOB0?feature=oembed\" frameborder=\"0\" allow=\"accelerometer; autoplay; clipboard-write; encrypted-media; gyroscope; picture-in-picture; web-share\" referrerpolicy=\"strict-origin-when-cross-origin\" allowfullscreen><\/iframe><\/p>\n<h3><strong>Los domingos<\/strong><\/h3>\n<p>Ganadora de cinco Premios Goya, entre ellos el de Mejor Pel\u00edcula, y Concha de Oro del Festival de San Sebasti\u00e1n,\u00a0<em>Los domingos<\/em>, dirigida por Alauda Ruiz de Az\u00faa, sigue a Ainara, una joven de 17 a\u00f1os que comienza a plantearse una vida de clausura. Su decisi\u00f3n abre una grieta en el n\u00facleo familiar y pone a prueba las convicciones, los afectos y las expectativas de todos.<\/p>\n<p><iframe loading=\"lazy\" title=\"Los Domingos - Trailer Oficial en Espa\u00f1ol\" width=\"500\" height=\"281\" src=\"https:\/\/www.youtube.com\/embed\/HSJXBX34rl0?feature=oembed\" frameborder=\"0\" allow=\"accelerometer; autoplay; clipboard-write; encrypted-media; gyroscope; picture-in-picture; web-share\" referrerpolicy=\"strict-origin-when-cross-origin\" allowfullscreen><\/iframe><\/p>\n<p><em>*Im\u00e1genes: cortes\u00eda<\/em><\/p>\n<p>&nbsp;<\/p>\n","protected":false},"author":11653,"featured_media":197016,"template":"","format":"standard","categories":[2971],"acf":{"banner":""},"yoast_head":"<!-- This site is optimized with the Yoast SEO Premium plugin v18.5 (Yoast SEO v20.4) - https:\/\/yoast.com\/wordpress\/plugins\/seo\/ -->\n<title>El ser querido, La bola negra y Los domingos, rumbo a los Oscar<\/title>\n<meta name=\"description\" content=\"Miriam Garlo ha anunciado las tres pel\u00edculas que aspiran a representar a nuestro pa\u00eds en la 99 edici\u00f3n de los Premios Oscar.\" \/>\n<meta name=\"robots\" content=\"index, follow, max-snippet:-1, max-image-preview:large, max-video-preview:-1\" \/>\n<link rel=\"canonical\" href=\"https:\/\/graziamagazine.com\/es\/articles\/el-ser-querido-la-bola-negra-y-los-domingos-preseleccionadas-para-representar-a-espana-en-los-oscar\/\" \/>\n<meta property=\"og:locale\" content=\"es_ES\" \/>\n<meta property=\"og:type\" content=\"article\" \/>\n<meta property=\"og:title\" content=\"El ser querido, La bola negra y Los domingos, preseleccionadas para representar a Espa\u00f1a en los Oscar\" \/>\n<meta property=\"og:description\" content=\"Miriam Garlo ha anunciado las tres pel\u00edculas que aspiran a representar a nuestro pa\u00eds en la 99 edici\u00f3n de los Premios Oscar.\" \/>\n<meta property=\"og:url\" content=\"https:\/\/graziamagazine.com\/es\/articles\/el-ser-querido-la-bola-negra-y-los-domingos-preseleccionadas-para-representar-a-espana-en-los-oscar\/\" \/>\n<meta property=\"og:site_name\" content=\"Grazia\" \/>\n<meta property=\"og:image\" content=\"https:\/\/graziamagazine.com\/es\/wp-content\/uploads\/sites\/12\/2026\/09\/penelope-cruz-trailer-bola-negra_98-copia-2.jpg\" \/>\n\t<meta property=\"og:image:width\" content=\"1900\" \/>\n\t<meta property=\"og:image:height\" content=\"1069\" \/>\n\t<meta property=\"og:image:type\" content=\"image\/jpeg\" \/>\n<meta name=\"twitter:card\" content=\"summary_large_image\" \/>\n<meta name=\"twitter:label1\" content=\"Est. reading time\" \/>\n\t<meta name=\"twitter:data1\" content=\"2 minutos\" \/>\n<script type=\"application\/ld+json\" class=\"yoast-schema-graph\">{\"@context\":\"https:\/\/schema.org\",\"@graph\":[{\"@type\":\"WebPage\",\"@id\":\"https:\/\/graziamagazine.com\/es\/articles\/el-ser-querido-la-bola-negra-y-los-domingos-preseleccionadas-para-representar-a-espana-en-los-oscar\/\",\"url\":\"https:\/\/graziamagazine.com\/es\/articles\/el-ser-querido-la-bola-negra-y-los-domingos-preseleccionadas-para-representar-a-espana-en-los-oscar\/\",\"name\":\"El ser querido, La bola negra y Los domingos, rumbo a los Oscar\",\"isPartOf\":{\"@id\":\"https:\/\/graziamagazine.com\/es\/#website\"},\"datePublished\":\"2026-09-03T10:41:42+00:00\",\"dateModified\":\"2026-09-03T10:41:42+00:00\",\"description\":\"Miriam Garlo ha anunciado las tres pel\u00edculas que aspiran a representar a nuestro pa\u00eds en la 99 edici\u00f3n de los Premios Oscar.\",\"breadcrumb\":{\"@id\":\"https:\/\/graziamagazine.com\/es\/articles\/el-ser-querido-la-bola-negra-y-los-domingos-preseleccionadas-para-representar-a-espana-en-los-oscar\/#breadcrumb\"},\"inLanguage\":\"es\",\"potentialAction\":[{\"@type\":\"ReadAction\",\"target\":[\"https:\/\/graziamagazine.com\/es\/articles\/el-ser-querido-la-bola-negra-y-los-domingos-preseleccionadas-para-representar-a-espana-en-los-oscar\/\"]}]},{\"@type\":\"BreadcrumbList\",\"@id\":\"https:\/\/graziamagazine.com\/es\/articles\/el-ser-querido-la-bola-negra-y-los-domingos-preseleccionadas-para-representar-a-espana-en-los-oscar\/#breadcrumb\",\"itemListElement\":[{\"@type\":\"ListItem\",\"position\":1,\"name\":\"Portada\",\"item\":\"https:\/\/graziamagazine.com\/es\/\"},{\"@type\":\"ListItem\",\"position\":2,\"name\":\"El ser querido, La bola negra y Los domingos, preseleccionadas para representar a Espa\u00f1a en los Oscar\"}]},{\"@type\":\"WebSite\",\"@id\":\"https:\/\/graziamagazine.com\/es\/#website\",\"url\":\"https:\/\/graziamagazine.com\/es\/\",\"name\":\"Grazia\",\"description\":\"Moda, belleza, celebrities, estilo de vida...\",\"potentialAction\":[{\"@type\":\"SearchAction\",\"target\":{\"@type\":\"EntryPoint\",\"urlTemplate\":\"https:\/\/graziamagazine.com\/es\/?s={search_term_string}\"},\"query-input\":\"required name=search_term_string\"}],\"inLanguage\":\"es\"}]}<\/script>\n<!-- \/ Yoast SEO Premium plugin. -->","yoast_head_json":{"title":"El ser querido, La bola negra y Los domingos, rumbo a los Oscar","description":"Miriam Garlo ha anunciado las tres pel\u00edculas que aspiran a representar a nuestro pa\u00eds en la 99 edici\u00f3n de los Premios Oscar.","robots":{"index":"index","follow":"follow","max-snippet":"max-snippet:-1","max-image-preview":"max-image-preview:large","max-video-preview":"max-video-preview:-1"},"canonical":"https:\/\/graziamagazine.com\/es\/articles\/el-ser-querido-la-bola-negra-y-los-domingos-preseleccionadas-para-representar-a-espana-en-los-oscar\/","og_locale":"es_ES","og_type":"article","og_title":"El ser querido, La bola negra y Los domingos, preseleccionadas para representar a Espa\u00f1a en los Oscar","og_description":"Miriam Garlo ha anunciado las tres pel\u00edculas que aspiran a representar a nuestro pa\u00eds en la 99 edici\u00f3n de los Premios Oscar.","og_url":"https:\/\/graziamagazine.com\/es\/articles\/el-ser-querido-la-bola-negra-y-los-domingos-preseleccionadas-para-representar-a-espana-en-los-oscar\/","og_site_name":"Grazia","og_image":[{"width":1900,"height":1069,"url":"https:\/\/graziamagazine.com\/es\/wp-content\/uploads\/sites\/12\/2026\/09\/penelope-cruz-trailer-bola-negra_98-copia-2.jpg","type":"image\/jpeg"}],"twitter_card":"summary_large_image","twitter_misc":{"Est. reading time":"2 minutos"},"schema":{"@context":"https:\/\/schema.org","@graph":[{"@type":"WebPage","@id":"https:\/\/graziamagazine.com\/es\/articles\/el-ser-querido-la-bola-negra-y-los-domingos-preseleccionadas-para-representar-a-espana-en-los-oscar\/","url":"https:\/\/graziamagazine.com\/es\/articles\/el-ser-querido-la-bola-negra-y-los-domingos-preseleccionadas-para-representar-a-espana-en-los-oscar\/","name":"El ser querido, La bola negra y Los domingos, rumbo a los Oscar","isPartOf":{"@id":"https:\/\/graziamagazine.com\/es\/#website"},"datePublished":"2026-09-03T10:41:42+00:00","dateModified":"2026-09-03T10:41:42+00:00","description":"Miriam Garlo ha anunciado las tres pel\u00edculas que aspiran a representar a nuestro pa\u00eds en la 99 edici\u00f3n de los Premios Oscar.","breadcrumb":{"@id":"https:\/\/graziamagazine.com\/es\/articles\/el-ser-querido-la-bola-negra-y-los-domingos-preseleccionadas-para-representar-a-espana-en-los-oscar\/#breadcrumb"},"inLanguage":"es","potentialAction":[{"@type":"ReadAction","target":["https:\/\/graziamagazine.com\/es\/articles\/el-ser-querido-la-bola-negra-y-los-domingos-preseleccionadas-para-representar-a-espana-en-los-oscar\/"]}]},{"@type":"BreadcrumbList","@id":"https:\/\/graziamagazine.com\/es\/articles\/el-ser-querido-la-bola-negra-y-los-domingos-preseleccionadas-para-representar-a-espana-en-los-oscar\/#breadcrumb","itemListElement":[{"@type":"ListItem","position":1,"name":"Portada","item":"https:\/\/graziamagazine.com\/es\/"},{"@type":"ListItem","position":2,"name":"El ser querido, La bola negra y Los domingos, preseleccionadas para representar a Espa\u00f1a en los Oscar"}]},{"@type":"WebSite","@id":"https:\/\/graziamagazine.com\/es\/#website","url":"https:\/\/graziamagazine.com\/es\/","name":"Grazia","description":"Moda, belleza, celebrities, estilo de vida...","potentialAction":[{"@type":"SearchAction","target":{"@type":"EntryPoint","urlTemplate":"https:\/\/graziamagazine.com\/es\/?s={search_term_string}"},"query-input":"required name=search_term_string"}],"inLanguage":"es"}]}},"jetpack_sharing_enabled":true,"distributor_meta":false,"distributor_terms":false,"distributor_media":false,"distributor_original_site_name":"Grazia","distributor_original_site_url":"https:\/\/graziamagazine.com\/es","push-errors":false,"_links":{"self":[{"href":"https:\/\/graziamagazine.com\/es\/wp-json\/wp\/v2\/articles\/197014"}],"collection":[{"href":"https:\/\/graziamagazine.com\/es\/wp-json\/wp\/v2\/articles"}],"about":[{"href":"https:\/\/graziamagazine.com\/es\/wp-json\/wp\/v2\/types\/articles"}],"author":[{"embeddable":true,"href":"https:\/\/graziamagazine.com\/es\/wp-json\/wp\/v2\/users\/11653"}],"wp:featuredmedia":[{"embeddable":true,"href":"https:\/\/graziamagazine.com\/es\/wp-json\/wp\/v2\/media\/197016"}],"wp:attachment":[{"href":"https:\/\/graziamagazine.com\/es\/wp-json\/wp\/v2\/media?parent=197014"}],"wp:term":[{"taxonomy":"category","embeddable":true,"href":"https:\/\/graziamagazine.com\/es\/wp-json\/wp\/v2\/categories?post=197014"}],"curies":[{"name":"wp","href":"https:\/\/api.w.org\/{rel}","templated":true}]}}