{"id":197009,"date":"2026-09-03T13:37:07","date_gmt":"2026-09-03T11:37:07","guid":{"rendered":"https:\/\/graziamagazine.com\/es\/?post_type=articles&#038;p=197009"},"modified":"2026-09-03T13:37:07","modified_gmt":"2026-09-03T11:37:07","slug":"mejores-looks-festival-cine-de-venecia-2026","status":"publish","type":"articles","link":"https:\/\/graziamagazine.com\/es\/articles\/mejores-looks-festival-cine-de-venecia-2026\/","title":{"rendered":"Los mejores looks del Festival de Venecia 2026"},"content":{"rendered":"<p data-path-to-node=\"4\">El Festival Internacional de Cine de Venecia ha abierto sus puertas una vez m\u00e1s, y como es tradici\u00f3n, la Mostra no solo es un escaparate para el s\u00e9ptimo arte, sino tambi\u00e9n un epicentro de estilo inigualable. Mientras las estrellas desfilan por la ic\u00f3nica alfombra roja y navegan por los canales del Lido, la moda se convierte en protagonista.<\/p>\n<p data-path-to-node=\"4\">Este a\u00f1o, la elegancia relajada se mezcla con toques de audacia, donde los c\u00f3digos de vestimenta cl\u00e1sicos se reinterpretan con frescura. Hemos visto a leyendas del cine y a los nuevos rostros del momento lucir creaciones de alta costura y piezas de archivo que definen la temporada.<\/p>\n<p data-path-to-node=\"4\">Desde trajes sastre perfectamente cortados hasta vestidos et\u00e9reos y conjuntos de d\u00eda que marcan tendencia, cada llegada es un evento. Prep\u00e1rate para un repaso diario a los looks m\u00e1s destacados que est\u00e1n haciendo historia en la edici\u00f3n de este a\u00f1o.<\/p>\n<h3 data-path-to-node=\"4\">la alfombra roja de la inauguraci\u00f3n<\/h3>\n<h4>George y Amal Clooney (de Tom Ford)<\/h4>\n<p><img decoding=\"async\" src=\"https:\/\/media.vogue.es\/photos\/6a9920e89e3f7cb579b5ece5\/master\/w_1024%2Cc_limit\/GettyImages-2292691196.jpg\" \/><\/p>\n<h4>Laura Dern, de Prada<\/h4>\n<p>Con joyas de Cartier.<\/p>\n<p><img decoding=\"async\" src=\"https:\/\/media.vogue.es\/photos\/6a99126d1e16956077ec15b7\/master\/w_1024%2Cc_limit\/GettyImages-2293247473.jpg\" \/><\/p>\n<h4>Maggie Gyllenhaal, de Celine<\/h4>\n<p><img decoding=\"async\" src=\"https:\/\/media.vogue.es\/photos\/6a99126d46203ef94f79ba86\/master\/w_1024%2Cc_limit\/GettyImages-2292691211.jpg\" \/><\/p>\n<h4>Claire Foy, de Bottega Veneta<\/h4>\n<p><img decoding=\"async\" src=\"https:\/\/media.vogue.es\/photos\/6a9911f1d8230a9e3b5a2a29\/master\/w_1024%2Cc_limit\/GettyImages-2292691175.jpg\" \/><\/p>\n<h4>Blanca Su\u00e1rez, de Armani Priv\u00e9<\/h4>\n<p><img loading=\"lazy\" decoding=\"async\" class=\"aligncenter size-full wp-image-197018\" src=\"https:\/\/graziamagazine.com\/es\/wp-content\/uploads\/sites\/12\/2026\/09\/GettyImages-2293268874-copia-scaled.jpg\" alt=\"\" width=\"1707\" height=\"2560\" srcset=\"https:\/\/graziamagazine.com\/es\/wp-content\/uploads\/sites\/12\/2026\/09\/GettyImages-2293268874-copia-scaled.jpg 1707w, https:\/\/graziamagazine.com\/es\/wp-content\/uploads\/sites\/12\/2026\/09\/GettyImages-2293268874-copia-200x300.jpg 200w, https:\/\/graziamagazine.com\/es\/wp-content\/uploads\/sites\/12\/2026\/09\/GettyImages-2293268874-copia-683x1024.jpg 683w, https:\/\/graziamagazine.com\/es\/wp-content\/uploads\/sites\/12\/2026\/09\/GettyImages-2293268874-copia-768x1152.jpg 768w, https:\/\/graziamagazine.com\/es\/wp-content\/uploads\/sites\/12\/2026\/09\/GettyImages-2293268874-copia-1024x1536.jpg 1024w, https:\/\/graziamagazine.com\/es\/wp-content\/uploads\/sites\/12\/2026\/09\/GettyImages-2293268874-copia-1366x2048.jpg 1366w, https:\/\/graziamagazine.com\/es\/wp-content\/uploads\/sites\/12\/2026\/09\/GettyImages-2293268874-copia-400x600.jpg 400w, https:\/\/graziamagazine.com\/es\/wp-content\/uploads\/sites\/12\/2026\/09\/GettyImages-2293268874-copia-143x215.jpg 143w\" sizes=\"(max-width: 1707px) 100vw, 1707px\" \/><\/p>\n<h4>Rebeca Donaldson y Carlos Sainz, de Armani<\/h4>\n<p><img decoding=\"async\" src=\"https:\/\/media.vogue.es\/photos\/6a9910ec46203ef94f79ba7d\/master\/w_1024%2Cc_limit\/GettyImages-2293243035.jpg\" \/><\/p>\n<h4>Bianca Balti, de Ilya Migmoon<\/h4>\n<p><img decoding=\"async\" src=\"https:\/\/hips.hearstapps.com\/hmg-prod\/images\/d33bdc19-994d-4508-a08c-d6aeaeb17021.jpg\" alt=\"Comienza la alfombra roja del Festival de Venecia 2026: los mejores looks  de las estrellas\" \/><\/p>\n<h4>Clara Galle, de Armani<\/h4>\n<p>Con joyas de Tous Atelier.<\/p>\n<p><img decoding=\"async\" src=\"https:\/\/media.vogue.es\/photos\/6a990fdf33e0a7172674b457\/master\/w_1024%2Cc_limit\/GettyImages-2293247845.jpg\" \/><\/p>\n<h4>Eugenia Silva, de Armani Priv\u00e9<\/h4>\n<p>Con joyas Rabat.<\/p>\n<p><img decoding=\"async\" src=\"https:\/\/images.ecestaticos.com\/NHY8lcXdlp1djD1Pq4lg9foV_z8=\/16x3:683x1005\/1440x2160\/filters:fill(white):format(jpg)\/f.elconfidencial.com%2Foriginal%2Fecc%2F841%2F246%2Fecc841246a2083df93b884ee7dcac3e3.jpg\" alt=\"De Blanca Su\u00e1rez a Eugenia Silva: los looks de las espa\u00f1olas en la alfombra  roja de la gala inaugural del Festival de Venecia 2026\" \/><\/p>\n<h4>Miguel \u00c1ngel Silvestre, con esmoquin de Georgio Armani<\/h4>\n<p><img decoding=\"async\" src=\"https:\/\/media.vogue.es\/photos\/6a9911f2314a7a9f31b6346a\/master\/w_1024%2Cc_limit\/GettyImages-2293219732.jpg\" \/><\/p>\n<h4>Jonathan Bailey, de Giorgio Armani<\/h4>\n<p><img decoding=\"async\" src=\"https:\/\/media.vogue.es\/photos\/6a99314f1e16956077ec1c70\/master\/w_1024%2Cc_limit\/GettyImages-2293281622.jpg\" \/><\/p>\n<h4>Jack O\u00b4Connell, de Dior<\/h4>\n<p><img decoding=\"async\" src=\"https:\/\/refresh-bee-production.s3.amazonaws.com\/beefree\/images\/9471d6745d919e706fe72b2e9a7b1c36adfd0a29335f121b5b822dd0a1cd7c64\/editor_images\/2026\/09\/Jack%20O%27Connell%20in%20Dior.jpg\" alt=\"Image\" \/><\/p>\n<div class=\"GalleryVotingSlideWrapper-dgpUtm blZZIQ\" data-event-boundary=\"click\" data-event-click=\"{&quot;pattern&quot;:&quot;GalleryVotingSlide&quot;}\" data-in-view=\"{&quot;pattern&quot;:&quot;GalleryVotingSlide&quot;}\" data-include-experiments=\"true\">\n<div class=\"VotingWrapper-hyFpPt hCYbww\" data-testid=\"voting\"><\/div>\n<\/div>\n<h3 data-path-to-node=\"4\">Los primero looks de d\u00eda<\/h3>\n<h4 data-path-to-node=\"6\">Alessandra Ambrosio<\/h4>\n<p data-path-to-node=\"6\"><img loading=\"lazy\" decoding=\"async\" class=\"alignnone size-full wp-image-176686\" src=\"https:\/\/graziamagazine.com\/mx\/wp-content\/uploads\/sites\/13\/2026\/09\/GettyImages-2293038676-scaled.jpeg\" alt=\"\" width=\"1707\" height=\"2560\" \/>La supermodelo apost\u00f3 por la comodidad sofisticada con un top negro, pantalones anchos en color crema y una chaqueta sahariana ligera. Complet\u00f3 su estilismo con un pa\u00f1uelo estampado en la cabeza, gafas de sol y zapatos planos, perfecta para recorrer el Lido.<\/p>\n<h4 data-path-to-node=\"6\">Kendall Jenner, con bolso XL de Chanel<\/h4>\n<p data-path-to-node=\"6\"><img loading=\"lazy\" decoding=\"async\" class=\"aligncenter size-full wp-image-197019\" src=\"https:\/\/graziamagazine.com\/es\/wp-content\/uploads\/sites\/12\/2026\/09\/Foto-del-perfil-de-grazia_magazin-1.jpg\" alt=\"\" width=\"3072\" height=\"4096\" \/><\/p>\n<h4 data-path-to-node=\"8\">Luna Wedler<\/h4>\n<p data-path-to-node=\"8\"><img loading=\"lazy\" decoding=\"async\" class=\"alignnone size-full wp-image-176684\" src=\"https:\/\/graziamagazine.com\/mx\/wp-content\/uploads\/sites\/13\/2026\/09\/GettyImages-2293026513-scaled.jpeg\" alt=\"\" width=\"1707\" height=\"2560\" \/>La actriz luci\u00f3 un vestido camisero blanco, corto y sin mangas, con detalles desflecados en el escote. Lo combin\u00f3 con sandalias planas adornadas, gafas de sol y un bolso azul de mano, logrando una est\u00e9tica fresca y muy juvenil.<\/p>\n<h4 data-path-to-node=\"10\">Emilia Sch\u00fcle, de Miu Miu<\/h4>\n<p data-path-to-node=\"10\"><img loading=\"lazy\" decoding=\"async\" class=\"alignnone size-full wp-image-176683\" src=\"https:\/\/graziamagazine.com\/mx\/wp-content\/uploads\/sites\/13\/2026\/09\/GettyImages-2293025792-scaled.jpeg\" alt=\"\" width=\"1707\" height=\"2560\" \/>Con un elegante dise\u00f1o negro de Miu Sch\u00fcle, la actriz deslumbr\u00f3 con un vestido de corte camisero con botones frontales y una sutil falda plisada. Remat\u00f3 el look con sandalias planas decoradas con pedrer\u00eda y un peinado recogido impecable.<\/p>\n<h4 data-path-to-node=\"12\">Claire Foy, de Bottega Veneta<\/h4>\n<p data-path-to-node=\"12\"><img loading=\"lazy\" decoding=\"async\" class=\"alignnone size-full wp-image-176685\" src=\"https:\/\/graziamagazine.com\/mx\/wp-content\/uploads\/sites\/13\/2026\/09\/GettyImages-2293027942201-scaled.jpeg\" alt=\"\" width=\"1707\" height=\"2560\" \/>Foy deslumbr\u00f3 con una sofisticada americana de tweed y vaqueros de corte acampanado. Combin\u00f3 su conjunto con una camiseta blanca acanalada, gafas de sol grandes y collares dorados superpuestos, logrando un estilo cl\u00e1sico pero desenfadado.<\/p>\n<h4 data-path-to-node=\"14\">Maggie Gyllenhaal, de Celine<\/h4>\n<p data-path-to-node=\"14\"><img loading=\"lazy\" decoding=\"async\" class=\"alignnone size-full wp-image-176682\" src=\"https:\/\/graziamagazine.com\/mx\/wp-content\/uploads\/sites\/13\/2026\/09\/GettyImages-2293011963-scaled.jpeg\" alt=\"\" width=\"1707\" height=\"2560\" \/>La actriz opt\u00f3 por una moderna chaqueta azul marino con cintur\u00f3n y bolsillos frontales, combinada con pantalones blancos acampanados. El look se complet\u00f3 con un bolso negro de mano y gafas redondas oscuras, proyectando una elegancia urbana y muy actual.<\/p>\n<h4 data-path-to-node=\"16\">Amal y George Clooney<\/h4>\n<p data-path-to-node=\"16\"><img loading=\"lazy\" decoding=\"async\" class=\"alignnone size-full wp-image-176681\" src=\"https:\/\/graziamagazine.com\/mx\/wp-content\/uploads\/sites\/13\/2026\/09\/GettyImages-2293001288-scaled.jpeg\" alt=\"\" width=\"1707\" height=\"2560\" \/>Amal deslumbr\u00f3 con un conjunto veraniego de seda en color verde oliva compuesto por shorts y chaqueta ligera a juego. A su lado, George opt\u00f3 por la cl\u00e1sica elegancia relajada con un polo negro y pantalones blancos de lino.<\/p>\n<h4 data-path-to-node=\"18\">Nicolas Maupas, de Giorgio Armani<\/h4>\n<p data-path-to-node=\"18\"><img loading=\"lazy\" decoding=\"async\" class=\"alignnone size-full wp-image-176680\" src=\"https:\/\/graziamagazine.com\/mx\/wp-content\/uploads\/sites\/13\/2026\/09\/GettyImages-2292998706-scaled.jpeg\" alt=\"\" width=\"1707\" height=\"2560\" \/>El actor eligi\u00f3 un traje de lino en tonos beige con solapas cl\u00e1sicas, combinado con una camisa oscura de textura arrugada. Complet\u00f3 su look con mocasines negros y gafas de sol, encarnando a la perfecci\u00f3n el estilo veraniego italiano.<\/p>\n<h4 data-path-to-node=\"20\">Selena G\u00f3mez con falda de Gucci y Benny Blanco<\/h4>\n<p data-path-to-node=\"20\"><img loading=\"lazy\" decoding=\"async\" class=\"alignnone size-full wp-image-176679\" src=\"https:\/\/graziamagazine.com\/mx\/wp-content\/uploads\/sites\/13\/2026\/09\/GettyImages-2292720733-scaled.jpeg\" alt=\"\" width=\"1707\" height=\"2560\" \/>Selena deslumbr\u00f3 con un conjunto marr\u00f3n oscuro de cuello alto y una falda midi con bolsillos con detalles dorados y aberturas laterales, mientras que Benny Blanco visti\u00f3 un traje azul claro con una camisa abotonada a juego.<\/p>\n<p data-path-to-node=\"21\"><em>*Im\u00e1genes: Getty Images y cortes\u00eda PR\u00a0<\/em><\/p>\n","protected":false},"author":28953,"featured_media":197020,"template":"","format":"standard","categories":[2971,1],"acf":{"banner":""},"yoast_head":"<!-- This site is optimized with the Yoast SEO Premium plugin v18.5 (Yoast SEO v20.4) - https:\/\/yoast.com\/wordpress\/plugins\/seo\/ -->\n<title>Los mejores looks del Festival de Cine de Venecia 2026<\/title>\n<meta name=\"description\" content=\"Desde la elegancia atemporal hasta las apuestas m\u00e1s arriesgadas de la Generaci\u00f3n Z, Venecia se convierte en la pasarela m\u00e1s glamorosa del mundo.\" \/>\n<meta name=\"robots\" content=\"index, follow, max-snippet:-1, max-image-preview:large, max-video-preview:-1\" \/>\n<link rel=\"canonical\" href=\"https:\/\/graziamagazine.com\/es\/articles\/mejores-looks-festival-cine-de-venecia-2026\/\" \/>\n<meta property=\"og:locale\" content=\"es_ES\" \/>\n<meta property=\"og:type\" content=\"article\" \/>\n<meta property=\"og:title\" content=\"Los mejores looks del Festival de Venecia 2026\" \/>\n<meta property=\"og:description\" content=\"Desde la elegancia atemporal hasta las apuestas m\u00e1s arriesgadas de la Generaci\u00f3n Z, Venecia se convierte en la pasarela m\u00e1s glamorosa del mundo.\" \/>\n<meta property=\"og:url\" content=\"https:\/\/graziamagazine.com\/es\/articles\/mejores-looks-festival-cine-de-venecia-2026\/\" \/>\n<meta property=\"og:site_name\" content=\"Grazia\" \/>\n<meta property=\"og:image\" content=\"https:\/\/graziamagazine.com\/es\/wp-content\/uploads\/sites\/12\/2026\/09\/GettyImages-2293189740-1-copia.jpg\" \/>\n\t<meta property=\"og:image:width\" content=\"2048\" \/>\n\t<meta property=\"og:image:height\" content=\"1365\" \/>\n\t<meta property=\"og:image:type\" content=\"image\/jpeg\" \/>\n<meta name=\"twitter:card\" content=\"summary_large_image\" \/>\n<meta name=\"twitter:label1\" content=\"Est. reading time\" \/>\n\t<meta name=\"twitter:data1\" content=\"7 minutos\" \/>\n<script type=\"application\/ld+json\" class=\"yoast-schema-graph\">{\"@context\":\"https:\/\/schema.org\",\"@graph\":[{\"@type\":\"WebPage\",\"@id\":\"https:\/\/graziamagazine.com\/es\/articles\/mejores-looks-festival-cine-de-venecia-2026\/\",\"url\":\"https:\/\/graziamagazine.com\/es\/articles\/mejores-looks-festival-cine-de-venecia-2026\/\",\"name\":\"Los mejores looks del Festival de Cine de Venecia 2026\",\"isPartOf\":{\"@id\":\"https:\/\/graziamagazine.com\/es\/#website\"},\"datePublished\":\"2026-09-03T11:37:07+00:00\",\"dateModified\":\"2026-09-03T11:37:07+00:00\",\"description\":\"Desde la elegancia atemporal hasta las apuestas m\u00e1s arriesgadas de la Generaci\u00f3n Z, Venecia se convierte en la pasarela m\u00e1s glamorosa del mundo.\",\"breadcrumb\":{\"@id\":\"https:\/\/graziamagazine.com\/es\/articles\/mejores-looks-festival-cine-de-venecia-2026\/#breadcrumb\"},\"inLanguage\":\"es\",\"potentialAction\":[{\"@type\":\"ReadAction\",\"target\":[\"https:\/\/graziamagazine.com\/es\/articles\/mejores-looks-festival-cine-de-venecia-2026\/\"]}]},{\"@type\":\"BreadcrumbList\",\"@id\":\"https:\/\/graziamagazine.com\/es\/articles\/mejores-looks-festival-cine-de-venecia-2026\/#breadcrumb\",\"itemListElement\":[{\"@type\":\"ListItem\",\"position\":1,\"name\":\"Portada\",\"item\":\"https:\/\/graziamagazine.com\/es\/\"},{\"@type\":\"ListItem\",\"position\":2,\"name\":\"Los mejores looks del Festival de Venecia 2026\"}]},{\"@type\":\"WebSite\",\"@id\":\"https:\/\/graziamagazine.com\/es\/#website\",\"url\":\"https:\/\/graziamagazine.com\/es\/\",\"name\":\"Grazia\",\"description\":\"Moda, belleza, celebrities, estilo de vida...\",\"potentialAction\":[{\"@type\":\"SearchAction\",\"target\":{\"@type\":\"EntryPoint\",\"urlTemplate\":\"https:\/\/graziamagazine.com\/es\/?s={search_term_string}\"},\"query-input\":\"required name=search_term_string\"}],\"inLanguage\":\"es\"}]}<\/script>\n<!-- \/ Yoast SEO Premium plugin. -->","yoast_head_json":{"title":"Los mejores looks del Festival de Cine de Venecia 2026","description":"Desde la elegancia atemporal hasta las apuestas m\u00e1s arriesgadas de la Generaci\u00f3n Z, Venecia se convierte en la pasarela m\u00e1s glamorosa del mundo.","robots":{"index":"index","follow":"follow","max-snippet":"max-snippet:-1","max-image-preview":"max-image-preview:large","max-video-preview":"max-video-preview:-1"},"canonical":"https:\/\/graziamagazine.com\/es\/articles\/mejores-looks-festival-cine-de-venecia-2026\/","og_locale":"es_ES","og_type":"article","og_title":"Los mejores looks del Festival de Venecia 2026","og_description":"Desde la elegancia atemporal hasta las apuestas m\u00e1s arriesgadas de la Generaci\u00f3n Z, Venecia se convierte en la pasarela m\u00e1s glamorosa del mundo.","og_url":"https:\/\/graziamagazine.com\/es\/articles\/mejores-looks-festival-cine-de-venecia-2026\/","og_site_name":"Grazia","og_image":[{"width":2048,"height":1365,"url":"https:\/\/graziamagazine.com\/es\/wp-content\/uploads\/sites\/12\/2026\/09\/GettyImages-2293189740-1-copia.jpg","type":"image\/jpeg"}],"twitter_card":"summary_large_image","twitter_misc":{"Est. reading time":"7 minutos"},"schema":{"@context":"https:\/\/schema.org","@graph":[{"@type":"WebPage","@id":"https:\/\/graziamagazine.com\/es\/articles\/mejores-looks-festival-cine-de-venecia-2026\/","url":"https:\/\/graziamagazine.com\/es\/articles\/mejores-looks-festival-cine-de-venecia-2026\/","name":"Los mejores looks del Festival de Cine de Venecia 2026","isPartOf":{"@id":"https:\/\/graziamagazine.com\/es\/#website"},"datePublished":"2026-09-03T11:37:07+00:00","dateModified":"2026-09-03T11:37:07+00:00","description":"Desde la elegancia atemporal hasta las apuestas m\u00e1s arriesgadas de la Generaci\u00f3n Z, Venecia se convierte en la pasarela m\u00e1s glamorosa del mundo.","breadcrumb":{"@id":"https:\/\/graziamagazine.com\/es\/articles\/mejores-looks-festival-cine-de-venecia-2026\/#breadcrumb"},"inLanguage":"es","potentialAction":[{"@type":"ReadAction","target":["https:\/\/graziamagazine.com\/es\/articles\/mejores-looks-festival-cine-de-venecia-2026\/"]}]},{"@type":"BreadcrumbList","@id":"https:\/\/graziamagazine.com\/es\/articles\/mejores-looks-festival-cine-de-venecia-2026\/#breadcrumb","itemListElement":[{"@type":"ListItem","position":1,"name":"Portada","item":"https:\/\/graziamagazine.com\/es\/"},{"@type":"ListItem","position":2,"name":"Los mejores looks del Festival de Venecia 2026"}]},{"@type":"WebSite","@id":"https:\/\/graziamagazine.com\/es\/#website","url":"https:\/\/graziamagazine.com\/es\/","name":"Grazia","description":"Moda, belleza, celebrities, estilo de vida...","potentialAction":[{"@type":"SearchAction","target":{"@type":"EntryPoint","urlTemplate":"https:\/\/graziamagazine.com\/es\/?s={search_term_string}"},"query-input":"required name=search_term_string"}],"inLanguage":"es"}]}},"jetpack_sharing_enabled":true,"distributor_meta":false,"distributor_terms":false,"distributor_media":false,"distributor_original_site_name":"Grazia","distributor_original_site_url":"https:\/\/graziamagazine.com\/es","push-errors":false,"_links":{"self":[{"href":"https:\/\/graziamagazine.com\/es\/wp-json\/wp\/v2\/articles\/197009"}],"collection":[{"href":"https:\/\/graziamagazine.com\/es\/wp-json\/wp\/v2\/articles"}],"about":[{"href":"https:\/\/graziamagazine.com\/es\/wp-json\/wp\/v2\/types\/articles"}],"author":[{"embeddable":true,"href":"https:\/\/graziamagazine.com\/es\/wp-json\/wp\/v2\/users\/28953"}],"wp:featuredmedia":[{"embeddable":true,"href":"https:\/\/graziamagazine.com\/es\/wp-json\/wp\/v2\/media\/197020"}],"wp:attachment":[{"href":"https:\/\/graziamagazine.com\/es\/wp-json\/wp\/v2\/media?parent=197009"}],"wp:term":[{"taxonomy":"category","embeddable":true,"href":"https:\/\/graziamagazine.com\/es\/wp-json\/wp\/v2\/categories?post=197009"}],"curies":[{"name":"wp","href":"https:\/\/api.w.org\/{rel}","templated":true}]}}