{"id":197001,"date":"2026-09-03T07:00:07","date_gmt":"2026-09-03T05:00:07","guid":{"rendered":"https:\/\/graziamagazine.com\/es\/?post_type=articles&#038;p=197001"},"modified":"2026-09-02T23:50:46","modified_gmt":"2026-09-02T21:50:46","slug":"nobu-abre-su-primer-hotel-en-el-corazon-de-madrid","status":"publish","type":"articles","link":"https:\/\/graziamagazine.com\/es\/articles\/nobu-abre-su-primer-hotel-en-el-corazon-de-madrid\/","title":{"rendered":"Nobu abre su primer hotel en el coraz\u00f3n de Madrid"},"content":{"rendered":"<p>Un nuevo espacio de lujo llega a Madrid para seguir convirtiendo a la capital en el epicentro de las tendencias, la gastronom\u00eda y tambi\u00e9n la hospitalidad. Uno de los hoteles de lujo a nivel internacional elige la capital espa\u00f1ola para abrir las puertas de su quinto hotel en Espa\u00f1a y el primero en Madrid: Nobu Hotel Madrid<\/p>\n<p>Situado en la calle Alcal\u00e1, entre la plaza de Cibeles y la Puerta del Sol, el hotel a\u00fana los rasgos distintivos de <span class=\"markgxc33eov5\" data-markjs=\"true\" data-ogac=\"\" data-ogab=\"\" data-ogsc=\"\" data-ogsb=\"\" data-ogsbtc=\"\" data-ogsbrc=\"\" data-ogsbbc=\"\" data-ogsblc=\"\">Nobu<\/span>: la gastronom\u00eda, un dise\u00f1o contempor\u00e1neo cuidado al detalle y un servicio intuitivo, moldeado por el car\u00e1cter y el ritmo de Madrid.\u00a0 La inauguraci\u00f3n se produce en un momento en el que Madrid sigue creciendo como destino internacional de gastronom\u00eda, dise\u00f1o y cultura.\u00a0<span class=\"markgxc33eov5\" data-markjs=\"true\" data-ogac=\"\" data-ogab=\"\" data-ogsc=\"\" data-ogsb=\"\" data-ogsbtc=\"\" data-ogsbrc=\"\" data-ogsbbc=\"\" data-ogsblc=\"\">Nobu<\/span>\u00a0Hotel Madrid se ha concebido como una puerta de entrada a la ciudad para los viajeros internacionales y como un lugar para quienes consideran Madrid su hogar, creando una conexi\u00f3n natural entre el hotel y la vida que lo rodea.<\/p>\n<h3><strong><span data-olk-copy-source=\"MessageBody\">Una filosof\u00eda construida sobre la conexi\u00f3n<\/span>\u00a0<\/strong><\/h3>\n<p>La gastronom\u00eda sigue siendo el n\u00facleo de la experiencia <span class=\"markgxc33eov5\" data-markjs=\"true\" data-ogac=\"\" data-ogab=\"\" data-ogsc=\"\" data-ogsb=\"\" data-ogsbtc=\"\" data-ogsbrc=\"\" data-ogsbbc=\"\" data-ogsblc=\"\">Nobu<\/span>, enmarcada por un enfoque natural del dise\u00f1o y el servicio.\u00a0 Juntos, expresan el estilo de lujo desenfadado de\u00a0<span class=\"markgxc33eov5\" data-markjs=\"true\" data-ogac=\"\" data-ogab=\"\" data-ogsc=\"\" data-ogsb=\"\" data-ogsbtc=\"\" data-ogsbrc=\"\" data-ogsbbc=\"\" data-ogsblc=\"\">Nobu<\/span>, donde la calidad, la atenci\u00f3n al detalle y la hospitalidad genuina priman sobre el exceso.<\/p>\n<p>En el centro de esta filosof\u00eda se encuentra el \u00abKokoro\u00bb: coraz\u00f3n, mente y esp\u00edritu. Refleja un enfoque de la hospitalidad que nace del coraz\u00f3n, expresado a trav\u00e9s de un servicio atento y momentos cuidadosamente elaborados que permiten a cada hu\u00e9sped vivir Madrid a su manera.<\/p>\n<p><img loading=\"lazy\" decoding=\"async\" class=\"aligncenter size-full wp-image-197004\" src=\"https:\/\/graziamagazine.com\/es\/wp-content\/uploads\/sites\/12\/2026\/09\/nobumadrid-3-scaled.jpg\" alt=\"\" width=\"2046\" height=\"2560\" srcset=\"https:\/\/graziamagazine.com\/es\/wp-content\/uploads\/sites\/12\/2026\/09\/nobumadrid-3-scaled.jpg 2046w, https:\/\/graziamagazine.com\/es\/wp-content\/uploads\/sites\/12\/2026\/09\/nobumadrid-3-240x300.jpg 240w, https:\/\/graziamagazine.com\/es\/wp-content\/uploads\/sites\/12\/2026\/09\/nobumadrid-3-819x1024.jpg 819w, https:\/\/graziamagazine.com\/es\/wp-content\/uploads\/sites\/12\/2026\/09\/nobumadrid-3-768x961.jpg 768w, https:\/\/graziamagazine.com\/es\/wp-content\/uploads\/sites\/12\/2026\/09\/nobumadrid-3-1228x1536.jpg 1228w, https:\/\/graziamagazine.com\/es\/wp-content\/uploads\/sites\/12\/2026\/09\/nobumadrid-3-1637x2048.jpg 1637w, https:\/\/graziamagazine.com\/es\/wp-content\/uploads\/sites\/12\/2026\/09\/nobumadrid-3-400x500.jpg 400w, https:\/\/graziamagazine.com\/es\/wp-content\/uploads\/sites\/12\/2026\/09\/nobumadrid-3-155x194.jpg 155w\" sizes=\"(max-width: 2046px) 100vw, 2046px\" \/><\/p>\n<blockquote><p><span data-olk-copy-source=\"MessageBody\">50 habitaciones y suites concebidas como un refugio urbano en el barrio de Las Cortes, incluyendo la\u00a0<span class=\"markgxc33eov5\" data-markjs=\"true\" data-ogac=\"\" data-ogab=\"\" data-ogsc=\"\" data-ogsb=\"\" data-ogsbtc=\"\" data-ogsbrc=\"\" data-ogsbbc=\"\" data-ogsblc=\"\">Nobu<\/span>\u00a0Suite \u2014105 m\u00b2 y terraza privada\u2014 en la \u00faltima planta.\u00a0<\/span><\/p><\/blockquote>\n<h3><strong><span data-olk-copy-source=\"MessageBody\">Un refugio urbano en el barrio de Las Cortes<\/span>\u00a0<\/strong><\/h3>\n<p><span class=\"markgxc33eov5\" data-markjs=\"true\" data-ogac=\"\" data-ogab=\"\" data-ogsc=\"\" data-ogsb=\"\" data-ogsbtc=\"\" data-ogsbrc=\"\" data-ogsbbc=\"\" data-ogsblc=\"\">Nobu<\/span>\u00a0Hotel Madrid cuenta con\u00a0<strong>50 habitaciones y suites<\/strong>, concebidas como un refugio del ajetreo de la ciudad sin perder el contacto con la vida que se desarrolla m\u00e1s all\u00e1 de sus puertas. El hotel est\u00e1 situado en Las Cortes, un barrio caracterizado por su legado literario y su vibrante escena cultural, a pocos pasos del Paseo del Prado, del Parque del Retiro y de algunas de las principales instituciones culturales de la ciudad.<\/p>\n<p><strong>Cuatro suites\u00a0<\/strong>\u2014la Suite Zen, la Suite Hikari, la Suite\u00a0Yuhi y la Suite\u00a0<span class=\"markgxc33eov5\" data-markjs=\"true\" data-ogac=\"\" data-ogab=\"\" data-ogsc=\"\" data-ogsb=\"\" data-ogsbtc=\"\" data-ogsbrc=\"\" data-ogsbbc=\"\" data-ogsblc=\"\">Nobu<\/span>\u2014 completan la oferta de alojamiento. En la \u00faltima planta, la\u00a0<strong>Suite\u00a0<span class=\"markgxc33eov5\" data-markjs=\"true\" data-ogac=\"\" data-ogab=\"\" data-ogsc=\"\" data-ogsb=\"\" data-ogsbtc=\"\" data-ogsbrc=\"\" data-ogsbbc=\"\" data-ogsblc=\"\">Nobu<\/span><\/strong>, de 105 metros cuadrados, cuenta con una terraza privada y ofrece una versi\u00f3n m\u00e1s \u00edntima del refugio urbano que representa el hotel.<\/p>\n<p>La zona de bienestar y el gimnasio privado, equipado por\u00a0Technogym, proporcionan espacios para la recuperaci\u00f3n y el equilibrio. Los hu\u00e9spedes tambi\u00e9n pueden disfrutar de las camas\u00a0<span class=\"markgxc33eov5\" data-markjs=\"true\" data-ogac=\"\" data-ogab=\"\" data-ogsc=\"\" data-ogsb=\"\" data-ogsbtc=\"\" data-ogsbrc=\"\" data-ogsbbc=\"\" data-ogsblc=\"\">Nobu<\/span>\u00a0Signature, los productos de ba\u00f1o BYREDO, el servicio de restauraci\u00f3n\u00a0<span class=\"markgxc33eov5\" data-markjs=\"true\" data-ogac=\"\" data-ogab=\"\" data-ogsc=\"\" data-ogsb=\"\" data-ogsbtc=\"\" data-ogsbrc=\"\" data-ogsbbc=\"\" data-ogsblc=\"\">Nobu<\/span>\u00a0en la habitaci\u00f3n y acceso prioritario al restaurante\u00a0<span class=\"markgxc33eov5\" data-markjs=\"true\" data-ogac=\"\" data-ogab=\"\" data-ogsc=\"\" data-ogsb=\"\" data-ogsbtc=\"\" data-ogsbrc=\"\" data-ogsbbc=\"\" data-ogsblc=\"\">Nobu<\/span>.<\/p>\n<p><img loading=\"lazy\" decoding=\"async\" class=\"aligncenter size-full wp-image-197006\" src=\"https:\/\/graziamagazine.com\/es\/wp-content\/uploads\/sites\/12\/2026\/09\/Nobu_Madrid_Common-Areas_-\u00aeJOSE-SALTO-18-copia.jpeg\" alt=\"\" width=\"11448\" height=\"7632\" \/><\/p>\n<h3><strong><span data-olk-copy-source=\"MessageBody\">Dise\u00f1o: tres niveles, con la ciudad como tel\u00f3n de fondo<\/span>\u00a0<\/strong><\/h3>\n<p>Los espacios comunes y gastron\u00f3micos del hotel han sido dise\u00f1ados por <strong>Studio Gronda<\/strong>, bajo la direcci\u00f3n de\u00a0<strong>Diego Gronda<\/strong>, cuya relaci\u00f3n con el lenguaje de dise\u00f1o de\u00a0<span class=\"markgxc33eov5\" data-markjs=\"true\" data-ogac=\"\" data-ogab=\"\" data-ogsc=\"\" data-ogsb=\"\" data-ogsbtc=\"\" data-ogsbrc=\"\" data-ogsbbc=\"\" data-ogsblc=\"\">Nobu<\/span>\u00a0se remonta a su etapa en Rockwell Group, en Nueva York. Tras haberse inspirado en paisajes como el campo, el mar y el desierto para anteriores proyectos de\u00a0<span class=\"markgxc33eov5\" data-markjs=\"true\" data-ogac=\"\" data-ogab=\"\" data-ogsc=\"\" data-ogsb=\"\" data-ogsbtc=\"\" data-ogsbrc=\"\" data-ogsbbc=\"\" data-ogsblc=\"\">Nobu<\/span>, Madrid marca un giro deliberado hacia el paisaje urbano, en el que la propia ciudad inspira el dise\u00f1o.<\/p>\n<p>El restaurante se distribuye en varios niveles, cada uno con su propio car\u00e1cter, pero conectados por una \u00fanica narrativa. La planta baja presenta elementos m\u00e1s c\u00e1lidos y naturales antes de dar paso a una expresi\u00f3n m\u00e1s urbana en las plantas superiores, con vistas a la calle Cedaceros y a la calle Alcal\u00e1 y con una llamativa instalaci\u00f3n luminosa conocida como \u00abthe cocoon\u00bb. La zona de recepci\u00f3n refleja la herencia de dise\u00f1o de\u00a0<span class=\"markgxc33eov5\" data-markjs=\"true\" data-ogac=\"\" data-ogab=\"\" data-ogsc=\"\" data-ogsb=\"\" data-ogsbtc=\"\" data-ogsbrc=\"\" data-ogsbbc=\"\" data-ogsblc=\"\">Nobu<\/span>, incluyendo referencias a la obra de Diego Gronda en el\u00a0<span class=\"markgxc33eov5\" data-markjs=\"true\" data-ogac=\"\" data-ogab=\"\" data-ogsc=\"\" data-ogsb=\"\" data-ogsbtc=\"\" data-ogsbrc=\"\" data-ogsbbc=\"\" data-ogsblc=\"\">Nobu<\/span>\u00a0Riad en Marruecos, mientras que la azotea abre la experiencia al horizonte de Madrid.<\/p>\n<p>Las habitaciones y la zona de bienestar han sido dise\u00f1adas por\u00a0<strong>Studio Caramba<\/strong>\u00a0bajo la direcci\u00f3n de\u00a0<strong>Tom\u00e1s Al\u00eda<\/strong>, quien ya dise\u00f1\u00f3 las habitaciones del\u00a0<span class=\"markgxc33eov5\" data-markjs=\"true\" data-ogac=\"\" data-ogab=\"\" data-ogsc=\"\" data-ogsb=\"\" data-ogsbtc=\"\" data-ogsbrc=\"\" data-ogsbbc=\"\" data-ogsblc=\"\">Nobu<\/span>\u00a0Hotel San Sebasti\u00e1n. Los tonos c\u00e1lidos, las texturas naturales y una iluminaci\u00f3n cuidadosamente estudiada crean una sensaci\u00f3n de calma en todo el espacio, y la suite\u00a0<span class=\"markgxc33eov5\" data-markjs=\"true\" data-ogac=\"\" data-ogab=\"\" data-ogsc=\"\" data-ogsb=\"\" data-ogsbtc=\"\" data-ogsbrc=\"\" data-ogsbbc=\"\" data-ogsblc=\"\">Nobu<\/span>\u00a0ofrece la m\u00e1xima expresi\u00f3n de este concepto de refugio urbano.<\/p>\n<p><img loading=\"lazy\" decoding=\"async\" class=\"aligncenter size-full wp-image-197005\" src=\"https:\/\/graziamagazine.com\/es\/wp-content\/uploads\/sites\/12\/2026\/09\/nobumadrid-2.jpg\" alt=\"\" width=\"2063\" height=\"1600\" srcset=\"https:\/\/graziamagazine.com\/es\/wp-content\/uploads\/sites\/12\/2026\/09\/nobumadrid-2.jpg 2063w, https:\/\/graziamagazine.com\/es\/wp-content\/uploads\/sites\/12\/2026\/09\/nobumadrid-2-300x233.jpg 300w, https:\/\/graziamagazine.com\/es\/wp-content\/uploads\/sites\/12\/2026\/09\/nobumadrid-2-1024x794.jpg 1024w, https:\/\/graziamagazine.com\/es\/wp-content\/uploads\/sites\/12\/2026\/09\/nobumadrid-2-768x596.jpg 768w, https:\/\/graziamagazine.com\/es\/wp-content\/uploads\/sites\/12\/2026\/09\/nobumadrid-2-1536x1191.jpg 1536w, https:\/\/graziamagazine.com\/es\/wp-content\/uploads\/sites\/12\/2026\/09\/nobumadrid-2-2048x1588.jpg 2048w, https:\/\/graziamagazine.com\/es\/wp-content\/uploads\/sites\/12\/2026\/09\/nobumadrid-2-400x310.jpg 400w, https:\/\/graziamagazine.com\/es\/wp-content\/uploads\/sites\/12\/2026\/09\/nobumadrid-2-155x120.jpg 155w\" sizes=\"(max-width: 2063px) 100vw, 2063px\" \/><\/p>\n<blockquote><p><span data-olk-copy-source=\"MessageBody\">Cuatro propuestas gastron\u00f3micas distintas \u2014<span class=\"markgxc33eov5\" data-markjs=\"true\" data-ogac=\"\" data-ogab=\"\" data-ogsc=\"\" data-ogsb=\"\" data-ogsbtc=\"\" data-ogsbrc=\"\" data-ogsbbc=\"\" data-ogsblc=\"\">Nobu<\/span>\u00a0Restaurant, un Cocktail Bar, un Rooftop en la s\u00e9ptima planta y el Lobby Lounge \u2014 que convierten el hotel en un punto de encuentro para hu\u00e9spedes y madrile\u00f1os.\u00a0<\/span><\/p><\/blockquote>\n<div>\n<h3><strong><span data-olk-copy-source=\"MessageBody\">Una nueva direcci\u00f3n gastron\u00f3mica en cuatro escenarios\u00a0<\/span><\/strong><\/h3>\n<p>La gastronom\u00eda es un elemento fundamental de la experiencia que ofrece el <span class=\"markgxc33eov5\" data-markjs=\"true\" data-ogac=\"\" data-ogab=\"\" data-ogsc=\"\" data-ogsb=\"\" data-ogsbtc=\"\" data-ogsbrc=\"\" data-ogsbbc=\"\" data-ogsblc=\"\">Nobu<\/span>\u00a0Hotel Madrid. Repartidos en sus tres plantas y en la azotea de la s\u00e9ptima planta, cuatro espacios distintos permiten disfrutar de\u00a0<span class=\"markgxc33eov5\" data-markjs=\"true\" data-ogac=\"\" data-ogab=\"\" data-ogsc=\"\" data-ogsb=\"\" data-ogsbtc=\"\" data-ogsbrc=\"\" data-ogsbbc=\"\" data-ogsblc=\"\">Nobu<\/span>\u00a0de diferentes maneras a lo largo del d\u00eda, desde el caf\u00e9 de la ma\u00f1ana hasta los c\u00f3cteles de la noche.<\/p>\n<p>El\u00a0<strong>Restaurante\u00a0<span class=\"markgxc33eov5\" data-markjs=\"true\" data-ogac=\"\" data-ogab=\"\" data-ogsc=\"\" data-ogsb=\"\" data-ogsbtc=\"\" data-ogsbrc=\"\" data-ogsbbc=\"\" data-ogsblc=\"\">Nobu<\/span><\/strong><strong>\u00a0<\/strong>trae a Madrid la cocina japonesa\u00a0con influencias peruanas del chef\u00a0<span class=\"markgxc33eov5\" data-markjs=\"true\" data-ogac=\"\" data-ogab=\"\" data-ogsc=\"\" data-ogsb=\"\" data-ogsbtc=\"\" data-ogsbrc=\"\" data-ogsbbc=\"\" data-ogsblc=\"\">Nobu<\/span>\u00a0Matsuhisa. A los platos estrella se suman propuestas de inspiraci\u00f3n local elaboradas con ingredientes como la lubina salvaje de las Islas Canarias y el at\u00fan del Mediterr\u00e1neo, lo que crea una conexi\u00f3n natural entre la carta de\u00a0<span class=\"markgxc33eov5\" data-markjs=\"true\" data-ogac=\"\" data-ogab=\"\" data-ogsc=\"\" data-ogsb=\"\" data-ogsbtc=\"\" data-ogsbrc=\"\" data-ogsbbc=\"\" data-ogsblc=\"\">Nobu<\/span>\u00a0y el panorama culinario espa\u00f1ol. La experiencia se complementa con una cuidada selecci\u00f3n de vinos, con especial atenci\u00f3n a las peque\u00f1as bodegas, las botellas de producci\u00f3n limitada y la vinificaci\u00f3n de m\u00ednima intervenci\u00f3n, adem\u00e1s de sake y c\u00f3cteles artesanales.<\/p>\n<p><img loading=\"lazy\" decoding=\"async\" class=\"aligncenter size-full wp-image-197003\" src=\"https:\/\/graziamagazine.com\/es\/wp-content\/uploads\/sites\/12\/2026\/09\/nobumadrid.jpg\" alt=\"\" width=\"1350\" height=\"1688\" srcset=\"https:\/\/graziamagazine.com\/es\/wp-content\/uploads\/sites\/12\/2026\/09\/nobumadrid.jpg 1350w, https:\/\/graziamagazine.com\/es\/wp-content\/uploads\/sites\/12\/2026\/09\/nobumadrid-240x300.jpg 240w, https:\/\/graziamagazine.com\/es\/wp-content\/uploads\/sites\/12\/2026\/09\/nobumadrid-819x1024.jpg 819w, https:\/\/graziamagazine.com\/es\/wp-content\/uploads\/sites\/12\/2026\/09\/nobumadrid-768x960.jpg 768w, https:\/\/graziamagazine.com\/es\/wp-content\/uploads\/sites\/12\/2026\/09\/nobumadrid-1228x1536.jpg 1228w, https:\/\/graziamagazine.com\/es\/wp-content\/uploads\/sites\/12\/2026\/09\/nobumadrid-400x500.jpg 400w, https:\/\/graziamagazine.com\/es\/wp-content\/uploads\/sites\/12\/2026\/09\/nobumadrid-155x194.jpg 155w\" sizes=\"(max-width: 1350px) 100vw, 1350px\" \/><\/p>\n<p>Un piso m\u00e1s abajo, el\u00a0<strong>Cocktail<\/strong><strong>\u00a0Bar<\/strong>\u00a0ofrece un ambiente \u00edntimo centrado en la m\u00fasica y la cultura del c\u00f3ctel, con un sistema de sonido Hi-Fi de vinilo y programaci\u00f3n musical de mi\u00e9rcoles a s\u00e1bado. La carta de bebidas combina prestigiosas marcas internacionales, licores dif\u00edciles de encontrar e interpretaciones del martini, acompa\u00f1adas de aperitivos que reinterpretan los platos emblem\u00e1ticos de\u00a0<span class=\"markgxc33eov5\" data-markjs=\"true\" data-ogac=\"\" data-ogab=\"\" data-ogsc=\"\" data-ogsb=\"\" data-ogsbtc=\"\" data-ogsbrc=\"\" data-ogsbbc=\"\" data-ogsblc=\"\">Nobu<\/span>, como las Gildas al estilo\u00a0<span class=\"markgxc33eov5\" data-markjs=\"true\" data-ogac=\"\" data-ogab=\"\" data-ogsc=\"\" data-ogsb=\"\" data-ogsbtc=\"\" data-ogsbrc=\"\" data-ogsbbc=\"\" data-ogsblc=\"\">Nobu<\/span>\u00a0y las Croquetas de Queso\u00a0Azul con Toro.<\/p>\n<p>En la s\u00e9ptima planta, el\u00a0<strong>Rooftop\u00a0<\/strong>ofrece vistas al perfil urbano de Madrid, con la calle Alcal\u00e1 y el edificio Metr\u00f3polis como tel\u00f3n de fondo a medida que la tarde da paso a la noche. Una carta de bebidas ligeras, inspirada en los veranos mediterr\u00e1neos, se acompa\u00f1a de platos pensados para compartir, como el Ceviche de\u00a0Lubina y Coco, as\u00ed como las Gambas de Roca con Salsa de Shiso. De mi\u00e9rcoles a s\u00e1bado tienen lugar sesiones de DJ en directo.<\/p>\n<p><img loading=\"lazy\" decoding=\"async\" class=\"aligncenter size-full wp-image-197002\" src=\"https:\/\/graziamagazine.com\/es\/wp-content\/uploads\/sites\/12\/2026\/09\/nobumadrid-1.jpg\" alt=\"\" width=\"1121\" height=\"1121\" srcset=\"https:\/\/graziamagazine.com\/es\/wp-content\/uploads\/sites\/12\/2026\/09\/nobumadrid-1.jpg 1121w, https:\/\/graziamagazine.com\/es\/wp-content\/uploads\/sites\/12\/2026\/09\/nobumadrid-1-300x300.jpg 300w, https:\/\/graziamagazine.com\/es\/wp-content\/uploads\/sites\/12\/2026\/09\/nobumadrid-1-1024x1024.jpg 1024w, https:\/\/graziamagazine.com\/es\/wp-content\/uploads\/sites\/12\/2026\/09\/nobumadrid-1-150x150.jpg 150w, https:\/\/graziamagazine.com\/es\/wp-content\/uploads\/sites\/12\/2026\/09\/nobumadrid-1-768x768.jpg 768w, https:\/\/graziamagazine.com\/es\/wp-content\/uploads\/sites\/12\/2026\/09\/nobumadrid-1-400x400.jpg 400w, https:\/\/graziamagazine.com\/es\/wp-content\/uploads\/sites\/12\/2026\/09\/nobumadrid-1-155x155.jpg 155w\" sizes=\"(max-width: 1121px) 100vw, 1121px\" \/><\/p>\n<p><span data-olk-copy-source=\"MessageBody\">En la planta baja, el\u00a0<\/span><strong>Lobby Lounge<\/strong>\u00a0ofrece una bienvenida informal al hotel, abierto tanto a hu\u00e9spedes como a visitantes. Una selecci\u00f3n de caf\u00e9s especiales, elaborada en colaboraci\u00f3n con tostadores locales, se complementa con productos de la regi\u00f3n de Madrid, kombuchas, vinos por copas y una selecci\u00f3n de c\u00f3cteles, con una carta que incluye la interpretaci\u00f3n de\u00a0<span class=\"markgxc33eov5\" data-markjs=\"true\" data-ogac=\"\" data-ogab=\"\" data-ogsc=\"\" data-ogsb=\"\" data-ogsbtc=\"\" data-ogsbrc=\"\" data-ogsbbc=\"\" data-ogsblc=\"\">Nobu<\/span>\u00a0del cl\u00e1sico s\u00e1ndwich club.<\/p>\n<p>\u00bfD\u00f3nde? <a href=\"https:\/\/www.google.com\/maps\/place\/\/data=!4m2!3m1!1s0xd42290039185863:0x3ff756af8fb30c30?sa=X&amp;ved=1t:8290&amp;ictx=111\" data-url=\"\/maps\/place\/\/data=!4m2!3m1!1s0xd42290039185863:0x3ff756af8fb30c30?sa=X&amp;ved=2ahUKEwjVtYG379CWAxVyT6QEHbRYNEsQ4kB6BAgPEAA\" target=\"_blank\">C. de Cedaceros, 1, Centro, 28014 Madrid<\/a><\/p>\n<p><em>*Im\u00e1genes: cortes\u00eda<\/em><\/p>\n<\/div>\n","protected":false},"author":11653,"featured_media":197007,"template":"","format":"standard","categories":[18],"acf":[],"yoast_head":"<!-- This site is optimized with the Yoast SEO Premium plugin v18.5 (Yoast SEO v20.4) - https:\/\/yoast.com\/wordpress\/plugins\/seo\/ -->\n<title>NOBU abre su primer hotel en el coraz\u00f3n de Madrid<\/title>\n<meta name=\"description\" content=\"El quinto hotel de la marca en Espa\u00f1a se instala en la calle Alcal\u00e1, entre la Plaza de Cibeles y la Puerta del Sol.\" \/>\n<meta name=\"robots\" content=\"index, follow, max-snippet:-1, max-image-preview:large, max-video-preview:-1\" \/>\n<link rel=\"canonical\" href=\"https:\/\/graziamagazine.com\/es\/articles\/nobu-abre-su-primer-hotel-en-el-corazon-de-madrid\/\" \/>\n<meta property=\"og:locale\" content=\"es_ES\" \/>\n<meta property=\"og:type\" content=\"article\" \/>\n<meta property=\"og:title\" content=\"Nobu abre su primer hotel en el coraz\u00f3n de Madrid\" \/>\n<meta property=\"og:description\" content=\"El quinto hotel de la marca en Espa\u00f1a se instala en la calle Alcal\u00e1, entre la Plaza de Cibeles y la Puerta del Sol.\" \/>\n<meta property=\"og:url\" content=\"https:\/\/graziamagazine.com\/es\/articles\/nobu-abre-su-primer-hotel-en-el-corazon-de-madrid\/\" \/>\n<meta property=\"og:site_name\" content=\"Grazia\" \/>\n<meta property=\"article:modified_time\" content=\"2026-09-02T21:50:46+00:00\" \/>\n<meta property=\"og:image\" content=\"https:\/\/graziamagazine.com\/es\/wp-content\/uploads\/sites\/12\/2026\/09\/Nobu_Madrid_Travel_SZucker_300ppi-148-copia.jpeg\" \/>\n\t<meta property=\"og:image:width\" content=\"7728\" \/>\n\t<meta property=\"og:image:height\" content=\"5152\" \/>\n\t<meta property=\"og:image:type\" content=\"image\/jpeg\" \/>\n<meta name=\"twitter:card\" content=\"summary_large_image\" \/>\n<meta name=\"twitter:label1\" content=\"Est. reading time\" \/>\n\t<meta name=\"twitter:data1\" content=\"7 minutos\" \/>\n<script type=\"application\/ld+json\" class=\"yoast-schema-graph\">{\"@context\":\"https:\/\/schema.org\",\"@graph\":[{\"@type\":\"WebPage\",\"@id\":\"https:\/\/graziamagazine.com\/es\/articles\/nobu-abre-su-primer-hotel-en-el-corazon-de-madrid\/\",\"url\":\"https:\/\/graziamagazine.com\/es\/articles\/nobu-abre-su-primer-hotel-en-el-corazon-de-madrid\/\",\"name\":\"NOBU abre su primer hotel en el coraz\u00f3n de Madrid\",\"isPartOf\":{\"@id\":\"https:\/\/graziamagazine.com\/es\/#website\"},\"datePublished\":\"2026-09-03T05:00:07+00:00\",\"dateModified\":\"2026-09-02T21:50:46+00:00\",\"description\":\"El quinto hotel de la marca en Espa\u00f1a se instala en la calle Alcal\u00e1, entre la Plaza de Cibeles y la Puerta del Sol.\",\"breadcrumb\":{\"@id\":\"https:\/\/graziamagazine.com\/es\/articles\/nobu-abre-su-primer-hotel-en-el-corazon-de-madrid\/#breadcrumb\"},\"inLanguage\":\"es\",\"potentialAction\":[{\"@type\":\"ReadAction\",\"target\":[\"https:\/\/graziamagazine.com\/es\/articles\/nobu-abre-su-primer-hotel-en-el-corazon-de-madrid\/\"]}]},{\"@type\":\"BreadcrumbList\",\"@id\":\"https:\/\/graziamagazine.com\/es\/articles\/nobu-abre-su-primer-hotel-en-el-corazon-de-madrid\/#breadcrumb\",\"itemListElement\":[{\"@type\":\"ListItem\",\"position\":1,\"name\":\"Portada\",\"item\":\"https:\/\/graziamagazine.com\/es\/\"},{\"@type\":\"ListItem\",\"position\":2,\"name\":\"Nobu abre su primer hotel en el coraz\u00f3n de Madrid\"}]},{\"@type\":\"WebSite\",\"@id\":\"https:\/\/graziamagazine.com\/es\/#website\",\"url\":\"https:\/\/graziamagazine.com\/es\/\",\"name\":\"Grazia\",\"description\":\"Moda, belleza, celebrities, estilo de vida...\",\"potentialAction\":[{\"@type\":\"SearchAction\",\"target\":{\"@type\":\"EntryPoint\",\"urlTemplate\":\"https:\/\/graziamagazine.com\/es\/?s={search_term_string}\"},\"query-input\":\"required name=search_term_string\"}],\"inLanguage\":\"es\"}]}<\/script>\n<!-- \/ Yoast SEO Premium plugin. -->","yoast_head_json":{"title":"NOBU abre su primer hotel en el coraz\u00f3n de Madrid","description":"El quinto hotel de la marca en Espa\u00f1a se instala en la calle Alcal\u00e1, entre la Plaza de Cibeles y la Puerta del Sol.","robots":{"index":"index","follow":"follow","max-snippet":"max-snippet:-1","max-image-preview":"max-image-preview:large","max-video-preview":"max-video-preview:-1"},"canonical":"https:\/\/graziamagazine.com\/es\/articles\/nobu-abre-su-primer-hotel-en-el-corazon-de-madrid\/","og_locale":"es_ES","og_type":"article","og_title":"Nobu abre su primer hotel en el coraz\u00f3n de Madrid","og_description":"El quinto hotel de la marca en Espa\u00f1a se instala en la calle Alcal\u00e1, entre la Plaza de Cibeles y la Puerta del Sol.","og_url":"https:\/\/graziamagazine.com\/es\/articles\/nobu-abre-su-primer-hotel-en-el-corazon-de-madrid\/","og_site_name":"Grazia","article_modified_time":"2026-09-02T21:50:46+00:00","og_image":[{"width":7728,"height":5152,"url":"https:\/\/graziamagazine.com\/es\/wp-content\/uploads\/sites\/12\/2026\/09\/Nobu_Madrid_Travel_SZucker_300ppi-148-copia.jpeg","type":"image\/jpeg"}],"twitter_card":"summary_large_image","twitter_misc":{"Est. reading time":"7 minutos"},"schema":{"@context":"https:\/\/schema.org","@graph":[{"@type":"WebPage","@id":"https:\/\/graziamagazine.com\/es\/articles\/nobu-abre-su-primer-hotel-en-el-corazon-de-madrid\/","url":"https:\/\/graziamagazine.com\/es\/articles\/nobu-abre-su-primer-hotel-en-el-corazon-de-madrid\/","name":"NOBU abre su primer hotel en el coraz\u00f3n de Madrid","isPartOf":{"@id":"https:\/\/graziamagazine.com\/es\/#website"},"datePublished":"2026-09-03T05:00:07+00:00","dateModified":"2026-09-02T21:50:46+00:00","description":"El quinto hotel de la marca en Espa\u00f1a se instala en la calle Alcal\u00e1, entre la Plaza de Cibeles y la Puerta del Sol.","breadcrumb":{"@id":"https:\/\/graziamagazine.com\/es\/articles\/nobu-abre-su-primer-hotel-en-el-corazon-de-madrid\/#breadcrumb"},"inLanguage":"es","potentialAction":[{"@type":"ReadAction","target":["https:\/\/graziamagazine.com\/es\/articles\/nobu-abre-su-primer-hotel-en-el-corazon-de-madrid\/"]}]},{"@type":"BreadcrumbList","@id":"https:\/\/graziamagazine.com\/es\/articles\/nobu-abre-su-primer-hotel-en-el-corazon-de-madrid\/#breadcrumb","itemListElement":[{"@type":"ListItem","position":1,"name":"Portada","item":"https:\/\/graziamagazine.com\/es\/"},{"@type":"ListItem","position":2,"name":"Nobu abre su primer hotel en el coraz\u00f3n de Madrid"}]},{"@type":"WebSite","@id":"https:\/\/graziamagazine.com\/es\/#website","url":"https:\/\/graziamagazine.com\/es\/","name":"Grazia","description":"Moda, belleza, celebrities, estilo de vida...","potentialAction":[{"@type":"SearchAction","target":{"@type":"EntryPoint","urlTemplate":"https:\/\/graziamagazine.com\/es\/?s={search_term_string}"},"query-input":"required name=search_term_string"}],"inLanguage":"es"}]}},"jetpack_sharing_enabled":true,"distributor_meta":false,"distributor_terms":false,"distributor_media":false,"distributor_original_site_name":"Grazia","distributor_original_site_url":"https:\/\/graziamagazine.com\/es","push-errors":false,"_links":{"self":[{"href":"https:\/\/graziamagazine.com\/es\/wp-json\/wp\/v2\/articles\/197001"}],"collection":[{"href":"https:\/\/graziamagazine.com\/es\/wp-json\/wp\/v2\/articles"}],"about":[{"href":"https:\/\/graziamagazine.com\/es\/wp-json\/wp\/v2\/types\/articles"}],"author":[{"embeddable":true,"href":"https:\/\/graziamagazine.com\/es\/wp-json\/wp\/v2\/users\/11653"}],"wp:featuredmedia":[{"embeddable":true,"href":"https:\/\/graziamagazine.com\/es\/wp-json\/wp\/v2\/media\/197007"}],"wp:attachment":[{"href":"https:\/\/graziamagazine.com\/es\/wp-json\/wp\/v2\/media?parent=197001"}],"wp:term":[{"taxonomy":"category","embeddable":true,"href":"https:\/\/graziamagazine.com\/es\/wp-json\/wp\/v2\/categories?post=197001"}],"curies":[{"name":"wp","href":"https:\/\/api.w.org\/{rel}","templated":true}]}}