{"id":196978,"date":"2026-09-02T12:22:56","date_gmt":"2026-09-02T10:22:56","guid":{"rendered":"https:\/\/graziamagazine.com\/es\/?post_type=articles&#038;p=196978"},"modified":"2026-09-02T12:22:56","modified_gmt":"2026-09-02T10:22:56","slug":"los-auriculares-que-quieren-conquistar-la-rentree","status":"publish","type":"articles","link":"https:\/\/graziamagazine.com\/es\/articles\/los-auriculares-que-quieren-conquistar-la-rentree\/","title":{"rendered":"Los auriculares que quieren conquistar la rentr\u00e9e"},"content":{"rendered":"<p>Hay algo inevitablemente contradictorio en septiembre. Queremos recuperar la rutina, pero no demasiado. Volver a organizar nuestra agenda, aunque todav\u00eda nos resistamos a abandonar esa sensaci\u00f3n de libertad que dejaron las vacaciones. Estrenar cuaderno, bolso, zapatillas o incluso una nueva playlist mientras intentamos convencernos de que regresar a la oficina tambi\u00e9n puede tener su encanto.<\/p>\n<p>Quiz\u00e1 por eso la rentr\u00e9e siempre ha estado tan vinculada a los peque\u00f1os estrenos. Objetos capaces de hacer m\u00e1s apetecible la vuelta a la normalidad y, si adem\u00e1s consiguen simplificarnos el d\u00eda, mucho mejor.<\/p>\n<p>Este a\u00f1o podemos a\u00f1adir uno nuevo a la lista. Los <strong>CMF Clip Pro<\/strong> llegan a Europa este mes de septiembre como los primeros auriculares <em>open-ear<\/em> de CMF y lo hacen con una filosof\u00eda que encaja especialmente bien con nuestra nueva forma de trabajar y movernos: <strong>escuchar sin desconectarnos completamente del mundo<\/strong>. M\u00fasica mientras caminamos hacia la oficina, un p\u00f3dcast durante el trayecto en metro, una llamada al salir a por un caf\u00e9 o nuestra playlist favorita durante el entrenamiento de \u00faltima hora. Todo con los o\u00eddos abiertos y sin necesidad de quitarnos y ponernos continuamente los auriculares.<\/p>\n<blockquote><p>Ligeros, abiertos, con dise\u00f1o de clip y hasta 32,5 horas de autonom\u00eda, los primeros auriculares <em>open-ear<\/em> de CMF llegan justo a tiempo para volver a la oficina. Su objetivo: acompa\u00f1arnos de la primera videollamada al \u00faltimo paseo del d\u00eda sin aislarnos del mundo y, de paso, poner un toque tech al uniforme de septiembre.<\/p><\/blockquote>\n        <blockquote class=\"instagram-media \" style=\"background: #ffffff;border: 0;margin: 1px;width: 100%;padding: 0;\"  data-instgrm-permalink=\"https:\/\/www.instagram.com\/p\/Dbnn1VFhkqa\/\" data-instgrm-version=\"14\"><\/blockquote>\n<h3>Cuando los auriculares empiezan a parecer joyas<\/h3>\n<p>Lo primero que llama la atenci\u00f3n de Clip Pro no es una cifra t\u00e9cnica. Es su forma. En lugar de introducirse dentro del o\u00eddo, se sujetan alrededor de la oreja mediante una estructura en forma de C que recuerda inevitablemente a los <em>ear cuffs<\/em> que llevan varias temporadas conquistando el joyero. Y esa semejanza convierte un objeto tecnol\u00f3gico que tradicionalmente intent\u00e1bamos disimular en algo que podemos integrar deliberadamente en el look.<\/p>\n<p>CMF ha desarrollado un sistema de <strong>tres puntos de sujeci\u00f3n<\/strong> que reparte la presi\u00f3n alrededor de la oreja para evitar concentrarla en una \u00fanica zona. En el interior del arco flexible encontramos un n\u00facleo de titanio pensado para adaptarse a diferentes anatom\u00edas y, con apenas <strong>5,9 gramos por auricular<\/strong>, la intenci\u00f3n es que podamos llevarlos durante horas casi olvid\u00e1ndonos de que est\u00e1n ah\u00ed.<\/p>\n<p><img loading=\"lazy\" decoding=\"async\" class=\"aligncenter size-full wp-image-196992\" src=\"https:\/\/graziamagazine.com\/es\/wp-content\/uploads\/sites\/12\/2026\/09\/cmf-clip-pro-2-1.jpg\" alt=\"\" width=\"696\" height=\"532\" srcset=\"https:\/\/graziamagazine.com\/es\/wp-content\/uploads\/sites\/12\/2026\/09\/cmf-clip-pro-2-1.jpg 696w, https:\/\/graziamagazine.com\/es\/wp-content\/uploads\/sites\/12\/2026\/09\/cmf-clip-pro-2-1-300x229.jpg 300w, https:\/\/graziamagazine.com\/es\/wp-content\/uploads\/sites\/12\/2026\/09\/cmf-clip-pro-2-1-400x306.jpg 400w, https:\/\/graziamagazine.com\/es\/wp-content\/uploads\/sites\/12\/2026\/09\/cmf-clip-pro-2-1-155x118.jpg 155w\" sizes=\"(max-width: 696px) 100vw, 696px\" \/><\/p>\n<p>Algo especialmente importante durante la rentr\u00e9e, cuando un mismo par de auriculares puede acompa\u00f1arnos desde las ocho de la ma\u00f1ana hasta bastante despu\u00e9s de cerrar el port\u00e1til.<\/p>\n<p>Y despu\u00e9s est\u00e1 el color. <strong>Dark Grey y Light Grey<\/strong> juegan la carta minimalista y urbana, perfectos para quienes quieren integrarlos discretamente entre americanas, camisas blancas y el inevitable regreso del negro al armario de septiembre. Pero es la versi\u00f3n <strong>Coral<\/strong> la que convierte el gadget en una peque\u00f1a declaraci\u00f3n de estilo: un toque inesperado capaz de levantar incluso el uniforme de oficina m\u00e1s b\u00e1sico.<\/p>\n<p><img loading=\"lazy\" decoding=\"async\" class=\"aligncenter size-full wp-image-196987\" src=\"https:\/\/graziamagazine.com\/es\/wp-content\/uploads\/sites\/12\/2026\/09\/16_91e.jpg\" alt=\"\" width=\"2428\" height=\"1366\" srcset=\"https:\/\/graziamagazine.com\/es\/wp-content\/uploads\/sites\/12\/2026\/09\/16_91e.jpg 2428w, https:\/\/graziamagazine.com\/es\/wp-content\/uploads\/sites\/12\/2026\/09\/16_91e-300x169.jpg 300w, https:\/\/graziamagazine.com\/es\/wp-content\/uploads\/sites\/12\/2026\/09\/16_91e-1024x576.jpg 1024w, https:\/\/graziamagazine.com\/es\/wp-content\/uploads\/sites\/12\/2026\/09\/16_91e-768x432.jpg 768w, https:\/\/graziamagazine.com\/es\/wp-content\/uploads\/sites\/12\/2026\/09\/16_91e-1536x864.jpg 1536w, https:\/\/graziamagazine.com\/es\/wp-content\/uploads\/sites\/12\/2026\/09\/16_91e-2048x1152.jpg 2048w, https:\/\/graziamagazine.com\/es\/wp-content\/uploads\/sites\/12\/2026\/09\/16_91e-400x225.jpg 400w, https:\/\/graziamagazine.com\/es\/wp-content\/uploads\/sites\/12\/2026\/09\/16_91e-155x87.jpg 155w\" sizes=\"(max-width: 2428px) 100vw, 2428px\" \/><\/p>\n<p>La tecnolog\u00eda tambi\u00e9n ha aprendido aquello que la moda lleva d\u00e9cadas sabiendo: a veces basta un buen accesorio para cambiar todo el look.<\/p>\n<h3>Escuchar m\u00fasica sin dejar de escuchar la ciudad<\/h3>\n<p>El verdadero sentido de un auricular <em>open-ear<\/em>, sin embargo, aparece en cuanto salimos de casa. En lugar de bloquear el canal auditivo, Clip Pro dirige el sonido hacia \u00e9l mientras permite seguir percibiendo el entorno. Eso significa poder escuchar nuestra playlist mientras caminamos por la ciudad sin dejar de o\u00edr el tr\u00e1fico, las bicicletas o lo que sucede alrededor.<\/p>\n<p>Tambi\u00e9n puede resultar especialmente pr\u00e1ctico en la oficina. Podemos escuchar m\u00fasica mientras trabajamos y seguir percibiendo cu\u00e1ndo alguien nos habla sin tener que pasar media jornada retir\u00e1ndonos un auricular.<\/p>\n<p>Ese equilibrio entre mundo digital y mundo real es precisamente una de las razones por las que el formato abierto est\u00e1 ganando protagonismo. No siempre queremos desaparecer detr\u00e1s de una cancelaci\u00f3n de ruido absoluta; a veces simplemente necesitamos crear una peque\u00f1a banda sonora para acompa\u00f1ar el d\u00eda.<\/p>\n<p>CMF intenta resolver adem\u00e1s uno de los principales retos de este tipo de dise\u00f1os: mantener un sonido con cuerpo sin cerrar completamente el o\u00eddo. Para ello, Clip Pro incorpora un <strong>driver din\u00e1mico de 10,8 mm con doble im\u00e1n<\/strong> y tecnolog\u00eda Ultra Bass, destinada a reforzar las frecuencias graves que pueden perder intensidad en un formato abierto. Tambi\u00e9n cuenta con certificaci\u00f3n Hi-Res Audio y compatibilidad con LDAC en dispositivos compatibles.<\/p>\n<p><img loading=\"lazy\" decoding=\"async\" class=\"aligncenter size-full wp-image-196989\" src=\"https:\/\/graziamagazine.com\/es\/wp-content\/uploads\/sites\/12\/2026\/09\/Foto-del-perfil-de-cmf.tech-1.jpg\" alt=\"\" width=\"2700\" height=\"3375\" \/><\/p>\n<h3>El aliado de esas llamadas que llegan cuando menos conviene<\/h3>\n<p>Septiembre significa tambi\u00e9n recuperar reuniones, llamadas y conversaciones de trabajo en los lugares m\u00e1s imprevisibles. Y todos sabemos que el \u00abte escucho fatal\u00bb es uno de los grandes enemigos de la productividad m\u00f3vil.<\/p>\n<p>Clip Pro combina cuatro micr\u00f3fonos HD con la tecnolog\u00eda <strong>Clear Voice<\/strong>, apoyada por una VPU, para separar en tiempo real nuestra voz del ruido que nos rodea. Est\u00e1 pensada precisamente para esos escenarios en los que termina desarroll\u00e1ndose buena parte de nuestra vida laboral: una cafeter\u00eda, una calle concurrida, un espacio compartido o incluso un exterior con viento.<\/p>\n<p>Pero hay un detalle especialmente interesante teniendo en cuenta que hablamos de auriculares abiertos. <strong>Sound Seal<\/strong> busca reducir las fugas de sonido gestionando determinadas frecuencias para que las personas que tenemos cerca no escuchen f\u00e1cilmente nuestra conversaci\u00f3n o nuestra m\u00fasica. Adem\u00e1s, puede configurarse desde la aplicaci\u00f3n Nothing X dependiendo de si queremos aplicarlo \u00fanicamente durante llamadas o tambi\u00e9n al resto del audio.<\/p>\n<p>Una peque\u00f1a dosis de privacidad que agradeceremos especialmente cuando la mesa de al lado en la oficina est\u00e9 bastante m\u00e1s cerca de lo que nos gustar\u00eda.<\/p>\n<h3>Un Smart Dial para tocar menos el m\u00f3vil<\/h3>\n<p>Hay otro detalle que puede parecer menor hasta que empiezas a utilizarlo durante una jornada completa: <strong>el estuche incorpora un dial f\u00edsico<\/strong>.<\/p>\n<p>El Smart Dial permite subir o bajar el volumen, controlar la reproducci\u00f3n, responder llamadas o vincular dispositivos sin necesidad de sacar continuamente el tel\u00e9fono. Los propios auriculares cuentan tambi\u00e9n con controles f\u00edsicos, algo especialmente pr\u00e1ctico cuando vamos andando, hacemos deporte o llevamos guantes.<\/p>\n<p>Es precisamente ese tipo de tecnolog\u00eda la que mejor envejece: la que elimina peque\u00f1os gestos innecesarios en lugar de a\u00f1adir otros nuevos. Y la conexi\u00f3n simult\u00e1nea con dos dispositivos puede convertirse en otro peque\u00f1o salvavidas de oficina. Poder pasar del ordenador durante una videollamada al smartphone cuando entra una llamada sin iniciar todo un ritual de desconexiones resulta mucho m\u00e1s importante en el d\u00eda a d\u00eda que muchas prestaciones capaces de protagonizar titulares.<\/p>\n<p><img loading=\"lazy\" decoding=\"async\" class=\"aligncenter size-full wp-image-196986\" src=\"https:\/\/graziamagazine.com\/es\/wp-content\/uploads\/sites\/12\/2026\/09\/16_93a-copia-scaled-e1788343748379.jpeg\" alt=\"\" width=\"2560\" height=\"1440\" \/><\/p>\n<h3>Del escritorio al entrenamiento sin cambiar de auriculares<\/h3>\n<p>Quiz\u00e1 el mejor argumento para incluirlos entre nuestros nuevos dispositivos de rentr\u00e9e sea precisamente que <strong>no est\u00e1n pensados \u00fanicamente para trabajar<\/strong>.<\/p>\n<p>Sales de la oficina, guardas el port\u00e1til y decides caminar hasta casa o aprovechar para entrenar. Los mismos auriculares contin\u00faan teniendo sentido. Su ajuste de tres puntos busca mantenerlos estables mientras nos movemos y la certificaci\u00f3n <strong>IP54<\/strong> a\u00f1ade resistencia frente al sudor y salpicaduras.<\/p>\n<p>La autonom\u00eda tampoco obliga a vivir pendiente de un enchufe: ofrecen hasta <strong>10 horas de reproducci\u00f3n con una carga y 32,5 horas utilizando el estuche<\/strong>. Y para esos d\u00edas en los que descubrimos que hemos olvidado cargarlos justo antes de salir, diez minutos conectados proporcionan hasta cuatro horas adicionales de escucha.<\/p>\n<p>Traducido al lenguaje de septiembre: oficina, desplazamientos, gimnasio y trayecto de vuelta sin tener que a\u00f1adir otra bater\u00eda a nuestra lista mental de cosas pendientes.<\/p>\n<p><img decoding=\"async\" src=\"https:\/\/cdn.todomountainbike.net\/images\/articles\/2026\/cmf-clip-pro-los-auriculares-abiertos-de-nothing-para-salir-bici-0-1.jpg\" alt=\"CMF Clip Pro: los auriculares abiertos de Nothing pensados para salir en  bicicleta\" \/><\/p>\n<h3>\u00bfPor qu\u00e9 sumarlos a tu kit tecnol\u00f3gico de rentr\u00e9e?<\/h3>\n<p>Porque probablemente el gadget m\u00e1s \u00fatil para volver a la rutina no sea el que promete hacer algo completamente revolucionario, sino el que <strong>consigue adaptarse a todas las peque\u00f1as versiones de nosotros mismos que aparecen a lo largo del d\u00eda<\/strong>.<\/p>\n<p>La que necesita concentrarse frente al ordenador. La que responde una llamada caminando hacia una reuni\u00f3n. La que quiere escuchar m\u00fasica sin perder contacto con el entorno. La que sale del trabajo y todav\u00eda tiene energ\u00eda para entrenar. Y tambi\u00e9n, por supuesto, la que quiere que todo aquello que lleva puesto tenga cierto sentido est\u00e9tico.<\/p>\n<p>Pero quiz\u00e1 lo que mejor explica su atractivo no aparezca en ninguna ficha t\u00e9cnica. Los auriculares est\u00e1n empezando a recorrer el mismo camino que antes hicieron los relojes inteligentes: <strong>dejar de parecer tecnolog\u00eda que llevamos encima para convertirse en parte de nuestro estilo personal<\/strong>.<\/p>\n<p>Y en una rentr\u00e9e en la que queremos volver a la oficina, recuperar el deporte, organizar nuestra vida y seguir encontrando peque\u00f1os espacios para nosotros entre reuni\u00f3n y reuni\u00f3n, unos auriculares que permiten escuchar nuestra m\u00fasica sin dejar de escuchar el mundo parecen una forma bastante apetecible de empezar septiembre.<\/p>\n<p>Porque volver a la rutina siempre cuesta un poco menos cuando estrenamos algo. Y si adem\u00e1s combina con el look, much\u00edsimo mejor.<\/p>\n<p><img loading=\"lazy\" decoding=\"async\" class=\"aligncenter size-full wp-image-196993\" src=\"https:\/\/graziamagazine.com\/es\/wp-content\/uploads\/sites\/12\/2026\/09\/cmf-clip-pro-orange-light-dark-gray-e1788344505690.jpg\" alt=\"\" width=\"1277\" height=\"554\" srcset=\"https:\/\/graziamagazine.com\/es\/wp-content\/uploads\/sites\/12\/2026\/09\/cmf-clip-pro-orange-light-dark-gray-e1788344505690.jpg 1277w, https:\/\/graziamagazine.com\/es\/wp-content\/uploads\/sites\/12\/2026\/09\/cmf-clip-pro-orange-light-dark-gray-e1788344505690-300x130.jpg 300w, https:\/\/graziamagazine.com\/es\/wp-content\/uploads\/sites\/12\/2026\/09\/cmf-clip-pro-orange-light-dark-gray-e1788344505690-1024x444.jpg 1024w, https:\/\/graziamagazine.com\/es\/wp-content\/uploads\/sites\/12\/2026\/09\/cmf-clip-pro-orange-light-dark-gray-e1788344505690-768x333.jpg 768w, https:\/\/graziamagazine.com\/es\/wp-content\/uploads\/sites\/12\/2026\/09\/cmf-clip-pro-orange-light-dark-gray-e1788344505690-400x174.jpg 400w, https:\/\/graziamagazine.com\/es\/wp-content\/uploads\/sites\/12\/2026\/09\/cmf-clip-pro-orange-light-dark-gray-e1788344505690-155x67.jpg 155w\" sizes=\"(max-width: 1277px) 100vw, 1277px\" \/><\/p>\n<p><a href=\"https:\/\/es.nothing.tech\/products\/cmf-clip-pro?srsltid=AfmBOooSKPB1V4RG_fAyuB4kaPcaOSCeDsXK124bBd8u6a-3raTGILJd&amp;Colour=Light+Grey\" target=\"_blank\">Con un precio de <strong>79,95 euros<\/strong>, Clip Pro estar\u00e1 disponible en Dark Grey, Light Grey y Coral. Las reservas en Europa han comenzado desde 1 de septiembre y los primeros env\u00edos est\u00e1n previstos para el d\u00eda 7 de septiembre.<\/a><\/p>\n<p><em>*Im\u00e1genes: cortes\u00eda<\/em><\/p>\n","protected":false},"author":11653,"featured_media":196991,"template":"","format":"standard","categories":[18],"acf":[],"yoast_head":"<!-- This site is optimized with the Yoast SEO Premium plugin v18.5 (Yoast SEO v20.4) - https:\/\/yoast.com\/wordpress\/plugins\/seo\/ -->\n<title>Los auriculares que quieren conquistar la rentr\u00e9e<\/title>\n<meta name=\"description\" content=\"Los auriculares que parecen un accesorio de moda y llegan justo a tiempo para volver a la oficina: as\u00ed son los nuevos CMF Clip Pro.\" \/>\n<meta name=\"robots\" content=\"index, follow, max-snippet:-1, max-image-preview:large, max-video-preview:-1\" \/>\n<link rel=\"canonical\" href=\"https:\/\/graziamagazine.com\/es\/articles\/los-auriculares-que-quieren-conquistar-la-rentree\/\" \/>\n<meta property=\"og:locale\" content=\"es_ES\" \/>\n<meta property=\"og:type\" content=\"article\" \/>\n<meta property=\"og:title\" content=\"Los auriculares que quieren conquistar la rentr\u00e9e\" \/>\n<meta property=\"og:description\" content=\"Los auriculares que parecen un accesorio de moda y llegan justo a tiempo para volver a la oficina: as\u00ed son los nuevos CMF Clip Pro.\" \/>\n<meta property=\"og:url\" content=\"https:\/\/graziamagazine.com\/es\/articles\/los-auriculares-que-quieren-conquistar-la-rentree\/\" \/>\n<meta property=\"og:site_name\" content=\"Grazia\" \/>\n<meta property=\"og:image\" content=\"https:\/\/graziamagazine.com\/es\/wp-content\/uploads\/sites\/12\/2026\/09\/d0e07b862d8b89dc9450d37763f0eb973eabfdfb-4096x2305-copia-scaled.jpg\" \/>\n\t<meta property=\"og:image:width\" content=\"2560\" \/>\n\t<meta property=\"og:image:height\" content=\"1441\" \/>\n\t<meta property=\"og:image:type\" content=\"image\/jpeg\" \/>\n<meta name=\"twitter:card\" content=\"summary_large_image\" \/>\n<meta name=\"twitter:label1\" content=\"Est. reading time\" \/>\n\t<meta name=\"twitter:data1\" content=\"8 minutos\" \/>\n<script type=\"application\/ld+json\" class=\"yoast-schema-graph\">{\"@context\":\"https:\/\/schema.org\",\"@graph\":[{\"@type\":\"WebPage\",\"@id\":\"https:\/\/graziamagazine.com\/es\/articles\/los-auriculares-que-quieren-conquistar-la-rentree\/\",\"url\":\"https:\/\/graziamagazine.com\/es\/articles\/los-auriculares-que-quieren-conquistar-la-rentree\/\",\"name\":\"Los auriculares que quieren conquistar la rentr\u00e9e\",\"isPartOf\":{\"@id\":\"https:\/\/graziamagazine.com\/es\/#website\"},\"datePublished\":\"2026-09-02T10:22:56+00:00\",\"dateModified\":\"2026-09-02T10:22:56+00:00\",\"description\":\"Los auriculares que parecen un accesorio de moda y llegan justo a tiempo para volver a la oficina: as\u00ed son los nuevos CMF Clip Pro.\",\"breadcrumb\":{\"@id\":\"https:\/\/graziamagazine.com\/es\/articles\/los-auriculares-que-quieren-conquistar-la-rentree\/#breadcrumb\"},\"inLanguage\":\"es\",\"potentialAction\":[{\"@type\":\"ReadAction\",\"target\":[\"https:\/\/graziamagazine.com\/es\/articles\/los-auriculares-que-quieren-conquistar-la-rentree\/\"]}]},{\"@type\":\"BreadcrumbList\",\"@id\":\"https:\/\/graziamagazine.com\/es\/articles\/los-auriculares-que-quieren-conquistar-la-rentree\/#breadcrumb\",\"itemListElement\":[{\"@type\":\"ListItem\",\"position\":1,\"name\":\"Portada\",\"item\":\"https:\/\/graziamagazine.com\/es\/\"},{\"@type\":\"ListItem\",\"position\":2,\"name\":\"Los auriculares que quieren conquistar la rentr\u00e9e\"}]},{\"@type\":\"WebSite\",\"@id\":\"https:\/\/graziamagazine.com\/es\/#website\",\"url\":\"https:\/\/graziamagazine.com\/es\/\",\"name\":\"Grazia\",\"description\":\"Moda, belleza, celebrities, estilo de vida...\",\"potentialAction\":[{\"@type\":\"SearchAction\",\"target\":{\"@type\":\"EntryPoint\",\"urlTemplate\":\"https:\/\/graziamagazine.com\/es\/?s={search_term_string}\"},\"query-input\":\"required name=search_term_string\"}],\"inLanguage\":\"es\"}]}<\/script>\n<!-- \/ Yoast SEO Premium plugin. -->","yoast_head_json":{"title":"Los auriculares que quieren conquistar la rentr\u00e9e","description":"Los auriculares que parecen un accesorio de moda y llegan justo a tiempo para volver a la oficina: as\u00ed son los nuevos CMF Clip Pro.","robots":{"index":"index","follow":"follow","max-snippet":"max-snippet:-1","max-image-preview":"max-image-preview:large","max-video-preview":"max-video-preview:-1"},"canonical":"https:\/\/graziamagazine.com\/es\/articles\/los-auriculares-que-quieren-conquistar-la-rentree\/","og_locale":"es_ES","og_type":"article","og_title":"Los auriculares que quieren conquistar la rentr\u00e9e","og_description":"Los auriculares que parecen un accesorio de moda y llegan justo a tiempo para volver a la oficina: as\u00ed son los nuevos CMF Clip Pro.","og_url":"https:\/\/graziamagazine.com\/es\/articles\/los-auriculares-que-quieren-conquistar-la-rentree\/","og_site_name":"Grazia","og_image":[{"width":2560,"height":1441,"url":"https:\/\/graziamagazine.com\/es\/wp-content\/uploads\/sites\/12\/2026\/09\/d0e07b862d8b89dc9450d37763f0eb973eabfdfb-4096x2305-copia-scaled.jpg","type":"image\/jpeg"}],"twitter_card":"summary_large_image","twitter_misc":{"Est. reading time":"8 minutos"},"schema":{"@context":"https:\/\/schema.org","@graph":[{"@type":"WebPage","@id":"https:\/\/graziamagazine.com\/es\/articles\/los-auriculares-que-quieren-conquistar-la-rentree\/","url":"https:\/\/graziamagazine.com\/es\/articles\/los-auriculares-que-quieren-conquistar-la-rentree\/","name":"Los auriculares que quieren conquistar la rentr\u00e9e","isPartOf":{"@id":"https:\/\/graziamagazine.com\/es\/#website"},"datePublished":"2026-09-02T10:22:56+00:00","dateModified":"2026-09-02T10:22:56+00:00","description":"Los auriculares que parecen un accesorio de moda y llegan justo a tiempo para volver a la oficina: as\u00ed son los nuevos CMF Clip Pro.","breadcrumb":{"@id":"https:\/\/graziamagazine.com\/es\/articles\/los-auriculares-que-quieren-conquistar-la-rentree\/#breadcrumb"},"inLanguage":"es","potentialAction":[{"@type":"ReadAction","target":["https:\/\/graziamagazine.com\/es\/articles\/los-auriculares-que-quieren-conquistar-la-rentree\/"]}]},{"@type":"BreadcrumbList","@id":"https:\/\/graziamagazine.com\/es\/articles\/los-auriculares-que-quieren-conquistar-la-rentree\/#breadcrumb","itemListElement":[{"@type":"ListItem","position":1,"name":"Portada","item":"https:\/\/graziamagazine.com\/es\/"},{"@type":"ListItem","position":2,"name":"Los auriculares que quieren conquistar la rentr\u00e9e"}]},{"@type":"WebSite","@id":"https:\/\/graziamagazine.com\/es\/#website","url":"https:\/\/graziamagazine.com\/es\/","name":"Grazia","description":"Moda, belleza, celebrities, estilo de vida...","potentialAction":[{"@type":"SearchAction","target":{"@type":"EntryPoint","urlTemplate":"https:\/\/graziamagazine.com\/es\/?s={search_term_string}"},"query-input":"required name=search_term_string"}],"inLanguage":"es"}]}},"jetpack_sharing_enabled":true,"distributor_meta":false,"distributor_terms":false,"distributor_media":false,"distributor_original_site_name":"Grazia","distributor_original_site_url":"https:\/\/graziamagazine.com\/es","push-errors":false,"_links":{"self":[{"href":"https:\/\/graziamagazine.com\/es\/wp-json\/wp\/v2\/articles\/196978"}],"collection":[{"href":"https:\/\/graziamagazine.com\/es\/wp-json\/wp\/v2\/articles"}],"about":[{"href":"https:\/\/graziamagazine.com\/es\/wp-json\/wp\/v2\/types\/articles"}],"author":[{"embeddable":true,"href":"https:\/\/graziamagazine.com\/es\/wp-json\/wp\/v2\/users\/11653"}],"wp:featuredmedia":[{"embeddable":true,"href":"https:\/\/graziamagazine.com\/es\/wp-json\/wp\/v2\/media\/196991"}],"wp:attachment":[{"href":"https:\/\/graziamagazine.com\/es\/wp-json\/wp\/v2\/media?parent=196978"}],"wp:term":[{"taxonomy":"category","embeddable":true,"href":"https:\/\/graziamagazine.com\/es\/wp-json\/wp\/v2\/categories?post=196978"}],"curies":[{"name":"wp","href":"https:\/\/api.w.org\/{rel}","templated":true}]}}