{"id":196942,"date":"2026-09-01T11:36:38","date_gmt":"2026-09-01T09:36:38","guid":{"rendered":"https:\/\/graziamagazine.com\/es\/?post_type=articles&#038;p=196942"},"modified":"2026-09-01T11:38:05","modified_gmt":"2026-09-01T09:38:05","slug":"theo-james-es-el-nuevo-embajador-global-de-gant","status":"publish","type":"articles","link":"https:\/\/graziamagazine.com\/es\/articles\/theo-james-es-el-nuevo-embajador-global-de-gant\/","title":{"rendered":"Theo James es el nuevo embajador global de Gant"},"content":{"rendered":"<p><span data-olk-copy-source=\"MessageBody\">Gant da la bienvenida al reconocido actor brit\u00e1nico\u00a0<strong>Theo James\u00a0<\/strong>como nuevo embajador global de la marca. La colaboraci\u00f3n se estrena con la campa\u00f1a Oto\u00f1o\/Invierno 2026, fotografiada en el barrio de Tribeca, en Nueva York, y refleja una afinidad compartida por el estilo atemporal y la visi\u00f3n de Gant sobre el \u2018sportswear\u2019 estadounidense.<\/span><\/p>\n<p>Reconocido por sus trabajos en cine y televisi\u00f3n, con papeles en\u00a0<em>The White Lotus<\/em>,\u00a0<em>The<\/em>\u00a0<em>Gentlemen<\/em>\u00a0y\u00a0<em>Divergente<\/em>, James ha construido una trayectoria marcada por la versatilidad y la elecci\u00f3n de proyectos cuidadosamente seleccionados. Su estilo personal, sobrio y elegante, as\u00ed como su apuesta por la calidad, encajan de forma natural con la propuesta de Gant y su particular interpretaci\u00f3n de la moda deportiva estadounidense, en la que la tradici\u00f3n, la artesan\u00eda y la sofisticaci\u00f3n desenfadada contin\u00faan siendo elementos esenciales de cada colecci\u00f3n.<\/p>\n<blockquote><p><span data-olk-copy-source=\"MessageBody\">\u00abLo que me atrajo de Gant es que transmite una sensaci\u00f3n de atemporalidad\u00bb, afirma Theo James. <\/span><\/p><\/blockquote>\n<p><img loading=\"lazy\" decoding=\"async\" class=\"aligncenter size-full wp-image-196944\" src=\"https:\/\/graziamagazine.com\/es\/wp-content\/uploads\/sites\/12\/2026\/09\/Theo-James-for-Gant-4-copia.jpg\" alt=\"\" width=\"1920\" height=\"1445\" srcset=\"https:\/\/graziamagazine.com\/es\/wp-content\/uploads\/sites\/12\/2026\/09\/Theo-James-for-Gant-4-copia.jpg 1920w, https:\/\/graziamagazine.com\/es\/wp-content\/uploads\/sites\/12\/2026\/09\/Theo-James-for-Gant-4-copia-300x226.jpg 300w, https:\/\/graziamagazine.com\/es\/wp-content\/uploads\/sites\/12\/2026\/09\/Theo-James-for-Gant-4-copia-1024x771.jpg 1024w, https:\/\/graziamagazine.com\/es\/wp-content\/uploads\/sites\/12\/2026\/09\/Theo-James-for-Gant-4-copia-768x578.jpg 768w, https:\/\/graziamagazine.com\/es\/wp-content\/uploads\/sites\/12\/2026\/09\/Theo-James-for-Gant-4-copia-1536x1156.jpg 1536w, https:\/\/graziamagazine.com\/es\/wp-content\/uploads\/sites\/12\/2026\/09\/Theo-James-for-Gant-4-copia-400x301.jpg 400w, https:\/\/graziamagazine.com\/es\/wp-content\/uploads\/sites\/12\/2026\/09\/Theo-James-for-Gant-4-copia-155x117.jpg 155w\" sizes=\"(max-width: 1920px) 100vw, 1920px\" \/><\/p>\n<p><span data-olk-copy-source=\"MessageBody\">\u00ab<em>La historia y el legado de la marca se respetan, pero al mismo tiempo sigue siendo completamente relevante hoy. Hay una honestidad en ese equilibrio. Las prendas tienen una naturalidad inconfundible, combinada con un nivel de sofisticaci\u00f3n que nunca pasa de moda<\/em>\u00ab, contin\u00faa el actor.<\/span><\/p>\n<p><span data-olk-copy-source=\"MessageBody\">En la campa\u00f1a, James lleva algunos de los looks clave de la colecci\u00f3n Oto\u00f1o\/Invierno 2026, desde prendas de abrigo y sastrer\u00eda sofisticadas hasta b\u00e1sicos de uso diario que han definido la identidad de la marca durante generaciones. La colecci\u00f3n toma como punto de partida la energ\u00eda de la Nueva York de los a\u00f1os 90 y el esp\u00edritu relajado de la moda deportiva estadounidense, combinando texturas ricas y superposiciones con personalidad en un armario que refleja a la perfecci\u00f3n el universo Gant: arraigado en su legado y concebido para el presente.<\/span><\/p>\n<p><img loading=\"lazy\" decoding=\"async\" class=\"aligncenter size-full wp-image-196946\" src=\"https:\/\/graziamagazine.com\/es\/wp-content\/uploads\/sites\/12\/2026\/09\/Theo-James-for-Gant-3_1-copia.jpg\" alt=\"\" width=\"1920\" height=\"1438\" srcset=\"https:\/\/graziamagazine.com\/es\/wp-content\/uploads\/sites\/12\/2026\/09\/Theo-James-for-Gant-3_1-copia.jpg 1920w, https:\/\/graziamagazine.com\/es\/wp-content\/uploads\/sites\/12\/2026\/09\/Theo-James-for-Gant-3_1-copia-300x225.jpg 300w, https:\/\/graziamagazine.com\/es\/wp-content\/uploads\/sites\/12\/2026\/09\/Theo-James-for-Gant-3_1-copia-1024x767.jpg 1024w, https:\/\/graziamagazine.com\/es\/wp-content\/uploads\/sites\/12\/2026\/09\/Theo-James-for-Gant-3_1-copia-768x575.jpg 768w, https:\/\/graziamagazine.com\/es\/wp-content\/uploads\/sites\/12\/2026\/09\/Theo-James-for-Gant-3_1-copia-1536x1150.jpg 1536w, https:\/\/graziamagazine.com\/es\/wp-content\/uploads\/sites\/12\/2026\/09\/Theo-James-for-Gant-3_1-copia-400x300.jpg 400w, https:\/\/graziamagazine.com\/es\/wp-content\/uploads\/sites\/12\/2026\/09\/Theo-James-for-Gant-3_1-copia-155x116.jpg 155w\" sizes=\"(max-width: 1920px) 100vw, 1920px\" \/><\/p>\n<p aria-hidden=\"true\">\u00ab<em>En Gant siempre hemos cre\u00eddo que el gran estilo se construye sobre la autenticidad y la calidad\u00bb, afirma Fredrik Malm, CEO de Gant. \u00abTheo representa estos valores de manera natural, por lo que es el compa\u00f1ero ideal para seguir compartiendo nuestra visi\u00f3n de una moda deportiva estadounidense contempor\u00e1nea con p\u00fablicos de todo el mundo<\/em>\u00ab, comunican desde la marca.<\/p>\n<p>La campa\u00f1a Gant Oto\u00f1o\/Invierno 2026 protagonizada por Theo James se lanza a nivel global este 1 de septiembre de 2026 a trav\u00e9s de canales digitales, redes sociales, puntos de venta y publicidad exterior.<\/p>\n<p><img loading=\"lazy\" decoding=\"async\" class=\"aligncenter size-full wp-image-196945\" src=\"https:\/\/graziamagazine.com\/es\/wp-content\/uploads\/sites\/12\/2026\/09\/Theo-James-for-Gant-1-copia.jpg\" alt=\"\" width=\"1920\" height=\"1077\" srcset=\"https:\/\/graziamagazine.com\/es\/wp-content\/uploads\/sites\/12\/2026\/09\/Theo-James-for-Gant-1-copia.jpg 1920w, https:\/\/graziamagazine.com\/es\/wp-content\/uploads\/sites\/12\/2026\/09\/Theo-James-for-Gant-1-copia-300x168.jpg 300w, https:\/\/graziamagazine.com\/es\/wp-content\/uploads\/sites\/12\/2026\/09\/Theo-James-for-Gant-1-copia-1024x574.jpg 1024w, https:\/\/graziamagazine.com\/es\/wp-content\/uploads\/sites\/12\/2026\/09\/Theo-James-for-Gant-1-copia-768x431.jpg 768w, https:\/\/graziamagazine.com\/es\/wp-content\/uploads\/sites\/12\/2026\/09\/Theo-James-for-Gant-1-copia-1536x862.jpg 1536w, https:\/\/graziamagazine.com\/es\/wp-content\/uploads\/sites\/12\/2026\/09\/Theo-James-for-Gant-1-copia-400x224.jpg 400w, https:\/\/graziamagazine.com\/es\/wp-content\/uploads\/sites\/12\/2026\/09\/Theo-James-for-Gant-1-copia-155x87.jpg 155w\" sizes=\"(max-width: 1920px) 100vw, 1920px\" \/><\/p>\n<p><em>*Im\u00e1genes: cortes\u00eda<\/em><\/p>\n","protected":false},"author":11653,"featured_media":196943,"template":"","format":"standard","categories":[2971],"acf":{"banner":""},"yoast_head":"<!-- This site is optimized with the Yoast SEO Premium plugin v18.5 (Yoast SEO v20.4) - https:\/\/yoast.com\/wordpress\/plugins\/seo\/ -->\n<title>Theo James es el nuevo embajador global de Gant<\/title>\n<meta name=\"description\" content=\"El actor brit\u00e1nico protagoniza la campa\u00f1a Oto\u00f1o\/Invierno 2026 de la marca que ha sido fotografiada en Nueva York.\" \/>\n<meta name=\"robots\" content=\"index, follow, max-snippet:-1, max-image-preview:large, max-video-preview:-1\" \/>\n<link rel=\"canonical\" href=\"https:\/\/graziamagazine.com\/es\/articles\/theo-james-es-el-nuevo-embajador-global-de-gant\/\" \/>\n<meta property=\"og:locale\" content=\"es_ES\" \/>\n<meta property=\"og:type\" content=\"article\" \/>\n<meta property=\"og:title\" content=\"Theo James es el nuevo embajador global de Gant\" \/>\n<meta property=\"og:description\" content=\"El actor brit\u00e1nico protagoniza la campa\u00f1a Oto\u00f1o\/Invierno 2026 de la marca que ha sido fotografiada en Nueva York.\" \/>\n<meta property=\"og:url\" content=\"https:\/\/graziamagazine.com\/es\/articles\/theo-james-es-el-nuevo-embajador-global-de-gant\/\" \/>\n<meta property=\"og:site_name\" content=\"Grazia\" \/>\n<meta property=\"article:modified_time\" content=\"2026-09-01T09:38:05+00:00\" \/>\n<meta property=\"og:image\" content=\"https:\/\/graziamagazine.com\/es\/wp-content\/uploads\/sites\/12\/2026\/09\/Theo-James-for-Gant-2-copia.jpg\" \/>\n\t<meta property=\"og:image:width\" content=\"1920\" \/>\n\t<meta property=\"og:image:height\" content=\"1441\" \/>\n\t<meta property=\"og:image:type\" content=\"image\/jpeg\" \/>\n<meta name=\"twitter:card\" content=\"summary_large_image\" \/>\n<meta name=\"twitter:label1\" content=\"Est. reading time\" \/>\n\t<meta name=\"twitter:data1\" content=\"3 minutos\" \/>\n<script type=\"application\/ld+json\" class=\"yoast-schema-graph\">{\"@context\":\"https:\/\/schema.org\",\"@graph\":[{\"@type\":\"WebPage\",\"@id\":\"https:\/\/graziamagazine.com\/es\/articles\/theo-james-es-el-nuevo-embajador-global-de-gant\/\",\"url\":\"https:\/\/graziamagazine.com\/es\/articles\/theo-james-es-el-nuevo-embajador-global-de-gant\/\",\"name\":\"Theo James es el nuevo embajador global de Gant\",\"isPartOf\":{\"@id\":\"https:\/\/graziamagazine.com\/es\/#website\"},\"datePublished\":\"2026-09-01T09:36:38+00:00\",\"dateModified\":\"2026-09-01T09:38:05+00:00\",\"description\":\"El actor brit\u00e1nico protagoniza la campa\u00f1a Oto\u00f1o\/Invierno 2026 de la marca que ha sido fotografiada en Nueva York.\",\"breadcrumb\":{\"@id\":\"https:\/\/graziamagazine.com\/es\/articles\/theo-james-es-el-nuevo-embajador-global-de-gant\/#breadcrumb\"},\"inLanguage\":\"es\",\"potentialAction\":[{\"@type\":\"ReadAction\",\"target\":[\"https:\/\/graziamagazine.com\/es\/articles\/theo-james-es-el-nuevo-embajador-global-de-gant\/\"]}]},{\"@type\":\"BreadcrumbList\",\"@id\":\"https:\/\/graziamagazine.com\/es\/articles\/theo-james-es-el-nuevo-embajador-global-de-gant\/#breadcrumb\",\"itemListElement\":[{\"@type\":\"ListItem\",\"position\":1,\"name\":\"Portada\",\"item\":\"https:\/\/graziamagazine.com\/es\/\"},{\"@type\":\"ListItem\",\"position\":2,\"name\":\"Theo James es el nuevo embajador global de Gant\"}]},{\"@type\":\"WebSite\",\"@id\":\"https:\/\/graziamagazine.com\/es\/#website\",\"url\":\"https:\/\/graziamagazine.com\/es\/\",\"name\":\"Grazia\",\"description\":\"Moda, belleza, celebrities, estilo de vida...\",\"potentialAction\":[{\"@type\":\"SearchAction\",\"target\":{\"@type\":\"EntryPoint\",\"urlTemplate\":\"https:\/\/graziamagazine.com\/es\/?s={search_term_string}\"},\"query-input\":\"required name=search_term_string\"}],\"inLanguage\":\"es\"}]}<\/script>\n<!-- \/ Yoast SEO Premium plugin. -->","yoast_head_json":{"title":"Theo James es el nuevo embajador global de Gant","description":"El actor brit\u00e1nico protagoniza la campa\u00f1a Oto\u00f1o\/Invierno 2026 de la marca que ha sido fotografiada en Nueva York.","robots":{"index":"index","follow":"follow","max-snippet":"max-snippet:-1","max-image-preview":"max-image-preview:large","max-video-preview":"max-video-preview:-1"},"canonical":"https:\/\/graziamagazine.com\/es\/articles\/theo-james-es-el-nuevo-embajador-global-de-gant\/","og_locale":"es_ES","og_type":"article","og_title":"Theo James es el nuevo embajador global de Gant","og_description":"El actor brit\u00e1nico protagoniza la campa\u00f1a Oto\u00f1o\/Invierno 2026 de la marca que ha sido fotografiada en Nueva York.","og_url":"https:\/\/graziamagazine.com\/es\/articles\/theo-james-es-el-nuevo-embajador-global-de-gant\/","og_site_name":"Grazia","article_modified_time":"2026-09-01T09:38:05+00:00","og_image":[{"width":1920,"height":1441,"url":"https:\/\/graziamagazine.com\/es\/wp-content\/uploads\/sites\/12\/2026\/09\/Theo-James-for-Gant-2-copia.jpg","type":"image\/jpeg"}],"twitter_card":"summary_large_image","twitter_misc":{"Est. reading time":"3 minutos"},"schema":{"@context":"https:\/\/schema.org","@graph":[{"@type":"WebPage","@id":"https:\/\/graziamagazine.com\/es\/articles\/theo-james-es-el-nuevo-embajador-global-de-gant\/","url":"https:\/\/graziamagazine.com\/es\/articles\/theo-james-es-el-nuevo-embajador-global-de-gant\/","name":"Theo James es el nuevo embajador global de Gant","isPartOf":{"@id":"https:\/\/graziamagazine.com\/es\/#website"},"datePublished":"2026-09-01T09:36:38+00:00","dateModified":"2026-09-01T09:38:05+00:00","description":"El actor brit\u00e1nico protagoniza la campa\u00f1a Oto\u00f1o\/Invierno 2026 de la marca que ha sido fotografiada en Nueva York.","breadcrumb":{"@id":"https:\/\/graziamagazine.com\/es\/articles\/theo-james-es-el-nuevo-embajador-global-de-gant\/#breadcrumb"},"inLanguage":"es","potentialAction":[{"@type":"ReadAction","target":["https:\/\/graziamagazine.com\/es\/articles\/theo-james-es-el-nuevo-embajador-global-de-gant\/"]}]},{"@type":"BreadcrumbList","@id":"https:\/\/graziamagazine.com\/es\/articles\/theo-james-es-el-nuevo-embajador-global-de-gant\/#breadcrumb","itemListElement":[{"@type":"ListItem","position":1,"name":"Portada","item":"https:\/\/graziamagazine.com\/es\/"},{"@type":"ListItem","position":2,"name":"Theo James es el nuevo embajador global de Gant"}]},{"@type":"WebSite","@id":"https:\/\/graziamagazine.com\/es\/#website","url":"https:\/\/graziamagazine.com\/es\/","name":"Grazia","description":"Moda, belleza, celebrities, estilo de vida...","potentialAction":[{"@type":"SearchAction","target":{"@type":"EntryPoint","urlTemplate":"https:\/\/graziamagazine.com\/es\/?s={search_term_string}"},"query-input":"required name=search_term_string"}],"inLanguage":"es"}]}},"jetpack_sharing_enabled":true,"distributor_meta":false,"distributor_terms":false,"distributor_media":false,"distributor_original_site_name":"Grazia","distributor_original_site_url":"https:\/\/graziamagazine.com\/es","push-errors":false,"_links":{"self":[{"href":"https:\/\/graziamagazine.com\/es\/wp-json\/wp\/v2\/articles\/196942"}],"collection":[{"href":"https:\/\/graziamagazine.com\/es\/wp-json\/wp\/v2\/articles"}],"about":[{"href":"https:\/\/graziamagazine.com\/es\/wp-json\/wp\/v2\/types\/articles"}],"author":[{"embeddable":true,"href":"https:\/\/graziamagazine.com\/es\/wp-json\/wp\/v2\/users\/11653"}],"wp:featuredmedia":[{"embeddable":true,"href":"https:\/\/graziamagazine.com\/es\/wp-json\/wp\/v2\/media\/196943"}],"wp:attachment":[{"href":"https:\/\/graziamagazine.com\/es\/wp-json\/wp\/v2\/media?parent=196942"}],"wp:term":[{"taxonomy":"category","embeddable":true,"href":"https:\/\/graziamagazine.com\/es\/wp-json\/wp\/v2\/categories?post=196942"}],"curies":[{"name":"wp","href":"https:\/\/api.w.org\/{rel}","templated":true}]}}