{"id":196936,"date":"2026-09-01T11:28:16","date_gmt":"2026-09-01T09:28:16","guid":{"rendered":"https:\/\/graziamagazine.com\/es\/?post_type=articles&#038;p=196936"},"modified":"2026-09-01T11:28:30","modified_gmt":"2026-09-01T09:28:30","slug":"omoda-madrid-es-moda-confirma-calendario-edicion-septiembre","status":"publish","type":"articles","link":"https:\/\/graziamagazine.com\/es\/articles\/omoda-madrid-es-moda-confirma-calendario-edicion-septiembre\/","title":{"rendered":"Omoda Madrid es Moda confirma el calendario de su edici\u00f3n de septiembre"},"content":{"rendered":"<p class=\"x_MsoNormal\"><span lang=\"ES-TRAD\" data-olk-copy-source=\"MessageBody\"><a href=\"https:\/\/madridesmoda.com\/\"title=\"https:\/\/madridesmoda.com\/\"  target=\"_blank\" rel=\"noopener noreferrer\" data-auth=\"NotApplicable\" data-linkindex=\"2\" target=\"_blank\"><span class=\"mark65v98iqjo\" data-markjs=\"true\" data-ogac=\"\" data-ogab=\"\" data-ogsc=\"\" data-ogsb=\"\" data-ogsbtc=\"\" data-ogsbrc=\"\" data-ogsbbc=\"\" data-ogsblc=\"\">OMODA<\/span>\u00a0<span class=\"markeiedaeugp\" data-markjs=\"true\" data-ogac=\"\" data-ogab=\"\" data-ogsc=\"\" data-ogsb=\"\" data-ogsbtc=\"\" data-ogsbrc=\"\" data-ogsbbc=\"\" data-ogsblc=\"\">Madrid<\/span>\u00a0<span class=\"markuqsb6reh4\" data-markjs=\"true\" data-ogac=\"\" data-ogab=\"\" data-ogsc=\"\" data-ogsb=\"\" data-ogsbtc=\"\" data-ogsbrc=\"\" data-ogsbbc=\"\" data-ogsblc=\"\">es<\/span>\u00a0<span class=\"markva7tmpmz7\" data-markjs=\"true\" data-ogac=\"\" data-ogab=\"\" data-ogsc=\"\" data-ogsb=\"\" data-ogsbtc=\"\" data-ogsbrc=\"\" data-ogsbbc=\"\" data-ogsblc=\"\">Moda<\/span><\/a>, proyecto promovido en colaboraci\u00f3n con la Asociaci\u00f3n Creadores de\u00a0<span class=\"markva7tmpmz7\" data-markjs=\"true\" data-ogac=\"\" data-ogab=\"\" data-ogsc=\"\" data-ogsb=\"\" data-ogsbtc=\"\" data-ogsbrc=\"\" data-ogsbbc=\"\" data-ogsblc=\"\">Moda<\/span>\u00a0de\u00a0<span class=\"markuqsb6reh4\" data-markjs=\"true\" data-ogac=\"\" data-ogab=\"\" data-ogsc=\"\" data-ogsb=\"\" data-ogsbtc=\"\" data-ogsbrc=\"\" data-ogsbbc=\"\" data-ogsblc=\"\">Es<\/span>pa\u00f1a (<a href=\"https:\/\/creadores.org\/\"title=\"https:\/\/creadores.org\/\"  target=\"_blank\" rel=\"noopener noreferrer\" data-auth=\"NotApplicable\" data-linkindex=\"3\" target=\"_blank\">ACME<\/a>) y con el apoyo del Ayuntamiento de\u00a0<span class=\"markeiedaeugp\" data-markjs=\"true\" data-ogac=\"\" data-ogab=\"\" data-ogsc=\"\" data-ogsb=\"\" data-ogsbtc=\"\" data-ogsbrc=\"\" data-ogsbbc=\"\" data-ogsblc=\"\">Madrid<\/span>\u00a0a trav\u00e9s de la iniciativa municipal\u00a0<a href=\"https:\/\/www.madridcapitaldemoda.com\/\"title=\"https:\/\/www.madridcapitaldemoda.com\/\"  target=\"_blank\" rel=\"noopener noreferrer\" data-auth=\"NotApplicable\" data-linkindex=\"4\" target=\"_blank\"><span class=\"markeiedaeugp\" data-markjs=\"true\" data-ogac=\"\" data-ogab=\"\" data-ogsc=\"\" data-ogsb=\"\" data-ogsbtc=\"\" data-ogsbrc=\"\" data-ogsbbc=\"\" data-ogsblc=\"\">Madrid<\/span>\u00a0Capital de\u00a0<span class=\"markva7tmpmz7\" data-markjs=\"true\" data-ogac=\"\" data-ogab=\"\" data-ogsc=\"\" data-ogsb=\"\" data-ogsbtc=\"\" data-ogsbrc=\"\" data-ogsbbc=\"\" data-ogsblc=\"\">Moda<\/span><\/a>, liderada por el \u00c1rea de Gobierno de Econom\u00eda, Innovaci\u00f3n y Hacienda, desvela hoy el\u00a0<a href=\"https:\/\/drive.google.com\/drive\/folders\/1Q5_38qEu6zkKNOiwe8nvcYbhF5xUHkec?usp=drive_link\"title=\"https:\/\/drive.google.com\/drive\/folders\/1Q5_38qEu6zkKNOiwe8nvcYbhF5xUHkec?usp=drive_link\"  target=\"_blank\" rel=\"noopener noreferrer\" data-auth=\"NotApplicable\" data-linkindex=\"5\" target=\"_blank\">calendario\u00a0<\/a>de su pr\u00f3xima edici\u00f3n, que se celebrar\u00e1 del\u00a0<b>7 al 10 de septiembre<\/b>.<\/span><\/p>\n<p class=\"x_MsoNormal\"><span lang=\"ES-TRAD\">Pioneros\u00a0<\/span>en unir la\u00a0<span class=\"markva7tmpmz7\" data-markjs=\"true\" data-ogac=\"\" data-ogab=\"\" data-ogsc=\"\" data-ogsb=\"\" data-ogsbtc=\"\" data-ogsbrc=\"\" data-ogsbbc=\"\" data-ogsblc=\"\">moda<\/span>\u00a0con el patrimonio cultural de la ciudad,\u00a0<span class=\"mark65v98iqjo\" data-markjs=\"true\" data-ogac=\"\" data-ogab=\"\" data-ogsc=\"\" data-ogsb=\"\" data-ogsbtc=\"\" data-ogsbrc=\"\" data-ogsbbc=\"\" data-ogsblc=\"\">OMODA<\/span>\u00a0<span class=\"markeiedaeugp\" data-markjs=\"true\" data-ogac=\"\" data-ogab=\"\" data-ogsc=\"\" data-ogsb=\"\" data-ogsbtc=\"\" data-ogsbrc=\"\" data-ogsbbc=\"\" data-ogsblc=\"\">Madrid<\/span>\u00a0<span class=\"markuqsb6reh4\" data-markjs=\"true\" data-ogac=\"\" data-ogab=\"\" data-ogsc=\"\" data-ogsb=\"\" data-ogsbtc=\"\" data-ogsbrc=\"\" data-ogsbbc=\"\" data-ogsblc=\"\">es<\/span>\u00a0<span class=\"markva7tmpmz7\" data-markjs=\"true\" data-ogac=\"\" data-ogab=\"\" data-ogsc=\"\" data-ogsb=\"\" data-ogsbtc=\"\" data-ogsbrc=\"\" data-ogsbbc=\"\" data-ogsblc=\"\">Moda<\/span>\u00a0acercar\u00e1 las propuestas de\u00a0<b>m\u00e1s de 30 dise\u00f1adores y firmas\u00a0<\/b>en\u00a0<span lang=\"ES-TRAD\">desfiles,\u00a0<i>performances<\/i>, exposiciones, experiencias inmersivas,\u00a0<i>open days<\/i>\u00a0y coloquios organizados en museos, atelieres, hoteles, tiendas y otros rincones emblem\u00e1ticos de la capital.<\/span><span lang=\"ES-TRAD\">\u00a0<\/span><\/p>\n<p class=\"x_MsoNormal\">Los participantes de\u00a0<span class=\"mark65v98iqjo\" data-markjs=\"true\" data-ogac=\"\" data-ogab=\"\" data-ogsc=\"\" data-ogsb=\"\" data-ogsbtc=\"\" data-ogsbrc=\"\" data-ogsbbc=\"\" data-ogsblc=\"\">OMODA<\/span>\u00a0<span class=\"markeiedaeugp\" data-markjs=\"true\" data-ogac=\"\" data-ogab=\"\" data-ogsc=\"\" data-ogsb=\"\" data-ogsbtc=\"\" data-ogsbrc=\"\" data-ogsbbc=\"\" data-ogsblc=\"\">Madrid<\/span>\u00a0<span class=\"markuqsb6reh4\" data-markjs=\"true\" data-ogac=\"\" data-ogab=\"\" data-ogsc=\"\" data-ogsb=\"\" data-ogsbtc=\"\" data-ogsbrc=\"\" data-ogsbbc=\"\" data-ogsblc=\"\">es<\/span>\u00a0<span class=\"markva7tmpmz7\" data-markjs=\"true\" data-ogac=\"\" data-ogab=\"\" data-ogsc=\"\" data-ogsb=\"\" data-ogsbtc=\"\" data-ogsbrc=\"\" data-ogsbbc=\"\" data-ogsblc=\"\">Moda<\/span>\u00a0son:\u00a0<b>Adlib Ibiza, Angel Schlesser,\u00a0<\/b><b><span lang=\"ES-TRAD\">Aurelia Gil Novias,\u00a0<\/span><\/b><b>Carlota Barrera,\u00a0<\/b><b><span lang=\"ES-TRAD\">Devota &amp; Lomba, Dolores Cort\u00e9s, Dolores Promesas x Duyos, Dominnico, Evade House, F\u00e9lix Ramiro, Garc\u00eda\u00a0<span class=\"markeiedaeugp\" data-markjs=\"true\" data-ogac=\"\" data-ogab=\"\" data-ogsc=\"\" data-ogsb=\"\" data-ogsbtc=\"\" data-ogsbrc=\"\" data-ogsbbc=\"\" data-ogsblc=\"\">Madrid<\/span>, Gonzales, Helena Rohner, IED\u00a0<span class=\"markeiedaeugp\" data-markjs=\"true\" data-ogac=\"\" data-ogab=\"\" data-ogsc=\"\" data-ogsb=\"\" data-ogsbtc=\"\" data-ogsbrc=\"\" data-ogsbbc=\"\" data-ogsblc=\"\">Madrid<\/span>, Isla Bonita\u00a0<span class=\"markva7tmpmz7\" data-markjs=\"true\" data-ogac=\"\" data-ogab=\"\" data-ogsc=\"\" data-ogsb=\"\" data-ogsbtc=\"\" data-ogsbrc=\"\" data-ogsbbc=\"\" data-ogsblc=\"\">Moda<\/span>, It-Spain, Juan Avellaneda x See Iou, Luis Berrendero, Maison Mesa, Mar\u00eda Lafuente, Miguel Marinero, Ogadenia Couture,\u00a0<\/span><\/b><b>OTEYZA,\u00a0<\/b><b><span lang=\"ES-TRAD\">Pedro Palmas<\/span><\/b><b>, Pilar Dalbat, Roberto Torretta, Roberto Verino, The 2nd Skin CO., Sybilla, The Extreme Collection, We Are Spastor\u00a0<\/b>y\u00a0 el t\u00e1ndem creativo formado por\u00a0<b>Daniel Chong y Eduardo Navarrete<\/b>.<\/p>\n<p class=\"x_MsoNormal\"><span lang=\"ES-TRAD\">La programaci\u00f3n incluye\u00a0<\/span>la presentaci\u00f3n de\u00a0<b><i>100 Metros de\u00a0<span class=\"markva7tmpmz7\" data-markjs=\"true\" data-ogac=\"\" data-ogab=\"\" data-ogsc=\"\" data-ogsb=\"\" data-ogsbtc=\"\" data-ogsbrc=\"\" data-ogsbbc=\"\" data-ogsblc=\"\">Moda<\/span>\u00a0Solidaria por Venezuela<\/i><\/b>, una iniciativa solidaria desarrollada por\u00a0<b>ACME y Ayuda en Acci\u00f3n<\/b>, y el primer ciclo de\u00a0<b>Los Jueves de la\u00a0<span class=\"markva7tmpmz7\" data-markjs=\"true\" data-ogac=\"\" data-ogab=\"\" data-ogsc=\"\" data-ogsb=\"\" data-ogsbtc=\"\" data-ogsbrc=\"\" data-ogsbbc=\"\" data-ogsblc=\"\">Moda<\/span><\/b>, los encuentros promovidos por la Fundaci\u00f3n Academia de la\u00a0<span class=\"markva7tmpmz7\" data-markjs=\"true\" data-ogac=\"\" data-ogab=\"\" data-ogsc=\"\" data-ogsb=\"\" data-ogsbtc=\"\" data-ogsbrc=\"\" data-ogsbbc=\"\" data-ogsblc=\"\">Moda<\/span>\u00a0<span class=\"markuqsb6reh4\" data-markjs=\"true\" data-ogac=\"\" data-ogab=\"\" data-ogsc=\"\" data-ogsb=\"\" data-ogsbtc=\"\" data-ogsbrc=\"\" data-ogsbbc=\"\" data-ogsblc=\"\">Es<\/span>pa\u00f1ola (FAME) y organizados por\u00a0<i><span class=\"markva7tmpmz7\" data-markjs=\"true\" data-ogac=\"\" data-ogab=\"\" data-ogsc=\"\" data-ogsb=\"\" data-ogsbtc=\"\" data-ogsbrc=\"\" data-ogsbbc=\"\" data-ogsblc=\"\">Moda<\/span>es<\/i>, con el apoyo del Ministerio de Cultura.<\/p>\n<p><img loading=\"lazy\" decoding=\"async\" class=\"aligncenter size-full wp-image-196937\" src=\"https:\/\/graziamagazine.com\/es\/wp-content\/uploads\/sites\/12\/2026\/09\/descarga.png\" alt=\"\" width=\"1630\" height=\"916\" srcset=\"https:\/\/graziamagazine.com\/es\/wp-content\/uploads\/sites\/12\/2026\/09\/descarga.png 1630w, https:\/\/graziamagazine.com\/es\/wp-content\/uploads\/sites\/12\/2026\/09\/descarga-300x169.png 300w, https:\/\/graziamagazine.com\/es\/wp-content\/uploads\/sites\/12\/2026\/09\/descarga-1024x575.png 1024w, https:\/\/graziamagazine.com\/es\/wp-content\/uploads\/sites\/12\/2026\/09\/descarga-768x432.png 768w, https:\/\/graziamagazine.com\/es\/wp-content\/uploads\/sites\/12\/2026\/09\/descarga-1536x863.png 1536w, https:\/\/graziamagazine.com\/es\/wp-content\/uploads\/sites\/12\/2026\/09\/descarga-400x225.png 400w, https:\/\/graziamagazine.com\/es\/wp-content\/uploads\/sites\/12\/2026\/09\/descarga-155x87.png 155w\" sizes=\"(max-width: 1630px) 100vw, 1630px\" \/><\/p>\n<blockquote><p><span lang=\"ES-TRAD\" data-olk-copy-source=\"MessageBody\">La programaci\u00f3n incluye m\u00e1s de 30 presentaciones de colecci\u00f3n y otras actividades celebradas en lugares emblem\u00e1ticos de la ciudad. <\/span><\/p><\/blockquote>\n<p><span lang=\"ES-TRAD\" data-olk-copy-source=\"MessageBody\">Moldeada bajo el concepto creativo de\u00a0<b>#fandelamodaespa\u00f1ola<\/b>,\u00a0<span class=\"markuqsb6reh4\" data-markjs=\"true\" data-ogac=\"\" data-ogab=\"\" data-ogsc=\"\" data-ogsb=\"\" data-ogsbtc=\"\" data-ogsbrc=\"\" data-ogsbbc=\"\" data-ogsblc=\"\">es<\/span>ta edici\u00f3n consolida a\u00a0<span class=\"mark65v98iqjo\" data-markjs=\"true\" data-ogac=\"\" data-ogab=\"\" data-ogsc=\"\" data-ogsb=\"\" data-ogsbtc=\"\" data-ogsbrc=\"\" data-ogsbbc=\"\" data-ogsblc=\"\">OMODA<\/span>\u00a0<span class=\"markeiedaeugp\" data-markjs=\"true\" data-ogac=\"\" data-ogab=\"\" data-ogsc=\"\" data-ogsb=\"\" data-ogsbtc=\"\" data-ogsbrc=\"\" data-ogsbbc=\"\" data-ogsblc=\"\">Madrid<\/span>\u00a0<span class=\"markuqsb6reh4\" data-markjs=\"true\" data-ogac=\"\" data-ogab=\"\" data-ogsc=\"\" data-ogsb=\"\" data-ogsbtc=\"\" data-ogsbrc=\"\" data-ogsbbc=\"\" data-ogsblc=\"\">es<\/span>\u00a0<span class=\"markva7tmpmz7\" data-markjs=\"true\" data-ogac=\"\" data-ogab=\"\" data-ogsc=\"\" data-ogsb=\"\" data-ogsbtc=\"\" data-ogsbrc=\"\" data-ogsbbc=\"\" data-ogsblc=\"\">Moda<\/span>\u00a0no solo como una potente plataforma para presentar colecciones, sino como una\u00a0<b>comunidad que impulsa y conecta el talento de la\u00a0<span class=\"markva7tmpmz7\" data-markjs=\"true\" data-ogac=\"\" data-ogab=\"\" data-ogsc=\"\" data-ogsb=\"\" data-ogsbtc=\"\" data-ogsbrc=\"\" data-ogsbbc=\"\" data-ogsblc=\"\">moda<\/span>\u00a0<span class=\"markuqsb6reh4\" data-markjs=\"true\" data-ogac=\"\" data-ogab=\"\" data-ogsc=\"\" data-ogsb=\"\" data-ogsbtc=\"\" data-ogsbrc=\"\" data-ogsbbc=\"\" data-ogsblc=\"\">es<\/span>pa\u00f1ola<\/b>. El pr\u00f3ximo\u00a0<span class=\"mark65v98iqjo\" data-markjs=\"true\" data-ogac=\"\" data-ogab=\"\" data-ogsc=\"\" data-ogsb=\"\" data-ogsbtc=\"\" data-ogsbrc=\"\" data-ogsbbc=\"\" data-ogsblc=\"\">OMODA<\/span>\u00a0<span class=\"markeiedaeugp\" data-markjs=\"true\" data-ogac=\"\" data-ogab=\"\" data-ogsc=\"\" data-ogsb=\"\" data-ogsbtc=\"\" data-ogsbrc=\"\" data-ogsbbc=\"\" data-ogsblc=\"\">Madrid<\/span>\u00a0<span class=\"markuqsb6reh4\" data-markjs=\"true\" data-ogac=\"\" data-ogab=\"\" data-ogsc=\"\" data-ogsb=\"\" data-ogsbtc=\"\" data-ogsbrc=\"\" data-ogsbbc=\"\" data-ogsblc=\"\">es<\/span>\u00a0<span class=\"markva7tmpmz7\" data-markjs=\"true\" data-ogac=\"\" data-ogab=\"\" data-ogsc=\"\" data-ogsb=\"\" data-ogsbtc=\"\" data-ogsbrc=\"\" data-ogsbbc=\"\" data-ogsblc=\"\">Moda<\/span>\u00a0sit\u00faa al dise\u00f1ador en el centro y reivindica el valor de lo colectivo, descubriendo\u00a0<b>la historia compartida que\u00a0<span class=\"markuqsb6reh4\" data-markjs=\"true\" data-ogac=\"\" data-ogab=\"\" data-ogsc=\"\" data-ogsb=\"\" data-ogsbtc=\"\" data-ogsbrc=\"\" data-ogsbbc=\"\" data-ogsblc=\"\">es<\/span>conde cada pieza y las personas que lo hacen posible<\/b>, verdadero patrimonio del sector. Entre ellos, los artesanos, los oficios tradicionales y el p\u00fablico que lo sustenta.<\/span><span lang=\"ES-TRAD\">\u00a0<\/span><\/p>\n<h3 class=\"x_MsoNormal\">DESFILE INAUGURAL EN LOS JARDINES DE SABATINI<\/h3>\n<p class=\"x_MsoNormal\"><span lang=\"ES-TRAD\">El desfile de apertura de\u00a0<span class=\"mark65v98iqjo\" data-markjs=\"true\" data-ogac=\"\" data-ogab=\"\" data-ogsc=\"\" data-ogsb=\"\" data-ogsbtc=\"\" data-ogsbrc=\"\" data-ogsbbc=\"\" data-ogsblc=\"\">OMODA<\/span>\u00a0<span class=\"markeiedaeugp\" data-markjs=\"true\" data-ogac=\"\" data-ogab=\"\" data-ogsc=\"\" data-ogsb=\"\" data-ogsbtc=\"\" data-ogsbrc=\"\" data-ogsbbc=\"\" data-ogsblc=\"\">Madrid<\/span>\u00a0<span class=\"markuqsb6reh4\" data-markjs=\"true\" data-ogac=\"\" data-ogab=\"\" data-ogsc=\"\" data-ogsb=\"\" data-ogsbtc=\"\" data-ogsbrc=\"\" data-ogsbbc=\"\" data-ogsblc=\"\">es<\/span>\u00a0<span class=\"markva7tmpmz7\" data-markjs=\"true\" data-ogac=\"\" data-ogab=\"\" data-ogsc=\"\" data-ogsb=\"\" data-ogsbtc=\"\" data-ogsbrc=\"\" data-ogsbbc=\"\" data-ogsblc=\"\">Moda<\/span>\u00a0tendr\u00e1 lugar el lunes 7 de septiembre, a las 19:00 horas, en el\u00a0<span class=\"markuqsb6reh4\" data-markjs=\"true\" data-ogac=\"\" data-ogab=\"\" data-ogsc=\"\" data-ogsb=\"\" data-ogsbtc=\"\" data-ogsbrc=\"\" data-ogsbbc=\"\" data-ogsblc=\"\">es<\/span>tanque central de los\u00a0<b>Jardines de Sabatini<\/b>, frente a la fachada norte del\u00a0<b>Palacio Real<\/b>.\u00a0<span class=\"markuqsb6reh4\" data-markjs=\"true\" data-ogac=\"\" data-ogab=\"\" data-ogsc=\"\" data-ogsb=\"\" data-ogsbtc=\"\" data-ogsbrc=\"\" data-ogsbbc=\"\" data-ogsblc=\"\">Es<\/span>te evento, organizado junto al\u00a0<b>Ayuntamiento de\u00a0<span class=\"markeiedaeugp\" data-markjs=\"true\" data-ogac=\"\" data-ogab=\"\" data-ogsc=\"\" data-ogsb=\"\" data-ogsbtc=\"\" data-ogsbrc=\"\" data-ogsbbc=\"\" data-ogsblc=\"\">Madrid<\/span><\/b>, inaugura la Semana de la\u00a0<span class=\"markva7tmpmz7\" data-markjs=\"true\" data-ogac=\"\" data-ogab=\"\" data-ogsc=\"\" data-ogsb=\"\" data-ogsbtc=\"\" data-ogsbrc=\"\" data-ogsbbc=\"\" data-ogsblc=\"\">Moda<\/span>.<\/span><\/p>\n<p class=\"x_MsoNormal\"><span lang=\"ES-TRAD\">Inspirado en la sofisticaci\u00f3n contempor\u00e1nea y en la luz y las tonalidades de los atardeceres, contar\u00e1 con la participaci\u00f3n de m\u00e1s de\u00a0<b>20 dise\u00f1adores y firmas<\/b>.<b>\u00a0<\/b>Una pasarela natural que discurrir\u00e1\u00a0<b>entre los \u00e1rboles, las flores y las\u00a0<span class=\"markuqsb6reh4\" data-markjs=\"true\" data-ogac=\"\" data-ogab=\"\" data-ogsc=\"\" data-ogsb=\"\" data-ogsbtc=\"\" data-ogsbrc=\"\" data-ogsbbc=\"\" data-ogsblc=\"\">es<\/span>culturas del siglo XVIII\u00a0<\/b>que rodean el lago. Como tel\u00f3n de fondo, la que\u00a0<span class=\"markuqsb6reh4\" data-markjs=\"true\" data-ogac=\"\" data-ogab=\"\" data-ogsc=\"\" data-ogsb=\"\" data-ogsbtc=\"\" data-ogsbrc=\"\" data-ogsbbc=\"\" data-ogsblc=\"\">es<\/span>t\u00e1 considerada\u00a0<b>una de las mejores puestas de sol de la ciudad<\/b>.<\/span><\/p>\n<p><img loading=\"lazy\" decoding=\"async\" class=\"aligncenter size-full wp-image-196938\" src=\"https:\/\/graziamagazine.com\/es\/wp-content\/uploads\/sites\/12\/2026\/09\/web-teaser-omoda-madrid-es-moda-09-26-pablopaniaguaphoto-0013.jpg\" alt=\"\" width=\"1200\" height=\"1800\" srcset=\"https:\/\/graziamagazine.com\/es\/wp-content\/uploads\/sites\/12\/2026\/09\/web-teaser-omoda-madrid-es-moda-09-26-pablopaniaguaphoto-0013.jpg 1200w, https:\/\/graziamagazine.com\/es\/wp-content\/uploads\/sites\/12\/2026\/09\/web-teaser-omoda-madrid-es-moda-09-26-pablopaniaguaphoto-0013-200x300.jpg 200w, https:\/\/graziamagazine.com\/es\/wp-content\/uploads\/sites\/12\/2026\/09\/web-teaser-omoda-madrid-es-moda-09-26-pablopaniaguaphoto-0013-683x1024.jpg 683w, https:\/\/graziamagazine.com\/es\/wp-content\/uploads\/sites\/12\/2026\/09\/web-teaser-omoda-madrid-es-moda-09-26-pablopaniaguaphoto-0013-768x1152.jpg 768w, https:\/\/graziamagazine.com\/es\/wp-content\/uploads\/sites\/12\/2026\/09\/web-teaser-omoda-madrid-es-moda-09-26-pablopaniaguaphoto-0013-1024x1536.jpg 1024w, https:\/\/graziamagazine.com\/es\/wp-content\/uploads\/sites\/12\/2026\/09\/web-teaser-omoda-madrid-es-moda-09-26-pablopaniaguaphoto-0013-400x600.jpg 400w, https:\/\/graziamagazine.com\/es\/wp-content\/uploads\/sites\/12\/2026\/09\/web-teaser-omoda-madrid-es-moda-09-26-pablopaniaguaphoto-0013-143x215.jpg 143w\" sizes=\"(max-width: 1200px) 100vw, 1200px\" \/><\/p>\n<blockquote><p><span data-olk-copy-source=\"MessageBody\">El Patio Nouvel del Museo Reina Sof\u00eda, el Palacio de Santo\u00f1a, el Museo La Neomud\u00e9jar, el Claustro del Pozo del IES San Isidro, el Museo Arqueol\u00f3gico Nacional, la Fuente de la Fama del Museo de Historia de Madrid o el Museo del Traje Cipe ser\u00e1n algunos de sus escenarios.\u00a0<\/span><\/p><\/blockquote>\n<h3 class=\"x_MsoNormal\"><span data-olk-copy-source=\"MessageBody\">DESFILES EN TODA LA CIUDAD<\/span><\/h3>\n<p class=\"x_MsoNormal\"><span lang=\"ES-TRAD\"><span class=\"mark65v98iqjo\" data-markjs=\"true\" data-ogac=\"\" data-ogab=\"\" data-ogsc=\"\" data-ogsb=\"\" data-ogsbtc=\"\" data-ogsbrc=\"\" data-ogsbbc=\"\" data-ogsblc=\"\">OMODA<\/span>\u00a0<span class=\"markeiedaeugp\" data-markjs=\"true\" data-ogac=\"\" data-ogab=\"\" data-ogsc=\"\" data-ogsb=\"\" data-ogsbtc=\"\" data-ogsbrc=\"\" data-ogsbbc=\"\" data-ogsblc=\"\">Madrid<\/span>\u00a0<span class=\"markuqsb6reh4\" data-markjs=\"true\" data-ogac=\"\" data-ogab=\"\" data-ogsc=\"\" data-ogsb=\"\" data-ogsbtc=\"\" data-ogsbrc=\"\" data-ogsbbc=\"\" data-ogsblc=\"\">es<\/span>\u00a0<span class=\"markva7tmpmz7\" data-markjs=\"true\" data-ogac=\"\" data-ogab=\"\" data-ogsc=\"\" data-ogsb=\"\" data-ogsbtc=\"\" data-ogsbrc=\"\" data-ogsbbc=\"\" data-ogsblc=\"\">Moda<\/span>\u00a0vuelve a transformar a\u00a0<span class=\"markeiedaeugp\" data-markjs=\"true\" data-ogac=\"\" data-ogab=\"\" data-ogsc=\"\" data-ogsb=\"\" data-ogsbtc=\"\" data-ogsbrc=\"\" data-ogsbbc=\"\" data-ogsblc=\"\">Madrid<\/span>\u00a0en una pasarela. De\u00a0<span class=\"markuqsb6reh4\" data-markjs=\"true\" data-ogac=\"\" data-ogab=\"\" data-ogsc=\"\" data-ogsb=\"\" data-ogsbtc=\"\" data-ogsbrc=\"\" data-ogsbbc=\"\" data-ogsblc=\"\">es<\/span>ta forma,\u00a0<\/span><b>Angel Schlesser<\/b>\u00a0desfilar\u00e1 en el\u00a0<span lang=\"ES-TRAD\">Museo La Neomud\u00e9jar,\u00a0<\/span>el Patio Nouvel del Museo Reina Sof\u00eda ser\u00e1 el\u00a0<span class=\"markuqsb6reh4\" data-markjs=\"true\" data-ogac=\"\" data-ogab=\"\" data-ogsc=\"\" data-ogsb=\"\" data-ogsbtc=\"\" data-ogsbrc=\"\" data-ogsbbc=\"\" data-ogsblc=\"\">es<\/span>cenario del desfile con el que\u00a0<b>Devota &amp; Lomba<\/b>\u00a0conmemora sus cuatro d\u00e9cadas de trayectoria,\u00a0<span lang=\"ES-TRAD\">y en e<\/span>l Museo Arqueol\u00f3gico Nacional conoceremos la\u00a0<span lang=\"ES-TRAD\">primera colecci\u00f3n de\u00a0<\/span><b>Dolores Promesas x Duyos<\/b>.<\/p>\n<p class=\"x_MsoNormal\"><span lang=\"ES-TRAD\">Por otro lado, en el Colegio Oficial de Arquitectos de\u00a0<span class=\"markeiedaeugp\" data-markjs=\"true\" data-ogac=\"\" data-ogab=\"\" data-ogsc=\"\" data-ogsb=\"\" data-ogsbtc=\"\" data-ogsbrc=\"\" data-ogsbbc=\"\" data-ogsblc=\"\">Madrid<\/span>\u00a0<b>Pilar Dalbat<\/b>\u00a0desvelar\u00e1\u00a0<i>Yerma<\/i>, una colecci\u00f3n inspirada en la obra de Federico Garc\u00eda Lorca, el paisaje emocional de Granada y el centenario de la Generaci\u00f3n del 27, y\u00a0<b>Maison Mesa<\/b>\u00a0mostrar\u00e1 su l\u00ednea de costura en el restaurante Coque de Mario Sandoval.<b><\/b><\/span><\/p>\n<p class=\"x_MsoNormal\"><span lang=\"ES-TRAD\">Destacar\u00e1n tambi\u00e9n los desfiles de\u00a0<b>Mar\u00eda Lafuente<\/b>\u00a0en La Fuente de la Fama del Museo de Historia de\u00a0<span class=\"markeiedaeugp\" data-markjs=\"true\" data-ogac=\"\" data-ogab=\"\" data-ogsc=\"\" data-ogsb=\"\" data-ogsbtc=\"\" data-ogsbrc=\"\" data-ogsbbc=\"\" data-ogsblc=\"\">Madrid<\/span>, el de\u00a0<b>Dolores Cort\u00e9s<\/b>\u00a0en el Claustro del Pozo del IES San Isidro, el de<b>\u00a0Isla Bonita\u00a0<span class=\"markva7tmpmz7\" data-markjs=\"true\" data-ogac=\"\" data-ogab=\"\" data-ogsc=\"\" data-ogsb=\"\" data-ogsbtc=\"\" data-ogsbrc=\"\" data-ogsbbc=\"\" data-ogsblc=\"\">Moda<\/span>\u00a0<\/b>en el Palacio Santo\u00f1a, el de\u00a0<b>F\u00e9lix Ramiro<\/b>\u00a0en el centro de innovaci\u00f3n La Nave o el de\u00a0<b>Roberto Torretta\u00a0<\/b>en su atelier, una invitaci\u00f3n a descubrir el lugar donde nacen sus creaciones.<\/span><\/p>\n<p class=\"x_MsoNormal\">Fiel a su vocaci\u00f3n de apoyar el talento,\u00a0<span class=\"mark65v98iqjo\" data-markjs=\"true\" data-ogac=\"\" data-ogab=\"\" data-ogsc=\"\" data-ogsb=\"\" data-ogsbtc=\"\" data-ogsbrc=\"\" data-ogsbbc=\"\" data-ogsblc=\"\">OMODA<\/span>\u00a0<span class=\"markeiedaeugp\" data-markjs=\"true\" data-ogac=\"\" data-ogab=\"\" data-ogsc=\"\" data-ogsb=\"\" data-ogsbtc=\"\" data-ogsbrc=\"\" data-ogsbbc=\"\" data-ogsblc=\"\">Madrid<\/span>\u00a0<span class=\"markuqsb6reh4\" data-markjs=\"true\" data-ogac=\"\" data-ogab=\"\" data-ogsc=\"\" data-ogsb=\"\" data-ogsbtc=\"\" data-ogsbrc=\"\" data-ogsbbc=\"\" data-ogsblc=\"\">es<\/span>\u00a0<span class=\"markva7tmpmz7\" data-markjs=\"true\" data-ogac=\"\" data-ogab=\"\" data-ogsc=\"\" data-ogsb=\"\" data-ogsbtc=\"\" data-ogsbrc=\"\" data-ogsbbc=\"\" data-ogsblc=\"\">Moda<\/span>\u00a0acoger\u00e1 el desfile anual de los alumnos de\u00a0<b>IED\u00a0<span class=\"markeiedaeugp\" data-markjs=\"true\" data-ogac=\"\" data-ogab=\"\" data-ogsc=\"\" data-ogsb=\"\" data-ogsbtc=\"\" data-ogsbrc=\"\" data-ogsbbc=\"\" data-ogsblc=\"\">Madrid<\/span><\/b>.<\/p>\n<p><img loading=\"lazy\" decoding=\"async\" class=\"aligncenter size-full wp-image-196939\" src=\"https:\/\/graziamagazine.com\/es\/wp-content\/uploads\/sites\/12\/2026\/09\/web-teaser-omoda-madrid-es-moda-09-26-pablopaniaguaphoto-0010.jpg\" alt=\"\" width=\"1200\" height=\"1800\" srcset=\"https:\/\/graziamagazine.com\/es\/wp-content\/uploads\/sites\/12\/2026\/09\/web-teaser-omoda-madrid-es-moda-09-26-pablopaniaguaphoto-0010.jpg 1200w, https:\/\/graziamagazine.com\/es\/wp-content\/uploads\/sites\/12\/2026\/09\/web-teaser-omoda-madrid-es-moda-09-26-pablopaniaguaphoto-0010-200x300.jpg 200w, https:\/\/graziamagazine.com\/es\/wp-content\/uploads\/sites\/12\/2026\/09\/web-teaser-omoda-madrid-es-moda-09-26-pablopaniaguaphoto-0010-683x1024.jpg 683w, https:\/\/graziamagazine.com\/es\/wp-content\/uploads\/sites\/12\/2026\/09\/web-teaser-omoda-madrid-es-moda-09-26-pablopaniaguaphoto-0010-768x1152.jpg 768w, https:\/\/graziamagazine.com\/es\/wp-content\/uploads\/sites\/12\/2026\/09\/web-teaser-omoda-madrid-es-moda-09-26-pablopaniaguaphoto-0010-1024x1536.jpg 1024w, https:\/\/graziamagazine.com\/es\/wp-content\/uploads\/sites\/12\/2026\/09\/web-teaser-omoda-madrid-es-moda-09-26-pablopaniaguaphoto-0010-400x600.jpg 400w, https:\/\/graziamagazine.com\/es\/wp-content\/uploads\/sites\/12\/2026\/09\/web-teaser-omoda-madrid-es-moda-09-26-pablopaniaguaphoto-0010-143x215.jpg 143w\" sizes=\"(max-width: 1200px) 100vw, 1200px\" \/><\/p>\n<h3 class=\"x_MsoNormal\"><span data-olk-copy-source=\"MessageBody\">OTROS FORMATOS<\/span><\/h3>\n<p class=\"x_MsoNormal\"><span lang=\"ES-TRAD\"><span class=\"mark65v98iqjo\" data-markjs=\"true\" data-ogac=\"\" data-ogab=\"\" data-ogsc=\"\" data-ogsb=\"\" data-ogsbtc=\"\" data-ogsbrc=\"\" data-ogsbbc=\"\" data-ogsblc=\"\">OMODA<\/span>\u00a0<span class=\"markeiedaeugp\" data-markjs=\"true\" data-ogac=\"\" data-ogab=\"\" data-ogsc=\"\" data-ogsb=\"\" data-ogsbtc=\"\" data-ogsbrc=\"\" data-ogsbbc=\"\" data-ogsblc=\"\">Madrid<\/span>\u00a0<span class=\"markuqsb6reh4\" data-markjs=\"true\" data-ogac=\"\" data-ogab=\"\" data-ogsc=\"\" data-ogsb=\"\" data-ogsbtc=\"\" data-ogsbrc=\"\" data-ogsbbc=\"\" data-ogsblc=\"\">es<\/span>\u00a0<span class=\"markva7tmpmz7\" data-markjs=\"true\" data-ogac=\"\" data-ogab=\"\" data-ogsc=\"\" data-ogsb=\"\" data-ogsbtc=\"\" data-ogsbrc=\"\" data-ogsbbc=\"\" data-ogsblc=\"\">Moda<\/span>\u00a0incluye originales eventos expositivos y experienciales para conocer, con otras narrativas y lenguajes, las colecciones de los creadores. Un formato elegido por\u00a0<b>Aurelia Gil, Dominnico, Evade House, Garc\u00eda\u00a0<span class=\"markeiedaeugp\" data-markjs=\"true\" data-ogac=\"\" data-ogab=\"\" data-ogsc=\"\" data-ogsb=\"\" data-ogsbtc=\"\" data-ogsbrc=\"\" data-ogsbbc=\"\" data-ogsblc=\"\">Madrid<\/span>, Gonzales, Helena Rohner\u00a0<\/b>\u2014inmersa en la celebraci\u00f3n de su 30 aniversario\u2014,\u00a0<b>Luis Berrendero, Juan Avellaneda x See Iou, Miguel Marinero, Pedro Palmas, Ogadenia Couture, Roberto Verino, The Extreme Collection y WE ARE SPASTOR<\/b>.<b>\u00a0<\/b>As\u00ed como por\u00a0<b>Daniel Chong y Eduardo Navarrete<\/b>, quienes lanzan su primera colaboraci\u00f3n c\u00e1psula.<\/span><\/p>\n<p class=\"x_MsoNormal\"><span lang=\"ES-TRAD\">Cita clave del calendario ser\u00e1 la intervenci\u00f3n de\u00a0<b>OTEYZA<\/b>\u00a0que unir\u00e1 alta\u00a0<span class=\"markva7tmpmz7\" data-markjs=\"true\" data-ogac=\"\" data-ogab=\"\" data-ogsc=\"\" data-ogsb=\"\" data-ogsbtc=\"\" data-ogsbrc=\"\" data-ogsbbc=\"\" data-ogsblc=\"\">moda<\/span>\u00a0y movimiento para presentar su reinterpretaci\u00f3n de la camiseta de la\u00a0<b>Nationale-Nederlanden San Silvestre Vallecana 2026<\/b>, que vestir\u00e1 una de las noches m\u00e1s ic\u00f3nicas de\u00a0<span class=\"markeiedaeugp\" data-markjs=\"true\" data-ogac=\"\" data-ogab=\"\" data-ogsc=\"\" data-ogsb=\"\" data-ogsbtc=\"\" data-ogsbrc=\"\" data-ogsbbc=\"\" data-ogsblc=\"\">Madrid<\/span>. La acci\u00f3n se enmarca dentro de una colaboraci\u00f3n pionera impulsada por la Asociaci\u00f3n Creadores de\u00a0<span class=\"markva7tmpmz7\" data-markjs=\"true\" data-ogac=\"\" data-ogab=\"\" data-ogsc=\"\" data-ogsb=\"\" data-ogsbtc=\"\" data-ogsbrc=\"\" data-ogsbbc=\"\" data-ogsblc=\"\">Moda<\/span>\u00a0de\u00a0<span class=\"markuqsb6reh4\" data-markjs=\"true\" data-ogac=\"\" data-ogab=\"\" data-ogsc=\"\" data-ogsb=\"\" data-ogsbtc=\"\" data-ogsbrc=\"\" data-ogsbbc=\"\" data-ogsblc=\"\">Es<\/span>pa\u00f1a y los organizadores de la carrera.<\/span><span lang=\"ES-TRAD\">\u00a0<\/span><\/p>\n<p class=\"x_MsoNormal\"><span lang=\"ES-TRAD\">Por \u00faltimo,\u00a0<b>The 2nd Skin CO.<\/b>\u00a0<span class=\"markuqsb6reh4\" data-markjs=\"true\" data-ogac=\"\" data-ogab=\"\" data-ogsc=\"\" data-ogsb=\"\" data-ogsbtc=\"\" data-ogsbrc=\"\" data-ogsbbc=\"\" data-ogsblc=\"\">es<\/span>trena en\u00a0<span class=\"mark65v98iqjo\" data-markjs=\"true\" data-ogac=\"\" data-ogab=\"\" data-ogsc=\"\" data-ogsb=\"\" data-ogsbtc=\"\" data-ogsbrc=\"\" data-ogsbbc=\"\" data-ogsblc=\"\">OMODA<\/span>\u00a0<span class=\"markeiedaeugp\" data-markjs=\"true\" data-ogac=\"\" data-ogab=\"\" data-ogsc=\"\" data-ogsb=\"\" data-ogsbtc=\"\" data-ogsbrc=\"\" data-ogsbbc=\"\" data-ogsblc=\"\">Madrid<\/span>\u00a0<span class=\"markuqsb6reh4\" data-markjs=\"true\" data-ogac=\"\" data-ogab=\"\" data-ogsc=\"\" data-ogsb=\"\" data-ogsbtc=\"\" data-ogsbrc=\"\" data-ogsbbc=\"\" data-ogsblc=\"\">es<\/span>\u00a0<span class=\"markva7tmpmz7\" data-markjs=\"true\" data-ogac=\"\" data-ogab=\"\" data-ogsc=\"\" data-ogsb=\"\" data-ogsbtc=\"\" data-ogsbrc=\"\" data-ogsbbc=\"\" data-ogsblc=\"\">Moda<\/span>\u00a0su nuevo\u00a0<span class=\"markuqsb6reh4\" data-markjs=\"true\" data-ogac=\"\" data-ogab=\"\" data-ogsc=\"\" data-ogsb=\"\" data-ogsbtc=\"\" data-ogsbrc=\"\" data-ogsbbc=\"\" data-ogsblc=\"\">es<\/span>pacio y\u00a0<b>Adlib Ibiza\u00a0<\/b><\/span>trasladar\u00e1 al Museo del Traje CIPE la\u00a0<span class=\"markuqsb6reh4\" data-markjs=\"true\" data-ogac=\"\" data-ogab=\"\" data-ogsc=\"\" data-ogsb=\"\" data-ogsbtc=\"\" data-ogsbrc=\"\" data-ogsbbc=\"\" data-ogsblc=\"\">es<\/span>encia de Ibiza. Un\u00a0<i>trunk show\u00a0<\/i>que reflejar\u00e1 la capacidad de la isla para unir tradici\u00f3n y\u00a0<span lang=\"ES-TRAD\">contemporaneidad.<\/span><\/p>\n<p><img loading=\"lazy\" decoding=\"async\" class=\"aligncenter size-full wp-image-196940\" src=\"https:\/\/graziamagazine.com\/es\/wp-content\/uploads\/sites\/12\/2026\/09\/web-teaser-omoda-madrid-es-moda-09-26-pablopaniaguaphoto-0011.jpg\" alt=\"\" width=\"1200\" height=\"1800\" srcset=\"https:\/\/graziamagazine.com\/es\/wp-content\/uploads\/sites\/12\/2026\/09\/web-teaser-omoda-madrid-es-moda-09-26-pablopaniaguaphoto-0011.jpg 1200w, https:\/\/graziamagazine.com\/es\/wp-content\/uploads\/sites\/12\/2026\/09\/web-teaser-omoda-madrid-es-moda-09-26-pablopaniaguaphoto-0011-200x300.jpg 200w, https:\/\/graziamagazine.com\/es\/wp-content\/uploads\/sites\/12\/2026\/09\/web-teaser-omoda-madrid-es-moda-09-26-pablopaniaguaphoto-0011-683x1024.jpg 683w, https:\/\/graziamagazine.com\/es\/wp-content\/uploads\/sites\/12\/2026\/09\/web-teaser-omoda-madrid-es-moda-09-26-pablopaniaguaphoto-0011-768x1152.jpg 768w, https:\/\/graziamagazine.com\/es\/wp-content\/uploads\/sites\/12\/2026\/09\/web-teaser-omoda-madrid-es-moda-09-26-pablopaniaguaphoto-0011-1024x1536.jpg 1024w, https:\/\/graziamagazine.com\/es\/wp-content\/uploads\/sites\/12\/2026\/09\/web-teaser-omoda-madrid-es-moda-09-26-pablopaniaguaphoto-0011-400x600.jpg 400w, https:\/\/graziamagazine.com\/es\/wp-content\/uploads\/sites\/12\/2026\/09\/web-teaser-omoda-madrid-es-moda-09-26-pablopaniaguaphoto-0011-143x215.jpg 143w\" sizes=\"(max-width: 1200px) 100vw, 1200px\" \/><\/p>\n<h3 class=\"x_MsoNormal\"><span class=\"mark65v98iqjo\" data-markjs=\"true\" data-ogac=\"\" data-ogab=\"\" data-ogsc=\"\" data-ogsb=\"\" data-ogsbtc=\"\" data-ogsbrc=\"\" data-ogsbbc=\"\" data-ogsblc=\"\">OMODA<\/span>\u00a0<span class=\"markeiedaeugp\" data-markjs=\"true\" data-ogac=\"\" data-ogab=\"\" data-ogsc=\"\" data-ogsb=\"\" data-ogsbtc=\"\" data-ogsbrc=\"\" data-ogsbbc=\"\" data-ogsblc=\"\">MADRID<\/span>\u00a0<span class=\"markuqsb6reh4\" data-markjs=\"true\" data-ogac=\"\" data-ogab=\"\" data-ogsc=\"\" data-ogsb=\"\" data-ogsbtc=\"\" data-ogsbrc=\"\" data-ogsbbc=\"\" data-ogsblc=\"\">ES<\/span>\u00a0<span class=\"markva7tmpmz7\" data-markjs=\"true\" data-ogac=\"\" data-ogab=\"\" data-ogsc=\"\" data-ogsb=\"\" data-ogsbtc=\"\" data-ogsbrc=\"\" data-ogsbbc=\"\" data-ogsblc=\"\">MODA<\/span>\u00a0HUB<\/h3>\n<p class=\"x_MsoNormal\">Dentro del programa paralelo se presentar\u00e1\u00a0<b><i>100 Metros de\u00a0<span class=\"markva7tmpmz7\" data-markjs=\"true\" data-ogac=\"\" data-ogab=\"\" data-ogsc=\"\" data-ogsb=\"\" data-ogsbtc=\"\" data-ogsbrc=\"\" data-ogsbbc=\"\" data-ogsblc=\"\">Moda<\/span>\u00a0Solidaria por Venezuela<\/i><\/b>, iniciativa desarrollada por\u00a0<b>Ayuda en Acci\u00f3n y la Asociaci\u00f3n Creadores de\u00a0<span class=\"markva7tmpmz7\" data-markjs=\"true\" data-ogac=\"\" data-ogab=\"\" data-ogsc=\"\" data-ogsb=\"\" data-ogsbtc=\"\" data-ogsbrc=\"\" data-ogsbbc=\"\" data-ogsblc=\"\">Moda<\/span>\u00a0de\u00a0<span class=\"markuqsb6reh4\" data-markjs=\"true\" data-ogac=\"\" data-ogab=\"\" data-ogsc=\"\" data-ogsb=\"\" data-ogsbtc=\"\" data-ogsbrc=\"\" data-ogsbbc=\"\" data-ogsblc=\"\">Es<\/span>pa\u00f1a\u00a0<\/b>a la que se han sumado dise\u00f1adores y firmas de la Asociaci\u00f3n. Un proyecto art\u00edstico y solidario, materializado en una instalaci\u00f3n como s\u00edmbolo de la reconstrucci\u00f3n del pa\u00eds, que ser\u00e1 completada en directo bajo la direcci\u00f3n creativa de Beatriz Pe\u00f1alver.<\/p>\n<p class=\"x_MsoNormal\">Otra de las paradas obligadas de\u00a0<span class=\"mark65v98iqjo\" data-markjs=\"true\" data-ogac=\"\" data-ogab=\"\" data-ogsc=\"\" data-ogsb=\"\" data-ogsbtc=\"\" data-ogsbrc=\"\" data-ogsbbc=\"\" data-ogsblc=\"\">OMODA<\/span>\u00a0<span class=\"markeiedaeugp\" data-markjs=\"true\" data-ogac=\"\" data-ogab=\"\" data-ogsc=\"\" data-ogsb=\"\" data-ogsbtc=\"\" data-ogsbrc=\"\" data-ogsbbc=\"\" data-ogsblc=\"\">Madrid<\/span>\u00a0<span class=\"markuqsb6reh4\" data-markjs=\"true\" data-ogac=\"\" data-ogab=\"\" data-ogsc=\"\" data-ogsb=\"\" data-ogsbtc=\"\" data-ogsbrc=\"\" data-ogsbbc=\"\" data-ogsblc=\"\">es<\/span>\u00a0<span class=\"markva7tmpmz7\" data-markjs=\"true\" data-ogac=\"\" data-ogab=\"\" data-ogsc=\"\" data-ogsb=\"\" data-ogsbtc=\"\" data-ogsbrc=\"\" data-ogsbbc=\"\" data-ogsblc=\"\">Moda<\/span>\u00a0HUB ser\u00e1 la visita guiada a la exposici\u00f3n<span lang=\"ES-TRAD\">\u00a0<b><i>La otra mirada. Archivo Sybilla<\/i><\/b>, en la que participar\u00e1 la propia dise\u00f1adora.<\/span><\/p>\n<p class=\"x_MsoNormal\"><span lang=\"ES-TRAD\">Imprescindibles tambi\u00e9n el\u00a0<i>open day<\/i>\u00a0de\u00a0<b>Carlota Barrera<\/b>\u00a0y la experiencia inmersiva de<b>\u00a0It-Spain<\/b>, donde se podr\u00e1 conocer su universo creativo a trav\u00e9s de un recorrido que combina\u00a0<span class=\"markva7tmpmz7\" data-markjs=\"true\" data-ogac=\"\" data-ogab=\"\" data-ogsc=\"\" data-ogsb=\"\" data-ogsbtc=\"\" data-ogsbrc=\"\" data-ogsbbc=\"\" data-ogsblc=\"\">moda<\/span>, cine, artesan\u00eda y di\u00e1logo. Adem\u00e1s del\u00a0primer ciclo de\u00a0<b>Los Jueves de la\u00a0<span class=\"markva7tmpmz7\" data-markjs=\"true\" data-ogac=\"\" data-ogab=\"\" data-ogsc=\"\" data-ogsb=\"\" data-ogsbtc=\"\" data-ogsbrc=\"\" data-ogsbbc=\"\" data-ogsblc=\"\">Moda<\/span><\/b>, los encuentros mensuales de\u00a0<i>networking\u00a0<\/i>y dinamizaci\u00f3n del sector promovidos por la Fundaci\u00f3n Academia de la\u00a0<span class=\"markva7tmpmz7\" data-markjs=\"true\" data-ogac=\"\" data-ogab=\"\" data-ogsc=\"\" data-ogsb=\"\" data-ogsbtc=\"\" data-ogsbrc=\"\" data-ogsbbc=\"\" data-ogsblc=\"\">Moda<\/span>\u00a0<span class=\"markuqsb6reh4\" data-markjs=\"true\" data-ogac=\"\" data-ogab=\"\" data-ogsc=\"\" data-ogsb=\"\" data-ogsbtc=\"\" data-ogsbrc=\"\" data-ogsbbc=\"\" data-ogsblc=\"\">Es<\/span>pa\u00f1ola (FAME) y organizados por\u00a0<i><span class=\"markva7tmpmz7\" data-markjs=\"true\" data-ogac=\"\" data-ogab=\"\" data-ogsc=\"\" data-ogsb=\"\" data-ogsbtc=\"\" data-ogsbrc=\"\" data-ogsbbc=\"\" data-ogsblc=\"\">Moda<\/span>es<\/i>, con el apoyo del Ministerio de Cultura.<\/span><\/p>\n<p><em>*Im\u00e1genes: cortes\u00eda OMODA Madrid es Moda<\/em><\/p>\n","protected":false},"author":11653,"featured_media":196941,"template":"","format":"standard","categories":[11738,1],"acf":[],"yoast_head":"<!-- This site is optimized with the Yoast SEO Premium plugin v18.5 (Yoast SEO v20.4) - https:\/\/yoast.com\/wordpress\/plugins\/seo\/ -->\n<title>El calendario de Omoda Madrid es Moda para septiembre<\/title>\n<meta name=\"description\" content=\"La edici\u00f3n arrancar\u00e1 con un desfile en los Jardines de Sabatini, un evento organizado junto al Ayuntamiento de Madrid.\" \/>\n<meta name=\"robots\" content=\"index, follow, max-snippet:-1, max-image-preview:large, max-video-preview:-1\" \/>\n<link rel=\"canonical\" href=\"https:\/\/graziamagazine.com\/es\/articles\/omoda-madrid-es-moda-confirma-calendario-edicion-septiembre\/\" \/>\n<meta property=\"og:locale\" content=\"es_ES\" \/>\n<meta property=\"og:type\" content=\"article\" \/>\n<meta property=\"og:title\" content=\"Omoda Madrid es Moda confirma el calendario de su edici\u00f3n de septiembre\" \/>\n<meta property=\"og:description\" content=\"La edici\u00f3n arrancar\u00e1 con un desfile en los Jardines de Sabatini, un evento organizado junto al Ayuntamiento de Madrid.\" \/>\n<meta property=\"og:url\" content=\"https:\/\/graziamagazine.com\/es\/articles\/omoda-madrid-es-moda-confirma-calendario-edicion-septiembre\/\" \/>\n<meta property=\"og:site_name\" content=\"Grazia\" \/>\n<meta property=\"article:modified_time\" content=\"2026-09-01T09:28:30+00:00\" \/>\n<meta property=\"og:image\" content=\"https:\/\/graziamagazine.com\/es\/wp-content\/uploads\/sites\/12\/2026\/09\/web-teaser-omoda-madrid-es-moda-09-26-pablopaniaguaphoto-0006-e1788254857712.jpg\" \/>\n\t<meta property=\"og:image:width\" content=\"1200\" \/>\n\t<meta property=\"og:image:height\" content=\"879\" \/>\n\t<meta property=\"og:image:type\" content=\"image\/jpeg\" \/>\n<meta name=\"twitter:card\" content=\"summary_large_image\" \/>\n<meta name=\"twitter:label1\" content=\"Est. reading time\" \/>\n\t<meta name=\"twitter:data1\" content=\"7 minutos\" \/>\n<script type=\"application\/ld+json\" class=\"yoast-schema-graph\">{\"@context\":\"https:\/\/schema.org\",\"@graph\":[{\"@type\":\"WebPage\",\"@id\":\"https:\/\/graziamagazine.com\/es\/articles\/omoda-madrid-es-moda-confirma-calendario-edicion-septiembre\/\",\"url\":\"https:\/\/graziamagazine.com\/es\/articles\/omoda-madrid-es-moda-confirma-calendario-edicion-septiembre\/\",\"name\":\"El calendario de Omoda Madrid es Moda para septiembre\",\"isPartOf\":{\"@id\":\"https:\/\/graziamagazine.com\/es\/#website\"},\"datePublished\":\"2026-09-01T09:28:16+00:00\",\"dateModified\":\"2026-09-01T09:28:30+00:00\",\"description\":\"La edici\u00f3n arrancar\u00e1 con un desfile en los Jardines de Sabatini, un evento organizado junto al Ayuntamiento de Madrid.\",\"breadcrumb\":{\"@id\":\"https:\/\/graziamagazine.com\/es\/articles\/omoda-madrid-es-moda-confirma-calendario-edicion-septiembre\/#breadcrumb\"},\"inLanguage\":\"es\",\"potentialAction\":[{\"@type\":\"ReadAction\",\"target\":[\"https:\/\/graziamagazine.com\/es\/articles\/omoda-madrid-es-moda-confirma-calendario-edicion-septiembre\/\"]}]},{\"@type\":\"BreadcrumbList\",\"@id\":\"https:\/\/graziamagazine.com\/es\/articles\/omoda-madrid-es-moda-confirma-calendario-edicion-septiembre\/#breadcrumb\",\"itemListElement\":[{\"@type\":\"ListItem\",\"position\":1,\"name\":\"Portada\",\"item\":\"https:\/\/graziamagazine.com\/es\/\"},{\"@type\":\"ListItem\",\"position\":2,\"name\":\"Omoda Madrid es Moda confirma el calendario de su edici\u00f3n de septiembre\"}]},{\"@type\":\"WebSite\",\"@id\":\"https:\/\/graziamagazine.com\/es\/#website\",\"url\":\"https:\/\/graziamagazine.com\/es\/\",\"name\":\"Grazia\",\"description\":\"Moda, belleza, celebrities, estilo de vida...\",\"potentialAction\":[{\"@type\":\"SearchAction\",\"target\":{\"@type\":\"EntryPoint\",\"urlTemplate\":\"https:\/\/graziamagazine.com\/es\/?s={search_term_string}\"},\"query-input\":\"required name=search_term_string\"}],\"inLanguage\":\"es\"}]}<\/script>\n<!-- \/ Yoast SEO Premium plugin. -->","yoast_head_json":{"title":"El calendario de Omoda Madrid es Moda para septiembre","description":"La edici\u00f3n arrancar\u00e1 con un desfile en los Jardines de Sabatini, un evento organizado junto al Ayuntamiento de Madrid.","robots":{"index":"index","follow":"follow","max-snippet":"max-snippet:-1","max-image-preview":"max-image-preview:large","max-video-preview":"max-video-preview:-1"},"canonical":"https:\/\/graziamagazine.com\/es\/articles\/omoda-madrid-es-moda-confirma-calendario-edicion-septiembre\/","og_locale":"es_ES","og_type":"article","og_title":"Omoda Madrid es Moda confirma el calendario de su edici\u00f3n de septiembre","og_description":"La edici\u00f3n arrancar\u00e1 con un desfile en los Jardines de Sabatini, un evento organizado junto al Ayuntamiento de Madrid.","og_url":"https:\/\/graziamagazine.com\/es\/articles\/omoda-madrid-es-moda-confirma-calendario-edicion-septiembre\/","og_site_name":"Grazia","article_modified_time":"2026-09-01T09:28:30+00:00","og_image":[{"width":1200,"height":879,"url":"https:\/\/graziamagazine.com\/es\/wp-content\/uploads\/sites\/12\/2026\/09\/web-teaser-omoda-madrid-es-moda-09-26-pablopaniaguaphoto-0006-e1788254857712.jpg","type":"image\/jpeg"}],"twitter_card":"summary_large_image","twitter_misc":{"Est. reading time":"7 minutos"},"schema":{"@context":"https:\/\/schema.org","@graph":[{"@type":"WebPage","@id":"https:\/\/graziamagazine.com\/es\/articles\/omoda-madrid-es-moda-confirma-calendario-edicion-septiembre\/","url":"https:\/\/graziamagazine.com\/es\/articles\/omoda-madrid-es-moda-confirma-calendario-edicion-septiembre\/","name":"El calendario de Omoda Madrid es Moda para septiembre","isPartOf":{"@id":"https:\/\/graziamagazine.com\/es\/#website"},"datePublished":"2026-09-01T09:28:16+00:00","dateModified":"2026-09-01T09:28:30+00:00","description":"La edici\u00f3n arrancar\u00e1 con un desfile en los Jardines de Sabatini, un evento organizado junto al Ayuntamiento de Madrid.","breadcrumb":{"@id":"https:\/\/graziamagazine.com\/es\/articles\/omoda-madrid-es-moda-confirma-calendario-edicion-septiembre\/#breadcrumb"},"inLanguage":"es","potentialAction":[{"@type":"ReadAction","target":["https:\/\/graziamagazine.com\/es\/articles\/omoda-madrid-es-moda-confirma-calendario-edicion-septiembre\/"]}]},{"@type":"BreadcrumbList","@id":"https:\/\/graziamagazine.com\/es\/articles\/omoda-madrid-es-moda-confirma-calendario-edicion-septiembre\/#breadcrumb","itemListElement":[{"@type":"ListItem","position":1,"name":"Portada","item":"https:\/\/graziamagazine.com\/es\/"},{"@type":"ListItem","position":2,"name":"Omoda Madrid es Moda confirma el calendario de su edici\u00f3n de septiembre"}]},{"@type":"WebSite","@id":"https:\/\/graziamagazine.com\/es\/#website","url":"https:\/\/graziamagazine.com\/es\/","name":"Grazia","description":"Moda, belleza, celebrities, estilo de vida...","potentialAction":[{"@type":"SearchAction","target":{"@type":"EntryPoint","urlTemplate":"https:\/\/graziamagazine.com\/es\/?s={search_term_string}"},"query-input":"required name=search_term_string"}],"inLanguage":"es"}]}},"jetpack_sharing_enabled":true,"distributor_meta":false,"distributor_terms":false,"distributor_media":false,"distributor_original_site_name":"Grazia","distributor_original_site_url":"https:\/\/graziamagazine.com\/es","push-errors":false,"_links":{"self":[{"href":"https:\/\/graziamagazine.com\/es\/wp-json\/wp\/v2\/articles\/196936"}],"collection":[{"href":"https:\/\/graziamagazine.com\/es\/wp-json\/wp\/v2\/articles"}],"about":[{"href":"https:\/\/graziamagazine.com\/es\/wp-json\/wp\/v2\/types\/articles"}],"author":[{"embeddable":true,"href":"https:\/\/graziamagazine.com\/es\/wp-json\/wp\/v2\/users\/11653"}],"wp:featuredmedia":[{"embeddable":true,"href":"https:\/\/graziamagazine.com\/es\/wp-json\/wp\/v2\/media\/196941"}],"wp:attachment":[{"href":"https:\/\/graziamagazine.com\/es\/wp-json\/wp\/v2\/media?parent=196936"}],"wp:term":[{"taxonomy":"category","embeddable":true,"href":"https:\/\/graziamagazine.com\/es\/wp-json\/wp\/v2\/categories?post=196936"}],"curies":[{"name":"wp","href":"https:\/\/api.w.org\/{rel}","templated":true}]}}