{"id":196927,"date":"2026-09-01T08:14:36","date_gmt":"2026-09-01T06:14:36","guid":{"rendered":"https:\/\/graziamagazine.com\/es\/?post_type=articles&#038;p=196927"},"modified":"2026-09-01T08:14:36","modified_gmt":"2026-09-01T06:14:36","slug":"john-galliano-cancela-exposicion-horizons-met","status":"publish","type":"articles","link":"https:\/\/graziamagazine.com\/es\/articles\/john-galliano-cancela-exposicion-horizons-met\/","title":{"rendered":"John Galliano ya no s\u00e9ra el protagonista de la exposici\u00f3n del MET"},"content":{"rendered":"<p class=\"isSelectedEnd\">La primavera de 2027 ten\u00eda nombre propio: <strong>John Galliano<\/strong>. El Costume Institute del Museo Metropolitano de Arte de Nueva York hab\u00eda anunciado una exposici\u00f3n dedicada a cuatro d\u00e9cadas de la trayectoria del dise\u00f1ador, una retrospectiva que promet\u00eda reunir algunos de los cap\u00edtulos m\u00e1s extraordinarios de su carrera. Ahora, esa exposici\u00f3n no tendr\u00e1 lugar.<\/p>\n<p class=\"isSelectedEnd\">El Met y Galliano comunicaron conjuntamente que <em>John Galliano: Horizons<\/em> no se celebrar\u00e1 como estaba previsto, despu\u00e9s de un proceso de reflexi\u00f3n y conversaciones entre el dise\u00f1ador, el museo y las personas involucradas en el proyecto.<\/p>\n<p class=\"isSelectedEnd\">La noticia llega apenas un mes despu\u00e9s del anuncio oficial de la exposici\u00f3n y modifica uno de los proyectos m\u00e1s esperados del calendario de moda de 2027. La muestra habr\u00eda recorrido desde <em>Les Incroyables<\/em>, la colecci\u00f3n de graduaci\u00f3n que Galliano present\u00f3 en Central Saint Martins en 1984, hasta sus etapas en Givenchy y Dior y su aclamado trabajo final para Maison Margiela.<\/p>\n<p class=\"isSelectedEnd\">Tambi\u00e9n habr\u00eda convertido a Galliano en el tercer dise\u00f1ador vivo en protagonizar una retrospectiva del Costume Institute, despu\u00e9s de Yves Saint Laurent y Rei Kawakubo.<\/p>\n<h3>Cuando el archivo tambi\u00e9n cuenta una historia<\/h3>\n<figure id=\"attachment_176523\" class=\"wp-caption alignnone\" style=\"width: 888px\" aria-describedby=\"caption-attachment-176523\"><img loading=\"lazy\" decoding=\"async\" class=\"size-full wp-image-176523\" src=\"https:\/\/graziamagazine.com\/mx\/wp-content\/uploads\/sites\/13\/2026\/08\/4.png\" alt=\"Retrato en primer plano de John Galliano sonriendo, vistiendo abrigo oscuro con solapas azules, corbata estampada y guantes blancos de atelier.\" width=\"888\" height=\"1332\" \/><\/figure>\n<p class=\"isSelectedEnd\">La magnitud de la exposici\u00f3n hac\u00eda inevitable que el proyecto hablara no solo de ropa, sino de una trayectoria completa. Prendas, accesorios, bocetos, prototipos, cuadernos de investigaci\u00f3n y materiales de archivo habr\u00edan construido un recorrido por la imaginaci\u00f3n de uno de los dise\u00f1adores m\u00e1s influyentes de su generaci\u00f3n.<\/p>\n<p class=\"isSelectedEnd\">Y es precisamente ah\u00ed donde la decisi\u00f3n adquiere mayor complejidad.<\/p>\n<p class=\"isSelectedEnd\">El anuncio de <em>Horizons<\/em> gener\u00f3 entusiasmo inmediato entre profesionales y seguidores de la moda, pero tambi\u00e9n provoc\u00f3 cuestionamientos p\u00fablicos relacionados con el pasado de Galliano. En su declaraci\u00f3n, el dise\u00f1ador asumi\u00f3 nuevamente la responsabilidad por el dolor causado por sus palabras, en particular hacia las comunidades jud\u00eda y asi\u00e1tica.<\/p>\n<figure id=\"attachment_176524\" class=\"wp-caption alignnone\" style=\"width: 1024px\" aria-describedby=\"caption-attachment-176524\"><img loading=\"lazy\" decoding=\"async\" class=\"size-full wp-image-176524\" src=\"https:\/\/graziamagazine.com\/mx\/wp-content\/uploads\/sites\/13\/2026\/08\/08-john-galliano-best-looks.jpeg\" alt=\"John Galliano disfrazado con una corona y un perro en brazos junto a una modelo sosteniendo flamencos de utiler\u00eda en un entorno boscoso.\" width=\"1024\" height=\"695\" \/><\/figure>\n<p class=\"isSelectedEnd\">Antes de explicar las razones detr\u00e1s de su decisi\u00f3n, Galliano expres\u00f3 su agradecimiento al museo y a quienes hicieron posible el proyecto:<\/p>\n<blockquote>\n<p class=\"isSelectedEnd\">\u00abEstoy profundamente agradecido al Museo Metropolitano de Arte, y en particular a <strong>Max Hollein, Andrew Bolton y Anna Wintour<\/strong>, por el extraordinario honor que me han concedido al presentar una exposici\u00f3n de mi obra. Saber que mi trayectoria creativa ha sido tenida en cuenta por una instituci\u00f3n que he admirado toda mi vida me emociona profundamente. Siempre estar\u00e9 agradecido por la confianza, la atenci\u00f3n y el rigor con que Max, Andrew, Anna y todo el equipo del Met han llevado a cabo este proyecto\u00bb.<\/p>\n<\/blockquote>\n<p class=\"isSelectedEnd\">Despu\u00e9s, lleg\u00f3 la decisi\u00f3n. Galliano explic\u00f3 que, tras reflexionar y conversar con el Met y las personas involucradas, lleg\u00f3 a la conclusi\u00f3n de que no era el momento adecuado para celebrar la exposici\u00f3n. Tambi\u00e9n reconoci\u00f3 que una retrospectiva dedicada a su obra pod\u00eda resultar dolorosa para algunas personas y subray\u00f3 que la responsabilidad no puede resolverse mediante un reconocimiento institucional o un \u00fanico gesto p\u00fablico.<\/p>\n<h3>El legado despu\u00e9s de la celebraci\u00f3n<\/h3>\n<figure id=\"attachment_176525\" class=\"wp-caption alignnone\" style=\"width: 1707px\" aria-describedby=\"caption-attachment-176525\"><img loading=\"lazy\" decoding=\"async\" class=\"size-full wp-image-176525\" src=\"https:\/\/graziamagazine.com\/mx\/wp-content\/uploads\/sites\/13\/2026\/08\/NvB_JG_008190002_V3-scaled.jpeg\" alt=\"John Galliano en su taller de alta costura, vistiendo gabardina clara, sombrero y un pa\u00f1uelo estampado entre maniqu\u00edes y telas.\" width=\"1707\" height=\"2560\" \/><\/figure>\n<p class=\"isSelectedEnd\">La decisi\u00f3n cuenta con el respaldo de Max Hollein, director y consejero delegado del Met, quien coincidi\u00f3 en que este no es el momento adecuado para realizar la exposici\u00f3n. Anna Wintour tambi\u00e9n apoy\u00f3 la determinaci\u00f3n del dise\u00f1ador y destac\u00f3 su extraordinaria capacidad t\u00e9cnica y narrativa.<\/p>\n<p class=\"isSelectedEnd\">La conversaci\u00f3n alrededor de Galliano, sin embargo, no puede reducirse f\u00e1cilmente a una sola respuesta. Su influencia sobre la moda contempor\u00e1nea es profunda. Desde sus primeros desfiles hasta sus a\u00f1os en Dior y Maison Margiela, construy\u00f3 un lenguaje visual que convirti\u00f3 la ropa en espect\u00e1culo, investigaci\u00f3n hist\u00f3rica y fantas\u00eda.<\/p>\n<p class=\"isSelectedEnd\">Dise\u00f1adores de distintas generaciones han reconocido su influencia. Entre ellos, Jonathan Anderson, actual director creativo de Dior, lo ha se\u00f1alado como uno de sus grandes referentes.<\/p>\n<p class=\"isSelectedEnd\">Pero reconocer el impacto de una obra no obliga a ignorar aquello que tambi\u00e9n forma parte de su historia. Quiz\u00e1 esa sea la tensi\u00f3n central que deja <em>Horizons<\/em> incluso antes de haber abierto sus puertas: <strong>la posibilidad de admirar el talento y, al mismo tiempo, cuestionar las condiciones que rodean su legado<\/strong>.<\/p>\n<figure id=\"attachment_196928\" aria-describedby=\"caption-attachment-196928\" style=\"width: 1024px\" class=\"wp-caption aligncenter\"><img loading=\"lazy\" decoding=\"async\" class=\"size-full wp-image-196928\" src=\"https:\/\/graziamagazine.com\/es\/wp-content\/uploads\/sites\/12\/2026\/08\/01-john-galliano-vogue-peter-lindbergh-1.jpeg\" alt=\"Modelos posando con alta costura vanguardista frente a un muro gris de estudio en una ic\u00f3nica sesi\u00f3n capturada por Peter Lindbergh.\" width=\"1024\" height=\"705\" srcset=\"https:\/\/graziamagazine.com\/es\/wp-content\/uploads\/sites\/12\/2026\/08\/01-john-galliano-vogue-peter-lindbergh-1.jpeg 1024w, https:\/\/graziamagazine.com\/es\/wp-content\/uploads\/sites\/12\/2026\/08\/01-john-galliano-vogue-peter-lindbergh-1-300x207.jpeg 300w, https:\/\/graziamagazine.com\/es\/wp-content\/uploads\/sites\/12\/2026\/08\/01-john-galliano-vogue-peter-lindbergh-1-768x529.jpeg 768w, https:\/\/graziamagazine.com\/es\/wp-content\/uploads\/sites\/12\/2026\/08\/01-john-galliano-vogue-peter-lindbergh-1-400x275.jpeg 400w, https:\/\/graziamagazine.com\/es\/wp-content\/uploads\/sites\/12\/2026\/08\/01-john-galliano-vogue-peter-lindbergh-1-155x107.jpeg 155w\" sizes=\"(max-width: 1024px) 100vw, 1024px\" \/><figcaption id=\"caption-attachment-196928\" class=\"wp-caption-text\">El legado editorial de John Galliano contin\u00faa resonando en la memoria colectiva a trav\u00e9s de creaciones que desafiaron los l\u00edmites de la moda contempor\u00e1nea. Foto: Getty Images.<\/figcaption><\/figure>\n<p>La retrospectiva no llegar\u00e1 al MET en la primavera de 2027. El museo anunciar\u00e1 pr\u00f3ximamente cu\u00e1l ser\u00e1 su nueva exposici\u00f3n de primavera.<\/p>\n<p><em>*Im\u00e1genes: Getty Images y AP<\/em><\/p>\n<p>&nbsp;<\/p>\n","protected":false},"author":16349,"featured_media":196930,"template":"","format":"standard","categories":[1],"acf":[],"yoast_head":"<!-- This site is optimized with the Yoast SEO Premium plugin v18.5 (Yoast SEO v20.4) - https:\/\/yoast.com\/wordpress\/plugins\/seo\/ -->\n<title>John Galliano ya no s\u00e9ra el protagonista de la exposici\u00f3n del MET<\/title>\n<meta name=\"description\" content=\"El Costume Institute y el dise\u00f1ador dan marcha atr\u00e1s y han decidido no presentar la retrospectiva prevista para 2027 tras las cr\u00edticas.\" \/>\n<meta name=\"robots\" content=\"index, follow, max-snippet:-1, max-image-preview:large, max-video-preview:-1\" \/>\n<link rel=\"canonical\" href=\"https:\/\/graziamagazine.com\/es\/articles\/john-galliano-cancela-exposicion-horizons-met\/\" \/>\n<meta property=\"og:locale\" content=\"es_ES\" \/>\n<meta property=\"og:type\" content=\"article\" \/>\n<meta property=\"og:title\" content=\"John Galliano ya no s\u00e9ra el protagonista de la exposici\u00f3n del MET\" \/>\n<meta property=\"og:description\" content=\"El Costume Institute y el dise\u00f1ador dan marcha atr\u00e1s y han decidido no presentar la retrospectiva prevista para 2027 tras las cr\u00edticas.\" \/>\n<meta property=\"og:url\" content=\"https:\/\/graziamagazine.com\/es\/articles\/john-galliano-cancela-exposicion-horizons-met\/\" \/>\n<meta property=\"og:site_name\" content=\"Grazia\" \/>\n<meta property=\"og:image\" content=\"https:\/\/graziamagazine.com\/es\/wp-content\/uploads\/sites\/12\/2026\/08\/descarga-1.jpeg\" \/>\n\t<meta property=\"og:image:width\" content=\"1200\" \/>\n\t<meta property=\"og:image:height\" content=\"800\" \/>\n\t<meta property=\"og:image:type\" content=\"image\/jpeg\" \/>\n<meta name=\"twitter:card\" content=\"summary_large_image\" \/>\n<meta name=\"twitter:label1\" content=\"Est. reading time\" \/>\n\t<meta name=\"twitter:data1\" content=\"4 minutos\" \/>\n<script type=\"application\/ld+json\" class=\"yoast-schema-graph\">{\"@context\":\"https:\/\/schema.org\",\"@graph\":[{\"@type\":\"WebPage\",\"@id\":\"https:\/\/graziamagazine.com\/es\/articles\/john-galliano-cancela-exposicion-horizons-met\/\",\"url\":\"https:\/\/graziamagazine.com\/es\/articles\/john-galliano-cancela-exposicion-horizons-met\/\",\"name\":\"John Galliano ya no s\u00e9ra el protagonista de la exposici\u00f3n del MET\",\"isPartOf\":{\"@id\":\"https:\/\/graziamagazine.com\/es\/#website\"},\"datePublished\":\"2026-09-01T06:14:36+00:00\",\"dateModified\":\"2026-09-01T06:14:36+00:00\",\"description\":\"El Costume Institute y el dise\u00f1ador dan marcha atr\u00e1s y han decidido no presentar la retrospectiva prevista para 2027 tras las cr\u00edticas.\",\"breadcrumb\":{\"@id\":\"https:\/\/graziamagazine.com\/es\/articles\/john-galliano-cancela-exposicion-horizons-met\/#breadcrumb\"},\"inLanguage\":\"es\",\"potentialAction\":[{\"@type\":\"ReadAction\",\"target\":[\"https:\/\/graziamagazine.com\/es\/articles\/john-galliano-cancela-exposicion-horizons-met\/\"]}]},{\"@type\":\"BreadcrumbList\",\"@id\":\"https:\/\/graziamagazine.com\/es\/articles\/john-galliano-cancela-exposicion-horizons-met\/#breadcrumb\",\"itemListElement\":[{\"@type\":\"ListItem\",\"position\":1,\"name\":\"Portada\",\"item\":\"https:\/\/graziamagazine.com\/es\/\"},{\"@type\":\"ListItem\",\"position\":2,\"name\":\"John Galliano ya no s\u00e9ra el protagonista de la exposici\u00f3n del MET\"}]},{\"@type\":\"WebSite\",\"@id\":\"https:\/\/graziamagazine.com\/es\/#website\",\"url\":\"https:\/\/graziamagazine.com\/es\/\",\"name\":\"Grazia\",\"description\":\"Moda, belleza, celebrities, estilo de vida...\",\"potentialAction\":[{\"@type\":\"SearchAction\",\"target\":{\"@type\":\"EntryPoint\",\"urlTemplate\":\"https:\/\/graziamagazine.com\/es\/?s={search_term_string}\"},\"query-input\":\"required name=search_term_string\"}],\"inLanguage\":\"es\"}]}<\/script>\n<!-- \/ Yoast SEO Premium plugin. -->","yoast_head_json":{"title":"John Galliano ya no s\u00e9ra el protagonista de la exposici\u00f3n del MET","description":"El Costume Institute y el dise\u00f1ador dan marcha atr\u00e1s y han decidido no presentar la retrospectiva prevista para 2027 tras las cr\u00edticas.","robots":{"index":"index","follow":"follow","max-snippet":"max-snippet:-1","max-image-preview":"max-image-preview:large","max-video-preview":"max-video-preview:-1"},"canonical":"https:\/\/graziamagazine.com\/es\/articles\/john-galliano-cancela-exposicion-horizons-met\/","og_locale":"es_ES","og_type":"article","og_title":"John Galliano ya no s\u00e9ra el protagonista de la exposici\u00f3n del MET","og_description":"El Costume Institute y el dise\u00f1ador dan marcha atr\u00e1s y han decidido no presentar la retrospectiva prevista para 2027 tras las cr\u00edticas.","og_url":"https:\/\/graziamagazine.com\/es\/articles\/john-galliano-cancela-exposicion-horizons-met\/","og_site_name":"Grazia","og_image":[{"width":1200,"height":800,"url":"https:\/\/graziamagazine.com\/es\/wp-content\/uploads\/sites\/12\/2026\/08\/descarga-1.jpeg","type":"image\/jpeg"}],"twitter_card":"summary_large_image","twitter_misc":{"Est. reading time":"4 minutos"},"schema":{"@context":"https:\/\/schema.org","@graph":[{"@type":"WebPage","@id":"https:\/\/graziamagazine.com\/es\/articles\/john-galliano-cancela-exposicion-horizons-met\/","url":"https:\/\/graziamagazine.com\/es\/articles\/john-galliano-cancela-exposicion-horizons-met\/","name":"John Galliano ya no s\u00e9ra el protagonista de la exposici\u00f3n del MET","isPartOf":{"@id":"https:\/\/graziamagazine.com\/es\/#website"},"datePublished":"2026-09-01T06:14:36+00:00","dateModified":"2026-09-01T06:14:36+00:00","description":"El Costume Institute y el dise\u00f1ador dan marcha atr\u00e1s y han decidido no presentar la retrospectiva prevista para 2027 tras las cr\u00edticas.","breadcrumb":{"@id":"https:\/\/graziamagazine.com\/es\/articles\/john-galliano-cancela-exposicion-horizons-met\/#breadcrumb"},"inLanguage":"es","potentialAction":[{"@type":"ReadAction","target":["https:\/\/graziamagazine.com\/es\/articles\/john-galliano-cancela-exposicion-horizons-met\/"]}]},{"@type":"BreadcrumbList","@id":"https:\/\/graziamagazine.com\/es\/articles\/john-galliano-cancela-exposicion-horizons-met\/#breadcrumb","itemListElement":[{"@type":"ListItem","position":1,"name":"Portada","item":"https:\/\/graziamagazine.com\/es\/"},{"@type":"ListItem","position":2,"name":"John Galliano ya no s\u00e9ra el protagonista de la exposici\u00f3n del MET"}]},{"@type":"WebSite","@id":"https:\/\/graziamagazine.com\/es\/#website","url":"https:\/\/graziamagazine.com\/es\/","name":"Grazia","description":"Moda, belleza, celebrities, estilo de vida...","potentialAction":[{"@type":"SearchAction","target":{"@type":"EntryPoint","urlTemplate":"https:\/\/graziamagazine.com\/es\/?s={search_term_string}"},"query-input":"required name=search_term_string"}],"inLanguage":"es"}]}},"jetpack_sharing_enabled":true,"distributor_meta":false,"distributor_terms":false,"distributor_media":false,"distributor_original_site_name":"Grazia","distributor_original_site_url":"https:\/\/graziamagazine.com\/es","push-errors":false,"_links":{"self":[{"href":"https:\/\/graziamagazine.com\/es\/wp-json\/wp\/v2\/articles\/196927"}],"collection":[{"href":"https:\/\/graziamagazine.com\/es\/wp-json\/wp\/v2\/articles"}],"about":[{"href":"https:\/\/graziamagazine.com\/es\/wp-json\/wp\/v2\/types\/articles"}],"author":[{"embeddable":true,"href":"https:\/\/graziamagazine.com\/es\/wp-json\/wp\/v2\/users\/16349"}],"wp:featuredmedia":[{"embeddable":true,"href":"https:\/\/graziamagazine.com\/es\/wp-json\/wp\/v2\/media\/196930"}],"wp:attachment":[{"href":"https:\/\/graziamagazine.com\/es\/wp-json\/wp\/v2\/media?parent=196927"}],"wp:term":[{"taxonomy":"category","embeddable":true,"href":"https:\/\/graziamagazine.com\/es\/wp-json\/wp\/v2\/categories?post=196927"}],"curies":[{"name":"wp","href":"https:\/\/api.w.org\/{rel}","templated":true}]}}