{"id":196918,"date":"2026-08-31T15:16:42","date_gmt":"2026-08-31T13:16:42","guid":{"rendered":"https:\/\/graziamagazine.com\/es\/?post_type=articles&#038;p=196918"},"modified":"2026-08-31T15:16:42","modified_gmt":"2026-08-31T13:16:42","slug":"naomi-watts-premio-donostia-2026","status":"publish","type":"articles","link":"https:\/\/graziamagazine.com\/es\/articles\/naomi-watts-premio-donostia-2026\/","title":{"rendered":"Naomi Watts, Premio Donostia 2026"},"content":{"rendered":"<p>Naomi Watts, una de las actrices m\u00e1s talentosas y reconocidas de su generaci\u00f3n, recibir\u00e1 el Premio Donostia el s\u00e1bado 19 de septiembre en una gala en el Kursaal. La actriz y productora presentar\u00e1 en la 74\u00aa edici\u00f3n del Festival de San Sebasti\u00e1n el largometraje\u00a0<em>The Housewife<\/em>\u00a0(<em>La esposa perfecta<\/em>), debut en la direcci\u00f3n del canadiense Ben Shirinian.<\/p>\n<p>El trabajo de Watts combina cine de autor con grandes producciones en la peque\u00f1a y en la gran pantalla. Ha estado nominada al \u00d3scar en dos ocasiones: por su papel en\u00a0<em>21 Grams<\/em>\u00a0(<em>21 gramos<\/em>, 2003), de Alejandro Gonz\u00e1lez I\u00f1\u00e1rritu, y por el de\u00a0<em>The Impossible<\/em>\u00a0(<em>Lo imposible<\/em>, Secci\u00f3n Oficial fuera de concurso, 2012), de J.A. Bayona.<\/p>\n<p><img loading=\"lazy\" decoding=\"async\" class=\"aligncenter size-full wp-image-196920\" src=\"https:\/\/graziamagazine.com\/es\/wp-content\/uploads\/sites\/12\/2026\/08\/sansebastianfes.jpg\" alt=\"\" width=\"1080\" height=\"1350\" srcset=\"https:\/\/graziamagazine.com\/es\/wp-content\/uploads\/sites\/12\/2026\/08\/sansebastianfes.jpg 1080w, https:\/\/graziamagazine.com\/es\/wp-content\/uploads\/sites\/12\/2026\/08\/sansebastianfes-240x300.jpg 240w, https:\/\/graziamagazine.com\/es\/wp-content\/uploads\/sites\/12\/2026\/08\/sansebastianfes-819x1024.jpg 819w, https:\/\/graziamagazine.com\/es\/wp-content\/uploads\/sites\/12\/2026\/08\/sansebastianfes-768x960.jpg 768w, https:\/\/graziamagazine.com\/es\/wp-content\/uploads\/sites\/12\/2026\/08\/sansebastianfes-400x500.jpg 400w, https:\/\/graziamagazine.com\/es\/wp-content\/uploads\/sites\/12\/2026\/08\/sansebastianfes-155x194.jpg 155w\" sizes=\"(max-width: 1080px) 100vw, 1080px\" \/><\/p>\n<p>Su consagraci\u00f3n internacional lleg\u00f3 gracias a\u00a0<em>Mulholland Dr.<\/em>\u00a0(<em>Mulholland Drive<\/em>, 2001), de David Lynch, una interpretaci\u00f3n considerada referente del cine contempor\u00e1neo. Tambi\u00e9n ha trabajado con cineastas como Peter Jackson, David Cronenberg, Clint Eastwood, Michael Haneke, Audrey Diwan, Noah Baumbach o Rodrigo Garc\u00eda, con quien en 2009 viaj\u00f3 a San Sebasti\u00e1n para clausurar la Secci\u00f3n Oficial fuera de concurso con\u00a0<em>Mother &amp; Child<\/em>\u00a0(<em>Madres e hijas<\/em>).<\/p>\n<div class=\"alink\">\n<p><em>The Housewife<\/em>\u00a0(<em>La esposa perfecta<\/em>), que ser\u00e1 la Proyecci\u00f3n Premio Donostia, es el primer largometraje de Ben Shirinian, protagonizado por Naomi Watts, Tye Sheridan, Luke Evans, Michael Imperioli y Lena Olin. Ambientado en 1964 y basado en un hecho real, el filme cuenta la historia de un joven periodista que descubre que un supuesto antiguo nazi vive oculto en Nueva York y que entabla amistad con la adorable esposa del principal sospechoso. Antes de su debut en el largometraje, el director canadiense ha firmado cortometrajes como\u00a0<em>Lost in Motion<\/em>\u00a0(2012),\u00a0<em>Lost in Motion 2<\/em>\u00a0(2013) y\u00a0<em>Josef et Aim\u00e9e<\/em> (2015).<\/p>\n<figure id=\"attachment_196921\" aria-describedby=\"caption-attachment-196921\" style=\"width: 800px\" class=\"wp-caption aligncenter\"><img loading=\"lazy\" decoding=\"async\" class=\"wp-image-196921 size-full\" src=\"https:\/\/graziamagazine.com\/es\/wp-content\/uploads\/sites\/12\/2026\/08\/fp_742413_37134.jpg\" alt=\"\" width=\"800\" height=\"534\" srcset=\"https:\/\/graziamagazine.com\/es\/wp-content\/uploads\/sites\/12\/2026\/08\/fp_742413_37134.jpg 800w, https:\/\/graziamagazine.com\/es\/wp-content\/uploads\/sites\/12\/2026\/08\/fp_742413_37134-300x200.jpg 300w, https:\/\/graziamagazine.com\/es\/wp-content\/uploads\/sites\/12\/2026\/08\/fp_742413_37134-768x513.jpg 768w, https:\/\/graziamagazine.com\/es\/wp-content\/uploads\/sites\/12\/2026\/08\/fp_742413_37134-400x267.jpg 400w, https:\/\/graziamagazine.com\/es\/wp-content\/uploads\/sites\/12\/2026\/08\/fp_742413_37134-155x103.jpg 155w\" sizes=\"(max-width: 800px) 100vw, 800px\" \/><figcaption id=\"caption-attachment-196921\" class=\"wp-caption-text\">Naomi Watts en The Housewife\u00a0(La esposa perfecta).<\/figcaption><\/figure>\n<h3>Su biografia y trayectoria<\/h3>\n<p>Naomi Watts es una de las actrices m\u00e1s respetadas y reconocidas de su generaci\u00f3n. Famosa por sus interpretaciones arriesgadas y su extraordinario abanico de registros, ha forjado una exitosa carrera que abarca el cine, la televisi\u00f3n y la producci\u00f3n, lo que le ha valido dos nominaciones a los \u00d3scars, una nominaci\u00f3n a los Emmy y numerosos galardones de las entidades m\u00e1s prestigiosas del sector. M\u00e1s all\u00e1 de la interpretaci\u00f3n, Watts es una reputada productora, emprendedora y activista cuya labor ha contribuido a redefinir el debate en torno a la salud de la comunidad femenina. En 2025, alcanz\u00f3 el hito de ser autora de un \u00e9xito de ventas con\u00a0<em>Dare I Say It: Everything I Wish I&#8217;d Known About Menopause<\/em>\u00a0(<em>Me atrevo a contarlo: Todo lo que me hubiera gustado saber sobre la menopausia (Testimonios de vida<\/em>), que debut\u00f3 en la lista de los m\u00e1s vendidos del\u00a0<em>New York Times<\/em>.<\/p>\n<p>Watts obtuvo su primera nominaci\u00f3n a los premios Emmy por su elogiada interpretaci\u00f3n de Babe Paley en\u00a0<em>Feud: Capote vs. The Swans<\/em>, de Ryan Murphy, la segunda entrega de la exitosa serie antol\u00f3gica de FX. Su sutil transformaci\u00f3n le vali\u00f3 el reconocimiento generalizado de la cr\u00edtica, as\u00ed como nominaciones a los Globos de Oro y a los Critics Choice Awards. Watts tambi\u00e9n ejerci\u00f3 de productora ejecutiva de la serie, que recibi\u00f3 diez nominaciones a los premios Emmy.<\/p>\n<p><img loading=\"lazy\" decoding=\"async\" class=\"aligncenter size-full wp-image-196923\" src=\"https:\/\/graziamagazine.com\/es\/wp-content\/uploads\/sites\/12\/2026\/08\/img_54334.jpg\" alt=\"\" width=\"1000\" height=\"666\" srcset=\"https:\/\/graziamagazine.com\/es\/wp-content\/uploads\/sites\/12\/2026\/08\/img_54334.jpg 1000w, https:\/\/graziamagazine.com\/es\/wp-content\/uploads\/sites\/12\/2026\/08\/img_54334-300x200.jpg 300w, https:\/\/graziamagazine.com\/es\/wp-content\/uploads\/sites\/12\/2026\/08\/img_54334-768x511.jpg 768w, https:\/\/graziamagazine.com\/es\/wp-content\/uploads\/sites\/12\/2026\/08\/img_54334-400x266.jpg 400w, https:\/\/graziamagazine.com\/es\/wp-content\/uploads\/sites\/12\/2026\/08\/img_54334-155x103.jpg 155w\" sizes=\"(max-width: 1000px) 100vw, 1000px\" \/><\/p>\n<p>Ha vuelto a trabajar con Ryan Murphy en la serie judicial de Hulu\u00a0<em>All&#8217;s Fair<\/em>, de la que es productora ejecutiva y que protagoniza junto a Glenn Close, Sarah Paulson, Niecy Nash, Teyana Taylor y Kim Kardashian. La segunda temporada de la serie se encuentra actualmente en fase de producci\u00f3n. Adem\u00e1s, protagoniz\u00f3 recientemente la serie antol\u00f3gica de Murphy para FX\u00a0<em>Love Story<\/em>, en la que interpret\u00f3 a Jackie Kennedy, y apareci\u00f3 como actriz invitada en la serie para Netflix\u00a0<em>Too Much<\/em>, comedia rom\u00e1ntica de Lena Dunham.<\/p>\n<p>En la gran pantalla, Watts protagoniza este a\u00f1o, junto a Tye Sheridan y Michael Imperioli, el thriller psicol\u00f3gico\u00a0<em>The Housewife<\/em>, adem\u00e1s de actuar en el debut en la direcci\u00f3n de Cody Fern,\u00a0<em>Closing Night<\/em>, junto a Sarah Paulson y Odessa A&#8217;zion. Tambi\u00e9n interpretar\u00e1 a la legendaria bailarina Margot Fonteyn en el drama rom\u00e1ntico sobre ballet\u00a0<em>Margot &amp; Rudi<\/em>. M\u00e1s recientemente, protagoniz\u00f3 junto a Bill Murray la aclamada adaptaci\u00f3n de Scott McGehee y David Siegel de la novela superventas de Sigrid N\u00fa\u00f1ez,\u00a0<em>The Friend<\/em>, de la que tambi\u00e9n fue productora ejecutiva.<\/p>\n<p>Watts recibi\u00f3 su primera nominaci\u00f3n al \u00d3scar a la mejor actriz por la pel\u00edcula\u00a0<em>21 grams (21 gramos)<\/em>, de Alejandro G. I\u00f1\u00e1rritu, en la que trabaj\u00f3 con Sean Penn y Benicio Del Toro. Su interpretaci\u00f3n tambi\u00e9n le vali\u00f3 nominaciones a los premios BAFTA y del Sindicato de Actores (SAG), adem\u00e1s de numerosos reconocimientos de la cr\u00edtica. Recibi\u00f3 su segunda nominaci\u00f3n al \u00d3scar por\u00a0<em>The Impossible<\/em>\u00a0(<em>Lo imposible<\/em>), de J. A. Bayona, con la que consigui\u00f3 un Globo de Oro, un premio SAG, un Critics&#8217; Choice y numerosos galardones internacionales. Tambi\u00e9n ha sido nominada a los premios del Sindicato de Actores por\u00a0<em>St. Vincent<\/em>, junto a Bill Murray, e intervenido en\u00a0<em>Birdman or (The Unexpected Virtue of Ignorance) (Birdman o (La inesperada virtud de la ignorancia)<\/em>, filme de I\u00f1\u00e1rritu ganador del \u00d3scar a la mejor pel\u00edcula.<\/p>\n<p>Su salto a la fama se produjo con la emblem\u00e1tica obra maestra de David Lynch,\u00a0<em>Mulholland Drive<\/em>, donde su inolvidable doble interpretaci\u00f3n como Betty Elms y Diane Selwyn la consagr\u00f3 como uno de los talentos m\u00e1s interesantes del panorama cinematogr\u00e1fico. El papel le vali\u00f3 el premio a la mejor actriz otorgado por la National Board of Review, the National Society of Film Critics y numerosas asociaciones de cr\u00edticos de todo el mundo. M\u00e1s de dos d\u00e9cadas despu\u00e9s, esta interpretaci\u00f3n sigue consider\u00e1ndose una de las m\u00e1s destacadas de los \u00faltimos tiempos, que\u00a0<em>The Ringer<\/em>\u00a0ha calificado recientemente como la mejor interpretaci\u00f3n en cine del siglo XXI.<\/p>\n<p>A lo largo de su carrera, Watts ha compaginado aclamadas interpretaciones dram\u00e1ticas con producciones de grandes estudios. Entre su amplio historial en la gran pantalla destacan\u00a0<em>King Kong<\/em>, de Peter Jackson;\u00a0<em>The Ring<\/em>\u00a0y\u00a0<em>The Ring 2<\/em>, de Gore Verbinski;\u00a0<em>Eastern Promises (Promesas del este)<\/em>, de David Cronenberg;\u00a0<em>Funny Games<\/em>, de Michael Haneke;\u00a0<em>Fair Game<\/em>, de Doug Liman;\u00a0<em>J. Edgar<\/em>, de Clint Eastwood;\u00a0<em>While We&#8217;re Young\u00a0 (Mientras seamos j\u00f3venes)<\/em>, de Noah Baumbach;\u00a0<em>Mother and Child (Madres &amp; hijas)<\/em>, que le vali\u00f3 una nominaci\u00f3n a los Premios Independent Spirit;\u00a0<em>The Painted Veil (El velo pintado)<\/em>,\u00a0<em>We Don&#8217;t Live Here Anymore (Ya no somos dos)<\/em>,\u00a0<em>Adore (Dos madres perfectas)<\/em>,\u00a0<em>Luce<\/em>,\u00a0<em>Ophelia (Ofelia)<\/em>,\u00a0<em>The Glass Castle (El castillo de cristal)<\/em>,\u00a0<em>The Book of Henry (El libro secreto de Henry)<\/em>,\u00a0<em>Infinite Storm (Tormenta infinita)<\/em>,\u00a0<em>Goodnight Mommy (Buenas noches, mam\u00e1)<\/em>\u00a0y\u00a0<em>Emmanuelle<\/em>, de Audrey Diwan. Tambi\u00e9n ha ejercido de productora en varios proyectos, entre los que se incluyen\u00a0<em>The Painted Veil<\/em>,\u00a0<em>We Don&#8217;t Live Here Anymore<\/em>,\u00a0<em>Funny Games<\/em>,\u00a0<em>Adore<\/em>,\u00a0<em>3 Generations<\/em>,\u00a0<em>The Wolf Hour<\/em>\u00a0y\u00a0<em>Penguin Bloom<\/em>.<\/p>\n<p>Su trayectoria en televisi\u00f3n es igualmente notable, con papeles protagonistas en\u00a0<em>The Watcher (Vigilante)<\/em>, de Netflix;\u00a0<em>The Loudest Voice (La voz m\u00e1s alta<\/em>), de Showtime, donde interpret\u00f3 a Gretchen Carlson junto a Russell Crowe;\u00a0<em>Twin Peaks: The Return<\/em>, de David Lynch;\u00a0<em>Gypsy<\/em>, de Netflix, que tambi\u00e9n produjo; y una memorable aparici\u00f3n especial en<em>\u00a0BoJack Horseman<\/em>, de Netflix.<\/p>\n<p><img loading=\"lazy\" decoding=\"async\" class=\"aligncenter size-full wp-image-196924\" src=\"https:\/\/graziamagazine.com\/es\/wp-content\/uploads\/sites\/12\/2026\/08\/img_54335.jpg\" alt=\"\" width=\"1000\" height=\"666\" srcset=\"https:\/\/graziamagazine.com\/es\/wp-content\/uploads\/sites\/12\/2026\/08\/img_54335.jpg 1000w, https:\/\/graziamagazine.com\/es\/wp-content\/uploads\/sites\/12\/2026\/08\/img_54335-300x200.jpg 300w, https:\/\/graziamagazine.com\/es\/wp-content\/uploads\/sites\/12\/2026\/08\/img_54335-768x511.jpg 768w, https:\/\/graziamagazine.com\/es\/wp-content\/uploads\/sites\/12\/2026\/08\/img_54335-400x266.jpg 400w, https:\/\/graziamagazine.com\/es\/wp-content\/uploads\/sites\/12\/2026\/08\/img_54335-155x103.jpg 155w\" sizes=\"(max-width: 1000px) 100vw, 1000px\" \/><\/p>\n<p>A lo largo de su carrera, Watts ha recibido otros muchos galardones, entre los que se incluyen el Premio Montecito del Festival de Santa B\u00e1rbara, el Premio Desert Palm a la mejor actriz del Festival de Palm Springs, el Premio Estrella femenina del ma\u00f1ana de ShoWest, el Premio al mejor debut interpretativo del Festival de Hollywood y un homenaje a su trayectoria por parte del Festival de Cine Americano de Deauville.<\/p>\n<p>Nacida en Inglaterra y criada en Australia, Watts comenz\u00f3 a estudiar interpretaci\u00f3n cuando era una adolescente, para debutar en el cine con la pel\u00edcula\u00a0<em>Flirting<\/em>, de John Duigan. M\u00e1s tarde, produjo y protagoniz\u00f3 el cortometraje\u00a0<em>Ellie Parker<\/em>, que se estren\u00f3 en la secci\u00f3n competitiva del Festival de Sundance y que posteriormente ser\u00eda un largometraje.<\/p>\n<p>Fuera del mundo del espect\u00e1culo, Watts es una comprometida activista por la salud femenina y la sensibilizaci\u00f3n sobre la menopausia. En 2022, fund\u00f3 Stripes Beauty, una empresa de bienestar y belleza con base cient\u00edfica dedicada a normalizar la conversaci\u00f3n sobre la menopausia, al tiempo que empodera a las mujeres a trav\u00e9s de la educaci\u00f3n, la creaci\u00f3n de redes comunitarias y productos innovadores.<\/p>\n<p><em>*Im\u00e1genes: cortes\u00eda Festival de Cine de San Sebasti\u00e1n<\/em><\/p>\n<\/div>\n","protected":false},"author":11653,"featured_media":196922,"template":"","format":"standard","categories":[2971],"acf":{"banner":""},"yoast_head":"<!-- This site is optimized with the Yoast SEO Premium plugin v18.5 (Yoast SEO v20.4) - https:\/\/yoast.com\/wordpress\/plugins\/seo\/ -->\n<title>Naomi Watts, Premio Donostia 2026<\/title>\n<meta name=\"description\" content=\"La actriz recibir\u00e1 el galard\u00f3n el 19 de septiembre en San Sebasti\u00e1n, en una gala tras la que se proyectar\u00e1 &#039;The Housewife&#039;, de Ben Shirinian.\" \/>\n<meta name=\"robots\" content=\"index, follow, max-snippet:-1, max-image-preview:large, max-video-preview:-1\" \/>\n<link rel=\"canonical\" href=\"https:\/\/graziamagazine.com\/es\/articles\/naomi-watts-premio-donostia-2026\/\" \/>\n<meta property=\"og:locale\" content=\"es_ES\" \/>\n<meta property=\"og:type\" content=\"article\" \/>\n<meta property=\"og:title\" content=\"Naomi Watts, Premio Donostia 2026\" \/>\n<meta property=\"og:description\" content=\"La actriz recibir\u00e1 el galard\u00f3n el 19 de septiembre en San Sebasti\u00e1n, en una gala tras la que se proyectar\u00e1 &#039;The Housewife&#039;, de Ben Shirinian.\" \/>\n<meta property=\"og:url\" content=\"https:\/\/graziamagazine.com\/es\/articles\/naomi-watts-premio-donostia-2026\/\" \/>\n<meta property=\"og:site_name\" content=\"Grazia\" \/>\n<meta property=\"og:image\" content=\"https:\/\/graziamagazine.com\/es\/wp-content\/uploads\/sites\/12\/2026\/08\/img_54342.jpg\" \/>\n\t<meta property=\"og:image:width\" content=\"1000\" \/>\n\t<meta property=\"og:image:height\" content=\"666\" \/>\n\t<meta property=\"og:image:type\" content=\"image\/jpeg\" \/>\n<meta name=\"twitter:card\" content=\"summary_large_image\" \/>\n<meta name=\"twitter:label1\" content=\"Est. reading time\" \/>\n\t<meta name=\"twitter:data1\" content=\"8 minutos\" \/>\n<script type=\"application\/ld+json\" class=\"yoast-schema-graph\">{\"@context\":\"https:\/\/schema.org\",\"@graph\":[{\"@type\":\"WebPage\",\"@id\":\"https:\/\/graziamagazine.com\/es\/articles\/naomi-watts-premio-donostia-2026\/\",\"url\":\"https:\/\/graziamagazine.com\/es\/articles\/naomi-watts-premio-donostia-2026\/\",\"name\":\"Naomi Watts, Premio Donostia 2026\",\"isPartOf\":{\"@id\":\"https:\/\/graziamagazine.com\/es\/#website\"},\"datePublished\":\"2026-08-31T13:16:42+00:00\",\"dateModified\":\"2026-08-31T13:16:42+00:00\",\"description\":\"La actriz recibir\u00e1 el galard\u00f3n el 19 de septiembre en San Sebasti\u00e1n, en una gala tras la que se proyectar\u00e1 'The Housewife', de Ben Shirinian.\",\"breadcrumb\":{\"@id\":\"https:\/\/graziamagazine.com\/es\/articles\/naomi-watts-premio-donostia-2026\/#breadcrumb\"},\"inLanguage\":\"es\",\"potentialAction\":[{\"@type\":\"ReadAction\",\"target\":[\"https:\/\/graziamagazine.com\/es\/articles\/naomi-watts-premio-donostia-2026\/\"]}]},{\"@type\":\"BreadcrumbList\",\"@id\":\"https:\/\/graziamagazine.com\/es\/articles\/naomi-watts-premio-donostia-2026\/#breadcrumb\",\"itemListElement\":[{\"@type\":\"ListItem\",\"position\":1,\"name\":\"Portada\",\"item\":\"https:\/\/graziamagazine.com\/es\/\"},{\"@type\":\"ListItem\",\"position\":2,\"name\":\"Naomi Watts, Premio Donostia 2026\"}]},{\"@type\":\"WebSite\",\"@id\":\"https:\/\/graziamagazine.com\/es\/#website\",\"url\":\"https:\/\/graziamagazine.com\/es\/\",\"name\":\"Grazia\",\"description\":\"Moda, belleza, celebrities, estilo de vida...\",\"potentialAction\":[{\"@type\":\"SearchAction\",\"target\":{\"@type\":\"EntryPoint\",\"urlTemplate\":\"https:\/\/graziamagazine.com\/es\/?s={search_term_string}\"},\"query-input\":\"required name=search_term_string\"}],\"inLanguage\":\"es\"}]}<\/script>\n<!-- \/ Yoast SEO Premium plugin. -->","yoast_head_json":{"title":"Naomi Watts, Premio Donostia 2026","description":"La actriz recibir\u00e1 el galard\u00f3n el 19 de septiembre en San Sebasti\u00e1n, en una gala tras la que se proyectar\u00e1 'The Housewife', de Ben Shirinian.","robots":{"index":"index","follow":"follow","max-snippet":"max-snippet:-1","max-image-preview":"max-image-preview:large","max-video-preview":"max-video-preview:-1"},"canonical":"https:\/\/graziamagazine.com\/es\/articles\/naomi-watts-premio-donostia-2026\/","og_locale":"es_ES","og_type":"article","og_title":"Naomi Watts, Premio Donostia 2026","og_description":"La actriz recibir\u00e1 el galard\u00f3n el 19 de septiembre en San Sebasti\u00e1n, en una gala tras la que se proyectar\u00e1 'The Housewife', de Ben Shirinian.","og_url":"https:\/\/graziamagazine.com\/es\/articles\/naomi-watts-premio-donostia-2026\/","og_site_name":"Grazia","og_image":[{"width":1000,"height":666,"url":"https:\/\/graziamagazine.com\/es\/wp-content\/uploads\/sites\/12\/2026\/08\/img_54342.jpg","type":"image\/jpeg"}],"twitter_card":"summary_large_image","twitter_misc":{"Est. reading time":"8 minutos"},"schema":{"@context":"https:\/\/schema.org","@graph":[{"@type":"WebPage","@id":"https:\/\/graziamagazine.com\/es\/articles\/naomi-watts-premio-donostia-2026\/","url":"https:\/\/graziamagazine.com\/es\/articles\/naomi-watts-premio-donostia-2026\/","name":"Naomi Watts, Premio Donostia 2026","isPartOf":{"@id":"https:\/\/graziamagazine.com\/es\/#website"},"datePublished":"2026-08-31T13:16:42+00:00","dateModified":"2026-08-31T13:16:42+00:00","description":"La actriz recibir\u00e1 el galard\u00f3n el 19 de septiembre en San Sebasti\u00e1n, en una gala tras la que se proyectar\u00e1 'The Housewife', de Ben Shirinian.","breadcrumb":{"@id":"https:\/\/graziamagazine.com\/es\/articles\/naomi-watts-premio-donostia-2026\/#breadcrumb"},"inLanguage":"es","potentialAction":[{"@type":"ReadAction","target":["https:\/\/graziamagazine.com\/es\/articles\/naomi-watts-premio-donostia-2026\/"]}]},{"@type":"BreadcrumbList","@id":"https:\/\/graziamagazine.com\/es\/articles\/naomi-watts-premio-donostia-2026\/#breadcrumb","itemListElement":[{"@type":"ListItem","position":1,"name":"Portada","item":"https:\/\/graziamagazine.com\/es\/"},{"@type":"ListItem","position":2,"name":"Naomi Watts, Premio Donostia 2026"}]},{"@type":"WebSite","@id":"https:\/\/graziamagazine.com\/es\/#website","url":"https:\/\/graziamagazine.com\/es\/","name":"Grazia","description":"Moda, belleza, celebrities, estilo de vida...","potentialAction":[{"@type":"SearchAction","target":{"@type":"EntryPoint","urlTemplate":"https:\/\/graziamagazine.com\/es\/?s={search_term_string}"},"query-input":"required name=search_term_string"}],"inLanguage":"es"}]}},"jetpack_sharing_enabled":true,"distributor_meta":false,"distributor_terms":false,"distributor_media":false,"distributor_original_site_name":"Grazia","distributor_original_site_url":"https:\/\/graziamagazine.com\/es","push-errors":false,"_links":{"self":[{"href":"https:\/\/graziamagazine.com\/es\/wp-json\/wp\/v2\/articles\/196918"}],"collection":[{"href":"https:\/\/graziamagazine.com\/es\/wp-json\/wp\/v2\/articles"}],"about":[{"href":"https:\/\/graziamagazine.com\/es\/wp-json\/wp\/v2\/types\/articles"}],"author":[{"embeddable":true,"href":"https:\/\/graziamagazine.com\/es\/wp-json\/wp\/v2\/users\/11653"}],"wp:featuredmedia":[{"embeddable":true,"href":"https:\/\/graziamagazine.com\/es\/wp-json\/wp\/v2\/media\/196922"}],"wp:attachment":[{"href":"https:\/\/graziamagazine.com\/es\/wp-json\/wp\/v2\/media?parent=196918"}],"wp:term":[{"taxonomy":"category","embeddable":true,"href":"https:\/\/graziamagazine.com\/es\/wp-json\/wp\/v2\/categories?post=196918"}],"curies":[{"name":"wp","href":"https:\/\/api.w.org\/{rel}","templated":true}]}}