{"id":196871,"date":"2026-08-31T10:12:35","date_gmt":"2026-08-31T08:12:35","guid":{"rendered":"https:\/\/graziamagazine.com\/es\/?post_type=articles&#038;p=196871"},"modified":"2026-08-31T10:12:35","modified_gmt":"2026-08-31T08:12:35","slug":"rosalia-lleva-el-vestido-de-periodico-a-una-nueva-era","status":"publish","type":"articles","link":"https:\/\/graziamagazine.com\/es\/articles\/rosalia-lleva-el-vestido-de-periodico-a-una-nueva-era\/","title":{"rendered":"Rosal\u00eda lleva el vestido de peri\u00f3dico a una nueva era"},"content":{"rendered":"<p>Primero fue Carrie Bradshaw. Ahora,\u00a0Rosal\u00eda\u00a0vuelve a situar el vestido de peri\u00f3dico en el centro de todas las miradas. La artista espa\u00f1ola ha sido fotografiada en\u00a0Ciudad de M\u00e9xico\u00a0con el\u00a0vestido de estampado de peri\u00f3dico de\u00a0<span class=\"marknd2nj5a9u\" data-markjs=\"true\" data-ogac=\"\" data-ogab=\"\" data-ogsc=\"\" data-ogsb=\"\" data-ogsbtc=\"\" data-ogsbrc=\"\" data-ogsbbc=\"\" data-ogsblc=\"\">Desigual<\/span>, uniendo a una de las figuras culturales m\u00e1s influyentes del momento con una tendencia gr\u00e1fica que lleva m\u00e1s de dos d\u00e9cadas formando parte del imaginario colectivo de la moda.<\/p>\n<p>Pocos estampados est\u00e1n tan ligados a la moda de principios de los 2000 como el de peri\u00f3dico.\u00a0Carrie Bradshaw\u00a0convirti\u00f3 este dise\u00f1o en un aut\u00e9ntico icono de la cultura pop en\u00a0<em>Sexo en Nueva York<\/em>, consolid\u00e1ndolo como uno de los momentos de moda m\u00e1s memorables de aquella \u00e9poca. M\u00e1s de veinte a\u00f1os despu\u00e9s, mientras las\u00a0referencias Y2K\u00a0contin\u00faan regresando a nuestros armarios y a las pasarelas, el estampado encuentra una nueva generaci\u00f3n de protagonistas.<\/p>\n<p><img loading=\"lazy\" decoding=\"async\" class=\"aligncenter size-full wp-image-196907\" src=\"https:\/\/graziamagazine.com\/es\/wp-content\/uploads\/sites\/12\/2026\/08\/NdP_IMAGEN_INTERIOR_42.jpg\" alt=\"\" width=\"900\" height=\"1350\" srcset=\"https:\/\/graziamagazine.com\/es\/wp-content\/uploads\/sites\/12\/2026\/08\/NdP_IMAGEN_INTERIOR_42.jpg 900w, https:\/\/graziamagazine.com\/es\/wp-content\/uploads\/sites\/12\/2026\/08\/NdP_IMAGEN_INTERIOR_42-200x300.jpg 200w, https:\/\/graziamagazine.com\/es\/wp-content\/uploads\/sites\/12\/2026\/08\/NdP_IMAGEN_INTERIOR_42-683x1024.jpg 683w, https:\/\/graziamagazine.com\/es\/wp-content\/uploads\/sites\/12\/2026\/08\/NdP_IMAGEN_INTERIOR_42-768x1152.jpg 768w, https:\/\/graziamagazine.com\/es\/wp-content\/uploads\/sites\/12\/2026\/08\/NdP_IMAGEN_INTERIOR_42-400x600.jpg 400w, https:\/\/graziamagazine.com\/es\/wp-content\/uploads\/sites\/12\/2026\/08\/NdP_IMAGEN_INTERIOR_42-143x215.jpg 143w\" sizes=\"(max-width: 900px) 100vw, 900px\" \/><\/p>\n<p>Pero para <span class=\"marknd2nj5a9u\" data-markjs=\"true\" data-ogac=\"\" data-ogab=\"\" data-ogsc=\"\" data-ogsb=\"\" data-ogsbtc=\"\" data-ogsbrc=\"\" data-ogsbbc=\"\" data-ogsblc=\"\">Desigual<\/span>, no se trata simplemente de recuperar una tendencia. Los gr\u00e1ficos inspirados en peri\u00f3dicos forman tambi\u00e9n parte del propio\u00a0archivo creativo de la firma nacida en Barcelona.\u00a0<span class=\"marknd2nj5a9u\" data-markjs=\"true\" data-ogac=\"\" data-ogab=\"\" data-ogsc=\"\" data-ogsb=\"\" data-ogsbtc=\"\" data-ogsbrc=\"\" data-ogsbbc=\"\" data-ogsblc=\"\">Desigual<\/span> recupera este motivo caracter\u00edstico en su \u00faltima colecci\u00f3n y lo reinterpreta desde una mirada actual, manteniendo ese lenguaje visual irreverente que ha definido a la marca durante d\u00e9cadas.<\/p>\n<p>En lugar de reproducir las p\u00e1ginas de un peri\u00f3dico tradicional, el estampado crea su propio peri\u00f3dico\u00a0<span class=\"marknd2nj5a9u\" data-markjs=\"true\" data-ogac=\"\" data-ogab=\"\" data-ogsc=\"\" data-ogsb=\"\" data-ogsbtc=\"\" data-ogsbrc=\"\" data-ogsbbc=\"\" data-ogsblc=\"\">Desigual<\/span>. El nombre de la firma aparece junto a referencias gr\u00e1ficas a algunos de los hitos de su historia, convirtiendo el tejido en un recorrido visual por su universo y conectando pasado y presente a trav\u00e9s de uno de los lenguajes gr\u00e1ficos m\u00e1s reconocibles de la moda.<\/p>\n<p>Rosal\u00eda luce este motivo en un vestido midi sin mangas\u00a0confeccionado en 100% viscosa. De tejido ligero, el dise\u00f1o presenta un\u00a0corte recto, escote redondo, estampado gr\u00e1fico integral y una falda fluida\u00a0de silueta evas\u00e9. Su l\u00ednea limpia y ligera cede todo el protagonismo al estampado de peri\u00f3dico.<\/p>\n<p><img loading=\"lazy\" decoding=\"async\" class=\"aligncenter size-full wp-image-196905\" src=\"https:\/\/graziamagazine.com\/es\/wp-content\/uploads\/sites\/12\/2026\/08\/NdP_IMAGEN_INTERIOR_10-e1788163713173.jpg\" alt=\"\" width=\"900\" height=\"1005\" srcset=\"https:\/\/graziamagazine.com\/es\/wp-content\/uploads\/sites\/12\/2026\/08\/NdP_IMAGEN_INTERIOR_10-e1788163713173.jpg 900w, https:\/\/graziamagazine.com\/es\/wp-content\/uploads\/sites\/12\/2026\/08\/NdP_IMAGEN_INTERIOR_10-e1788163713173-269x300.jpg 269w, https:\/\/graziamagazine.com\/es\/wp-content\/uploads\/sites\/12\/2026\/08\/NdP_IMAGEN_INTERIOR_10-e1788163713173-768x858.jpg 768w, https:\/\/graziamagazine.com\/es\/wp-content\/uploads\/sites\/12\/2026\/08\/NdP_IMAGEN_INTERIOR_10-e1788163713173-400x447.jpg 400w, https:\/\/graziamagazine.com\/es\/wp-content\/uploads\/sites\/12\/2026\/08\/NdP_IMAGEN_INTERIOR_10-e1788163713173-155x173.jpg 155w\" sizes=\"(max-width: 900px) 100vw, 900px\" \/><\/p>\n<p><u><a href=\"https:\/\/www.desigual.com\/es_ES\/26WWVKX81000M.html?tduid=0ec2a0ed91c1520ef882aa44b9a32f56&amp;progId=286736&amp;affId=3015066&amp;utm_source=tradedoubler&amp;utm_medium=affiliate&amp;utm_content=TradeTracker_ES&amp;utm_campaign=AFF_Affiliation_ES_AFF_Desigual&amp;utm_term=TradeTracker_ES\"title=\"https:\/\/www.desigual.com\/es_ES\/26WWVKX81000M.html?tduid=0ec2a0ed91c1520ef882aa44b9a32f56&amp;progId=286736&amp;affId=3015066&amp;utm_source=tradedoubler&amp;utm_medium=affiliate&amp;utm_content=TradeTracker_ES&amp;utm_campaign=AFF_Affiliation_ES_AFF_Desigual&amp;utm_term=TradeTracker_ES\"  target=\"_blank\" rel=\"noopener noreferrer\" data-auth=\"NotApplicable\" data-linkindex=\"4\" data-olk-copy-source=\"MessageBody\" target=\"_blank\">Vestido sin mangas estampado: 89,95 euros en la web de Desigual<\/a><\/u><\/p>\n<p>La prenda forma parte de una c\u00e1psula m\u00e1s amplia que lleva el motivo de peri\u00f3dico m\u00e1s all\u00e1 del vestido y lo incorpora a\u00a0tops, faldas, camisas, pantalones y accesorios. El resultado es la interpretaci\u00f3n propia de Desigual de un estampado que lleva d\u00e9cadas transitando entre la moda, la televisi\u00f3n y la cultura pop.<\/p>\n<div>\n<p>Y su cap\u00edtulo m\u00e1s reciente llega de la mano de Rosal\u00eda. Del ic\u00f3nico momento Y2K de Carrie Bradshaw a Rosal\u00eda recorriendo las calles de Ciudad de M\u00e9xico, el vestido de peri\u00f3dico contin\u00faa reinvent\u00e1ndose para una nueva generaci\u00f3n. Esta vez,\u00a0Desigual escribe el pr\u00f3ximo titular.<\/p>\n<p><em>*Im\u00e1genes: cortes\u00eda<\/em><\/p>\n<div><\/div>\n<\/div>\n","protected":false},"author":11653,"featured_media":196906,"template":"","format":"standard","categories":[13],"acf":[],"yoast_head":"<!-- This site is optimized with the Yoast SEO Premium plugin v18.5 (Yoast SEO v20.4) - https:\/\/yoast.com\/wordpress\/plugins\/seo\/ -->\n<title>Rosal\u00eda lleva el vestido de peri\u00f3dico a una nueva era<\/title>\n<meta name=\"description\" content=\"Rosal\u00eda se convierte en la nueva protagonista de una de las tendencias gr\u00e1ficas m\u00e1s ic\u00f3nicas de la moda con este vestido de Desigual.\" \/>\n<meta name=\"robots\" content=\"index, follow, max-snippet:-1, max-image-preview:large, max-video-preview:-1\" \/>\n<link rel=\"canonical\" href=\"https:\/\/graziamagazine.com\/es\/articles\/rosalia-lleva-el-vestido-de-periodico-a-una-nueva-era\/\" \/>\n<meta property=\"og:locale\" content=\"es_ES\" \/>\n<meta property=\"og:type\" content=\"article\" \/>\n<meta property=\"og:title\" content=\"Rosal\u00eda lleva el vestido de peri\u00f3dico a una nueva era\" \/>\n<meta property=\"og:description\" content=\"Rosal\u00eda se convierte en la nueva protagonista de una de las tendencias gr\u00e1ficas m\u00e1s ic\u00f3nicas de la moda con este vestido de Desigual.\" \/>\n<meta property=\"og:url\" content=\"https:\/\/graziamagazine.com\/es\/articles\/rosalia-lleva-el-vestido-de-periodico-a-una-nueva-era\/\" \/>\n<meta property=\"og:site_name\" content=\"Grazia\" \/>\n<meta property=\"og:image\" content=\"https:\/\/graziamagazine.com\/es\/wp-content\/uploads\/sites\/12\/2026\/08\/NdP_IMAGEN_PORTADA_11.png\" \/>\n\t<meta property=\"og:image:width\" content=\"1500\" \/>\n\t<meta property=\"og:image:height\" content=\"1000\" \/>\n\t<meta property=\"og:image:type\" content=\"image\/png\" \/>\n<meta name=\"twitter:card\" content=\"summary_large_image\" \/>\n<meta name=\"twitter:label1\" content=\"Est. reading time\" \/>\n\t<meta name=\"twitter:data1\" content=\"3 minutos\" \/>\n<script type=\"application\/ld+json\" class=\"yoast-schema-graph\">{\"@context\":\"https:\/\/schema.org\",\"@graph\":[{\"@type\":\"WebPage\",\"@id\":\"https:\/\/graziamagazine.com\/es\/articles\/rosalia-lleva-el-vestido-de-periodico-a-una-nueva-era\/\",\"url\":\"https:\/\/graziamagazine.com\/es\/articles\/rosalia-lleva-el-vestido-de-periodico-a-una-nueva-era\/\",\"name\":\"Rosal\u00eda lleva el vestido de peri\u00f3dico a una nueva era\",\"isPartOf\":{\"@id\":\"https:\/\/graziamagazine.com\/es\/#website\"},\"datePublished\":\"2026-08-31T08:12:35+00:00\",\"dateModified\":\"2026-08-31T08:12:35+00:00\",\"description\":\"Rosal\u00eda se convierte en la nueva protagonista de una de las tendencias gr\u00e1ficas m\u00e1s ic\u00f3nicas de la moda con este vestido de Desigual.\",\"breadcrumb\":{\"@id\":\"https:\/\/graziamagazine.com\/es\/articles\/rosalia-lleva-el-vestido-de-periodico-a-una-nueva-era\/#breadcrumb\"},\"inLanguage\":\"es\",\"potentialAction\":[{\"@type\":\"ReadAction\",\"target\":[\"https:\/\/graziamagazine.com\/es\/articles\/rosalia-lleva-el-vestido-de-periodico-a-una-nueva-era\/\"]}]},{\"@type\":\"BreadcrumbList\",\"@id\":\"https:\/\/graziamagazine.com\/es\/articles\/rosalia-lleva-el-vestido-de-periodico-a-una-nueva-era\/#breadcrumb\",\"itemListElement\":[{\"@type\":\"ListItem\",\"position\":1,\"name\":\"Portada\",\"item\":\"https:\/\/graziamagazine.com\/es\/\"},{\"@type\":\"ListItem\",\"position\":2,\"name\":\"Rosal\u00eda lleva el vestido de peri\u00f3dico a una nueva era\"}]},{\"@type\":\"WebSite\",\"@id\":\"https:\/\/graziamagazine.com\/es\/#website\",\"url\":\"https:\/\/graziamagazine.com\/es\/\",\"name\":\"Grazia\",\"description\":\"Moda, belleza, celebrities, estilo de vida...\",\"potentialAction\":[{\"@type\":\"SearchAction\",\"target\":{\"@type\":\"EntryPoint\",\"urlTemplate\":\"https:\/\/graziamagazine.com\/es\/?s={search_term_string}\"},\"query-input\":\"required name=search_term_string\"}],\"inLanguage\":\"es\"}]}<\/script>\n<!-- \/ Yoast SEO Premium plugin. -->","yoast_head_json":{"title":"Rosal\u00eda lleva el vestido de peri\u00f3dico a una nueva era","description":"Rosal\u00eda se convierte en la nueva protagonista de una de las tendencias gr\u00e1ficas m\u00e1s ic\u00f3nicas de la moda con este vestido de Desigual.","robots":{"index":"index","follow":"follow","max-snippet":"max-snippet:-1","max-image-preview":"max-image-preview:large","max-video-preview":"max-video-preview:-1"},"canonical":"https:\/\/graziamagazine.com\/es\/articles\/rosalia-lleva-el-vestido-de-periodico-a-una-nueva-era\/","og_locale":"es_ES","og_type":"article","og_title":"Rosal\u00eda lleva el vestido de peri\u00f3dico a una nueva era","og_description":"Rosal\u00eda se convierte en la nueva protagonista de una de las tendencias gr\u00e1ficas m\u00e1s ic\u00f3nicas de la moda con este vestido de Desigual.","og_url":"https:\/\/graziamagazine.com\/es\/articles\/rosalia-lleva-el-vestido-de-periodico-a-una-nueva-era\/","og_site_name":"Grazia","og_image":[{"width":1500,"height":1000,"url":"https:\/\/graziamagazine.com\/es\/wp-content\/uploads\/sites\/12\/2026\/08\/NdP_IMAGEN_PORTADA_11.png","type":"image\/png"}],"twitter_card":"summary_large_image","twitter_misc":{"Est. reading time":"3 minutos"},"schema":{"@context":"https:\/\/schema.org","@graph":[{"@type":"WebPage","@id":"https:\/\/graziamagazine.com\/es\/articles\/rosalia-lleva-el-vestido-de-periodico-a-una-nueva-era\/","url":"https:\/\/graziamagazine.com\/es\/articles\/rosalia-lleva-el-vestido-de-periodico-a-una-nueva-era\/","name":"Rosal\u00eda lleva el vestido de peri\u00f3dico a una nueva era","isPartOf":{"@id":"https:\/\/graziamagazine.com\/es\/#website"},"datePublished":"2026-08-31T08:12:35+00:00","dateModified":"2026-08-31T08:12:35+00:00","description":"Rosal\u00eda se convierte en la nueva protagonista de una de las tendencias gr\u00e1ficas m\u00e1s ic\u00f3nicas de la moda con este vestido de Desigual.","breadcrumb":{"@id":"https:\/\/graziamagazine.com\/es\/articles\/rosalia-lleva-el-vestido-de-periodico-a-una-nueva-era\/#breadcrumb"},"inLanguage":"es","potentialAction":[{"@type":"ReadAction","target":["https:\/\/graziamagazine.com\/es\/articles\/rosalia-lleva-el-vestido-de-periodico-a-una-nueva-era\/"]}]},{"@type":"BreadcrumbList","@id":"https:\/\/graziamagazine.com\/es\/articles\/rosalia-lleva-el-vestido-de-periodico-a-una-nueva-era\/#breadcrumb","itemListElement":[{"@type":"ListItem","position":1,"name":"Portada","item":"https:\/\/graziamagazine.com\/es\/"},{"@type":"ListItem","position":2,"name":"Rosal\u00eda lleva el vestido de peri\u00f3dico a una nueva era"}]},{"@type":"WebSite","@id":"https:\/\/graziamagazine.com\/es\/#website","url":"https:\/\/graziamagazine.com\/es\/","name":"Grazia","description":"Moda, belleza, celebrities, estilo de vida...","potentialAction":[{"@type":"SearchAction","target":{"@type":"EntryPoint","urlTemplate":"https:\/\/graziamagazine.com\/es\/?s={search_term_string}"},"query-input":"required name=search_term_string"}],"inLanguage":"es"}]}},"jetpack_sharing_enabled":true,"distributor_meta":false,"distributor_terms":false,"distributor_media":false,"distributor_original_site_name":"Grazia","distributor_original_site_url":"https:\/\/graziamagazine.com\/es","push-errors":false,"_links":{"self":[{"href":"https:\/\/graziamagazine.com\/es\/wp-json\/wp\/v2\/articles\/196871"}],"collection":[{"href":"https:\/\/graziamagazine.com\/es\/wp-json\/wp\/v2\/articles"}],"about":[{"href":"https:\/\/graziamagazine.com\/es\/wp-json\/wp\/v2\/types\/articles"}],"author":[{"embeddable":true,"href":"https:\/\/graziamagazine.com\/es\/wp-json\/wp\/v2\/users\/11653"}],"wp:featuredmedia":[{"embeddable":true,"href":"https:\/\/graziamagazine.com\/es\/wp-json\/wp\/v2\/media\/196906"}],"wp:attachment":[{"href":"https:\/\/graziamagazine.com\/es\/wp-json\/wp\/v2\/media?parent=196871"}],"wp:term":[{"taxonomy":"category","embeddable":true,"href":"https:\/\/graziamagazine.com\/es\/wp-json\/wp\/v2\/categories?post=196871"}],"curies":[{"name":"wp","href":"https:\/\/api.w.org\/{rel}","templated":true}]}}