{"id":196870,"date":"2026-09-02T07:00:07","date_gmt":"2026-09-02T05:00:07","guid":{"rendered":"https:\/\/graziamagazine.com\/es\/?post_type=articles&#038;p=196870"},"modified":"2026-09-01T23:28:36","modified_gmt":"2026-09-01T21:28:36","slug":"el-nuevo-mapa-del-lujo-de-madrid","status":"publish","type":"articles","link":"https:\/\/graziamagazine.com\/es\/articles\/el-nuevo-mapa-del-lujo-de-madrid\/","title":{"rendered":"El nuevo mapa del lujo de Madrid"},"content":{"rendered":"<p>Durante a\u00f1os, el lujo madrile\u00f1o pareci\u00f3 tener coordenadas muy concretas. Hoy, <strong>el mapa ha cambiado.<\/strong> Canalejas se ha convertido en uno de los nuevos epicentros de la ciudad, y su hotel m\u00e1s ic\u00f3nico tiene mucho que ver con ello.<\/p>\n<h3><b>El nuevo lujo est\u00e1 en el centro<\/b><\/h3>\n<p>La ubicaci\u00f3n siempre ha sido uno de los grandes argumentos del hotel <em><strong>Four Seasons Madrid,<\/strong><\/em> pero <strong>cinco a\u00f1os despu\u00e9s<\/strong> se entiende de otra manera. El hotel se encuentra entre <strong>Puerta del Sol y el Barrio de las Letras, a pocos minutos a pie del Prado, el Thyssen, Gran V\u00eda, Cibeles o El Retiro.<\/strong> Madrid <a href=\"https:\/\/graziamagazine.com\/es\/articles\/mbfwmadrid-se-traslada-a-ocho-espacios-iconicos-de-madrid\/\">se despliega<\/a> pr\u00e1cticamente en todas direcciones y, en una ciudad hecha para caminar, eso cambia por completo la experiencia. <strong>Pero la propia ciudad tambi\u00e9n ha cambiado por completo alrededor de ello.<\/strong><\/p>\n<p><img loading=\"lazy\" decoding=\"async\" class=\"aligncenter size-full wp-image-196879\" src=\"https:\/\/graziamagazine.com\/es\/wp-content\/uploads\/sites\/12\/2026\/08\/20250501_4SEASONS_NC_MADRID_HOTEL_EXTERIOR_FROUNT_1215.jpg\" alt=\"\" width=\"1280\" height=\"960\" srcset=\"https:\/\/graziamagazine.com\/es\/wp-content\/uploads\/sites\/12\/2026\/08\/20250501_4SEASONS_NC_MADRID_HOTEL_EXTERIOR_FROUNT_1215.jpg 1280w, https:\/\/graziamagazine.com\/es\/wp-content\/uploads\/sites\/12\/2026\/08\/20250501_4SEASONS_NC_MADRID_HOTEL_EXTERIOR_FROUNT_1215-300x225.jpg 300w, https:\/\/graziamagazine.com\/es\/wp-content\/uploads\/sites\/12\/2026\/08\/20250501_4SEASONS_NC_MADRID_HOTEL_EXTERIOR_FROUNT_1215-1024x768.jpg 1024w, https:\/\/graziamagazine.com\/es\/wp-content\/uploads\/sites\/12\/2026\/08\/20250501_4SEASONS_NC_MADRID_HOTEL_EXTERIOR_FROUNT_1215-768x576.jpg 768w, https:\/\/graziamagazine.com\/es\/wp-content\/uploads\/sites\/12\/2026\/08\/20250501_4SEASONS_NC_MADRID_HOTEL_EXTERIOR_FROUNT_1215-400x300.jpg 400w, https:\/\/graziamagazine.com\/es\/wp-content\/uploads\/sites\/12\/2026\/08\/20250501_4SEASONS_NC_MADRID_HOTEL_EXTERIOR_FROUNT_1215-155x116.jpg 155w\" sizes=\"(max-width: 1280px) 100vw, 1280px\" \/><\/p>\n<p>La apertura de <a href=\"https:\/\/www.galeriacanalejas.com\/\" target=\"_blank\" rel=\"noopener\" target=\"_blank\">Galer\u00eda Canalejas,<\/a> la peatonalizaci\u00f3n de buena parte del entorno y la <strong>llegada de nuevos conceptos<\/strong> gastron\u00f3micos, comerciales y de ocio han dado otra energ\u00eda a una zona que hoy se siente m\u00e1s sofisticada, m\u00e1s cuidada y mucho m\u00e1s conectada con el lujo contempor\u00e1neo. <em>Four Seasons<\/em> no lleg\u00f3 simplemente a una buena ubicaci\u00f3n. <strong>Ayud\u00f3 a convertirla en destino.<\/strong><\/p>\n<h3><b>Siete edificios y ninguna habitaci\u00f3n igual<\/b><\/h3>\n<p>Parte de ese car\u00e1cter empieza en <strong>la propia arquitectura.<\/strong> El hotel ocupa siete edificios hist\u00f3ricos que fueron restaurados y unidos en uno de los proyectos de rehabilitaci\u00f3n m\u00e1s ambiciosos del centro de Madrid. Durante el proceso <strong>se recuperaron miles de elementos originales,<\/strong> muchos de ellos integrados de nuevo en los espacios actuales. El resultado es un hotel poco convencional en su distribuci\u00f3n. No todas las habitaciones responden al mismo esquema y algunas aprovechan precisamente las alturas y vol\u00famenes heredados de los edificios originales.<\/p>\n<p><img loading=\"lazy\" decoding=\"async\" class=\"aligncenter size-full wp-image-196881\" src=\"https:\/\/graziamagazine.com\/es\/wp-content\/uploads\/sites\/12\/2026\/08\/Four-Seasons-Hotel-Madrid-Loft-Suite-Living-Room.jpg\" alt=\"\" width=\"1280\" height=\"933\" srcset=\"https:\/\/graziamagazine.com\/es\/wp-content\/uploads\/sites\/12\/2026\/08\/Four-Seasons-Hotel-Madrid-Loft-Suite-Living-Room.jpg 1280w, https:\/\/graziamagazine.com\/es\/wp-content\/uploads\/sites\/12\/2026\/08\/Four-Seasons-Hotel-Madrid-Loft-Suite-Living-Room-300x219.jpg 300w, https:\/\/graziamagazine.com\/es\/wp-content\/uploads\/sites\/12\/2026\/08\/Four-Seasons-Hotel-Madrid-Loft-Suite-Living-Room-1024x746.jpg 1024w, https:\/\/graziamagazine.com\/es\/wp-content\/uploads\/sites\/12\/2026\/08\/Four-Seasons-Hotel-Madrid-Loft-Suite-Living-Room-768x560.jpg 768w, https:\/\/graziamagazine.com\/es\/wp-content\/uploads\/sites\/12\/2026\/08\/Four-Seasons-Hotel-Madrid-Loft-Suite-Living-Room-400x292.jpg 400w, https:\/\/graziamagazine.com\/es\/wp-content\/uploads\/sites\/12\/2026\/08\/Four-Seasons-Hotel-Madrid-Loft-Suite-Living-Room-155x113.jpg 155w\" sizes=\"(max-width: 1280px) 100vw, 1280px\" \/><\/p>\n<p>La <a href=\"https:\/\/www.fourseasons.com\/madrid\/accommodations\/suites\/loft-suite\/\" target=\"_blank\"><strong><em>Loft Suite<\/em><\/strong><\/a> es uno de los mejores ejemplos: <strong>entre 70 y 105 metros cuadrados distribuidos en dos niveles,<\/strong> con dormitorio, vestidor y ba\u00f1o en la planta superior y una amplia zona de estar en la inferior. La <strong>altura y la luz<\/strong> transforman por completo el espacio.<\/p>\n<p><img loading=\"lazy\" decoding=\"async\" class=\"aligncenter size-full wp-image-196880\" src=\"https:\/\/graziamagazine.com\/es\/wp-content\/uploads\/sites\/12\/2026\/08\/Four-Seasons-Hotel-Madrid-Loft-Suite-Living-Room-2.jpg\" alt=\"\" width=\"1280\" height=\"943\" srcset=\"https:\/\/graziamagazine.com\/es\/wp-content\/uploads\/sites\/12\/2026\/08\/Four-Seasons-Hotel-Madrid-Loft-Suite-Living-Room-2.jpg 1280w, https:\/\/graziamagazine.com\/es\/wp-content\/uploads\/sites\/12\/2026\/08\/Four-Seasons-Hotel-Madrid-Loft-Suite-Living-Room-2-300x221.jpg 300w, https:\/\/graziamagazine.com\/es\/wp-content\/uploads\/sites\/12\/2026\/08\/Four-Seasons-Hotel-Madrid-Loft-Suite-Living-Room-2-1024x754.jpg 1024w, https:\/\/graziamagazine.com\/es\/wp-content\/uploads\/sites\/12\/2026\/08\/Four-Seasons-Hotel-Madrid-Loft-Suite-Living-Room-2-768x566.jpg 768w, https:\/\/graziamagazine.com\/es\/wp-content\/uploads\/sites\/12\/2026\/08\/Four-Seasons-Hotel-Madrid-Loft-Suite-Living-Room-2-400x295.jpg 400w, https:\/\/graziamagazine.com\/es\/wp-content\/uploads\/sites\/12\/2026\/08\/Four-Seasons-Hotel-Madrid-Loft-Suite-Living-Room-2-155x114.jpg 155w\" sizes=\"(max-width: 1280px) 100vw, 1280px\" \/><\/p>\n<p>En un momento en el que muchos hoteles de lujo tienden a reproducir una misma est\u00e9tica en distintas ciudades, aqu\u00ed las<strong> irregularidades del edificio se convierten en personalidad.<\/strong><\/p>\n<h3><b>Un resort vertical sobre Madrid<\/b><\/h3>\n<p>Hay otra paradoja interesante. La ubicaci\u00f3n invita a salir constantemente, pero el hotel tiene suficiente vida como para no necesitar hacerlo. <em><strong>Dani Brasserie,<\/strong> <\/em>el spa, la piscina, el gimnasio, las terrazas y los distintos espacios gastron\u00f3micos convierten el edificio en una especie de resort urbano en altura.<\/p>\n<p><img loading=\"lazy\" decoding=\"async\" class=\"aligncenter size-full wp-image-196877\" src=\"https:\/\/graziamagazine.com\/es\/wp-content\/uploads\/sites\/12\/2026\/08\/FourSeasonsHotel-Madrid_DANI_terrace_17.jpg\" alt=\"\" width=\"1280\" height=\"853\" srcset=\"https:\/\/graziamagazine.com\/es\/wp-content\/uploads\/sites\/12\/2026\/08\/FourSeasonsHotel-Madrid_DANI_terrace_17.jpg 1280w, https:\/\/graziamagazine.com\/es\/wp-content\/uploads\/sites\/12\/2026\/08\/FourSeasonsHotel-Madrid_DANI_terrace_17-300x200.jpg 300w, https:\/\/graziamagazine.com\/es\/wp-content\/uploads\/sites\/12\/2026\/08\/FourSeasonsHotel-Madrid_DANI_terrace_17-1024x682.jpg 1024w, https:\/\/graziamagazine.com\/es\/wp-content\/uploads\/sites\/12\/2026\/08\/FourSeasonsHotel-Madrid_DANI_terrace_17-768x512.jpg 768w, https:\/\/graziamagazine.com\/es\/wp-content\/uploads\/sites\/12\/2026\/08\/FourSeasonsHotel-Madrid_DANI_terrace_17-400x267.jpg 400w, https:\/\/graziamagazine.com\/es\/wp-content\/uploads\/sites\/12\/2026\/08\/FourSeasonsHotel-Madrid_DANI_terrace_17-155x103.jpg 155w\" sizes=\"(max-width: 1280px) 100vw, 1280px\" \/><\/p>\n<p><em><strong>Dani,<\/strong><\/em> situado en la azotea y dise\u00f1ado por Martin Brudnizki, es probablemente el mejor ejemplo. Por la ma\u00f1ana funciona como uno de los <strong>desayunos m\u00e1s luminosos de la ciudad<\/strong>; al mediod\u00eda adquiere la energ\u00eda de una <strong><em>brasserie<\/em> cosmopolita<\/strong> y, al caer la noche, su terraza se convierte en uno de esos lugares donde Madrid parece formar parte de la decoraci\u00f3n.<\/p>\n<p><img loading=\"lazy\" decoding=\"async\" class=\"aligncenter size-full wp-image-196885\" src=\"https:\/\/graziamagazine.com\/es\/wp-content\/uploads\/sites\/12\/2026\/08\/MMD_1296_original.jpg\" alt=\"\" width=\"1280\" height=\"720\" srcset=\"https:\/\/graziamagazine.com\/es\/wp-content\/uploads\/sites\/12\/2026\/08\/MMD_1296_original.jpg 1280w, https:\/\/graziamagazine.com\/es\/wp-content\/uploads\/sites\/12\/2026\/08\/MMD_1296_original-300x169.jpg 300w, https:\/\/graziamagazine.com\/es\/wp-content\/uploads\/sites\/12\/2026\/08\/MMD_1296_original-1024x576.jpg 1024w, https:\/\/graziamagazine.com\/es\/wp-content\/uploads\/sites\/12\/2026\/08\/MMD_1296_original-768x432.jpg 768w, https:\/\/graziamagazine.com\/es\/wp-content\/uploads\/sites\/12\/2026\/08\/MMD_1296_original-400x225.jpg 400w, https:\/\/graziamagazine.com\/es\/wp-content\/uploads\/sites\/12\/2026\/08\/MMD_1296_original-155x87.jpg 155w\" sizes=\"(max-width: 1280px) 100vw, 1280px\" \/><\/p>\n<p>No es casualidad que haya dejado de percibirse \u00fanicamente como \u201cel restaurante del hotel\u201d. Gran parte de su \u00e9xito est\u00e1 precisamente en atraer tambi\u00e9n a p\u00fablico local. Esa misma voluntad de formar parte de la ciudad aparece en propuestas como Dani&#8217;s Cinema Club, que durante las noches de verano transforma la azotea en un cine al aire libre con gastronom\u00eda y vistas sobre Madrid.<\/p>\n<h3><b>Desconectar sin salir de Madrid<\/b><\/h3>\n<p>El otro extremo de esa energ\u00eda est\u00e1 unas plantas m\u00e1s arriba.<strong> El <em>spa<\/em> ocupa alrededor de 1.450 metros cuadrados<\/strong> distribuidos en cuatro niveles y cuenta con ocho salas de tratamiento, gimnasio 24 horas y una piscina interior de 14 metros ba\u00f1ada por luz natural.<\/p>\n<p><img loading=\"lazy\" decoding=\"async\" class=\"aligncenter size-full wp-image-196878\" src=\"https:\/\/graziamagazine.com\/es\/wp-content\/uploads\/sites\/12\/2026\/08\/Four-Seasons-Hotel-Madrid-Spa-Swimming-Pool.jpg\" alt=\"\" width=\"1280\" height=\"853\" srcset=\"https:\/\/graziamagazine.com\/es\/wp-content\/uploads\/sites\/12\/2026\/08\/Four-Seasons-Hotel-Madrid-Spa-Swimming-Pool.jpg 1280w, https:\/\/graziamagazine.com\/es\/wp-content\/uploads\/sites\/12\/2026\/08\/Four-Seasons-Hotel-Madrid-Spa-Swimming-Pool-300x200.jpg 300w, https:\/\/graziamagazine.com\/es\/wp-content\/uploads\/sites\/12\/2026\/08\/Four-Seasons-Hotel-Madrid-Spa-Swimming-Pool-1024x682.jpg 1024w, https:\/\/graziamagazine.com\/es\/wp-content\/uploads\/sites\/12\/2026\/08\/Four-Seasons-Hotel-Madrid-Spa-Swimming-Pool-768x512.jpg 768w, https:\/\/graziamagazine.com\/es\/wp-content\/uploads\/sites\/12\/2026\/08\/Four-Seasons-Hotel-Madrid-Spa-Swimming-Pool-400x267.jpg 400w, https:\/\/graziamagazine.com\/es\/wp-content\/uploads\/sites\/12\/2026\/08\/Four-Seasons-Hotel-Madrid-Spa-Swimming-Pool-155x103.jpg 155w\" sizes=\"(max-width: 1280px) 100vw, 1280px\" \/><\/p>\n<p>Es uno de esos espacios que resumen bien el concepto del hotel: abajo contin\u00faa uno de los<strong> centros urbanos m\u00e1s activos de Espa\u00f1a;<\/strong> arriba, silencio, agua y tejados. La propuesta de <em>Wellness<\/em> tambi\u00e9n se ha actualizado este a\u00f1o con nuevos tratamientos <em>Natura Biss\u00e9<\/em> centrados en personalizaci\u00f3n, innovaci\u00f3n cosm\u00e9tica y resultados visibles. M\u00e1s que un simple spa de hotel, funciona como <strong>un refugio urbano pensado tanto para viajeros como para madrile\u00f1os.<\/strong><\/p>\n<p><img loading=\"lazy\" decoding=\"async\" class=\"aligncenter size-full wp-image-196875\" src=\"https:\/\/graziamagazine.com\/es\/wp-content\/uploads\/sites\/12\/2026\/08\/MMD_599_original.jpg\" alt=\"\" width=\"1280\" height=\"721\" srcset=\"https:\/\/graziamagazine.com\/es\/wp-content\/uploads\/sites\/12\/2026\/08\/MMD_599_original.jpg 1280w, https:\/\/graziamagazine.com\/es\/wp-content\/uploads\/sites\/12\/2026\/08\/MMD_599_original-300x169.jpg 300w, https:\/\/graziamagazine.com\/es\/wp-content\/uploads\/sites\/12\/2026\/08\/MMD_599_original-1024x577.jpg 1024w, https:\/\/graziamagazine.com\/es\/wp-content\/uploads\/sites\/12\/2026\/08\/MMD_599_original-768x433.jpg 768w, https:\/\/graziamagazine.com\/es\/wp-content\/uploads\/sites\/12\/2026\/08\/MMD_599_original-400x225.jpg 400w, https:\/\/graziamagazine.com\/es\/wp-content\/uploads\/sites\/12\/2026\/08\/MMD_599_original-155x87.jpg 155w\" sizes=\"(max-width: 1280px) 100vw, 1280px\" \/><\/p>\n<h3><b>Madrid entra en el hotel<\/b><\/h3>\n<p>La relaci\u00f3n con la ciudad tambi\u00e9n se percibe en los detalles. <strong>Cerca de 1.500 obras de arte<\/strong> recorren habitaciones y zonas comunes, con especial protagonismo de creadores espa\u00f1oles contempor\u00e1neos.<\/p>\n<figure id=\"attachment_196886\" aria-describedby=\"caption-attachment-196886\" style=\"width: 1280px\" class=\"wp-caption aligncenter\"><img loading=\"lazy\" decoding=\"async\" class=\"size-full wp-image-196886\" src=\"https:\/\/graziamagazine.com\/es\/wp-content\/uploads\/sites\/12\/2026\/08\/MMD_395_original.jpg\" alt=\"\" width=\"1280\" height=\"720\" srcset=\"https:\/\/graziamagazine.com\/es\/wp-content\/uploads\/sites\/12\/2026\/08\/MMD_395_original.jpg 1280w, https:\/\/graziamagazine.com\/es\/wp-content\/uploads\/sites\/12\/2026\/08\/MMD_395_original-300x169.jpg 300w, https:\/\/graziamagazine.com\/es\/wp-content\/uploads\/sites\/12\/2026\/08\/MMD_395_original-1024x576.jpg 1024w, https:\/\/graziamagazine.com\/es\/wp-content\/uploads\/sites\/12\/2026\/08\/MMD_395_original-768x432.jpg 768w, https:\/\/graziamagazine.com\/es\/wp-content\/uploads\/sites\/12\/2026\/08\/MMD_395_original-400x225.jpg 400w, https:\/\/graziamagazine.com\/es\/wp-content\/uploads\/sites\/12\/2026\/08\/MMD_395_original-155x87.jpg 155w\" sizes=\"(max-width: 1280px) 100vw, 1280px\" \/><figcaption id=\"caption-attachment-196886\" class=\"wp-caption-text\">Royal Suite<\/figcaption><\/figure>\n<p>La <em><strong>Royal Suite<\/strong><\/em> lleva esa conexi\u00f3n todav\u00eda m\u00e1s lejos. Sus<strong> 400 metros cuadrados<\/strong> ocupan parte de los <strong>antiguos espacios del Casino de Madrid y del Banco Espa\u00f1ol de Cr\u00e9dito,<\/strong> conservando elementos hist\u00f3ricos como la chimenea, las molduras, la marqueter\u00eda o los grandes ventanales hacia Alcal\u00e1 y Sevilla. No se trata de recrear un <strong>Madrid hist\u00f3rico,<\/strong> sino de incorporarlo al lujo actual.<\/p>\n<figure id=\"attachment_196882\" aria-describedby=\"caption-attachment-196882\" style=\"width: 1280px\" class=\"wp-caption aligncenter\"><img loading=\"lazy\" decoding=\"async\" class=\"size-full wp-image-196882\" src=\"https:\/\/graziamagazine.com\/es\/wp-content\/uploads\/sites\/12\/2026\/08\/MMD_389_original.jpg\" alt=\"\" width=\"1280\" height=\"720\" srcset=\"https:\/\/graziamagazine.com\/es\/wp-content\/uploads\/sites\/12\/2026\/08\/MMD_389_original.jpg 1280w, https:\/\/graziamagazine.com\/es\/wp-content\/uploads\/sites\/12\/2026\/08\/MMD_389_original-300x169.jpg 300w, https:\/\/graziamagazine.com\/es\/wp-content\/uploads\/sites\/12\/2026\/08\/MMD_389_original-1024x576.jpg 1024w, https:\/\/graziamagazine.com\/es\/wp-content\/uploads\/sites\/12\/2026\/08\/MMD_389_original-768x432.jpg 768w, https:\/\/graziamagazine.com\/es\/wp-content\/uploads\/sites\/12\/2026\/08\/MMD_389_original-400x225.jpg 400w, https:\/\/graziamagazine.com\/es\/wp-content\/uploads\/sites\/12\/2026\/08\/MMD_389_original-155x87.jpg 155w\" sizes=\"(max-width: 1280px) 100vw, 1280px\" \/><figcaption id=\"caption-attachment-196882\" class=\"wp-caption-text\">Royal Suite<\/figcaption><\/figure>\n<p>Y quiz\u00e1 esa sea tambi\u00e9n la clave para entender el impacto del hotel. <strong>Four Seasons Madrid no necesit\u00f3 sacar al viajero del centro para ofrecer una experiencia de ultra lujo.<\/strong> Hizo exactamente <strong>lo contrario<\/strong>: coloc\u00f3 ese lujo en medio de la ciudad y convirti\u00f3 Madrid en parte esencial de la experiencia.<\/p>\n<p><img loading=\"lazy\" decoding=\"async\" class=\"aligncenter size-full wp-image-196883\" src=\"https:\/\/graziamagazine.com\/es\/wp-content\/uploads\/sites\/12\/2026\/08\/MMD_392_original.jpg\" alt=\"\" width=\"1280\" height=\"720\" srcset=\"https:\/\/graziamagazine.com\/es\/wp-content\/uploads\/sites\/12\/2026\/08\/MMD_392_original.jpg 1280w, https:\/\/graziamagazine.com\/es\/wp-content\/uploads\/sites\/12\/2026\/08\/MMD_392_original-300x169.jpg 300w, https:\/\/graziamagazine.com\/es\/wp-content\/uploads\/sites\/12\/2026\/08\/MMD_392_original-1024x576.jpg 1024w, https:\/\/graziamagazine.com\/es\/wp-content\/uploads\/sites\/12\/2026\/08\/MMD_392_original-768x432.jpg 768w, https:\/\/graziamagazine.com\/es\/wp-content\/uploads\/sites\/12\/2026\/08\/MMD_392_original-400x225.jpg 400w, https:\/\/graziamagazine.com\/es\/wp-content\/uploads\/sites\/12\/2026\/08\/MMD_392_original-155x87.jpg 155w\" sizes=\"(max-width: 1280px) 100vw, 1280px\" \/><\/p>\n<p>&nbsp;<\/p>\n<p>Cinco a\u00f1os despu\u00e9s, Canalejas ya no es simplemente el lugar donde est\u00e1 el hotel.<strong> Es uno de los lugares desde los que se entiende el nuevo Madrid.<\/strong><\/p>\n<p>&nbsp;<\/p>\n","protected":false},"author":36037,"featured_media":196874,"template":"","format":"standard","categories":[18],"acf":[],"yoast_head":"<!-- This site is optimized with the Yoast SEO Premium plugin v18.5 (Yoast SEO v20.4) - https:\/\/yoast.com\/wordpress\/plugins\/seo\/ -->\n<title>El nuevo mapa del lujo de Madrid<\/title>\n<meta name=\"description\" content=\"El nuevo lujo se est\u00e1 dibujando en pleno centro de la capital y te descubrimos qu\u00e9 est\u00e1 transformando la ciudad y sus nuevas coordenadas.\" \/>\n<meta name=\"robots\" content=\"index, follow, max-snippet:-1, max-image-preview:large, max-video-preview:-1\" \/>\n<link rel=\"canonical\" href=\"https:\/\/graziamagazine.com\/es\/articles\/el-nuevo-mapa-del-lujo-de-madrid\/\" \/>\n<meta property=\"og:locale\" content=\"es_ES\" \/>\n<meta property=\"og:type\" content=\"article\" \/>\n<meta property=\"og:title\" content=\"El nuevo mapa del lujo de Madrid\" \/>\n<meta property=\"og:description\" content=\"El nuevo lujo se est\u00e1 dibujando en pleno centro de la capital y te descubrimos qu\u00e9 est\u00e1 transformando la ciudad y sus nuevas coordenadas.\" \/>\n<meta property=\"og:url\" content=\"https:\/\/graziamagazine.com\/es\/articles\/el-nuevo-mapa-del-lujo-de-madrid\/\" \/>\n<meta property=\"og:site_name\" content=\"Grazia\" \/>\n<meta property=\"article:modified_time\" content=\"2026-09-01T21:28:36+00:00\" \/>\n<meta property=\"og:image\" content=\"https:\/\/graziamagazine.com\/es\/wp-content\/uploads\/sites\/12\/2026\/08\/MMD_306_original.jpg\" \/>\n\t<meta property=\"og:image:width\" content=\"1280\" \/>\n\t<meta property=\"og:image:height\" content=\"720\" \/>\n\t<meta property=\"og:image:type\" content=\"image\/jpeg\" \/>\n<meta name=\"twitter:card\" content=\"summary_large_image\" \/>\n<meta name=\"twitter:label1\" content=\"Est. reading time\" \/>\n\t<meta name=\"twitter:data1\" content=\"6 minutos\" \/>\n<script type=\"application\/ld+json\" class=\"yoast-schema-graph\">{\"@context\":\"https:\/\/schema.org\",\"@graph\":[{\"@type\":\"WebPage\",\"@id\":\"https:\/\/graziamagazine.com\/es\/articles\/el-nuevo-mapa-del-lujo-de-madrid\/\",\"url\":\"https:\/\/graziamagazine.com\/es\/articles\/el-nuevo-mapa-del-lujo-de-madrid\/\",\"name\":\"El nuevo mapa del lujo de Madrid\",\"isPartOf\":{\"@id\":\"https:\/\/graziamagazine.com\/es\/#website\"},\"datePublished\":\"2026-09-02T05:00:07+00:00\",\"dateModified\":\"2026-09-01T21:28:36+00:00\",\"description\":\"El nuevo lujo se est\u00e1 dibujando en pleno centro de la capital y te descubrimos qu\u00e9 est\u00e1 transformando la ciudad y sus nuevas coordenadas.\",\"breadcrumb\":{\"@id\":\"https:\/\/graziamagazine.com\/es\/articles\/el-nuevo-mapa-del-lujo-de-madrid\/#breadcrumb\"},\"inLanguage\":\"es\",\"potentialAction\":[{\"@type\":\"ReadAction\",\"target\":[\"https:\/\/graziamagazine.com\/es\/articles\/el-nuevo-mapa-del-lujo-de-madrid\/\"]}]},{\"@type\":\"BreadcrumbList\",\"@id\":\"https:\/\/graziamagazine.com\/es\/articles\/el-nuevo-mapa-del-lujo-de-madrid\/#breadcrumb\",\"itemListElement\":[{\"@type\":\"ListItem\",\"position\":1,\"name\":\"Portada\",\"item\":\"https:\/\/graziamagazine.com\/es\/\"},{\"@type\":\"ListItem\",\"position\":2,\"name\":\"El nuevo mapa del lujo de Madrid\"}]},{\"@type\":\"WebSite\",\"@id\":\"https:\/\/graziamagazine.com\/es\/#website\",\"url\":\"https:\/\/graziamagazine.com\/es\/\",\"name\":\"Grazia\",\"description\":\"Moda, belleza, celebrities, estilo de vida...\",\"potentialAction\":[{\"@type\":\"SearchAction\",\"target\":{\"@type\":\"EntryPoint\",\"urlTemplate\":\"https:\/\/graziamagazine.com\/es\/?s={search_term_string}\"},\"query-input\":\"required name=search_term_string\"}],\"inLanguage\":\"es\"}]}<\/script>\n<!-- \/ Yoast SEO Premium plugin. -->","yoast_head_json":{"title":"El nuevo mapa del lujo de Madrid","description":"El nuevo lujo se est\u00e1 dibujando en pleno centro de la capital y te descubrimos qu\u00e9 est\u00e1 transformando la ciudad y sus nuevas coordenadas.","robots":{"index":"index","follow":"follow","max-snippet":"max-snippet:-1","max-image-preview":"max-image-preview:large","max-video-preview":"max-video-preview:-1"},"canonical":"https:\/\/graziamagazine.com\/es\/articles\/el-nuevo-mapa-del-lujo-de-madrid\/","og_locale":"es_ES","og_type":"article","og_title":"El nuevo mapa del lujo de Madrid","og_description":"El nuevo lujo se est\u00e1 dibujando en pleno centro de la capital y te descubrimos qu\u00e9 est\u00e1 transformando la ciudad y sus nuevas coordenadas.","og_url":"https:\/\/graziamagazine.com\/es\/articles\/el-nuevo-mapa-del-lujo-de-madrid\/","og_site_name":"Grazia","article_modified_time":"2026-09-01T21:28:36+00:00","og_image":[{"width":1280,"height":720,"url":"https:\/\/graziamagazine.com\/es\/wp-content\/uploads\/sites\/12\/2026\/08\/MMD_306_original.jpg","type":"image\/jpeg"}],"twitter_card":"summary_large_image","twitter_misc":{"Est. reading time":"6 minutos"},"schema":{"@context":"https:\/\/schema.org","@graph":[{"@type":"WebPage","@id":"https:\/\/graziamagazine.com\/es\/articles\/el-nuevo-mapa-del-lujo-de-madrid\/","url":"https:\/\/graziamagazine.com\/es\/articles\/el-nuevo-mapa-del-lujo-de-madrid\/","name":"El nuevo mapa del lujo de Madrid","isPartOf":{"@id":"https:\/\/graziamagazine.com\/es\/#website"},"datePublished":"2026-09-02T05:00:07+00:00","dateModified":"2026-09-01T21:28:36+00:00","description":"El nuevo lujo se est\u00e1 dibujando en pleno centro de la capital y te descubrimos qu\u00e9 est\u00e1 transformando la ciudad y sus nuevas coordenadas.","breadcrumb":{"@id":"https:\/\/graziamagazine.com\/es\/articles\/el-nuevo-mapa-del-lujo-de-madrid\/#breadcrumb"},"inLanguage":"es","potentialAction":[{"@type":"ReadAction","target":["https:\/\/graziamagazine.com\/es\/articles\/el-nuevo-mapa-del-lujo-de-madrid\/"]}]},{"@type":"BreadcrumbList","@id":"https:\/\/graziamagazine.com\/es\/articles\/el-nuevo-mapa-del-lujo-de-madrid\/#breadcrumb","itemListElement":[{"@type":"ListItem","position":1,"name":"Portada","item":"https:\/\/graziamagazine.com\/es\/"},{"@type":"ListItem","position":2,"name":"El nuevo mapa del lujo de Madrid"}]},{"@type":"WebSite","@id":"https:\/\/graziamagazine.com\/es\/#website","url":"https:\/\/graziamagazine.com\/es\/","name":"Grazia","description":"Moda, belleza, celebrities, estilo de vida...","potentialAction":[{"@type":"SearchAction","target":{"@type":"EntryPoint","urlTemplate":"https:\/\/graziamagazine.com\/es\/?s={search_term_string}"},"query-input":"required name=search_term_string"}],"inLanguage":"es"}]}},"jetpack_sharing_enabled":true,"distributor_meta":false,"distributor_terms":false,"distributor_media":false,"distributor_original_site_name":"Grazia","distributor_original_site_url":"https:\/\/graziamagazine.com\/es","push-errors":false,"_links":{"self":[{"href":"https:\/\/graziamagazine.com\/es\/wp-json\/wp\/v2\/articles\/196870"}],"collection":[{"href":"https:\/\/graziamagazine.com\/es\/wp-json\/wp\/v2\/articles"}],"about":[{"href":"https:\/\/graziamagazine.com\/es\/wp-json\/wp\/v2\/types\/articles"}],"author":[{"embeddable":true,"href":"https:\/\/graziamagazine.com\/es\/wp-json\/wp\/v2\/users\/36037"}],"wp:featuredmedia":[{"embeddable":true,"href":"https:\/\/graziamagazine.com\/es\/wp-json\/wp\/v2\/media\/196874"}],"wp:attachment":[{"href":"https:\/\/graziamagazine.com\/es\/wp-json\/wp\/v2\/media?parent=196870"}],"wp:term":[{"taxonomy":"category","embeddable":true,"href":"https:\/\/graziamagazine.com\/es\/wp-json\/wp\/v2\/categories?post=196870"}],"curies":[{"name":"wp","href":"https:\/\/api.w.org\/{rel}","templated":true}]}}