{"id":196813,"date":"2026-08-25T14:46:24","date_gmt":"2026-08-25T12:46:24","guid":{"rendered":"https:\/\/graziamagazine.com\/es\/?post_type=articles&#038;p=196813"},"modified":"2026-08-25T14:46:24","modified_gmt":"2026-08-25T12:46:24","slug":"cos-abre-su-segunda-tienda-en-madrid","status":"publish","type":"articles","link":"https:\/\/graziamagazine.com\/es\/articles\/cos-abre-su-segunda-tienda-en-madrid\/","title":{"rendered":"COS abre su segunda tienda en Madrid"},"content":{"rendered":"<p>Aunque parece que en verano todo para, el mundo de la moda no lo hace y buena muestra de ellos es COS, quien ha elegido una de las grandes superficies comerciales de Madrid para abrir un nuevo espacio. En pleno mes de agosto, mientras gran parte de los consumidores est\u00e1n de vacaciones, la firma hermana de H&amp;M, ha abierto las puertas de su segunda tienda en Madrid, concretamente en el <strong>centro comercial Plaza Norte 2<\/strong>.<\/p>\n<p>COS, que destaca por su filosof\u00eda de crear prendas, accesorios y art\u00edculos de estilo de vida que trascienden las tendencias pasajeras, ofrece colecciones se caracterizan por l\u00edneas limpias, cortes cuidados y una paleta de colores sofisticada, dando lugar a piezas vers\u00e1tiles que combinan funcionalidad y est\u00e9tica.<\/p>\n<p>El nuevo espacio ha sido dise\u00f1ado internamente por el equipo de especialistas en interiorismo de la marca, el espacio presenta un cuidado equilibrio entre la exploraci\u00f3n de materiales y una selecci\u00f3n de mobiliario cuidadosamente escogida.<\/p>\n        <blockquote class=\"instagram-media \" style=\"background: #ffffff;border: 0;margin: 1px;width: 100%;padding: 0;\"  data-instgrm-permalink=\"https:\/\/www.instagram.com\/reels\/DcBWplWsVmo\/\" data-instgrm-version=\"14\"><\/blockquote>\n<p>Una serena paleta de tonos neutros define los\u00a0160 m\u00b2\u00a0del interior, creando un fondo sobrio que pone en valor las \u00faltimas colecciones de\u00a0<span class=\"mark2k5qobo65\" data-markjs=\"true\" data-ogac=\"\" data-ogab=\"\" data-ogsc=\"\" data-ogsb=\"\" data-ogsbtc=\"\" data-ogsbrc=\"\" data-ogsbbc=\"\" data-ogsblc=\"\">COS<\/span>. Las prendas\u00a0<em>ready-to-wear<\/em>\u00a0y los accesorios se presentan sobre sistemas de barras de aluminio y vitrinas con estanter\u00edas de pl\u00e1stico reciclado de Smile Plastics.<\/p>\n<p>Una cuidada selecci\u00f3n de mobiliario se integra en el espacio, reflejando el respeto de\u00a0<span class=\"mark2k5qobo65\" data-markjs=\"true\" data-ogac=\"\" data-ogab=\"\" data-ogsc=\"\" data-ogsb=\"\" data-ogsbtc=\"\" data-ogsbrc=\"\" data-ogsbbc=\"\" data-ogsblc=\"\">COS<\/span>\u00a0por la artesan\u00eda atemporal. Entre las piezas m\u00e1s destacadas se encuentra la silla ZEBU de roble macizo, perteneciente a la colecci\u00f3n del estudio Un\u2019common y caracterizada por sus formas angulares y geom\u00e9tricas, as\u00ed como una alfombra de lana dise\u00f1ada a medida por Kasthall. En los probadores, el mobiliario en tonos oscuros se suaviza con pufs de NORR11, mientras que los apliques de pared Scape en acabado cromado de Stem proyectan una luz c\u00e1lida que realza el espacio a trav\u00e9s de la iluminaci\u00f3n y las texturas.<\/p>\n<p><img loading=\"lazy\" decoding=\"async\" class=\"aligncenter size-full wp-image-196815\" src=\"https:\/\/graziamagazine.com\/es\/wp-content\/uploads\/sites\/12\/2026\/08\/mail.png\" alt=\"\" width=\"1200\" height=\"675\" srcset=\"https:\/\/graziamagazine.com\/es\/wp-content\/uploads\/sites\/12\/2026\/08\/mail.png 1200w, https:\/\/graziamagazine.com\/es\/wp-content\/uploads\/sites\/12\/2026\/08\/mail-300x169.png 300w, https:\/\/graziamagazine.com\/es\/wp-content\/uploads\/sites\/12\/2026\/08\/mail-1024x576.png 1024w, https:\/\/graziamagazine.com\/es\/wp-content\/uploads\/sites\/12\/2026\/08\/mail-768x432.png 768w, https:\/\/graziamagazine.com\/es\/wp-content\/uploads\/sites\/12\/2026\/08\/mail-400x225.png 400w, https:\/\/graziamagazine.com\/es\/wp-content\/uploads\/sites\/12\/2026\/08\/mail-155x87.png 155w\" sizes=\"(max-width: 1200px) 100vw, 1200px\" \/><\/p>\n<p>Ya abierta al p\u00fablico, la tienda presenta la \u00faltima colecci\u00f3n de mujer de\u00a0<span class=\"mark2k5qobo65\" data-markjs=\"true\" data-ogac=\"\" data-ogab=\"\" data-ogsc=\"\" data-ogsb=\"\" data-ogsbtc=\"\" data-ogsbrc=\"\" data-ogsbbc=\"\" data-ogsblc=\"\">COS<\/span>, con dise\u00f1os atemporales definidos por tejidos de alta calidad, una confecci\u00f3n precisa y detalles contempor\u00e1neos e inesperados.<\/p>\n<p>M\u00e1s que una marca de moda, COS representa una forma de entender el dise\u00f1o: menos elementos, m\u00e1s intenci\u00f3n. Cada detalle est\u00e1 pensado para ofrecer una experiencia basada en la sencillez, la calidad y la durabilidad, valores que conectan con quienes buscan un estilo elegante y actual.<\/p>\n<p>\u00bfD\u00f3nde? Centro Comercial Plaza Norte 2, Plaza Del Comercio (Madrid)<\/p>\n<p><em>*Im\u00e1genes: cortes\u00eda<\/em><\/p>\n","protected":false},"author":11653,"featured_media":196814,"template":"","format":"standard","categories":[1],"acf":[],"yoast_head":"<!-- This site is optimized with the Yoast SEO Premium plugin v18.5 (Yoast SEO v20.4) - https:\/\/yoast.com\/wordpress\/plugins\/seo\/ -->\n<title>COS abre su segunda tienda en Madrid<\/title>\n<meta name=\"description\" content=\"El nuevo espacio ha sido dise\u00f1ado internamente por el equipo de especialistas en interiorismo de la marca.\" \/>\n<meta name=\"robots\" content=\"index, follow, max-snippet:-1, max-image-preview:large, max-video-preview:-1\" \/>\n<link rel=\"canonical\" href=\"https:\/\/graziamagazine.com\/es\/articles\/cos-abre-su-segunda-tienda-en-madrid\/\" \/>\n<meta property=\"og:locale\" content=\"es_ES\" \/>\n<meta property=\"og:type\" content=\"article\" \/>\n<meta property=\"og:title\" content=\"COS abre su segunda tienda en Madrid\" \/>\n<meta property=\"og:description\" content=\"El nuevo espacio ha sido dise\u00f1ado internamente por el equipo de especialistas en interiorismo de la marca.\" \/>\n<meta property=\"og:url\" content=\"https:\/\/graziamagazine.com\/es\/articles\/cos-abre-su-segunda-tienda-en-madrid\/\" \/>\n<meta property=\"og:site_name\" content=\"Grazia\" \/>\n<meta property=\"og:image\" content=\"https:\/\/graziamagazine.com\/es\/wp-content\/uploads\/sites\/12\/2026\/08\/mail-1.png\" \/>\n\t<meta property=\"og:image:width\" content=\"1200\" \/>\n\t<meta property=\"og:image:height\" content=\"675\" \/>\n\t<meta property=\"og:image:type\" content=\"image\/png\" \/>\n<meta name=\"twitter:card\" content=\"summary_large_image\" \/>\n<meta name=\"twitter:label1\" content=\"Est. reading time\" \/>\n\t<meta name=\"twitter:data1\" content=\"3 minutos\" \/>\n<script type=\"application\/ld+json\" class=\"yoast-schema-graph\">{\"@context\":\"https:\/\/schema.org\",\"@graph\":[{\"@type\":\"WebPage\",\"@id\":\"https:\/\/graziamagazine.com\/es\/articles\/cos-abre-su-segunda-tienda-en-madrid\/\",\"url\":\"https:\/\/graziamagazine.com\/es\/articles\/cos-abre-su-segunda-tienda-en-madrid\/\",\"name\":\"COS abre su segunda tienda en Madrid\",\"isPartOf\":{\"@id\":\"https:\/\/graziamagazine.com\/es\/#website\"},\"datePublished\":\"2026-08-25T12:46:24+00:00\",\"dateModified\":\"2026-08-25T12:46:24+00:00\",\"description\":\"El nuevo espacio ha sido dise\u00f1ado internamente por el equipo de especialistas en interiorismo de la marca.\",\"breadcrumb\":{\"@id\":\"https:\/\/graziamagazine.com\/es\/articles\/cos-abre-su-segunda-tienda-en-madrid\/#breadcrumb\"},\"inLanguage\":\"es\",\"potentialAction\":[{\"@type\":\"ReadAction\",\"target\":[\"https:\/\/graziamagazine.com\/es\/articles\/cos-abre-su-segunda-tienda-en-madrid\/\"]}]},{\"@type\":\"BreadcrumbList\",\"@id\":\"https:\/\/graziamagazine.com\/es\/articles\/cos-abre-su-segunda-tienda-en-madrid\/#breadcrumb\",\"itemListElement\":[{\"@type\":\"ListItem\",\"position\":1,\"name\":\"Portada\",\"item\":\"https:\/\/graziamagazine.com\/es\/\"},{\"@type\":\"ListItem\",\"position\":2,\"name\":\"COS abre su segunda tienda en Madrid\"}]},{\"@type\":\"WebSite\",\"@id\":\"https:\/\/graziamagazine.com\/es\/#website\",\"url\":\"https:\/\/graziamagazine.com\/es\/\",\"name\":\"Grazia\",\"description\":\"Moda, belleza, celebrities, estilo de vida...\",\"potentialAction\":[{\"@type\":\"SearchAction\",\"target\":{\"@type\":\"EntryPoint\",\"urlTemplate\":\"https:\/\/graziamagazine.com\/es\/?s={search_term_string}\"},\"query-input\":\"required name=search_term_string\"}],\"inLanguage\":\"es\"}]}<\/script>\n<!-- \/ Yoast SEO Premium plugin. -->","yoast_head_json":{"title":"COS abre su segunda tienda en Madrid","description":"El nuevo espacio ha sido dise\u00f1ado internamente por el equipo de especialistas en interiorismo de la marca.","robots":{"index":"index","follow":"follow","max-snippet":"max-snippet:-1","max-image-preview":"max-image-preview:large","max-video-preview":"max-video-preview:-1"},"canonical":"https:\/\/graziamagazine.com\/es\/articles\/cos-abre-su-segunda-tienda-en-madrid\/","og_locale":"es_ES","og_type":"article","og_title":"COS abre su segunda tienda en Madrid","og_description":"El nuevo espacio ha sido dise\u00f1ado internamente por el equipo de especialistas en interiorismo de la marca.","og_url":"https:\/\/graziamagazine.com\/es\/articles\/cos-abre-su-segunda-tienda-en-madrid\/","og_site_name":"Grazia","og_image":[{"width":1200,"height":675,"url":"https:\/\/graziamagazine.com\/es\/wp-content\/uploads\/sites\/12\/2026\/08\/mail-1.png","type":"image\/png"}],"twitter_card":"summary_large_image","twitter_misc":{"Est. reading time":"3 minutos"},"schema":{"@context":"https:\/\/schema.org","@graph":[{"@type":"WebPage","@id":"https:\/\/graziamagazine.com\/es\/articles\/cos-abre-su-segunda-tienda-en-madrid\/","url":"https:\/\/graziamagazine.com\/es\/articles\/cos-abre-su-segunda-tienda-en-madrid\/","name":"COS abre su segunda tienda en Madrid","isPartOf":{"@id":"https:\/\/graziamagazine.com\/es\/#website"},"datePublished":"2026-08-25T12:46:24+00:00","dateModified":"2026-08-25T12:46:24+00:00","description":"El nuevo espacio ha sido dise\u00f1ado internamente por el equipo de especialistas en interiorismo de la marca.","breadcrumb":{"@id":"https:\/\/graziamagazine.com\/es\/articles\/cos-abre-su-segunda-tienda-en-madrid\/#breadcrumb"},"inLanguage":"es","potentialAction":[{"@type":"ReadAction","target":["https:\/\/graziamagazine.com\/es\/articles\/cos-abre-su-segunda-tienda-en-madrid\/"]}]},{"@type":"BreadcrumbList","@id":"https:\/\/graziamagazine.com\/es\/articles\/cos-abre-su-segunda-tienda-en-madrid\/#breadcrumb","itemListElement":[{"@type":"ListItem","position":1,"name":"Portada","item":"https:\/\/graziamagazine.com\/es\/"},{"@type":"ListItem","position":2,"name":"COS abre su segunda tienda en Madrid"}]},{"@type":"WebSite","@id":"https:\/\/graziamagazine.com\/es\/#website","url":"https:\/\/graziamagazine.com\/es\/","name":"Grazia","description":"Moda, belleza, celebrities, estilo de vida...","potentialAction":[{"@type":"SearchAction","target":{"@type":"EntryPoint","urlTemplate":"https:\/\/graziamagazine.com\/es\/?s={search_term_string}"},"query-input":"required name=search_term_string"}],"inLanguage":"es"}]}},"jetpack_sharing_enabled":true,"distributor_meta":false,"distributor_terms":false,"distributor_media":false,"distributor_original_site_name":"Grazia","distributor_original_site_url":"https:\/\/graziamagazine.com\/es","push-errors":false,"_links":{"self":[{"href":"https:\/\/graziamagazine.com\/es\/wp-json\/wp\/v2\/articles\/196813"}],"collection":[{"href":"https:\/\/graziamagazine.com\/es\/wp-json\/wp\/v2\/articles"}],"about":[{"href":"https:\/\/graziamagazine.com\/es\/wp-json\/wp\/v2\/types\/articles"}],"author":[{"embeddable":true,"href":"https:\/\/graziamagazine.com\/es\/wp-json\/wp\/v2\/users\/11653"}],"wp:featuredmedia":[{"embeddable":true,"href":"https:\/\/graziamagazine.com\/es\/wp-json\/wp\/v2\/media\/196814"}],"wp:attachment":[{"href":"https:\/\/graziamagazine.com\/es\/wp-json\/wp\/v2\/media?parent=196813"}],"wp:term":[{"taxonomy":"category","embeddable":true,"href":"https:\/\/graziamagazine.com\/es\/wp-json\/wp\/v2\/categories?post=196813"}],"curies":[{"name":"wp","href":"https:\/\/api.w.org\/{rel}","templated":true}]}}