{"id":196756,"date":"2026-09-04T16:06:50","date_gmt":"2026-09-04T14:06:50","guid":{"rendered":"https:\/\/graziamagazine.com\/es\/?post_type=articles&#038;p=196756"},"modified":"2026-09-04T16:06:50","modified_gmt":"2026-09-04T14:06:50","slug":"rentree-en-rosa-los-dispositivos-para-volver-a-la-rutina","status":"publish","type":"articles","link":"https:\/\/graziamagazine.com\/es\/articles\/rentree-en-rosa-los-dispositivos-para-volver-a-la-rutina\/","title":{"rendered":"Rentr\u00e9e en rosa: los dispositivos para volver a la rutina"},"content":{"rendered":"<p>Septiembre tiene esa extra\u00f1a capacidad de hacernos sentir que empieza un a\u00f1o nuevo aunque el calendario diga lo contrario. Volvemos a la oficina, recuperamos horarios, reorganizamos el escritorio y, despu\u00e9s de semanas viviendo entre vestidos ligeros, sandalias y maletas a medio deshacer, aparece inevitablemente ese peque\u00f1o deseo de estrenar algo que consiga que regresar a la rutina resulte un poco m\u00e1s apetecible. Y esta temporada, la tecnolog\u00eda tambi\u00e9n quiere formar parte del nuevo uniforme de rentr\u00e9e. Eso s\u00ed, <strong>en rosa<\/strong>.<\/p>\n<p>Porque si durante a\u00f1os los dispositivos tecnol\u00f3gicos parec\u00edan condenados al negro, el gris y alg\u00fan que otro plateado, definitivamente hemos dejado atr\u00e1s aquella \u00e9poca en la que funcionalidad y dise\u00f1o viv\u00edan en universos separados. Auriculares, smartphones, teclados, relojes inteligentes, c\u00e1maras, herramientas beauty e incluso accesorios para nuestro escritorio se atreven ahora con tonalidades que van desde el rosa empolvado m\u00e1s sofisticado hasta el <em>bubblegum pink<\/em>, el fucsia o los acabados metalizados. Y no se trata \u00fanicamente de hacer la tecnolog\u00eda m\u00e1s bonita: se trata de convertirla en <strong>una extensi\u00f3n de nuestro estilo personal<\/strong>.<\/p>\n<p>El rosa, adem\u00e1s, encaja especialmente bien con ese peque\u00f1o <em>mood reset<\/em> que necesitamos cuando terminan las vacaciones. Puede transformar un escritorio neutro, poner el contrapunto a un traje masculino, asomarse dentro del bolso como si fuera un accesorio m\u00e1s o conseguir que esos gadgets que utilizamos durante horas cada d\u00eda dejen de parecer simples herramientas de trabajo. Una suerte de <em>dopamine tech<\/em> que lleva hasta la oficina la misma filosof\u00eda que el <em>dopamine dressing<\/em>: si vamos a pasar buena parte de septiembre delante de una pantalla, al menos que todo aquello que nos rodea nos alegre un poco la vista.<\/p>\n<p>Y quiz\u00e1 esa sea la verdadera tendencia detr\u00e1s de esta selecci\u00f3n. <strong>Ya no queremos elegir entre tecnolog\u00eda y estilo<\/strong>. Queremos unos auriculares que suenen bien pero tambi\u00e9n nos apetezca llevar a la vista, un smartwatch que combine con nuestras joyas, una herramienta beauty que pueda quedarse sobre el tocador y un dispositivo que, cuando aparezca en la mesa durante una reuni\u00f3n, diga algo de nosotros.<\/p>\n<p>As\u00ed que, si la vuelta a la oficina se te est\u00e1 haciendo cuesta arriba, tenemos una peque\u00f1a estrategia: <strong>ver la vida \u2014y la rentr\u00e9e\u2014 en rosa<\/strong>. Estos son los dispositivos que demuestran que el <em>back to office<\/em> tambi\u00e9n puede tener su particular <em>Barbiecore<\/em> tecnol\u00f3gico.<\/p>\n<h3>vuelta a la oficina de color de rosa<\/h3>\n<h4>iMac en rosa, de Apple<\/h4>\n<p>Para una jornada laboral al estilo Barbie.\u00a0<img loading=\"lazy\" decoding=\"async\" class=\"aligncenter size-full wp-image-197050\" src=\"https:\/\/graziamagazine.com\/es\/wp-content\/uploads\/sites\/12\/2026\/09\/refurb-imac-pink-202502-e1788523072840.jpeg\" alt=\"\" width=\"3993\" height=\"2820\" \/><\/p>\n<p><a href=\"https:\/\/www.apple.com\/es\/imac\/\" target=\"_blank\">Su precio parte de los 1.819 euros en la web de Apple Espa\u00f1a<\/a><\/p>\n<h4 class=\"type-product-name\">Headphone (a), de Nothing<\/h4>\n<p>Para darle un toque glam a tu m\u00fasica.<\/p>\n<p><img loading=\"lazy\" decoding=\"async\" class=\"aligncenter wp-image-197044 size-full\" src=\"https:\/\/graziamagazine.com\/es\/wp-content\/uploads\/sites\/12\/2026\/09\/LD0006327139-e1788519373757.jpg\" alt=\"\" width=\"600\" height=\"600\" \/><\/p>\n<p><a href=\"https:\/\/es.nothing.tech\/products\/headphone-a?Colour=Pink\" target=\"_blank\">Su precio ahora es de 129 euros en la web de Nothing Espa\u00f1a<\/a><\/p>\n<div class=\"type-callout flex flex-col items-start gap-2\">\n<h4 class=\"flex items-center gap-2\">Micr\u00f3fono DJI Mic Mini 2 S con car\u00e1tula rosa<\/h4>\n<p>Para que tus v\u00eddeos sean de lo m\u00e1s <em>girly<\/em>.<\/p>\n<div><img loading=\"lazy\" decoding=\"async\" class=\"aligncenter wp-image-197045 size-full\" src=\"https:\/\/graziamagazine.com\/es\/wp-content\/uploads\/sites\/12\/2026\/09\/dji-mic-mini-2-mico-08-copia-e1788519715742.jpg\" alt=\"\" width=\"500\" height=\"580\" srcset=\"https:\/\/graziamagazine.com\/es\/wp-content\/uploads\/sites\/12\/2026\/09\/dji-mic-mini-2-mico-08-copia-e1788519715742.jpg 500w, https:\/\/graziamagazine.com\/es\/wp-content\/uploads\/sites\/12\/2026\/09\/dji-mic-mini-2-mico-08-copia-e1788519715742-259x300.jpg 259w, https:\/\/graziamagazine.com\/es\/wp-content\/uploads\/sites\/12\/2026\/09\/dji-mic-mini-2-mico-08-copia-e1788519715742-400x464.jpg 400w, https:\/\/graziamagazine.com\/es\/wp-content\/uploads\/sites\/12\/2026\/09\/dji-mic-mini-2-mico-08-copia-e1788519715742-155x180.jpg 155w\" sizes=\"(max-width: 500px) 100vw, 500px\" \/><\/div>\n<p><a href=\"https:\/\/store.dji.com\/es\/product\/dji-mic-mini-2s-1tx-1-mobile-1rx-charging-case?from=site-nav&amp;_gl=1%2Ay6y2uy%2A_up%2AMQ..%2A_gs%2AMQ..&amp;gclid=Cj0KCQjw2OnUBhC2ARIsACKyfaFmqZ8Rs_vrTAQKfqA4KNwMPyzs6OtplJjXMqOM7nUO5BYqYXPvolYaAhMHEALw_wcB&amp;gbraid=0AAAAADO_H_eN4RIf2bPu856C-WcmUl4jU&amp;vid=241821\" target=\"_blank\">El precio es de DJI Mic Mini 2S (1 TX + 1 RX m\u00f3vil + estuche de carga) es de 99 euros y el de las car\u00e1tulas de colores es de 99 euros.\u00a0<\/a><\/p>\n<h4>reMarkable Paper Prue con funda rosa<\/h4>\n<p>Para que tus anotaciones sean muy estilosas.<\/p>\n<p><img loading=\"lazy\" decoding=\"async\" class=\"aligncenter size-full wp-image-197047\" src=\"https:\/\/graziamagazine.com\/es\/wp-content\/uploads\/sites\/12\/2026\/09\/38c573e6e43fb5be98cbeb6e252ffe295f508946-4000x4000-copia-e1788520465210.jpg\" alt=\"\" width=\"1400\" height=\"800\" srcset=\"https:\/\/graziamagazine.com\/es\/wp-content\/uploads\/sites\/12\/2026\/09\/38c573e6e43fb5be98cbeb6e252ffe295f508946-4000x4000-copia-e1788520465210.jpg 1400w, https:\/\/graziamagazine.com\/es\/wp-content\/uploads\/sites\/12\/2026\/09\/38c573e6e43fb5be98cbeb6e252ffe295f508946-4000x4000-copia-e1788520465210-300x171.jpg 300w, https:\/\/graziamagazine.com\/es\/wp-content\/uploads\/sites\/12\/2026\/09\/38c573e6e43fb5be98cbeb6e252ffe295f508946-4000x4000-copia-e1788520465210-1024x585.jpg 1024w, https:\/\/graziamagazine.com\/es\/wp-content\/uploads\/sites\/12\/2026\/09\/38c573e6e43fb5be98cbeb6e252ffe295f508946-4000x4000-copia-e1788520465210-768x439.jpg 768w, https:\/\/graziamagazine.com\/es\/wp-content\/uploads\/sites\/12\/2026\/09\/38c573e6e43fb5be98cbeb6e252ffe295f508946-4000x4000-copia-e1788520465210-400x229.jpg 400w, https:\/\/graziamagazine.com\/es\/wp-content\/uploads\/sites\/12\/2026\/09\/38c573e6e43fb5be98cbeb6e252ffe295f508946-4000x4000-copia-e1788520465210-155x89.jpg 155w\" sizes=\"(max-width: 1400px) 100vw, 1400px\" \/><\/p>\n<p><a href=\"https:\/\/remarkable.com\/products\/remarkable-paper\/pure\" target=\"_blank\">Su precio parte de los 399 euros en la web de reMarkable\u00a0<\/a><\/p>\n<div class=\"Cell__Cell-jTbdM kfzpOW\">\n<div>\n<h4>Galaxy Z Flip8, de Samsung<\/h4>\n<p>Para que a tus llamadas no les falte glamour.<\/p>\n<p><img loading=\"lazy\" decoding=\"async\" class=\"aligncenter size-full wp-image-197048\" src=\"https:\/\/graziamagazine.com\/es\/wp-content\/uploads\/sites\/12\/2026\/09\/es-galaxy-zflip8-f776-sm-f776bliheub-553748059.png\" alt=\"\" width=\"3000\" height=\"2000\" srcset=\"https:\/\/graziamagazine.com\/es\/wp-content\/uploads\/sites\/12\/2026\/09\/es-galaxy-zflip8-f776-sm-f776bliheub-553748059.png 3000w, https:\/\/graziamagazine.com\/es\/wp-content\/uploads\/sites\/12\/2026\/09\/es-galaxy-zflip8-f776-sm-f776bliheub-553748059-300x200.png 300w, https:\/\/graziamagazine.com\/es\/wp-content\/uploads\/sites\/12\/2026\/09\/es-galaxy-zflip8-f776-sm-f776bliheub-553748059-1024x683.png 1024w, https:\/\/graziamagazine.com\/es\/wp-content\/uploads\/sites\/12\/2026\/09\/es-galaxy-zflip8-f776-sm-f776bliheub-553748059-768x512.png 768w, https:\/\/graziamagazine.com\/es\/wp-content\/uploads\/sites\/12\/2026\/09\/es-galaxy-zflip8-f776-sm-f776bliheub-553748059-1536x1024.png 1536w, https:\/\/graziamagazine.com\/es\/wp-content\/uploads\/sites\/12\/2026\/09\/es-galaxy-zflip8-f776-sm-f776bliheub-553748059-2048x1365.png 2048w, https:\/\/graziamagazine.com\/es\/wp-content\/uploads\/sites\/12\/2026\/09\/es-galaxy-zflip8-f776-sm-f776bliheub-553748059-400x267.png 400w, https:\/\/graziamagazine.com\/es\/wp-content\/uploads\/sites\/12\/2026\/09\/es-galaxy-zflip8-f776-sm-f776bliheub-553748059-155x103.png 155w\" sizes=\"(max-width: 3000px) 100vw, 3000px\" \/><\/p>\n<p><a href=\"https:\/\/www.samsung.com\/es\/smartphones\/galaxy-z-flip8\/buy\/?modelCode=SM-F776BLIHEUB\" target=\"_blank\">Su precio parte de los 1.299 euros la versi\u00f3n de 256GB<\/a><\/p>\n<h4 class=\"a-size-medium a-spacing-none\"><span class=\"a-size-medium product-title-word-break\">Power Bank 30W Carga R\u00e1pida 20000m, de <\/span><span id=\"productTitle\" class=\"a-size-medium product-title-word-break\">VIYISI<\/span><\/h4>\n<p>Para que nunca te falte la energ\u00eda.<\/p>\n<p><img loading=\"lazy\" decoding=\"async\" class=\"aligncenter wp-image-197049 size-full\" src=\"https:\/\/graziamagazine.com\/es\/wp-content\/uploads\/sites\/12\/2026\/09\/61MlTfjJMjL._AC_SX679_-copia-e1788521389157.jpg\" alt=\"\" width=\"400\" height=\"546\" srcset=\"https:\/\/graziamagazine.com\/es\/wp-content\/uploads\/sites\/12\/2026\/09\/61MlTfjJMjL._AC_SX679_-copia-e1788521389157.jpg 400w, https:\/\/graziamagazine.com\/es\/wp-content\/uploads\/sites\/12\/2026\/09\/61MlTfjJMjL._AC_SX679_-copia-e1788521389157-220x300.jpg 220w, https:\/\/graziamagazine.com\/es\/wp-content\/uploads\/sites\/12\/2026\/09\/61MlTfjJMjL._AC_SX679_-copia-e1788521389157-155x212.jpg 155w\" sizes=\"(max-width: 400px) 100vw, 400px\" \/><\/p>\n<p><a href=\"https:\/\/www.amazon.es\/Integrado-VIYISI-Port%C3%A1til-Compatible-Samsung-Rosa\/dp\/B0DWSWCCK3\/ref=sxin_13_pa_sp_search_thematic_sspa?__mk_es_ES=%C3%85M%C3%85%C5%BD%C3%95%C3%91&amp;content-id=amzn1.sym.a6ff929d-ae00-44a7-b098-288546cf87d3%3Aamzn1.sym.a6ff929d-ae00-44a7-b098-288546cf87d3&amp;crid=UM8NU4N6RKTI&amp;cv_ct_cx=bater%C3%ADa%2Bexterna%2Brosa&amp;keywords=bater%C3%ADa%2Bexterna%2Brosa&amp;pd_rd_i=B0DWSWCCK3&amp;pd_rd_r=96f3b7af-cc2c-4e4b-bd39-fc5a6582ce0c&amp;pd_rd_w=wRNTH&amp;pd_rd_wg=AtGrz&amp;pf_rd_p=a6ff929d-ae00-44a7-b098-288546cf87d3&amp;pf_rd_r=NFJ5A7QCNT13YBKEJ97H&amp;qid=1788521124&amp;sbo=RZvfv%2F%2FHxDF%2BO5021pAnSA%3D%3D&amp;sprefix=bater%C3%ADa%2Bexterna%2Brosa%2Caps%2C115&amp;sr=1-3-9ac51240-4b88-4e0c-aad1-ad3578b6cab1-spons&amp;aref=waU5KNvwwc&amp;sp_csd=d2lkZ2V0TmFtZT1zcF9zZWFyY2hfdGhlbWF0aWM&amp;th=1\" target=\"_blank\">Su precio es de 29,99 euros en Amazon Espa\u00f1a<\/a><\/p>\n<\/div>\n<\/div>\n<h4 class=\"product-subtitle js-product-subtitle\">Webcam Full HD 1080p\u00a0 Brio 505, de Logitech<\/h4>\n<p>Para salir perfecta en las llamadas de zoom.<\/p>\n<p><img loading=\"lazy\" decoding=\"async\" class=\"aligncenter wp-image-197051 size-full\" src=\"https:\/\/graziamagazine.com\/es\/wp-content\/uploads\/sites\/12\/2026\/09\/brio-505-gallery-rose-1-e1788523364539.png\" alt=\"\" width=\"600\" height=\"434\" \/><\/p>\n<p><a href=\"https:\/\/www.logitech.com\/es-es\/products\/webcams\/brio-505-webcam.960-001455.html#buy-brio-505-webcam\" target=\"_blank\">Su precio es de 119,99 euros en la web de Logitech Espa\u00f1a<\/a><\/p>\n<h4 id=\"title\" class=\"a-size-large a-spacing-none\"><span id=\"productTitle\" class=\"a-size-large product-title-word-break\">Altavoz bluetooth con sonido est\u00e9reo, de Anker Soundcore 2\u00a0<\/span><\/h4>\n<p>Para animar los viernes en la oficina.<\/p>\n<p><img loading=\"lazy\" decoding=\"async\" class=\"aligncenter size-full wp-image-197059\" src=\"https:\/\/graziamagazine.com\/es\/wp-content\/uploads\/sites\/12\/2026\/09\/71ypTLlMHzL._AC_SX679_.jpg\" alt=\"\" width=\"679\" height=\"310\" srcset=\"https:\/\/graziamagazine.com\/es\/wp-content\/uploads\/sites\/12\/2026\/09\/71ypTLlMHzL._AC_SX679_.jpg 679w, https:\/\/graziamagazine.com\/es\/wp-content\/uploads\/sites\/12\/2026\/09\/71ypTLlMHzL._AC_SX679_-300x137.jpg 300w, https:\/\/graziamagazine.com\/es\/wp-content\/uploads\/sites\/12\/2026\/09\/71ypTLlMHzL._AC_SX679_-400x183.jpg 400w, https:\/\/graziamagazine.com\/es\/wp-content\/uploads\/sites\/12\/2026\/09\/71ypTLlMHzL._AC_SX679_-155x71.jpg 155w\" sizes=\"(max-width: 679px) 100vw, 679px\" \/><\/p>\n<p><a href=\"https:\/\/www.amazon.es\/Soundcore-Resistente-Reproducci%C3%B3n-Emparejamiento-Inal%C3%A1mbrico\/dp\/B0GFMN268L\/ref=sr_1_23?dib=eyJ2IjoiMSJ9.axLJupR_-uZQf4HesYGqheUBxapBJwRqQTQMsepd2MVFzog41PDlGG-Bz4Td0YM4C7sfq2oIobJ3IqhQW0srqx7cLI4CUzCpg5aJHEsp3WRGGaGphp_Hg8-2CkTHh6RS8yDaxbmsjnVa8ruNIRcAd48EUrJGj3fs66uiViF4wl_xF3ECKXD6swfISw65B3oEfqskuhWSWSfiY8yoVK4voBtbyDBhQQeO_7U0wHIQ060AulTuY_uCHDIgca0vel15UMHKWIgNs4zJKNtEmZFV217o6bF40kPhTbSPBUvp-BE.GAX8TmfEfuMzd_9pJgza0uSZ6VufuIC4lC9z3qSByVk&amp;dib_tag=se&amp;keywords=alexa&amp;qid=1788525558&amp;sr=8-23&amp;th=1\" target=\"_blank\">Su precio es de 29,77 euros en Amazon Espa\u00f1a<\/a><\/p>\n<\/div>\n<h3>recuperar cuerpo y mente en rosa<\/h3>\n<h4 class=\"kv__strap\" data-once=\"kvTrademark\">UFO<sup>\u2122<\/sup> Advanced LED Lighthouse Panel, de FOREO<\/h4>\n<p>Para que al luz LED recupere ru rostro.<\/p>\n<p><img loading=\"lazy\" decoding=\"async\" class=\"aligncenter wp-image-197052 size-full\" src=\"https:\/\/graziamagazine.com\/es\/wp-content\/uploads\/sites\/12\/2026\/09\/ufo-led-lighthouse-panel___260413-e1788523532237.jpg\" alt=\"\" width=\"700\" height=\"368\" \/><\/p>\n<p><a href=\"https:\/\/www.foreo.com\/ufo-led-lighthouse-panel?p=345\" target=\"_blank\">Su precio es de 199 euros en la web de FOREO Espa\u00f1a<\/a><\/p>\n<div class=\"type-callout flex flex-col items-start gap-2\">\n<h4 title=\"HUAWEI WATCH GT 7 41mm Rosa Fluoroelast\u00f3mero \/ Hasta 14 D\u00edas de Duraci\u00f3n de la Bater\u00eda \/ Conexi\u00f3n con Android &amp; iOS\">HUAWEI WATCH GT 7 41mm Rosa Fluoroelast\u00f3mero<\/h4>\n<p>Par que toda tu salud est\u00e9 en tu mu\u00f1eca y ser siempre la m\u00e1s puntual.<\/p>\n<p><img loading=\"lazy\" decoding=\"async\" class=\"aligncenter size-full wp-image-197046\" src=\"https:\/\/graziamagazine.com\/es\/wp-content\/uploads\/sites\/12\/2026\/09\/800_800_75E9A1C90C6CFB57F872459A63F01E9Amp-copia-e1788520236733.jpg\" alt=\"\" width=\"800\" height=\"697\" srcset=\"https:\/\/graziamagazine.com\/es\/wp-content\/uploads\/sites\/12\/2026\/09\/800_800_75E9A1C90C6CFB57F872459A63F01E9Amp-copia-e1788520236733.jpg 800w, https:\/\/graziamagazine.com\/es\/wp-content\/uploads\/sites\/12\/2026\/09\/800_800_75E9A1C90C6CFB57F872459A63F01E9Amp-copia-e1788520236733-300x261.jpg 300w, https:\/\/graziamagazine.com\/es\/wp-content\/uploads\/sites\/12\/2026\/09\/800_800_75E9A1C90C6CFB57F872459A63F01E9Amp-copia-e1788520236733-768x669.jpg 768w, https:\/\/graziamagazine.com\/es\/wp-content\/uploads\/sites\/12\/2026\/09\/800_800_75E9A1C90C6CFB57F872459A63F01E9Amp-copia-e1788520236733-400x349.jpg 400w, https:\/\/graziamagazine.com\/es\/wp-content\/uploads\/sites\/12\/2026\/09\/800_800_75E9A1C90C6CFB57F872459A63F01E9Amp-copia-e1788520236733-155x135.jpg 155w\" sizes=\"(max-width: 800px) 100vw, 800px\" \/><\/p>\n<p><a href=\"https:\/\/consumer.huawei.com\/es\/wearables\/watch-gt7-pro\/buy\/?productId=18034722152305\" target=\"_blank\">Su precio es de 299 euros en la web de Huawei Espa\u00f1a<\/a><\/p>\n<h4 class=\"product-name\">Moldeador multifunci\u00f3n y secador Shark FlexStyle (Set 5 cabezales)<\/h4>\n<p>Para tus peinados de lunes a domingo.<\/p>\n<p><img loading=\"lazy\" decoding=\"async\" class=\"aligncenter size-full wp-image-197053\" src=\"https:\/\/graziamagazine.com\/es\/wp-content\/uploads\/sites\/12\/2026\/09\/Captura-de-pantalla-2026-09-04-a-las-14.07.04.png\" alt=\"\" width=\"1112\" height=\"1242\" srcset=\"https:\/\/graziamagazine.com\/es\/wp-content\/uploads\/sites\/12\/2026\/09\/Captura-de-pantalla-2026-09-04-a-las-14.07.04.png 1112w, https:\/\/graziamagazine.com\/es\/wp-content\/uploads\/sites\/12\/2026\/09\/Captura-de-pantalla-2026-09-04-a-las-14.07.04-269x300.png 269w, https:\/\/graziamagazine.com\/es\/wp-content\/uploads\/sites\/12\/2026\/09\/Captura-de-pantalla-2026-09-04-a-las-14.07.04-917x1024.png 917w, https:\/\/graziamagazine.com\/es\/wp-content\/uploads\/sites\/12\/2026\/09\/Captura-de-pantalla-2026-09-04-a-las-14.07.04-768x858.png 768w, https:\/\/graziamagazine.com\/es\/wp-content\/uploads\/sites\/12\/2026\/09\/Captura-de-pantalla-2026-09-04-a-las-14.07.04-400x447.png 400w, https:\/\/graziamagazine.com\/es\/wp-content\/uploads\/sites\/12\/2026\/09\/Captura-de-pantalla-2026-09-04-a-las-14.07.04-155x173.png 155w\" sizes=\"(max-width: 1112px) 100vw, 1112px\" \/><\/p>\n<p><a href=\"https:\/\/www.sharkninja.es\/moldeador-multifuncion-y-secador-shark-flexstyle-set-5-cabezales-cereza\/HD456CREU.html?dwvar_HD456CREU_color=AE5265\" target=\"_blank\">Su precio ahora es 199,99 euros en la web de Shark Ninja Espa\u00f1a<\/a><\/p>\n<h4 class=\"typography-body product-hero__line1\">Cepillo de dientes el\u00e9ctrico Dyson CameraJet\u2122<\/h4>\n<p>Para una salud bucal del futuro.<\/p>\n<p><img loading=\"lazy\" decoding=\"async\" class=\"aligncenter wp-image-197056 size-full\" src=\"https:\/\/graziamagazine.com\/es\/wp-content\/uploads\/sites\/12\/2026\/09\/681207-91-e1788524392853.jpeg\" alt=\"\" width=\"500\" height=\"604\" \/><\/p>\n<p><a href=\"https:\/\/www.dyson.es\/cuidado-bucal\/cepillo-de-dientes-electrico\/camerajet\/ceramic-pink\" target=\"_blank\">Su precio es de 479 euros en la web de Dyson Espa\u00f1a<\/a><\/p>\n<h4>Masajeador port\u00e1til <span class=\"product__title-text\">Theragun Mini<\/span><span class=\"product-generation-pdp\">3rd Gen, de Therabody\u00a0<\/span><\/h4>\n<p>Para que ayude a tus m\u00fasculos en la vuelta al gimnasio.<\/p>\n<p><img loading=\"lazy\" decoding=\"async\" class=\"aligncenter size-full wp-image-197057\" src=\"https:\/\/graziamagazine.com\/es\/wp-content\/uploads\/sites\/12\/2026\/09\/6598654-copia.jpg\" alt=\"\" width=\"339\" height=\"408\" srcset=\"https:\/\/graziamagazine.com\/es\/wp-content\/uploads\/sites\/12\/2026\/09\/6598654-copia.jpg 339w, https:\/\/graziamagazine.com\/es\/wp-content\/uploads\/sites\/12\/2026\/09\/6598654-copia-249x300.jpg 249w, https:\/\/graziamagazine.com\/es\/wp-content\/uploads\/sites\/12\/2026\/09\/6598654-copia-155x187.jpg 155w\" sizes=\"(max-width: 339px) 100vw, 339px\" \/><\/p>\n<p><a href=\"https:\/\/www.therabody.eu\/en-es\/products\/theragun-mini-gen-3-desert-rose?option=desert-rose\" target=\"_blank\">Su precio es de 219 euros en la web de Therabodydy<\/a><\/p>\n<\/div>\n<h4 id=\"title\" class=\"a-size-large a-spacing-none\"><span id=\"productTitle\" class=\"a-size-large product-title-word-break\">DREAME Hair Gleam<\/span><\/h4>\n<p>Para secar tu pelo en cualquier lugar.<\/p>\n<p><img loading=\"lazy\" decoding=\"async\" class=\"aligncenter wp-image-197058 size-full\" src=\"https:\/\/graziamagazine.com\/es\/wp-content\/uploads\/sites\/12\/2026\/09\/61WFIKKyuvL._AC_SX679_-copia-e1788525412757.jpg\" alt=\"\" width=\"400\" height=\"467\" \/><\/p>\n<p><a href=\"https:\/\/www.amazon.es\/Secador-velocidad-millones-negativos-temperatura\/dp\/B0D5J3RM1B\/ref=asc_df_B0D5J3RM1B?mcid=4c83f25ecc3e37f888e9de338fd21738&amp;tag=googshopes-21&amp;linkCode=df0&amp;hvadid=711483086071&amp;hvpos=&amp;hvnetw=g&amp;hvrand=10163726844113656244&amp;hvpone=&amp;hvptwo=&amp;hvqmt=&amp;hvdev=c&amp;hvdvcmdl=&amp;hvlocint=&amp;hvlocphy=9047059&amp;hvtargid=pla-2320798318747&amp;hvocijid=10163726844113656244-B0D5J3RM1B-&amp;hvexpln=0&amp;th=1\" target=\"_blank\">Su precio es de 70,30 euros en Amazon Espa\u00f1a<\/a><\/p>\n<h4>Anillo inteligente Oura Ring 5<\/h4>\n<p>Para monitorizar tu sue\u00f1o en formato joya.<\/p>\n<p><img loading=\"lazy\" decoding=\"async\" class=\"aligncenter wp-image-197060 size-full\" src=\"https:\/\/graziamagazine.com\/es\/wp-content\/uploads\/sites\/12\/2026\/09\/www-001089060303396-00-copia-e1788525924922.jpg\" alt=\"\" width=\"500\" height=\"319\" \/><\/p>\n<p><a href=\"https:\/\/ouraring.com\/es\/store\/rings\/oura-ring-5\/deep-rose\" target=\"_blank\">Su precio es de 529 euros en la web de Oura\u00a0<\/a><\/p>\n<h4 class=\"product__title ff-heading fs-heading-4-base fs-heading-3-base-ns\">Glidelif Multi-Beauty Wand<\/h4>\n<p>Para un skincare digno de Barbie.<\/p>\n<p><img loading=\"lazy\" decoding=\"async\" class=\"aligncenter size-full wp-image-197062\" src=\"https:\/\/graziamagazine.com\/es\/wp-content\/uploads\/sites\/12\/2026\/09\/37654702358767_glide-copia.jpg\" alt=\"\" width=\"1000\" height=\"1000\" srcset=\"https:\/\/graziamagazine.com\/es\/wp-content\/uploads\/sites\/12\/2026\/09\/37654702358767_glide-copia.jpg 1000w, https:\/\/graziamagazine.com\/es\/wp-content\/uploads\/sites\/12\/2026\/09\/37654702358767_glide-copia-300x300.jpg 300w, https:\/\/graziamagazine.com\/es\/wp-content\/uploads\/sites\/12\/2026\/09\/37654702358767_glide-copia-150x150.jpg 150w, https:\/\/graziamagazine.com\/es\/wp-content\/uploads\/sites\/12\/2026\/09\/37654702358767_glide-copia-768x768.jpg 768w, https:\/\/graziamagazine.com\/es\/wp-content\/uploads\/sites\/12\/2026\/09\/37654702358767_glide-copia-400x400.jpg 400w, https:\/\/graziamagazine.com\/es\/wp-content\/uploads\/sites\/12\/2026\/09\/37654702358767_glide-copia-155x155.jpg 155w\" sizes=\"(max-width: 1000px) 100vw, 1000px\" \/><\/p>\n<p><a href=\"https:\/\/glidelif.com\/collections\/best-sellers\/products\/glidelif-multi-beauty-wand?variant=47375788376303\" target=\"_blank\">Su precio ahora es 129,95 euros en la web de la marca<\/a><\/p>\n<h4 class=\"product-single__title txt--semi-bold txt--32\">FiiO Snowsky DISC<\/h4>\n<p>Para escuchar tu m\u00fasica con un toque retro.<\/p>\n<p><img loading=\"lazy\" decoding=\"async\" class=\"aligncenter wp-image-197064 size-full\" src=\"https:\/\/graziamagazine.com\/es\/wp-content\/uploads\/sites\/12\/2026\/09\/Snowsky-2_1024x1024@2x-copia-e1788530728539.jpg\" alt=\"\" width=\"500\" height=\"334\" \/><\/p>\n<p><a href=\"https:\/\/zococity.es\/products\/fiio-snowsky-disc?variant=55337752527182\" target=\"_blank\">Su precio es de 109,99 euros en la web de Zoco City<\/a><\/p>\n<h4>Amazon Kindle Paperwhite Signature Edition (\u00faltima generaci\u00f3n) en frambuesa metalizado<\/h4>\n<p>Para tus lecturas antes de dormir.<\/p>\n<p><img loading=\"lazy\" decoding=\"async\" class=\"aligncenter wp-image-197063 size-full\" src=\"https:\/\/graziamagazine.com\/es\/wp-content\/uploads\/sites\/12\/2026\/09\/51nX7Ut7yIL._AC_SL1001_-copia-e1788530506915.jpg\" alt=\"\" width=\"500\" height=\"512\" \/><\/p>\n<p><em>*Im\u00e1genes: Pinterest y cortes\u00eda<\/em><\/p>\n","protected":false},"author":11653,"featured_media":197055,"template":"","format":"standard","categories":[18],"acf":[],"yoast_head":"<!-- This site is optimized with the Yoast SEO Premium plugin v18.5 (Yoast SEO v20.4) - https:\/\/yoast.com\/wordpress\/plugins\/seo\/ -->\n<title>Rentr\u00e9e en rosa: los dispositivos para volver a la rutina | Grazia<\/title>\n<meta name=\"description\" content=\"La rentr\u00e9e se ti\u00f1e de rosa: los dispositivos m\u00e1s bonitos para volver a la oficina con mucha actitud\" \/>\n<meta name=\"robots\" content=\"index, follow, max-snippet:-1, max-image-preview:large, max-video-preview:-1\" \/>\n<link rel=\"canonical\" href=\"https:\/\/graziamagazine.com\/es\/articles\/rentree-en-rosa-los-dispositivos-para-volver-a-la-rutina\/\" \/>\n<meta property=\"og:locale\" content=\"es_ES\" \/>\n<meta property=\"og:type\" content=\"article\" \/>\n<meta property=\"og:title\" content=\"Rentr\u00e9e en rosa: los dispositivos para volver a la rutina\" \/>\n<meta property=\"og:description\" content=\"La rentr\u00e9e se ti\u00f1e de rosa: los dispositivos m\u00e1s bonitos para volver a la oficina con mucha actitud\" \/>\n<meta property=\"og:url\" content=\"https:\/\/graziamagazine.com\/es\/articles\/rentree-en-rosa-los-dispositivos-para-volver-a-la-rutina\/\" \/>\n<meta property=\"og:site_name\" content=\"Grazia\" \/>\n<meta property=\"og:image\" content=\"https:\/\/graziamagazine.com\/es\/wp-content\/uploads\/sites\/12\/2026\/09\/645351821646671032.jpeg\" \/>\n\t<meta property=\"og:image:width\" content=\"1024\" \/>\n\t<meta property=\"og:image:height\" content=\"1024\" \/>\n\t<meta property=\"og:image:type\" content=\"image\/jpeg\" \/>\n<meta name=\"twitter:card\" content=\"summary_large_image\" \/>\n<meta name=\"twitter:label1\" content=\"Est. reading time\" \/>\n\t<meta name=\"twitter:data1\" content=\"8 minutos\" \/>\n<script type=\"application\/ld+json\" class=\"yoast-schema-graph\">{\"@context\":\"https:\/\/schema.org\",\"@graph\":[{\"@type\":\"WebPage\",\"@id\":\"https:\/\/graziamagazine.com\/es\/articles\/rentree-en-rosa-los-dispositivos-para-volver-a-la-rutina\/\",\"url\":\"https:\/\/graziamagazine.com\/es\/articles\/rentree-en-rosa-los-dispositivos-para-volver-a-la-rutina\/\",\"name\":\"Rentr\u00e9e en rosa: los dispositivos para volver a la rutina | Grazia\",\"isPartOf\":{\"@id\":\"https:\/\/graziamagazine.com\/es\/#website\"},\"datePublished\":\"2026-09-04T14:06:50+00:00\",\"dateModified\":\"2026-09-04T14:06:50+00:00\",\"description\":\"La rentr\u00e9e se ti\u00f1e de rosa: los dispositivos m\u00e1s bonitos para volver a la oficina con mucha actitud\",\"breadcrumb\":{\"@id\":\"https:\/\/graziamagazine.com\/es\/articles\/rentree-en-rosa-los-dispositivos-para-volver-a-la-rutina\/#breadcrumb\"},\"inLanguage\":\"es\",\"potentialAction\":[{\"@type\":\"ReadAction\",\"target\":[\"https:\/\/graziamagazine.com\/es\/articles\/rentree-en-rosa-los-dispositivos-para-volver-a-la-rutina\/\"]}]},{\"@type\":\"BreadcrumbList\",\"@id\":\"https:\/\/graziamagazine.com\/es\/articles\/rentree-en-rosa-los-dispositivos-para-volver-a-la-rutina\/#breadcrumb\",\"itemListElement\":[{\"@type\":\"ListItem\",\"position\":1,\"name\":\"Portada\",\"item\":\"https:\/\/graziamagazine.com\/es\/\"},{\"@type\":\"ListItem\",\"position\":2,\"name\":\"Rentr\u00e9e en rosa: los dispositivos para volver a la rutina\"}]},{\"@type\":\"WebSite\",\"@id\":\"https:\/\/graziamagazine.com\/es\/#website\",\"url\":\"https:\/\/graziamagazine.com\/es\/\",\"name\":\"Grazia\",\"description\":\"Moda, belleza, celebrities, estilo de vida...\",\"potentialAction\":[{\"@type\":\"SearchAction\",\"target\":{\"@type\":\"EntryPoint\",\"urlTemplate\":\"https:\/\/graziamagazine.com\/es\/?s={search_term_string}\"},\"query-input\":\"required name=search_term_string\"}],\"inLanguage\":\"es\"}]}<\/script>\n<!-- \/ Yoast SEO Premium plugin. -->","yoast_head_json":{"title":"Rentr\u00e9e en rosa: los dispositivos para volver a la rutina | Grazia","description":"La rentr\u00e9e se ti\u00f1e de rosa: los dispositivos m\u00e1s bonitos para volver a la oficina con mucha actitud","robots":{"index":"index","follow":"follow","max-snippet":"max-snippet:-1","max-image-preview":"max-image-preview:large","max-video-preview":"max-video-preview:-1"},"canonical":"https:\/\/graziamagazine.com\/es\/articles\/rentree-en-rosa-los-dispositivos-para-volver-a-la-rutina\/","og_locale":"es_ES","og_type":"article","og_title":"Rentr\u00e9e en rosa: los dispositivos para volver a la rutina","og_description":"La rentr\u00e9e se ti\u00f1e de rosa: los dispositivos m\u00e1s bonitos para volver a la oficina con mucha actitud","og_url":"https:\/\/graziamagazine.com\/es\/articles\/rentree-en-rosa-los-dispositivos-para-volver-a-la-rutina\/","og_site_name":"Grazia","og_image":[{"width":1024,"height":1024,"url":"https:\/\/graziamagazine.com\/es\/wp-content\/uploads\/sites\/12\/2026\/09\/645351821646671032.jpeg","type":"image\/jpeg"}],"twitter_card":"summary_large_image","twitter_misc":{"Est. reading time":"8 minutos"},"schema":{"@context":"https:\/\/schema.org","@graph":[{"@type":"WebPage","@id":"https:\/\/graziamagazine.com\/es\/articles\/rentree-en-rosa-los-dispositivos-para-volver-a-la-rutina\/","url":"https:\/\/graziamagazine.com\/es\/articles\/rentree-en-rosa-los-dispositivos-para-volver-a-la-rutina\/","name":"Rentr\u00e9e en rosa: los dispositivos para volver a la rutina | Grazia","isPartOf":{"@id":"https:\/\/graziamagazine.com\/es\/#website"},"datePublished":"2026-09-04T14:06:50+00:00","dateModified":"2026-09-04T14:06:50+00:00","description":"La rentr\u00e9e se ti\u00f1e de rosa: los dispositivos m\u00e1s bonitos para volver a la oficina con mucha actitud","breadcrumb":{"@id":"https:\/\/graziamagazine.com\/es\/articles\/rentree-en-rosa-los-dispositivos-para-volver-a-la-rutina\/#breadcrumb"},"inLanguage":"es","potentialAction":[{"@type":"ReadAction","target":["https:\/\/graziamagazine.com\/es\/articles\/rentree-en-rosa-los-dispositivos-para-volver-a-la-rutina\/"]}]},{"@type":"BreadcrumbList","@id":"https:\/\/graziamagazine.com\/es\/articles\/rentree-en-rosa-los-dispositivos-para-volver-a-la-rutina\/#breadcrumb","itemListElement":[{"@type":"ListItem","position":1,"name":"Portada","item":"https:\/\/graziamagazine.com\/es\/"},{"@type":"ListItem","position":2,"name":"Rentr\u00e9e en rosa: los dispositivos para volver a la rutina"}]},{"@type":"WebSite","@id":"https:\/\/graziamagazine.com\/es\/#website","url":"https:\/\/graziamagazine.com\/es\/","name":"Grazia","description":"Moda, belleza, celebrities, estilo de vida...","potentialAction":[{"@type":"SearchAction","target":{"@type":"EntryPoint","urlTemplate":"https:\/\/graziamagazine.com\/es\/?s={search_term_string}"},"query-input":"required name=search_term_string"}],"inLanguage":"es"}]}},"jetpack_sharing_enabled":true,"distributor_meta":false,"distributor_terms":false,"distributor_media":false,"distributor_original_site_name":"Grazia","distributor_original_site_url":"https:\/\/graziamagazine.com\/es","push-errors":false,"_links":{"self":[{"href":"https:\/\/graziamagazine.com\/es\/wp-json\/wp\/v2\/articles\/196756"}],"collection":[{"href":"https:\/\/graziamagazine.com\/es\/wp-json\/wp\/v2\/articles"}],"about":[{"href":"https:\/\/graziamagazine.com\/es\/wp-json\/wp\/v2\/types\/articles"}],"author":[{"embeddable":true,"href":"https:\/\/graziamagazine.com\/es\/wp-json\/wp\/v2\/users\/11653"}],"wp:featuredmedia":[{"embeddable":true,"href":"https:\/\/graziamagazine.com\/es\/wp-json\/wp\/v2\/media\/197055"}],"wp:attachment":[{"href":"https:\/\/graziamagazine.com\/es\/wp-json\/wp\/v2\/media?parent=196756"}],"wp:term":[{"taxonomy":"category","embeddable":true,"href":"https:\/\/graziamagazine.com\/es\/wp-json\/wp\/v2\/categories?post=196756"}],"curies":[{"name":"wp","href":"https:\/\/api.w.org\/{rel}","templated":true}]}}