{"id":194308,"date":"2026-04-30T21:57:27","date_gmt":"2026-04-30T19:57:27","guid":{"rendered":"https:\/\/graziamagazine.com\/es\/?post_type=articles&#038;p=194308"},"modified":"2026-04-30T21:57:49","modified_gmt":"2026-04-30T19:57:49","slug":"dji-osmo-pocket-4-la-camara-que-todo-el-mundo-quiere-llevar","status":"publish","type":"articles","link":"https:\/\/graziamagazine.com\/es\/articles\/dji-osmo-pocket-4-la-camara-que-todo-el-mundo-quiere-llevar\/","title":{"rendered":"DJI Osmo Pocket 4: la c\u00e1mara que todo el mundo quiere llevar encima"},"content":{"rendered":"<p>Sabemos que ciertos momentos \u2014un viaje improvisado, una cena que se alarga, una ciudad al atardecer\u2014 merecen algo m\u00e1s que un recuerdo r\u00e1pido en el carrete del m\u00f3vil. Queremos capturarlos mejor, con m\u00e1s intenci\u00f3n y con m\u00e1s est\u00e9tica. Y es que hay una nueva forma de mirar lo que nos pasa, m\u00e1s intensa y m\u00e1s consciente.<\/p>\n<p>Y en ese punto exacto entre la vida real y la imagen que queremos conservar, aparece la nueva <strong>DJI Osmo Pocket 4<\/strong>. La versi\u00f3n mejorada de unas de las c\u00e1maras m\u00e1s virales (la habr\u00e1s visto por todos lados, sobre todo en las Redes Sociales), la favorita de las influencers y una c\u00e1mara de bolsillo que no solo mejora lo t\u00e9cnico, sino que redefine c\u00f3mo entendemos el contenido en 2026.<\/p>\n<p>Porque ya no se trata solo de grabar, se trata de contar mejor.<\/p>\n<p><img decoding=\"async\" src=\"https:\/\/mnd-assets.mynewsdesk.com\/image\/upload\/c_fill,dpr_auto,f_auto,g_auto,q_auto:good,w_746\/flhxfnivr5yf5jqrg88gbp\" \/><\/p>\n<h3><strong>Una c\u00e1mara que no pesa, pero s\u00ed importa<\/strong><\/h3>\n<p>Lo primero que sorprende no es su potencia, es su tama\u00f1o. La Osmo Pocket 4 cabe en la palma de la mano con una naturalidad casi absurda para lo que es capaz de hacer. Se guarda en un bolso peque\u00f1o, se saca en segundos, se activa con un gesto m\u00ednimo. Y, sin embargo, cuando empieza a grabar, la percepci\u00f3n cambia.<\/p>\n<p>Gracias a su sensor de una pulgada, la c\u00e1mara captura con una profundidad y una riqueza de detalle que se aleja de ese acabado plano al que nos hemos acostumbrado con el m\u00f3vil. Hay textura, hay matices, hay una sensaci\u00f3n casi cinematogr\u00e1fica incluso en situaciones aparentemente normales.<\/p>\n<p>Grabar en 4K a 240 fps no es solo una cifra t\u00e9cnica, es la posibilidad de ralentizar el tiempo sin perder calidad, de capturar gestos m\u00ednimos, de convertir lo ef\u00edmero en algo que se puede observar.<\/p>\n<p>Y eso \u2014cuando lo pruebas\u2014 engancha. El resultado: im\u00e1genes m\u00e1s n\u00edtidas, m\u00e1s profundas, m\u00e1s cercanas a ese acabado cinematogr\u00e1fico que ahora domina el contenido digital.<\/p>\n<p><img loading=\"lazy\" decoding=\"async\" class=\"aligncenter size-full wp-image-194317\" src=\"https:\/\/graziamagazine.com\/es\/wp-content\/uploads\/sites\/12\/2026\/04\/Osmo-Pocket-4_Urban-Vlog_Mic-Mini-copia.jpg\" alt=\"\" width=\"1782\" height=\"1188\" srcset=\"https:\/\/graziamagazine.com\/es\/wp-content\/uploads\/sites\/12\/2026\/04\/Osmo-Pocket-4_Urban-Vlog_Mic-Mini-copia.jpg 1782w, https:\/\/graziamagazine.com\/es\/wp-content\/uploads\/sites\/12\/2026\/04\/Osmo-Pocket-4_Urban-Vlog_Mic-Mini-copia-300x200.jpg 300w, https:\/\/graziamagazine.com\/es\/wp-content\/uploads\/sites\/12\/2026\/04\/Osmo-Pocket-4_Urban-Vlog_Mic-Mini-copia-1024x683.jpg 1024w, https:\/\/graziamagazine.com\/es\/wp-content\/uploads\/sites\/12\/2026\/04\/Osmo-Pocket-4_Urban-Vlog_Mic-Mini-copia-768x512.jpg 768w, https:\/\/graziamagazine.com\/es\/wp-content\/uploads\/sites\/12\/2026\/04\/Osmo-Pocket-4_Urban-Vlog_Mic-Mini-copia-1536x1024.jpg 1536w, https:\/\/graziamagazine.com\/es\/wp-content\/uploads\/sites\/12\/2026\/04\/Osmo-Pocket-4_Urban-Vlog_Mic-Mini-copia-400x267.jpg 400w, https:\/\/graziamagazine.com\/es\/wp-content\/uploads\/sites\/12\/2026\/04\/Osmo-Pocket-4_Urban-Vlog_Mic-Mini-copia-155x103.jpg 155w\" sizes=\"(max-width: 1782px) 100vw, 1782px\" \/><\/p>\n<blockquote><p>M\u00e1s potente, m\u00e1s intuitiva y dise\u00f1ada para una generaci\u00f3n que vive \u2014y graba\u2014 en movimiento<\/p><\/blockquote>\n<h3><strong>La diferencia real: c\u00f3mo se mueve la imagen<\/strong><\/h3>\n<p>Hay algo que separa el contenido \u201ccorrecto\u201d del contenido que realmente seduce: el movimiento. La Osmo Pocket 4 lo entiende perfectamente gracias a su sistema de estabilizaci\u00f3n de tres ejes hace que incluso caminando, girando o grabando en medio del caos, la imagen se mantenga fluida, casi hipn\u00f3tica. No hay saltos inc\u00f3modos, no hay esa vibraci\u00f3n constante que delata la improvisaci\u00f3n.<\/p>\n<p>Caminas. Hablas. Grabas. Todo a la vez. Todo se siente m\u00e1s pensado, m\u00e1s cuidado, m\u00e1s cercano a ese lenguaje visual que consumimos cada d\u00eda sin darnos cuenta. Y de repente, lo que grabas se parece m\u00e1s a lo que te gusta ver, porque la imagen no se mueve, no vibra, no hay cortes inc\u00f3modos, al contrario, la grabaci\u00f3n que arroja muestra una sensaci\u00f3n de\u00a0continuidad que eleva cualquier escena.<\/p>\n<h3><strong>ActiveTrack 7.0: cuando la c\u00e1mara piensa por ti<\/strong><\/h3>\n<p>Uno de los grandes cambios en este tipo de dispositivos no est\u00e1 en la calidad de imagen, est\u00e1 en una nueva funci\u00f3n que define esta nueva generaci\u00f3n: el seguimiento inteligente. Con el sistema ActiveTrack 7.0, la Osmo Pocket 4 es capaz de seguir a una persona mientras se mueve, incluso en entornos complejos, incluso cuando hay gente alrededor. No necesitas ajustar constantemente el encuadre, ni preocuparte por si sales de plano porque la c\u00e1mara te sigue, acompa\u00f1a y te entiende.<\/p>\n<p>Muchas de sus funciones est\u00e1n dise\u00f1adas para responder a gestos naturales: girar la pantalla para empezar a grabar, usar la mano para activar el seguimiento, tocar para cambiar el foco.<\/p>\n<p>Y, \u00bfesto en qu\u00e9 se traduce cuando la usas? Pues que puedes grabarte caminando, bailando, hablando o movi\u00e9ndote entre personas\u2026 y la c\u00e1mara no pierde el foco. Una funci\u00f3n que te ayuda dejar de pensar en la t\u00e9cnica, en tener todo bajo control y es perfecta para centrarte en la experiencia de la grabaci\u00f3n, de lo que ves, de lo que quieres contar.<\/p>\n<p><img loading=\"lazy\" decoding=\"async\" class=\"aligncenter size-full wp-image-194319\" src=\"https:\/\/graziamagazine.com\/es\/wp-content\/uploads\/sites\/12\/2026\/04\/Osmo-Pocket-4_Hiking_Battery-Handle-Combo-copia.jpg\" alt=\"\" width=\"1782\" height=\"1039\" srcset=\"https:\/\/graziamagazine.com\/es\/wp-content\/uploads\/sites\/12\/2026\/04\/Osmo-Pocket-4_Hiking_Battery-Handle-Combo-copia.jpg 1782w, https:\/\/graziamagazine.com\/es\/wp-content\/uploads\/sites\/12\/2026\/04\/Osmo-Pocket-4_Hiking_Battery-Handle-Combo-copia-300x175.jpg 300w, https:\/\/graziamagazine.com\/es\/wp-content\/uploads\/sites\/12\/2026\/04\/Osmo-Pocket-4_Hiking_Battery-Handle-Combo-copia-1024x597.jpg 1024w, https:\/\/graziamagazine.com\/es\/wp-content\/uploads\/sites\/12\/2026\/04\/Osmo-Pocket-4_Hiking_Battery-Handle-Combo-copia-768x448.jpg 768w, https:\/\/graziamagazine.com\/es\/wp-content\/uploads\/sites\/12\/2026\/04\/Osmo-Pocket-4_Hiking_Battery-Handle-Combo-copia-1536x896.jpg 1536w, https:\/\/graziamagazine.com\/es\/wp-content\/uploads\/sites\/12\/2026\/04\/Osmo-Pocket-4_Hiking_Battery-Handle-Combo-copia-400x233.jpg 400w, https:\/\/graziamagazine.com\/es\/wp-content\/uploads\/sites\/12\/2026\/04\/Osmo-Pocket-4_Hiking_Battery-Handle-Combo-copia-155x90.jpg 155w\" sizes=\"(max-width: 1782px) 100vw, 1782px\" \/><\/p>\n<blockquote><p>La Osmo Pocket 4 no hace magia. Pero s\u00ed facilita algo clave: que lo que ves y lo que capturas est\u00e9n m\u00e1s cerca.<\/p><\/blockquote>\n<h3><strong>La luz (y ese momento en el que todo suele fallar)<\/strong><\/h3>\n<p>Hay una escena muy concreta que todos hemos intentado grabar: el final del d\u00eda. Ese momento en el que la luz cae, los colores cambian y todo se vuelve m\u00e1s interesante\u2026 pero tambi\u00e9n m\u00e1s dif\u00edcil de capturar. La Osmo Pocket 4 llega al mercado para marcar la diferencia: su capacidad para trabajar en condiciones de baja luz no solo mejora la visibilidad, sino que mantiene la atm\u00f3sfera. Los tonos de piel no se pierden, las sombras no se vuelven ruido, los contrastes no rompen la imagen.<\/p>\n<p>Gracias a su apertura f\/2.0 y su rango din\u00e1mico de 14 pasos, la Osmo Pocket 4 consigue capturar detalles incluso en condiciones de baja luz, manteniendo colores naturales y tonos de piel m\u00e1s reales. Y en una \u00e9poca donde buscamos autenticidad incluso en la est\u00e9tica, eso importa.<\/p>\n<p><img loading=\"lazy\" decoding=\"async\" class=\"aligncenter size-full wp-image-194314\" src=\"https:\/\/graziamagazine.com\/es\/wp-content\/uploads\/sites\/12\/2026\/04\/Osmo-Pocket-4_Vlogging_The-fill-light-copia.jpg\" alt=\"\" width=\"1782\" height=\"1100\" srcset=\"https:\/\/graziamagazine.com\/es\/wp-content\/uploads\/sites\/12\/2026\/04\/Osmo-Pocket-4_Vlogging_The-fill-light-copia.jpg 1782w, https:\/\/graziamagazine.com\/es\/wp-content\/uploads\/sites\/12\/2026\/04\/Osmo-Pocket-4_Vlogging_The-fill-light-copia-300x185.jpg 300w, https:\/\/graziamagazine.com\/es\/wp-content\/uploads\/sites\/12\/2026\/04\/Osmo-Pocket-4_Vlogging_The-fill-light-copia-1024x632.jpg 1024w, https:\/\/graziamagazine.com\/es\/wp-content\/uploads\/sites\/12\/2026\/04\/Osmo-Pocket-4_Vlogging_The-fill-light-copia-768x474.jpg 768w, https:\/\/graziamagazine.com\/es\/wp-content\/uploads\/sites\/12\/2026\/04\/Osmo-Pocket-4_Vlogging_The-fill-light-copia-1536x948.jpg 1536w, https:\/\/graziamagazine.com\/es\/wp-content\/uploads\/sites\/12\/2026\/04\/Osmo-Pocket-4_Vlogging_The-fill-light-copia-400x247.jpg 400w, https:\/\/graziamagazine.com\/es\/wp-content\/uploads\/sites\/12\/2026\/04\/Osmo-Pocket-4_Vlogging_The-fill-light-copia-155x96.jpg 155w\" sizes=\"(max-width: 1782px) 100vw, 1782px\" \/><\/p>\n<h3>cosas que nos gustan de la Osmo Pocket 4<\/h3>\n<p>La Osmo Pocket 4 no est\u00e1 pensada para rodajes profesionales complejos. Est\u00e1 pensada para algo mucho m\u00e1s interesante: la vida real.<\/p>\n<ul>\n<li>Cabe en la mano, en un bolso peque\u00f1o o en cualquier plan.<\/li>\n<li>Giras la pantalla y empiezas a grabar.<\/li>\n<li>Haces un gesto con la mano y activas el seguimiento.<\/li>\n<li>Pulsas un bot\u00f3n y cambias el zoom.<\/li>\n<li>Hasta <strong>240 minutos de grabaci\u00f3n.<\/strong><\/li>\n<li>Carga r\u00e1pida: 80% en 18 minutos<\/li>\n<li><strong>107 GB de almacenamiento interno.<\/strong><\/li>\n<li>Calidad de imagen muy por encima del m\u00f3vil.<\/li>\n<li>Estabilizaci\u00f3n impecable.<\/li>\n<li>Seguimiento inteligente que realmente funciona.<\/li>\n<li>Muy f\u00e1cil de usar (incluso sin experiencia).<\/li>\n<\/ul>\n<p><img loading=\"lazy\" decoding=\"async\" class=\"aligncenter size-full wp-image-194318\" src=\"https:\/\/graziamagazine.com\/es\/wp-content\/uploads\/sites\/12\/2026\/04\/Osmo-Pocket-4_Urban-Vlog_Handheld_01-copia.jpg\" alt=\"\" width=\"1782\" height=\"1895\" srcset=\"https:\/\/graziamagazine.com\/es\/wp-content\/uploads\/sites\/12\/2026\/04\/Osmo-Pocket-4_Urban-Vlog_Handheld_01-copia.jpg 1782w, https:\/\/graziamagazine.com\/es\/wp-content\/uploads\/sites\/12\/2026\/04\/Osmo-Pocket-4_Urban-Vlog_Handheld_01-copia-282x300.jpg 282w, https:\/\/graziamagazine.com\/es\/wp-content\/uploads\/sites\/12\/2026\/04\/Osmo-Pocket-4_Urban-Vlog_Handheld_01-copia-963x1024.jpg 963w, https:\/\/graziamagazine.com\/es\/wp-content\/uploads\/sites\/12\/2026\/04\/Osmo-Pocket-4_Urban-Vlog_Handheld_01-copia-768x817.jpg 768w, https:\/\/graziamagazine.com\/es\/wp-content\/uploads\/sites\/12\/2026\/04\/Osmo-Pocket-4_Urban-Vlog_Handheld_01-copia-1444x1536.jpg 1444w, https:\/\/graziamagazine.com\/es\/wp-content\/uploads\/sites\/12\/2026\/04\/Osmo-Pocket-4_Urban-Vlog_Handheld_01-copia-400x425.jpg 400w, https:\/\/graziamagazine.com\/es\/wp-content\/uploads\/sites\/12\/2026\/04\/Osmo-Pocket-4_Urban-Vlog_Handheld_01-copia-155x165.jpg 155w\" sizes=\"(max-width: 1782px) 100vw, 1782px\" \/><\/p>\n<p>Vivimos en una era donde todo se documenta, pero no todo se cuenta bien. La Osmo Pocket 4 no es solo una c\u00e1mara, es una herramienta para elevar lo cotidiano, para transformar un momento normal en algo que apetece ver.<\/p>\n<p>Disponible desde <strong>499 \u20ac<\/strong> en su versi\u00f3n est\u00e1ndar, con packs para creadores que ampl\u00edan la experiencia con micr\u00f3fono, luz y accesorios.<\/p>\n<p><img decoding=\"async\" src=\"https:\/\/mnd-assets.mynewsdesk.com\/image\/upload\/c_fill,dpr_auto,f_auto,g_auto,q_auto:good,w_746\/haf57rad5zazwiz97zyx48\" \/><\/p>\n<p><a href=\"https:\/\/store.dji.com\/es\/product\/osmo-pocket-4?utm_source=google&amp;utm_medium=cpc&amp;utm_campaign=23752065330&amp;utm_content=805414237329&amp;utm_term=196018473592_kwd-894258110354_g&amp;gad_source=1&amp;gad_campaignid=23752065330&amp;gbraid=0AAAAADO_H_diVphQiNXzILJtXm9p8UztM&amp;gclid=EAIaIQobChMI-uCpz6eWlAMVC5eDBx3jKgksEAAYASAAEgK1_fD_BwE&amp;vid=218422\" target=\"_blank\">El Pack Est\u00e1ndar tiene un precio de 499 euros y el pack para creadores tiene un precio de 619 euros<\/a><\/p>\n<p><em>*Im\u00e1genes: cortes\u00eda<\/em><\/p>\n","protected":false},"author":11653,"featured_media":194315,"template":"","format":"standard","categories":[18,4193],"acf":[],"yoast_head":"<!-- This site is optimized with the Yoast SEO Premium plugin v18.5 (Yoast SEO v20.4) - https:\/\/yoast.com\/wordpress\/plugins\/seo\/ -->\n<title>DJI Osmo Pocket 4: la c\u00e1mara que todo el mundo quiere llevar<\/title>\n<meta name=\"description\" content=\"Sabemos que ciertos momentos \u2014un viaje improvisado, una cena que se alarga, una ciudad al atardecer\u2014 merecen algo m\u00e1s que un recuerdo r\u00e1pido en el carrete\" \/>\n<meta name=\"robots\" content=\"index, follow, max-snippet:-1, max-image-preview:large, max-video-preview:-1\" \/>\n<link rel=\"canonical\" href=\"https:\/\/graziamagazine.com\/es\/articles\/dji-osmo-pocket-4-la-camara-que-todo-el-mundo-quiere-llevar\/\" \/>\n<meta property=\"og:locale\" content=\"es_ES\" \/>\n<meta property=\"og:type\" content=\"article\" \/>\n<meta property=\"og:title\" content=\"DJI Osmo Pocket 4: la c\u00e1mara que todo el mundo quiere llevar encima\" \/>\n<meta property=\"og:description\" content=\"Sabemos que ciertos momentos \u2014un viaje improvisado, una cena que se alarga, una ciudad al atardecer\u2014 merecen algo m\u00e1s que un recuerdo r\u00e1pido en el carrete\" \/>\n<meta property=\"og:url\" content=\"https:\/\/graziamagazine.com\/es\/articles\/dji-osmo-pocket-4-la-camara-que-todo-el-mundo-quiere-llevar\/\" \/>\n<meta property=\"og:site_name\" content=\"Grazia\" \/>\n<meta property=\"article:modified_time\" content=\"2026-04-30T19:57:49+00:00\" \/>\n<meta property=\"og:image\" content=\"https:\/\/graziamagazine.com\/es\/wp-content\/uploads\/sites\/12\/2026\/04\/Osmo-Pocket-4_Vlogging_Gesture-Control-palm-copia.jpg\" \/>\n\t<meta property=\"og:image:width\" content=\"1782\" \/>\n\t<meta property=\"og:image:height\" content=\"1337\" \/>\n\t<meta property=\"og:image:type\" content=\"image\/jpeg\" \/>\n<meta name=\"twitter:card\" content=\"summary_large_image\" \/>\n<meta name=\"twitter:label1\" content=\"Est. reading time\" \/>\n\t<meta name=\"twitter:data1\" content=\"6 minutos\" \/>\n<script type=\"application\/ld+json\" class=\"yoast-schema-graph\">{\"@context\":\"https:\/\/schema.org\",\"@graph\":[{\"@type\":\"WebPage\",\"@id\":\"https:\/\/graziamagazine.com\/es\/articles\/dji-osmo-pocket-4-la-camara-que-todo-el-mundo-quiere-llevar\/\",\"url\":\"https:\/\/graziamagazine.com\/es\/articles\/dji-osmo-pocket-4-la-camara-que-todo-el-mundo-quiere-llevar\/\",\"name\":\"DJI Osmo Pocket 4: la c\u00e1mara que todo el mundo quiere llevar\",\"isPartOf\":{\"@id\":\"https:\/\/graziamagazine.com\/es\/#website\"},\"datePublished\":\"2026-04-30T19:57:27+00:00\",\"dateModified\":\"2026-04-30T19:57:49+00:00\",\"description\":\"Sabemos que ciertos momentos \u2014un viaje improvisado, una cena que se alarga, una ciudad al atardecer\u2014 merecen algo m\u00e1s que un recuerdo r\u00e1pido en el carrete\",\"breadcrumb\":{\"@id\":\"https:\/\/graziamagazine.com\/es\/articles\/dji-osmo-pocket-4-la-camara-que-todo-el-mundo-quiere-llevar\/#breadcrumb\"},\"inLanguage\":\"es\",\"potentialAction\":[{\"@type\":\"ReadAction\",\"target\":[\"https:\/\/graziamagazine.com\/es\/articles\/dji-osmo-pocket-4-la-camara-que-todo-el-mundo-quiere-llevar\/\"]}]},{\"@type\":\"BreadcrumbList\",\"@id\":\"https:\/\/graziamagazine.com\/es\/articles\/dji-osmo-pocket-4-la-camara-que-todo-el-mundo-quiere-llevar\/#breadcrumb\",\"itemListElement\":[{\"@type\":\"ListItem\",\"position\":1,\"name\":\"Portada\",\"item\":\"https:\/\/graziamagazine.com\/es\/\"},{\"@type\":\"ListItem\",\"position\":2,\"name\":\"DJI Osmo Pocket 4: la c\u00e1mara que todo el mundo quiere llevar encima\"}]},{\"@type\":\"WebSite\",\"@id\":\"https:\/\/graziamagazine.com\/es\/#website\",\"url\":\"https:\/\/graziamagazine.com\/es\/\",\"name\":\"Grazia\",\"description\":\"Moda, belleza, celebrities, estilo de vida...\",\"potentialAction\":[{\"@type\":\"SearchAction\",\"target\":{\"@type\":\"EntryPoint\",\"urlTemplate\":\"https:\/\/graziamagazine.com\/es\/?s={search_term_string}\"},\"query-input\":\"required name=search_term_string\"}],\"inLanguage\":\"es\"}]}<\/script>\n<!-- \/ Yoast SEO Premium plugin. -->","yoast_head_json":{"title":"DJI Osmo Pocket 4: la c\u00e1mara que todo el mundo quiere llevar","description":"Sabemos que ciertos momentos \u2014un viaje improvisado, una cena que se alarga, una ciudad al atardecer\u2014 merecen algo m\u00e1s que un recuerdo r\u00e1pido en el carrete","robots":{"index":"index","follow":"follow","max-snippet":"max-snippet:-1","max-image-preview":"max-image-preview:large","max-video-preview":"max-video-preview:-1"},"canonical":"https:\/\/graziamagazine.com\/es\/articles\/dji-osmo-pocket-4-la-camara-que-todo-el-mundo-quiere-llevar\/","og_locale":"es_ES","og_type":"article","og_title":"DJI Osmo Pocket 4: la c\u00e1mara que todo el mundo quiere llevar encima","og_description":"Sabemos que ciertos momentos \u2014un viaje improvisado, una cena que se alarga, una ciudad al atardecer\u2014 merecen algo m\u00e1s que un recuerdo r\u00e1pido en el carrete","og_url":"https:\/\/graziamagazine.com\/es\/articles\/dji-osmo-pocket-4-la-camara-que-todo-el-mundo-quiere-llevar\/","og_site_name":"Grazia","article_modified_time":"2026-04-30T19:57:49+00:00","og_image":[{"width":1782,"height":1337,"url":"https:\/\/graziamagazine.com\/es\/wp-content\/uploads\/sites\/12\/2026\/04\/Osmo-Pocket-4_Vlogging_Gesture-Control-palm-copia.jpg","type":"image\/jpeg"}],"twitter_card":"summary_large_image","twitter_misc":{"Est. reading time":"6 minutos"},"schema":{"@context":"https:\/\/schema.org","@graph":[{"@type":"WebPage","@id":"https:\/\/graziamagazine.com\/es\/articles\/dji-osmo-pocket-4-la-camara-que-todo-el-mundo-quiere-llevar\/","url":"https:\/\/graziamagazine.com\/es\/articles\/dji-osmo-pocket-4-la-camara-que-todo-el-mundo-quiere-llevar\/","name":"DJI Osmo Pocket 4: la c\u00e1mara que todo el mundo quiere llevar","isPartOf":{"@id":"https:\/\/graziamagazine.com\/es\/#website"},"datePublished":"2026-04-30T19:57:27+00:00","dateModified":"2026-04-30T19:57:49+00:00","description":"Sabemos que ciertos momentos \u2014un viaje improvisado, una cena que se alarga, una ciudad al atardecer\u2014 merecen algo m\u00e1s que un recuerdo r\u00e1pido en el carrete","breadcrumb":{"@id":"https:\/\/graziamagazine.com\/es\/articles\/dji-osmo-pocket-4-la-camara-que-todo-el-mundo-quiere-llevar\/#breadcrumb"},"inLanguage":"es","potentialAction":[{"@type":"ReadAction","target":["https:\/\/graziamagazine.com\/es\/articles\/dji-osmo-pocket-4-la-camara-que-todo-el-mundo-quiere-llevar\/"]}]},{"@type":"BreadcrumbList","@id":"https:\/\/graziamagazine.com\/es\/articles\/dji-osmo-pocket-4-la-camara-que-todo-el-mundo-quiere-llevar\/#breadcrumb","itemListElement":[{"@type":"ListItem","position":1,"name":"Portada","item":"https:\/\/graziamagazine.com\/es\/"},{"@type":"ListItem","position":2,"name":"DJI Osmo Pocket 4: la c\u00e1mara que todo el mundo quiere llevar encima"}]},{"@type":"WebSite","@id":"https:\/\/graziamagazine.com\/es\/#website","url":"https:\/\/graziamagazine.com\/es\/","name":"Grazia","description":"Moda, belleza, celebrities, estilo de vida...","potentialAction":[{"@type":"SearchAction","target":{"@type":"EntryPoint","urlTemplate":"https:\/\/graziamagazine.com\/es\/?s={search_term_string}"},"query-input":"required name=search_term_string"}],"inLanguage":"es"}]}},"jetpack_sharing_enabled":true,"distributor_meta":false,"distributor_terms":false,"distributor_media":false,"distributor_original_site_name":"Grazia","distributor_original_site_url":"https:\/\/graziamagazine.com\/es","push-errors":false,"_links":{"self":[{"href":"https:\/\/graziamagazine.com\/es\/wp-json\/wp\/v2\/articles\/194308"}],"collection":[{"href":"https:\/\/graziamagazine.com\/es\/wp-json\/wp\/v2\/articles"}],"about":[{"href":"https:\/\/graziamagazine.com\/es\/wp-json\/wp\/v2\/types\/articles"}],"author":[{"embeddable":true,"href":"https:\/\/graziamagazine.com\/es\/wp-json\/wp\/v2\/users\/11653"}],"wp:featuredmedia":[{"embeddable":true,"href":"https:\/\/graziamagazine.com\/es\/wp-json\/wp\/v2\/media\/194315"}],"wp:attachment":[{"href":"https:\/\/graziamagazine.com\/es\/wp-json\/wp\/v2\/media?parent=194308"}],"wp:term":[{"taxonomy":"category","embeddable":true,"href":"https:\/\/graziamagazine.com\/es\/wp-json\/wp\/v2\/categories?post=194308"}],"curies":[{"name":"wp","href":"https:\/\/api.w.org\/{rel}","templated":true}]}}