{"id":194307,"date":"2026-04-30T21:03:45","date_gmt":"2026-04-30T19:03:45","guid":{"rendered":"https:\/\/graziamagazine.com\/es\/?post_type=articles&#038;p=194307"},"modified":"2026-04-30T21:03:45","modified_gmt":"2026-04-30T19:03:45","slug":"starbucks-lanza-sus-bebidas-para-celebrar-el-diablo-viste-de-prada-2","status":"publish","type":"articles","link":"https:\/\/graziamagazine.com\/es\/articles\/starbucks-lanza-sus-bebidas-para-celebrar-el-diablo-viste-de-prada-2\/","title":{"rendered":"Starbucks lanza sus bebidas para celebrar &#8216;El diablo viste de Prada 2&#8217;"},"content":{"rendered":"<p>Despu\u00e9s de mucha espera, incluso de a\u00f1os, por fin llega el estreno que todo el mundo amante de la moda quiere. 20 a\u00f1os despu\u00e9s de su primera parte, &#8216;El Diablo Viste De Prada 2&#8217; se estrena hoy en los cines y qu\u00e9 mejor manera que celebrarlo antes o despu\u00e9s de verlo en pantalla grande, que probar alguna de las bebidas que ha lanzado Starbucks para esta fecha se\u00f1alada.<\/p>\n<p>En una colaboraci\u00f3n global con 20th Century Studios, la campa\u00f1a presenta una selecci\u00f3n de cuatro bebidas inspiradas en los ic\u00f3nicos personajes de la pel\u00edcula, dise\u00f1adas para aportar un toque cinematogr\u00e1fico al ritual diario del caf\u00e9.<\/p>\n<p>Desde los inolvidables pedidos de caf\u00e9 de Andy hasta los personajes que marcaron a toda una generaci\u00f3n,\u00a0<strong>esta colaboraci\u00f3n celebra tanto a\u00a0<span class=\"markp5h2plsav\" data-markjs=\"true\" data-ogac=\"\" data-ogab=\"\" data-ogsc=\"\" data-ogsb=\"\">Starbuck<\/span>s como el lugar que la pel\u00edcula ocupa en la cultura popular<\/strong>. A partir de 27 de abril, los clientes podr\u00e1n descubrir personalizaciones inspiradas en los personajes, cada una reflejando con sabor las personalidades del universo de <em>El Diablo Viste De Prada<\/em>.<\/p>\n        <blockquote class=\"instagram-media \" style=\"background: #ffffff;border: 0;margin: 1px;width: 100%;padding: 0;\"  data-instgrm-permalink=\"https:\/\/www.instagram.com\/starbucks_es\/\" data-instgrm-version=\"14\"><\/blockquote>\n<p><span data-olk-copy-source=\"MessageBody\">\u201c<em><span class=\"markp5h2plsav\" data-markjs=\"true\" data-ogac=\"\" data-ogab=\"\" data-ogsc=\"\" data-ogsb=\"\">Starbuck<\/span>s ha formado parte del universo de El Diablo Viste De Prada desde la pel\u00edcula original<\/em>\u201d, afirma\u00a0<strong>Erin Silvoy<\/strong>,\u00a0<strong>vicepresidenta senior de marketing global de\u00a0<span class=\"markp5h2plsav\" data-markjs=\"true\" data-ogac=\"\" data-ogab=\"\" data-ogsc=\"\" data-ogsb=\"\">Starbuck<\/span>s<\/strong>.<\/span><\/p>\n<blockquote><p><span data-olk-copy-source=\"MessageBody\"> \u201c<em>Estamos encantados de dar vida de nuevo a esa conexi\u00f3n, ofreciendo a los fans una forma de sumergirse en este momento, empezando por su caf\u00e9 diario<\/em>\u201d.<\/span><\/p><\/blockquote>\n<p>La colaboraci\u00f3n forma parte de un acuerdo m\u00e1s amplio entre\u00a0<span class=\"markp5h2plsav\" data-markjs=\"true\" data-ogac=\"\" data-ogab=\"\" data-ogsc=\"\" data-ogsb=\"\">Starbuck<\/span>s y El Diablo Viste De Prada 2, que tambi\u00e9n incluir\u00e1 la\u00a0<strong>presencia de la marca en la pel\u00edcula<\/strong>. Las tiendas\u00a0<span class=\"markp5h2plsav\" data-markjs=\"true\" data-ogac=\"\" data-ogab=\"\" data-ogsc=\"\" data-ogsb=\"\">Starbuck<\/span>s Reserve en Nueva York y Chicago ofrecer\u00e1n ejemplares de la edici\u00f3n limitada promocional de la revista Runway, la publicaci\u00f3n insignia de la pel\u00edcula, ofreciendo a los fans una forma adicional de adentrarse en su universo.<\/p>\n<p><img decoding=\"async\" src=\"https:\/\/about.starbucks.com\/uploads\/sites\/21\/2026\/04\/Starbucks_Quito-Airport-2-scaled.jpg\" \/><\/p>\n<h3>4 bebidas para cuatro perfiles<\/h3>\n<p class=\"x_MsoNormal\"><strong>Pedido insignia de<\/strong>\u00a0<strong>Miranda<\/strong><\/p>\n<p class=\"x_MsoNormal\">Un Caff\u00e8 Latte con leche desnatada, sin espuma, extra caliente y con un extra shot de caf\u00e9. Porque cualquier otra cosa generar\u00eda\u2026 preguntas.<\/p>\n<p class=\"x_MsoNormal\"><strong>Cappuccino de<\/strong>\u00a0<strong>Andy<\/strong><\/p>\n<p class=\"x_MsoNormal\">Un Cappuccino con bebida de avena, caramelo y canela. Sencillo, sofisticado y listo para caminar entre quien era y en quien est\u00e1 por convertirse.<\/p>\n<p class=\"x_MsoNormal\"><strong>Doppio favorito de<\/strong>\u00a0<strong>Nigel<\/strong><\/p>\n<p class=\"x_MsoNormal\">Un Doppio Espresso con panna y mocha. Intenso y refinado.<\/p>\n<p class=\"x_MsoNormal\"><strong>Chai helado favorito de<\/strong>\u00a0<strong>Emily<\/strong><\/p>\n<p class=\"x_MsoNormal\">Un Iced Chai Latte con bebida de almendra y caramelo. Exigente, bajo en az\u00facar y preparado para entregarse a un ritmo \u201cglacial\u201d\u2026 o mejor no.<\/p>\n<p><img decoding=\"async\" src=\"https:\/\/imgix.bustle.com\/uploads\/image\/2026\/4\/20\/467205df\/starbucks-drinks-the-devil.webp?w=374&amp;h=187&amp;fit=crop&amp;crop=faces&amp;dpr=2\" alt=\"I Tried Starbucks' 'Devil Wears Prada 2' Menu With Miranda's Latte\" \/><\/p>\n<p><span data-olk-copy-source=\"MessageBody\">\u201c<em>Todo es buena energ\u00eda con\u00a0<span class=\"markp5h2plsav\" data-markjs=\"true\" data-ogac=\"\" data-ogab=\"\" data-ogsc=\"\" data-ogsb=\"\">Starbuck<\/span>s y nuestra nueva pel\u00edcula, El Diablo Viste De Prada 2<\/em>\u201d, se\u00f1ala\u00a0<strong>Lylle Breier, EVP de Partnerships, Promotions, Synergy &amp; Events en Disney<\/strong>. \u201c<em>Estamos encantados de colaborar a gran escala con\u00a0<span class=\"markp5h2plsav\" data-markjs=\"true\" data-ogac=\"\" data-ogab=\"\" data-ogsc=\"\" data-ogsb=\"\">Starbuck<\/span>s en un programa global audaz, inteligente y tem\u00e1tico dise\u00f1ado para sorprender a fans de todo el mundo<\/em>\u201d.<\/span><\/p>\n<p>Las bebidas estar\u00e1n disponibles en tiendas\u00a0<span class=\"markp5h2plsav\" data-markjs=\"true\" data-ogac=\"\" data-ogab=\"\" data-ogsc=\"\" data-ogsb=\"\">Starbuck<\/span>s de todo el mundo.\u00a0<strong>En Espa\u00f1a, estar\u00e1n disponibles desde el 27 de abril hasta el 24 de mayo.\u00a0<\/strong>Para m\u00e1s informaci\u00f3n,\u00a0<a href=\"https:\/\/urldefense.com\/v3\/__https:\/services.hosting.augure.com\/Response\/c8GQp\/*7Be3fdd89b-cb2e-42bb-a9fa-c500693d8e05*7D__;JSU!!IHJ3XrWN4X8!LF0yy-inH8r1BkvKiCfOxzSfc7wDKopfJ0zvRpE1Uy3Cy0o6YlRHOJGqK1arMURjwqQfM7c3YXMnULk8XBQvRsIcFlrFFQttOw$\"title=\"https:\/\/urldefense.com\/v3\/__https:\/services.hosting.augure.com\/Response\/c8GQp\/*7Be3fdd89b-cb2e-42bb-a9fa-c500693d8e05*7D__;JSU!!IHJ3XrWN4X8!LF0yy-inH8r1BkvKiCfOxzSfc7wDKopfJ0zvRpE1Uy3Cy0o6YlRHOJGqK1arMURjwqQfM7c3YXMnULk8XBQvRsIcFlrFFQttOw$\"  target=\"_blank\" rel=\"noopener noreferrer\" data-auth=\"NotApplicable\" data-linkindex=\"1\" target=\"_blank\"><span class=\"markp5h2plsav\" data-markjs=\"true\" data-ogac=\"\" data-ogab=\"\" data-ogsc=\"\" data-ogsb=\"\">Starbuck<\/span>s.es<\/a><\/p>\n<p><em>*Im\u00e1genes: cortes\u00eda<\/em><\/p>\n","protected":false},"author":11653,"featured_media":194313,"template":"","format":"standard","categories":[18],"acf":[],"yoast_head":"<!-- This site is optimized with the Yoast SEO Premium plugin v18.5 (Yoast SEO v20.4) - https:\/\/yoast.com\/wordpress\/plugins\/seo\/ -->\n<title>Starbucks tambi\u00e9n viste el caf\u00e9 de Prada<\/title>\n<meta name=\"description\" content=\"Una colaboraci\u00f3n global con 20th Century Studios que presenta una selecci\u00f3n de bebidas inspiradas en los ic\u00f3nicos personajes de la pel\u00edcula.\" \/>\n<meta name=\"robots\" content=\"index, follow, max-snippet:-1, max-image-preview:large, max-video-preview:-1\" \/>\n<link rel=\"canonical\" href=\"https:\/\/graziamagazine.com\/es\/articles\/starbucks-lanza-sus-bebidas-para-celebrar-el-diablo-viste-de-prada-2\/\" \/>\n<meta property=\"og:locale\" content=\"es_ES\" \/>\n<meta property=\"og:type\" content=\"article\" \/>\n<meta property=\"og:title\" content=\"Starbucks lanza sus bebidas para celebrar &#039;El diablo viste de Prada 2&#039;\" \/>\n<meta property=\"og:description\" content=\"Una colaboraci\u00f3n global con 20th Century Studios que presenta una selecci\u00f3n de bebidas inspiradas en los ic\u00f3nicos personajes de la pel\u00edcula.\" \/>\n<meta property=\"og:url\" content=\"https:\/\/graziamagazine.com\/es\/articles\/starbucks-lanza-sus-bebidas-para-celebrar-el-diablo-viste-de-prada-2\/\" \/>\n<meta property=\"og:site_name\" content=\"Grazia\" \/>\n<meta property=\"og:image\" content=\"https:\/\/graziamagazine.com\/es\/wp-content\/uploads\/sites\/12\/2026\/04\/Starbucks_Diablo2-copia.jpg\" \/>\n\t<meta property=\"og:image:width\" content=\"1920\" \/>\n\t<meta property=\"og:image:height\" content=\"1081\" \/>\n\t<meta property=\"og:image:type\" content=\"image\/jpeg\" \/>\n<meta name=\"twitter:card\" content=\"summary_large_image\" \/>\n<meta name=\"twitter:label1\" content=\"Est. reading time\" \/>\n\t<meta name=\"twitter:data1\" content=\"3 minutos\" \/>\n<script type=\"application\/ld+json\" class=\"yoast-schema-graph\">{\"@context\":\"https:\/\/schema.org\",\"@graph\":[{\"@type\":\"WebPage\",\"@id\":\"https:\/\/graziamagazine.com\/es\/articles\/starbucks-lanza-sus-bebidas-para-celebrar-el-diablo-viste-de-prada-2\/\",\"url\":\"https:\/\/graziamagazine.com\/es\/articles\/starbucks-lanza-sus-bebidas-para-celebrar-el-diablo-viste-de-prada-2\/\",\"name\":\"Starbucks tambi\u00e9n viste el caf\u00e9 de Prada\",\"isPartOf\":{\"@id\":\"https:\/\/graziamagazine.com\/es\/#website\"},\"datePublished\":\"2026-04-30T19:03:45+00:00\",\"dateModified\":\"2026-04-30T19:03:45+00:00\",\"description\":\"Una colaboraci\u00f3n global con 20th Century Studios que presenta una selecci\u00f3n de bebidas inspiradas en los ic\u00f3nicos personajes de la pel\u00edcula.\",\"breadcrumb\":{\"@id\":\"https:\/\/graziamagazine.com\/es\/articles\/starbucks-lanza-sus-bebidas-para-celebrar-el-diablo-viste-de-prada-2\/#breadcrumb\"},\"inLanguage\":\"es\",\"potentialAction\":[{\"@type\":\"ReadAction\",\"target\":[\"https:\/\/graziamagazine.com\/es\/articles\/starbucks-lanza-sus-bebidas-para-celebrar-el-diablo-viste-de-prada-2\/\"]}]},{\"@type\":\"BreadcrumbList\",\"@id\":\"https:\/\/graziamagazine.com\/es\/articles\/starbucks-lanza-sus-bebidas-para-celebrar-el-diablo-viste-de-prada-2\/#breadcrumb\",\"itemListElement\":[{\"@type\":\"ListItem\",\"position\":1,\"name\":\"Portada\",\"item\":\"https:\/\/graziamagazine.com\/es\/\"},{\"@type\":\"ListItem\",\"position\":2,\"name\":\"Starbucks lanza sus bebidas para celebrar &#8216;El diablo viste de Prada 2&#8217;\"}]},{\"@type\":\"WebSite\",\"@id\":\"https:\/\/graziamagazine.com\/es\/#website\",\"url\":\"https:\/\/graziamagazine.com\/es\/\",\"name\":\"Grazia\",\"description\":\"Moda, belleza, celebrities, estilo de vida...\",\"potentialAction\":[{\"@type\":\"SearchAction\",\"target\":{\"@type\":\"EntryPoint\",\"urlTemplate\":\"https:\/\/graziamagazine.com\/es\/?s={search_term_string}\"},\"query-input\":\"required name=search_term_string\"}],\"inLanguage\":\"es\"}]}<\/script>\n<!-- \/ Yoast SEO Premium plugin. -->","yoast_head_json":{"title":"Starbucks tambi\u00e9n viste el caf\u00e9 de Prada","description":"Una colaboraci\u00f3n global con 20th Century Studios que presenta una selecci\u00f3n de bebidas inspiradas en los ic\u00f3nicos personajes de la pel\u00edcula.","robots":{"index":"index","follow":"follow","max-snippet":"max-snippet:-1","max-image-preview":"max-image-preview:large","max-video-preview":"max-video-preview:-1"},"canonical":"https:\/\/graziamagazine.com\/es\/articles\/starbucks-lanza-sus-bebidas-para-celebrar-el-diablo-viste-de-prada-2\/","og_locale":"es_ES","og_type":"article","og_title":"Starbucks lanza sus bebidas para celebrar 'El diablo viste de Prada 2'","og_description":"Una colaboraci\u00f3n global con 20th Century Studios que presenta una selecci\u00f3n de bebidas inspiradas en los ic\u00f3nicos personajes de la pel\u00edcula.","og_url":"https:\/\/graziamagazine.com\/es\/articles\/starbucks-lanza-sus-bebidas-para-celebrar-el-diablo-viste-de-prada-2\/","og_site_name":"Grazia","og_image":[{"width":1920,"height":1081,"url":"https:\/\/graziamagazine.com\/es\/wp-content\/uploads\/sites\/12\/2026\/04\/Starbucks_Diablo2-copia.jpg","type":"image\/jpeg"}],"twitter_card":"summary_large_image","twitter_misc":{"Est. reading time":"3 minutos"},"schema":{"@context":"https:\/\/schema.org","@graph":[{"@type":"WebPage","@id":"https:\/\/graziamagazine.com\/es\/articles\/starbucks-lanza-sus-bebidas-para-celebrar-el-diablo-viste-de-prada-2\/","url":"https:\/\/graziamagazine.com\/es\/articles\/starbucks-lanza-sus-bebidas-para-celebrar-el-diablo-viste-de-prada-2\/","name":"Starbucks tambi\u00e9n viste el caf\u00e9 de Prada","isPartOf":{"@id":"https:\/\/graziamagazine.com\/es\/#website"},"datePublished":"2026-04-30T19:03:45+00:00","dateModified":"2026-04-30T19:03:45+00:00","description":"Una colaboraci\u00f3n global con 20th Century Studios que presenta una selecci\u00f3n de bebidas inspiradas en los ic\u00f3nicos personajes de la pel\u00edcula.","breadcrumb":{"@id":"https:\/\/graziamagazine.com\/es\/articles\/starbucks-lanza-sus-bebidas-para-celebrar-el-diablo-viste-de-prada-2\/#breadcrumb"},"inLanguage":"es","potentialAction":[{"@type":"ReadAction","target":["https:\/\/graziamagazine.com\/es\/articles\/starbucks-lanza-sus-bebidas-para-celebrar-el-diablo-viste-de-prada-2\/"]}]},{"@type":"BreadcrumbList","@id":"https:\/\/graziamagazine.com\/es\/articles\/starbucks-lanza-sus-bebidas-para-celebrar-el-diablo-viste-de-prada-2\/#breadcrumb","itemListElement":[{"@type":"ListItem","position":1,"name":"Portada","item":"https:\/\/graziamagazine.com\/es\/"},{"@type":"ListItem","position":2,"name":"Starbucks lanza sus bebidas para celebrar &#8216;El diablo viste de Prada 2&#8217;"}]},{"@type":"WebSite","@id":"https:\/\/graziamagazine.com\/es\/#website","url":"https:\/\/graziamagazine.com\/es\/","name":"Grazia","description":"Moda, belleza, celebrities, estilo de vida...","potentialAction":[{"@type":"SearchAction","target":{"@type":"EntryPoint","urlTemplate":"https:\/\/graziamagazine.com\/es\/?s={search_term_string}"},"query-input":"required name=search_term_string"}],"inLanguage":"es"}]}},"jetpack_sharing_enabled":true,"distributor_meta":false,"distributor_terms":false,"distributor_media":false,"distributor_original_site_name":"Grazia","distributor_original_site_url":"https:\/\/graziamagazine.com\/es","push-errors":false,"_links":{"self":[{"href":"https:\/\/graziamagazine.com\/es\/wp-json\/wp\/v2\/articles\/194307"}],"collection":[{"href":"https:\/\/graziamagazine.com\/es\/wp-json\/wp\/v2\/articles"}],"about":[{"href":"https:\/\/graziamagazine.com\/es\/wp-json\/wp\/v2\/types\/articles"}],"author":[{"embeddable":true,"href":"https:\/\/graziamagazine.com\/es\/wp-json\/wp\/v2\/users\/11653"}],"wp:featuredmedia":[{"embeddable":true,"href":"https:\/\/graziamagazine.com\/es\/wp-json\/wp\/v2\/media\/194313"}],"wp:attachment":[{"href":"https:\/\/graziamagazine.com\/es\/wp-json\/wp\/v2\/media?parent=194307"}],"wp:term":[{"taxonomy":"category","embeddable":true,"href":"https:\/\/graziamagazine.com\/es\/wp-json\/wp\/v2\/categories?post=194307"}],"curies":[{"name":"wp","href":"https:\/\/api.w.org\/{rel}","templated":true}]}}