{"id":194294,"date":"2026-04-30T09:10:12","date_gmt":"2026-04-30T07:10:12","guid":{"rendered":"https:\/\/graziamagazine.com\/es\/?post_type=articles&#038;p=194294"},"modified":"2026-04-30T09:10:12","modified_gmt":"2026-04-30T07:10:12","slug":"seis-esmaltes-rosas-primavera-2026","status":"publish","type":"articles","link":"https:\/\/graziamagazine.com\/es\/articles\/seis-esmaltes-rosas-primavera-2026\/","title":{"rendered":"Seis esmaltes rosas imprescindibles para esta primavera"},"content":{"rendered":"<p data-start=\"308\" data-end=\"750\">La primavera siempre trae consigo una renovaci\u00f3n est\u00e9tica que va m\u00e1s all\u00e1 del guardarropa. En esta temporada, la manicura se convierte en un gesto esencial de estilo, y el rosa, en todas sus interpretaciones, se posiciona como el protagonista indiscutible. Desde acabados transl\u00facidos hasta tonos vibrantes y juguetones, el esmalte rosa se reinventa una vez m\u00e1s, confirmando su estatus como cl\u00e1sico eterno dentro del universo de la belleza.<\/p>\n<p data-start=\"752\" data-end=\"1129\">Lejos de limitarse a una sola interpretaci\u00f3n, el rosa de primavera 2026 se despliega en una paleta rica y vers\u00e1til que dialoga con distintos estados de \u00e1nimo. Es un color que no solo embellece, sino que comunica. Puede ser discreto o audaz, rom\u00e1ntico o contempor\u00e1neo, minimalista o expresivo. En este equilibrio radica su poder: adaptarse a cada estilo sin perder su esencia.<\/p>\n<h3 data-section-id=\"52o5gn\" data-start=\"2478\" data-end=\"2512\">Rosa con destellos luminosos<\/h3>\n<p><img loading=\"lazy\" decoding=\"async\" class=\"alignnone wp-image-170562\" src=\"https:\/\/graziamagazine.com\/mx\/wp-content\/uploads\/sites\/13\/2026\/04\/59ea047bf22503378e5176321998072f.jpg\" alt=\"\" width=\"700\" height=\"933\" \/><\/p>\n<p>Para quienes buscan una propuesta m\u00e1s expresiva, los esmaltes con brillo introducen una dimensi\u00f3n sensorial. La luz se refleja en la superficie de la u\u00f1a, creando movimiento y dinamismo. Este acabado permite experimentar con la manicura, ya sea en su totalidad o como acento puntual.<\/p>\n<p><img loading=\"lazy\" decoding=\"async\" class=\"aligncenter size-full wp-image-194305\" src=\"https:\/\/graziamagazine.com\/es\/wp-content\/uploads\/sites\/12\/2026\/04\/Y0381009_E000001498_E01_selectorPanelDesktop-copia-scaled-e1777532289865.jpg\" alt=\"\" width=\"1655\" height=\"1241\" srcset=\"https:\/\/graziamagazine.com\/es\/wp-content\/uploads\/sites\/12\/2026\/04\/Y0381009_E000001498_E01_selectorPanelDesktop-copia-scaled-e1777532289865.jpg 1655w, https:\/\/graziamagazine.com\/es\/wp-content\/uploads\/sites\/12\/2026\/04\/Y0381009_E000001498_E01_selectorPanelDesktop-copia-scaled-e1777532289865-300x225.jpg 300w, https:\/\/graziamagazine.com\/es\/wp-content\/uploads\/sites\/12\/2026\/04\/Y0381009_E000001498_E01_selectorPanelDesktop-copia-scaled-e1777532289865-1024x768.jpg 1024w, https:\/\/graziamagazine.com\/es\/wp-content\/uploads\/sites\/12\/2026\/04\/Y0381009_E000001498_E01_selectorPanelDesktop-copia-scaled-e1777532289865-768x576.jpg 768w, https:\/\/graziamagazine.com\/es\/wp-content\/uploads\/sites\/12\/2026\/04\/Y0381009_E000001498_E01_selectorPanelDesktop-copia-scaled-e1777532289865-1536x1152.jpg 1536w, https:\/\/graziamagazine.com\/es\/wp-content\/uploads\/sites\/12\/2026\/04\/Y0381009_E000001498_E01_selectorPanelDesktop-copia-scaled-e1777532289865-400x300.jpg 400w, https:\/\/graziamagazine.com\/es\/wp-content\/uploads\/sites\/12\/2026\/04\/Y0381009_E000001498_E01_selectorPanelDesktop-copia-scaled-e1777532289865-155x116.jpg 155w\" sizes=\"(max-width: 1655px) 100vw, 1655px\" \/><\/p>\n<p class=\"pdp-details__title js-pdp-details-title\"><a href=\"https:\/\/www.dior.com\/es_es\/beauty\/products\/dior-vernis-C038100513.html\" target=\"_blank\">Dior Vernis en el tono 579 Fizzy: su precio es de 34 euros en la web de Dior<\/a><\/p>\n<h3 data-section-id=\"rt81j\" data-start=\"1131\" data-end=\"1154\">Rosa pop vibrante<\/h3>\n<h3 data-section-id=\"rt81j\" data-start=\"1131\" data-end=\"1154\"><img loading=\"lazy\" decoding=\"async\" class=\"alignnone wp-image-170561\" src=\"https:\/\/graziamagazine.com\/mx\/wp-content\/uploads\/sites\/13\/2026\/04\/5d8c1d901f91e0403a8c3ce6eddf5df7-769x1024.jpg\" alt=\"\" width=\"700\" height=\"932\" \/><\/h3>\n<p data-start=\"1155\" data-end=\"1526\">Los tonos m\u00e1s intensos irrumpen como una declaraci\u00f3n de intenci\u00f3n. El rosa pop, inspirado en referencias l\u00fadicas y culturales, aporta una energ\u00eda vibrante que transforma la manicura en un punto focal del look. Funciona especialmente bien en u\u00f1as cortas y redondeadas, donde el color se convierte en protagonista absoluto y a\u00f1ade un contraste audaz a estilismos neutros.<\/p>\n<p data-start=\"1155\" data-end=\"1526\"><img loading=\"lazy\" decoding=\"async\" class=\"aligncenter size-full wp-image-194306\" src=\"https:\/\/graziamagazine.com\/es\/wp-content\/uploads\/sites\/12\/2026\/04\/Captura-de-pantalla-2026-04-30-a-las-9.09.34.png\" alt=\"\" width=\"836\" height=\"1072\" srcset=\"https:\/\/graziamagazine.com\/es\/wp-content\/uploads\/sites\/12\/2026\/04\/Captura-de-pantalla-2026-04-30-a-las-9.09.34.png 836w, https:\/\/graziamagazine.com\/es\/wp-content\/uploads\/sites\/12\/2026\/04\/Captura-de-pantalla-2026-04-30-a-las-9.09.34-234x300.png 234w, https:\/\/graziamagazine.com\/es\/wp-content\/uploads\/sites\/12\/2026\/04\/Captura-de-pantalla-2026-04-30-a-las-9.09.34-799x1024.png 799w, https:\/\/graziamagazine.com\/es\/wp-content\/uploads\/sites\/12\/2026\/04\/Captura-de-pantalla-2026-04-30-a-las-9.09.34-768x985.png 768w, https:\/\/graziamagazine.com\/es\/wp-content\/uploads\/sites\/12\/2026\/04\/Captura-de-pantalla-2026-04-30-a-las-9.09.34-400x513.png 400w, https:\/\/graziamagazine.com\/es\/wp-content\/uploads\/sites\/12\/2026\/04\/Captura-de-pantalla-2026-04-30-a-las-9.09.34-155x199.png 155w\" sizes=\"(max-width: 836px) 100vw, 836px\" \/><\/p>\n<p data-start=\"1155\" data-end=\"1526\"><a href=\"https:\/\/www.primor.eu\/es_es\/essence-esmalte-gel-nail-polish-142326.html\" target=\"_blank\">Esmalte Gel Nail Polish Pink &amp; Proud, de Essence: ahora 1,67 euros en Primor<\/a><\/p>\n<h3 data-section-id=\"vz86l5\" data-start=\"1528\" data-end=\"1559\">Rosa transl\u00facido y acuoso<\/h3>\n<p data-section-id=\"vz86l5\" data-start=\"1528\" data-end=\"1559\"><img loading=\"lazy\" decoding=\"async\" class=\"alignnone wp-image-170563\" src=\"https:\/\/graziamagazine.com\/mx\/wp-content\/uploads\/sites\/13\/2026\/04\/883ab3e47ff9561b093b5d7dd1d5a78f-819x1024.jpg\" alt=\"\" width=\"700\" height=\"875\" \/>Las tendencias actuales apuestan por la ligereza visual. Los rosas transl\u00facidos, con efecto casi acuoso, ofrecen una apariencia pulida y natural que realza la u\u00f1a sin saturarla. Son ideales para quienes buscan una est\u00e9tica limpia y sofisticada, donde la belleza reside en los detalles sutiles.<\/p>\n<p data-section-id=\"vz86l5\" data-start=\"1528\" data-end=\"1559\"><img loading=\"lazy\" decoding=\"async\" class=\"aligncenter size-full wp-image-194304\" src=\"https:\/\/graziamagazine.com\/es\/wp-content\/uploads\/sites\/12\/2026\/04\/2618901.jpg\" alt=\"\" width=\"700\" height=\"700\" srcset=\"https:\/\/graziamagazine.com\/es\/wp-content\/uploads\/sites\/12\/2026\/04\/2618901.jpg 700w, https:\/\/graziamagazine.com\/es\/wp-content\/uploads\/sites\/12\/2026\/04\/2618901-300x300.jpg 300w, https:\/\/graziamagazine.com\/es\/wp-content\/uploads\/sites\/12\/2026\/04\/2618901-150x150.jpg 150w, https:\/\/graziamagazine.com\/es\/wp-content\/uploads\/sites\/12\/2026\/04\/2618901-400x400.jpg 400w, https:\/\/graziamagazine.com\/es\/wp-content\/uploads\/sites\/12\/2026\/04\/2618901-155x155.jpg 155w\" sizes=\"(max-width: 700px) 100vw, 700px\" \/><\/p>\n<p class=\"description-list-container list-description\"><a href=\"https:\/\/www.druni.es\/gel-affair-laca-de-unas-catrice-esmalte-unas?utm_source=google&amp;utm_medium=cpc&amp;utm_campaign=ES_SHOP_Shopping%20%E2%96%BA%20Brand&amp;utm_id=15236718925&amp;gad_source=1&amp;gad_campaignid=15236718925&amp;gbraid=0AAAAADjpqkZJSmteKaxWH88GObDF-04cH&amp;gclid=EAIaIQobChMIj4nZ9fyUlAMVSKmDBx1-9xIVEAQYByABEgL_L_D_BwE\" target=\"_blank\">Esmalte de u\u00f1as <span class=\"page-title\">Gel Affair, de CATRICE: su precio es de 2,99 euros en Druni<\/span><\/a><\/p>\n<h3 data-section-id=\"19emmgx\" data-start=\"1857\" data-end=\"1880\">Rosa fresa jugoso<\/h3>\n<p data-section-id=\"19emmgx\" data-start=\"1857\" data-end=\"1880\"><img loading=\"lazy\" decoding=\"async\" class=\"alignnone wp-image-170560\" src=\"https:\/\/graziamagazine.com\/mx\/wp-content\/uploads\/sites\/13\/2026\/04\/3aa46d84117d0ce0d0bee096ac2f2591-768x1024.jpg\" alt=\"\" width=\"700\" height=\"934\" \/>El rosa fresa introduce una dimensi\u00f3n fresca y expresiva. Es un tono que evoca vitalidad y feminidad, perfecto para complementar looks primaverales con estampados florales o tejidos ligeros. Su intensidad equilibrada lo convierte en una opci\u00f3n vers\u00e1til entre lo cl\u00e1sico y lo divertido.<\/p>\n<p data-section-id=\"19emmgx\" data-start=\"1857\" data-end=\"1880\"><img loading=\"lazy\" decoding=\"async\" class=\"aligncenter size-full wp-image-194302\" src=\"https:\/\/graziamagazine.com\/es\/wp-content\/uploads\/sites\/12\/2026\/04\/0210d776-3187-42c9-a811-1ae1a093c9bf-copia-e1777531482940.jpg\" alt=\"\" width=\"1158\" height=\"984\" srcset=\"https:\/\/graziamagazine.com\/es\/wp-content\/uploads\/sites\/12\/2026\/04\/0210d776-3187-42c9-a811-1ae1a093c9bf-copia-e1777531482940.jpg 1158w, https:\/\/graziamagazine.com\/es\/wp-content\/uploads\/sites\/12\/2026\/04\/0210d776-3187-42c9-a811-1ae1a093c9bf-copia-e1777531482940-300x255.jpg 300w, https:\/\/graziamagazine.com\/es\/wp-content\/uploads\/sites\/12\/2026\/04\/0210d776-3187-42c9-a811-1ae1a093c9bf-copia-e1777531482940-1024x870.jpg 1024w, https:\/\/graziamagazine.com\/es\/wp-content\/uploads\/sites\/12\/2026\/04\/0210d776-3187-42c9-a811-1ae1a093c9bf-copia-e1777531482940-768x653.jpg 768w, https:\/\/graziamagazine.com\/es\/wp-content\/uploads\/sites\/12\/2026\/04\/0210d776-3187-42c9-a811-1ae1a093c9bf-copia-e1777531482940-400x340.jpg 400w, https:\/\/graziamagazine.com\/es\/wp-content\/uploads\/sites\/12\/2026\/04\/0210d776-3187-42c9-a811-1ae1a093c9bf-copia-e1777531482940-155x132.jpg 155w\" sizes=\"(max-width: 1158px) 100vw, 1158px\" \/><\/p>\n<p class=\"product-intro_productName__MfL8o\"><a href=\"https:\/\/www.kikocosmetics.com\/es-es\/p\/smart-nail-lacquer-49-47311\/\" target=\"_blank\">Smart Nail Lacquer de secado r\u00e1pido en tono 49 Pearly Azalea, de KIKO Milano: 2,99 euros en la web de la marca<\/a><\/p>\n<h3 data-section-id=\"mmfpws\" data-start=\"2170\" data-end=\"2200\">Rosa lechoso sofisticado<\/h3>\n<p data-section-id=\"mmfpws\" data-start=\"2170\" data-end=\"2200\"><img loading=\"lazy\" decoding=\"async\" class=\"alignnone wp-image-170564\" src=\"https:\/\/graziamagazine.com\/mx\/wp-content\/uploads\/sites\/13\/2026\/04\/e0e8c1fa5b60fa8914c65779a1ae6d8d-819x1024.jpg\" alt=\"\" width=\"700\" height=\"875\" \/>Los rosas lechosos contin\u00faan siendo sin\u00f3nimo de elegancia atemporal. Su acabado suave y ligeramente opaco aporta una sensaci\u00f3n de calma y refinamiento, ideal para ocasiones formales o estilismos minimalistas. Es una elecci\u00f3n discreta que eleva cualquier look sin imponerse.<\/p>\n<p data-section-id=\"mmfpws\" data-start=\"2170\" data-end=\"2200\"><img loading=\"lazy\" decoding=\"async\" class=\"aligncenter size-full wp-image-194299\" src=\"https:\/\/graziamagazine.com\/es\/wp-content\/uploads\/sites\/12\/2026\/04\/descarga-copia-2-e1777531087179.jpg\" alt=\"\" width=\"838\" height=\"666\" srcset=\"https:\/\/graziamagazine.com\/es\/wp-content\/uploads\/sites\/12\/2026\/04\/descarga-copia-2-e1777531087179.jpg 838w, https:\/\/graziamagazine.com\/es\/wp-content\/uploads\/sites\/12\/2026\/04\/descarga-copia-2-e1777531087179-300x238.jpg 300w, https:\/\/graziamagazine.com\/es\/wp-content\/uploads\/sites\/12\/2026\/04\/descarga-copia-2-e1777531087179-768x610.jpg 768w, https:\/\/graziamagazine.com\/es\/wp-content\/uploads\/sites\/12\/2026\/04\/descarga-copia-2-e1777531087179-400x318.jpg 400w, https:\/\/graziamagazine.com\/es\/wp-content\/uploads\/sites\/12\/2026\/04\/descarga-copia-2-e1777531087179-155x123.jpg 155w\" sizes=\"(max-width: 838px) 100vw, 838px\" \/><\/p>\n<p class=\"m-b_default text_bold text_XXXL tab_text_size_30\"><a href=\"https:\/\/www.yves-rocher.es\/maquillaje\/unas\/esmalte-de-unas\/esmalte-de-unas-go-green\/p\/00559\" target=\"_blank\">Esmalte de U\u00f1as 17 color Cam\u00e9lia nacr\u00e9, de Yves Rocher: su precio ahora es de 5,55 euros en la web de la marca<\/a><\/p>\n<h3 data-section-id=\"f58563\" data-start=\"2800\" data-end=\"2827\">Rosa melocot\u00f3n c\u00e1lido<\/h3>\n<p data-section-id=\"f58563\" data-start=\"2800\" data-end=\"2827\"><img loading=\"lazy\" decoding=\"async\" class=\"alignnone wp-image-170565\" src=\"https:\/\/graziamagazine.com\/mx\/wp-content\/uploads\/sites\/13\/2026\/04\/bc5773c4d2e96c03b69ba2b2ff8a5724-843x1024.jpg\" alt=\"\" width=\"700\" height=\"850\" \/>Los tonos cercanos al melocot\u00f3n o al albaricoque aportan calidez a la paleta primaveral. Son colores que dialogan con la piel, resaltando su luminosidad natural y creando armon\u00edas suaves. Representan una interpretaci\u00f3n m\u00e1s org\u00e1nica del rosa, conectada con la naturaleza y la suavidad de la temporada.<\/p>\n<p data-section-id=\"f58563\" data-start=\"2800\" data-end=\"2827\"><img loading=\"lazy\" decoding=\"async\" class=\"aligncenter size-full wp-image-194303\" src=\"https:\/\/graziamagazine.com\/es\/wp-content\/uploads\/sites\/12\/2026\/04\/vitry-be-green-esmalte-unas-dahlia-6ml-vgree014-e1777531594491.jpg\" alt=\"\" width=\"782\" height=\"577\" srcset=\"https:\/\/graziamagazine.com\/es\/wp-content\/uploads\/sites\/12\/2026\/04\/vitry-be-green-esmalte-unas-dahlia-6ml-vgree014-e1777531594491.jpg 782w, https:\/\/graziamagazine.com\/es\/wp-content\/uploads\/sites\/12\/2026\/04\/vitry-be-green-esmalte-unas-dahlia-6ml-vgree014-e1777531594491-300x221.jpg 300w, https:\/\/graziamagazine.com\/es\/wp-content\/uploads\/sites\/12\/2026\/04\/vitry-be-green-esmalte-unas-dahlia-6ml-vgree014-e1777531594491-768x567.jpg 768w, https:\/\/graziamagazine.com\/es\/wp-content\/uploads\/sites\/12\/2026\/04\/vitry-be-green-esmalte-unas-dahlia-6ml-vgree014-e1777531594491-400x295.jpg 400w, https:\/\/graziamagazine.com\/es\/wp-content\/uploads\/sites\/12\/2026\/04\/vitry-be-green-esmalte-unas-dahlia-6ml-vgree014-e1777531594491-155x114.jpg 155w\" sizes=\"(max-width: 782px) 100vw, 782px\" \/><\/p>\n<p data-section-id=\"f58563\" data-start=\"2800\" data-end=\"2827\"><a href=\"https:\/\/www.parafarmacia-online.com\/vitry-be-green-esmalte-unas-dahlia-6ml-vgree014?gad_source=1&amp;gad_campaignid=17177547969&amp;gbraid=0AAAAAD3on5xqYCrGBTFu26E440RGWvg-s&amp;gclid=EAIaIQobChMIj4nZ9fyUlAMVSKmDBx1-9xIVEAQYBCABEgKCD_D_BwE\" target=\"_blank\">Vitry Be Green Esmalte U\u00f1as Dahlia: su precio es de 3,74 euros<\/a><\/p>\n<p data-section-id=\"f58563\" data-start=\"2800\" data-end=\"2827\">As\u00ed, el esmalte rosa en primavera 2026 no es una tendencia \u00fanica, sino un universo de posibilidades. Cada tono, cada acabado y cada textura construyen una narrativa distinta, permitiendo que la manicura se convierta en una extensi\u00f3n aut\u00e9ntica del estilo personal.<\/p>\n<p data-section-id=\"f58563\" data-start=\"2800\" data-end=\"2827\"><em>*Im\u00e1genes: Getty Images, Instagram y cortes\u00eda<\/em><\/p>\n<p data-start=\"3399\" data-end=\"3525\" data-is-last-node=\"\" data-is-only-node=\"\">\n","protected":false},"author":16349,"featured_media":194300,"template":"","format":"standard","categories":[7],"acf":[],"yoast_head":"<!-- This site is optimized with the Yoast SEO Premium plugin v18.5 (Yoast SEO v20.4) - https:\/\/yoast.com\/wordpress\/plugins\/seo\/ -->\n<title>Seis esmaltes rosas imprescindibles para esta primavera<\/title>\n<meta name=\"description\" content=\"Del rosa m\u00e1s sutil al m\u00e1s vibrante, seis esmaltes definen la manicura de primavera con elegancia y creatividad\" \/>\n<meta name=\"robots\" content=\"index, follow, max-snippet:-1, max-image-preview:large, max-video-preview:-1\" \/>\n<link rel=\"canonical\" href=\"https:\/\/graziamagazine.com\/es\/articles\/seis-esmaltes-rosas-primavera-2026\/\" \/>\n<meta property=\"og:locale\" content=\"es_ES\" \/>\n<meta property=\"og:type\" content=\"article\" \/>\n<meta property=\"og:title\" content=\"Seis esmaltes rosas imprescindibles para esta primavera\" \/>\n<meta property=\"og:description\" content=\"Del rosa m\u00e1s sutil al m\u00e1s vibrante, seis esmaltes definen la manicura de primavera con elegancia y creatividad\" \/>\n<meta property=\"og:url\" content=\"https:\/\/graziamagazine.com\/es\/articles\/seis-esmaltes-rosas-primavera-2026\/\" \/>\n<meta property=\"og:site_name\" content=\"Grazia\" \/>\n<meta property=\"og:image\" content=\"https:\/\/graziamagazine.com\/es\/wp-content\/uploads\/sites\/12\/2026\/04\/unas-barbiecore-kHGF-U200640387756usG-1248x1248@MujerHoy-copia-2-e1777531059158.jpg\" \/>\n\t<meta property=\"og:image:width\" content=\"1206\" \/>\n\t<meta property=\"og:image:height\" content=\"894\" \/>\n\t<meta property=\"og:image:type\" content=\"image\/jpeg\" \/>\n<meta name=\"twitter:card\" content=\"summary_large_image\" \/>\n<meta name=\"twitter:label1\" content=\"Est. reading time\" \/>\n\t<meta name=\"twitter:data1\" content=\"6 minutos\" \/>\n<script type=\"application\/ld+json\" class=\"yoast-schema-graph\">{\"@context\":\"https:\/\/schema.org\",\"@graph\":[{\"@type\":\"WebPage\",\"@id\":\"https:\/\/graziamagazine.com\/es\/articles\/seis-esmaltes-rosas-primavera-2026\/\",\"url\":\"https:\/\/graziamagazine.com\/es\/articles\/seis-esmaltes-rosas-primavera-2026\/\",\"name\":\"Seis esmaltes rosas imprescindibles para esta primavera\",\"isPartOf\":{\"@id\":\"https:\/\/graziamagazine.com\/es\/#website\"},\"datePublished\":\"2026-04-30T07:10:12+00:00\",\"dateModified\":\"2026-04-30T07:10:12+00:00\",\"description\":\"Del rosa m\u00e1s sutil al m\u00e1s vibrante, seis esmaltes definen la manicura de primavera con elegancia y creatividad\",\"breadcrumb\":{\"@id\":\"https:\/\/graziamagazine.com\/es\/articles\/seis-esmaltes-rosas-primavera-2026\/#breadcrumb\"},\"inLanguage\":\"es\",\"potentialAction\":[{\"@type\":\"ReadAction\",\"target\":[\"https:\/\/graziamagazine.com\/es\/articles\/seis-esmaltes-rosas-primavera-2026\/\"]}]},{\"@type\":\"BreadcrumbList\",\"@id\":\"https:\/\/graziamagazine.com\/es\/articles\/seis-esmaltes-rosas-primavera-2026\/#breadcrumb\",\"itemListElement\":[{\"@type\":\"ListItem\",\"position\":1,\"name\":\"Portada\",\"item\":\"https:\/\/graziamagazine.com\/es\/\"},{\"@type\":\"ListItem\",\"position\":2,\"name\":\"Seis esmaltes rosas imprescindibles para esta primavera\"}]},{\"@type\":\"WebSite\",\"@id\":\"https:\/\/graziamagazine.com\/es\/#website\",\"url\":\"https:\/\/graziamagazine.com\/es\/\",\"name\":\"Grazia\",\"description\":\"Moda, belleza, celebrities, estilo de vida...\",\"potentialAction\":[{\"@type\":\"SearchAction\",\"target\":{\"@type\":\"EntryPoint\",\"urlTemplate\":\"https:\/\/graziamagazine.com\/es\/?s={search_term_string}\"},\"query-input\":\"required name=search_term_string\"}],\"inLanguage\":\"es\"}]}<\/script>\n<!-- \/ Yoast SEO Premium plugin. -->","yoast_head_json":{"title":"Seis esmaltes rosas imprescindibles para esta primavera","description":"Del rosa m\u00e1s sutil al m\u00e1s vibrante, seis esmaltes definen la manicura de primavera con elegancia y creatividad","robots":{"index":"index","follow":"follow","max-snippet":"max-snippet:-1","max-image-preview":"max-image-preview:large","max-video-preview":"max-video-preview:-1"},"canonical":"https:\/\/graziamagazine.com\/es\/articles\/seis-esmaltes-rosas-primavera-2026\/","og_locale":"es_ES","og_type":"article","og_title":"Seis esmaltes rosas imprescindibles para esta primavera","og_description":"Del rosa m\u00e1s sutil al m\u00e1s vibrante, seis esmaltes definen la manicura de primavera con elegancia y creatividad","og_url":"https:\/\/graziamagazine.com\/es\/articles\/seis-esmaltes-rosas-primavera-2026\/","og_site_name":"Grazia","og_image":[{"width":1206,"height":894,"url":"https:\/\/graziamagazine.com\/es\/wp-content\/uploads\/sites\/12\/2026\/04\/unas-barbiecore-kHGF-U200640387756usG-1248x1248@MujerHoy-copia-2-e1777531059158.jpg","type":"image\/jpeg"}],"twitter_card":"summary_large_image","twitter_misc":{"Est. reading time":"6 minutos"},"schema":{"@context":"https:\/\/schema.org","@graph":[{"@type":"WebPage","@id":"https:\/\/graziamagazine.com\/es\/articles\/seis-esmaltes-rosas-primavera-2026\/","url":"https:\/\/graziamagazine.com\/es\/articles\/seis-esmaltes-rosas-primavera-2026\/","name":"Seis esmaltes rosas imprescindibles para esta primavera","isPartOf":{"@id":"https:\/\/graziamagazine.com\/es\/#website"},"datePublished":"2026-04-30T07:10:12+00:00","dateModified":"2026-04-30T07:10:12+00:00","description":"Del rosa m\u00e1s sutil al m\u00e1s vibrante, seis esmaltes definen la manicura de primavera con elegancia y creatividad","breadcrumb":{"@id":"https:\/\/graziamagazine.com\/es\/articles\/seis-esmaltes-rosas-primavera-2026\/#breadcrumb"},"inLanguage":"es","potentialAction":[{"@type":"ReadAction","target":["https:\/\/graziamagazine.com\/es\/articles\/seis-esmaltes-rosas-primavera-2026\/"]}]},{"@type":"BreadcrumbList","@id":"https:\/\/graziamagazine.com\/es\/articles\/seis-esmaltes-rosas-primavera-2026\/#breadcrumb","itemListElement":[{"@type":"ListItem","position":1,"name":"Portada","item":"https:\/\/graziamagazine.com\/es\/"},{"@type":"ListItem","position":2,"name":"Seis esmaltes rosas imprescindibles para esta primavera"}]},{"@type":"WebSite","@id":"https:\/\/graziamagazine.com\/es\/#website","url":"https:\/\/graziamagazine.com\/es\/","name":"Grazia","description":"Moda, belleza, celebrities, estilo de vida...","potentialAction":[{"@type":"SearchAction","target":{"@type":"EntryPoint","urlTemplate":"https:\/\/graziamagazine.com\/es\/?s={search_term_string}"},"query-input":"required name=search_term_string"}],"inLanguage":"es"}]}},"jetpack_sharing_enabled":true,"distributor_meta":false,"distributor_terms":false,"distributor_media":false,"distributor_original_site_name":"Grazia","distributor_original_site_url":"https:\/\/graziamagazine.com\/es","push-errors":false,"_links":{"self":[{"href":"https:\/\/graziamagazine.com\/es\/wp-json\/wp\/v2\/articles\/194294"}],"collection":[{"href":"https:\/\/graziamagazine.com\/es\/wp-json\/wp\/v2\/articles"}],"about":[{"href":"https:\/\/graziamagazine.com\/es\/wp-json\/wp\/v2\/types\/articles"}],"author":[{"embeddable":true,"href":"https:\/\/graziamagazine.com\/es\/wp-json\/wp\/v2\/users\/16349"}],"wp:featuredmedia":[{"embeddable":true,"href":"https:\/\/graziamagazine.com\/es\/wp-json\/wp\/v2\/media\/194300"}],"wp:attachment":[{"href":"https:\/\/graziamagazine.com\/es\/wp-json\/wp\/v2\/media?parent=194294"}],"wp:term":[{"taxonomy":"category","embeddable":true,"href":"https:\/\/graziamagazine.com\/es\/wp-json\/wp\/v2\/categories?post=194294"}],"curies":[{"name":"wp","href":"https:\/\/api.w.org\/{rel}","templated":true}]}}