{"id":194292,"date":"2026-04-30T17:00:53","date_gmt":"2026-04-30T15:00:53","guid":{"rendered":"https:\/\/graziamagazine.com\/es\/?post_type=articles&#038;p=194292"},"modified":"2026-05-01T23:48:39","modified_gmt":"2026-05-01T21:48:39","slug":"gafas-de-sol-en-tendencia-para-regalar-a-mama","status":"publish","type":"articles","link":"https:\/\/graziamagazine.com\/es\/articles\/gafas-de-sol-en-tendencia-para-regalar-a-mama\/","title":{"rendered":"Gafas de sol en tendencia para regalar a mam\u00e1 (o para ti)"},"content":{"rendered":"<p class=\"p1\"><span class=\"s1\">No importa en cu\u00e1l temporada estemos, siempre queremos un par de <strong>gafas de sol.<\/strong> Ya no solo funcionan en los d\u00edas de sol para protegernos, ahora forman <strong>parte indiscutible de un look<\/strong>, sin importar que no haya sol. Pero s\u00ed, no todos se atreven a llevarlos cuando no es temporada. Y ahora, con la llegada de la temporada de calor,\u00a0lo primero que llega a nuestra mente son unos lentes, porque no puedes salir de casa si no llevas contigo unos lentes de sol. E incluso, para muchas, juegan un rol importante dentro de un look, elevando cualquier estilo sin esfuerzo alguno.<\/span><\/p>\n<p><span class=\"s1\">Te contamos cu\u00e1les son los estilos y modelos que m\u00e1s estaremos viendo estas dos estaciones del a\u00f1o, primavera\/verano, e incluso durante todo este a\u00f1o. Porque bien sabemos que las que realmente entienden de estilo llevan consigo un par de gafas. Estas temporadas vienen m\u00e1s atrevidas, con cristales coloridos, formas no comunes y disruptivas, y especialmente veremos muchos modelos en tama\u00f1o XL, que dominan el street style y las pasarelas. Y adem\u00e1s, son un gran regalo para este D\u00eda de la Madre.\u00a0<\/span><\/p>\n<h3 class=\"p1\"><span class=\"s1\">MOntura XL<\/span><\/h3>\n<figure style=\"width: 1850px\" class=\"wp-caption alignnone\"><img loading=\"lazy\" decoding=\"async\" src=\"https:\/\/assets.christiandior.com\/is\/image\/diorprod\/LOOK_F_26_2_LOOK_228_E07?$r9x10_raw$&amp;crop=0,0,4000,5000&amp;wid=1850&amp;hei=2000&amp;scale=1&amp;bfc=on&amp;qlt=85\" alt=\"\" width=\"1850\" height=\"2000\" \/><figcaption class=\"wp-caption-text\">Gafas Dior Clover<\/figcaption><\/figure>\n<p>Este es el dise\u00f1o indiscutible n\u00famero uno que no puede faltar en tu armario de complementos.\u00a0<span class=\"s1\">Los hemos visto en la mayor\u00eda de las firmas de lujo y tambi\u00e9n marcas de fast fashion los han tomado con gran \u00e9xito. Su presencia no pasa desapercibida y eleva cualquier look con un solo gesto, convirti\u00e9ndose en el centro de atenci\u00f3n.<\/span><\/p>\n<p style=\"text-align: left\"><a href=\"https:\/\/www.aquazzura.com\/es_es\/bella-tan-blaeyes0-ate-fdt\" target=\"_blank\"><strong>Gafas Bella, de Aquazzura: su precio es de 375 euros en la web de la marca<\/strong><\/a><\/p>\n<p><img loading=\"lazy\" decoding=\"async\" class=\"aligncenter size-full wp-image-194331\" src=\"https:\/\/graziamagazine.com\/es\/wp-content\/uploads\/sites\/12\/2026\/05\/BLAEYES0-ATE-FDT_01-copia-e1777670360945.jpg\" alt=\"\" width=\"1353\" height=\"749\" srcset=\"https:\/\/graziamagazine.com\/es\/wp-content\/uploads\/sites\/12\/2026\/05\/BLAEYES0-ATE-FDT_01-copia-e1777670360945.jpg 1353w, https:\/\/graziamagazine.com\/es\/wp-content\/uploads\/sites\/12\/2026\/05\/BLAEYES0-ATE-FDT_01-copia-e1777670360945-300x166.jpg 300w, https:\/\/graziamagazine.com\/es\/wp-content\/uploads\/sites\/12\/2026\/05\/BLAEYES0-ATE-FDT_01-copia-e1777670360945-1024x567.jpg 1024w, https:\/\/graziamagazine.com\/es\/wp-content\/uploads\/sites\/12\/2026\/05\/BLAEYES0-ATE-FDT_01-copia-e1777670360945-768x425.jpg 768w, https:\/\/graziamagazine.com\/es\/wp-content\/uploads\/sites\/12\/2026\/05\/BLAEYES0-ATE-FDT_01-copia-e1777670360945-400x221.jpg 400w, https:\/\/graziamagazine.com\/es\/wp-content\/uploads\/sites\/12\/2026\/05\/BLAEYES0-ATE-FDT_01-copia-e1777670360945-155x86.jpg 155w\" sizes=\"(max-width: 1353px) 100vw, 1353px\" \/><\/p>\n<p><strong><a href=\"https:\/\/www.sunglasshut.com\/es\/tiffany-co\/tf4254u-8056262819647\" target=\"_blank\">Gafas de sol Tiffany &amp; Co. (modelo TF4254U), en Sunglass Hut: su precio es de 347 euros<\/a><\/strong><\/p>\n<div class=\"content-gallery\"><img loading=\"lazy\" decoding=\"async\" class=\"aligncenter wp-image-194323 size-full\" src=\"https:\/\/graziamagazine.com\/es\/wp-content\/uploads\/sites\/12\/2026\/04\/0TF4254U__8001S4__P21__shad__qt-copia-e1777580445393.jpg\" alt=\"\" width=\"1976\" height=\"815\" srcset=\"https:\/\/graziamagazine.com\/es\/wp-content\/uploads\/sites\/12\/2026\/04\/0TF4254U__8001S4__P21__shad__qt-copia-e1777580445393.jpg 1976w, https:\/\/graziamagazine.com\/es\/wp-content\/uploads\/sites\/12\/2026\/04\/0TF4254U__8001S4__P21__shad__qt-copia-e1777580445393-300x124.jpg 300w, https:\/\/graziamagazine.com\/es\/wp-content\/uploads\/sites\/12\/2026\/04\/0TF4254U__8001S4__P21__shad__qt-copia-e1777580445393-1024x422.jpg 1024w, https:\/\/graziamagazine.com\/es\/wp-content\/uploads\/sites\/12\/2026\/04\/0TF4254U__8001S4__P21__shad__qt-copia-e1777580445393-768x317.jpg 768w, https:\/\/graziamagazine.com\/es\/wp-content\/uploads\/sites\/12\/2026\/04\/0TF4254U__8001S4__P21__shad__qt-copia-e1777580445393-1536x634.jpg 1536w, https:\/\/graziamagazine.com\/es\/wp-content\/uploads\/sites\/12\/2026\/04\/0TF4254U__8001S4__P21__shad__qt-copia-e1777580445393-400x165.jpg 400w, https:\/\/graziamagazine.com\/es\/wp-content\/uploads\/sites\/12\/2026\/04\/0TF4254U__8001S4__P21__shad__qt-copia-e1777580445393-155x64.jpg 155w\" sizes=\"(max-width: 1976px) 100vw, 1976px\" \/><\/div>\n<div>\n<div class=\"MuiBox-root mui-latin-unpxae\">\n<p class=\"MuiTypography-root MuiTypography-headline-s DS-Typography mui-latin-1w4hih8\" data-testid=\"fashion-product-title\"><a href=\"https:\/\/www.dior.com\/es_es\/fashion\/products\/DCLVS3IXR_26A1\" target=\"_blank\"><strong>Dior Clover S3I: su precio es de 560 euros en la web de Dior<\/strong><\/a><\/p>\n<p data-testid=\"fashion-product-title\"><img loading=\"lazy\" decoding=\"async\" class=\"aligncenter size-full wp-image-194329\" src=\"https:\/\/graziamagazine.com\/es\/wp-content\/uploads\/sites\/12\/2026\/04\/DCLVS3IXR26A1_SBG_E03-copia-e1777582171227.jpg\" alt=\"\" width=\"1380\" height=\"640\" srcset=\"https:\/\/graziamagazine.com\/es\/wp-content\/uploads\/sites\/12\/2026\/04\/DCLVS3IXR26A1_SBG_E03-copia-e1777582171227.jpg 1380w, https:\/\/graziamagazine.com\/es\/wp-content\/uploads\/sites\/12\/2026\/04\/DCLVS3IXR26A1_SBG_E03-copia-e1777582171227-300x139.jpg 300w, https:\/\/graziamagazine.com\/es\/wp-content\/uploads\/sites\/12\/2026\/04\/DCLVS3IXR26A1_SBG_E03-copia-e1777582171227-1024x475.jpg 1024w, https:\/\/graziamagazine.com\/es\/wp-content\/uploads\/sites\/12\/2026\/04\/DCLVS3IXR26A1_SBG_E03-copia-e1777582171227-768x356.jpg 768w, https:\/\/graziamagazine.com\/es\/wp-content\/uploads\/sites\/12\/2026\/04\/DCLVS3IXR26A1_SBG_E03-copia-e1777582171227-400x186.jpg 400w, https:\/\/graziamagazine.com\/es\/wp-content\/uploads\/sites\/12\/2026\/04\/DCLVS3IXR26A1_SBG_E03-copia-e1777582171227-155x72.jpg 155w\" sizes=\"(max-width: 1380px) 100vw, 1380px\" \/><\/p>\n<div class=\"MuiBox-root mui-latin-15z0jav\"><\/div>\n<\/div>\n<\/div>\n<h3 class=\"p1\"><span class=\"s1\">Estilo retro<\/span><\/h3>\n<figure style=\"width: 1850px\" class=\"wp-caption alignnone\"><img loading=\"lazy\" decoding=\"async\" src=\"https:\/\/assets.christiandior.com\/is\/image\/diorprod\/LOOK_F_26_2_LOOK_388_E08?$r9x10_raw$&amp;crop=0,0,4000,5000&amp;wid=1850&amp;hei=2000&amp;scale=1&amp;bfc=on&amp;qlt=85\" alt=\"\" width=\"1850\" height=\"2000\" \/><figcaption class=\"wp-caption-text\">Gafas Dior Bow<\/figcaption><\/figure>\n<p>Una de las monturas que no pasa de moda y que adem\u00e1s se mantienen en el tiempo, temporada tras temporada. L<span class=\"s1\">os de estilo aviador tienen su preferencia y se han reinterpretado en un sinn\u00famero de firmas, confirmando su popularidad esta temporada y probablemente todo el a\u00f1o. Son ese punto medio perfecto entre lo cl\u00e1sico y lo actual.<\/span><\/p>\n<div class=\"MuiBox-root mui-latin-unpxae\">\n<p class=\"MuiTypography-root MuiTypography-headline-s DS-Typography mui-latin-1w4hih8\" data-testid=\"fashion-product-title\"><a href=\"https:\/\/www.dior.com\/es_es\/fashion\/products\/DBOWA1UXR_B0A1\" target=\"_blank\"><strong>Dior Bow A1U: su precio es de 550 euros en la web de Dior<\/strong><\/a><\/p>\n<div class=\"MuiBox-root mui-latin-15z0jav\"><img loading=\"lazy\" decoding=\"async\" class=\"aligncenter size-full wp-image-194327\" src=\"https:\/\/graziamagazine.com\/es\/wp-content\/uploads\/sites\/12\/2026\/04\/DBOWA1UXRB0A1_SBG_E03-3-copia-e1777581375474.jpg\" alt=\"\" width=\"1380\" height=\"578\" srcset=\"https:\/\/graziamagazine.com\/es\/wp-content\/uploads\/sites\/12\/2026\/04\/DBOWA1UXRB0A1_SBG_E03-3-copia-e1777581375474.jpg 1380w, https:\/\/graziamagazine.com\/es\/wp-content\/uploads\/sites\/12\/2026\/04\/DBOWA1UXRB0A1_SBG_E03-3-copia-e1777581375474-300x126.jpg 300w, https:\/\/graziamagazine.com\/es\/wp-content\/uploads\/sites\/12\/2026\/04\/DBOWA1UXRB0A1_SBG_E03-3-copia-e1777581375474-1024x429.jpg 1024w, https:\/\/graziamagazine.com\/es\/wp-content\/uploads\/sites\/12\/2026\/04\/DBOWA1UXRB0A1_SBG_E03-3-copia-e1777581375474-768x322.jpg 768w, https:\/\/graziamagazine.com\/es\/wp-content\/uploads\/sites\/12\/2026\/04\/DBOWA1UXRB0A1_SBG_E03-3-copia-e1777581375474-400x168.jpg 400w, https:\/\/graziamagazine.com\/es\/wp-content\/uploads\/sites\/12\/2026\/04\/DBOWA1UXRB0A1_SBG_E03-3-copia-e1777581375474-155x65.jpg 155w\" sizes=\"(max-width: 1380px) 100vw, 1380px\" \/><\/div>\n<\/div>\n<div class=\"MuiBox-root mui-latin-1xmjxen\">\n<div class=\"MuiBox-root mui-latin-gav99u\" title=\"Gafas de sol aviador grises con degradado\" role=\"alert\" aria-live=\"polite\" data-testid=\"fashion-product-subtitle\"><\/div>\n<\/div>\n<p><a href=\"https:\/\/www.sunglasshut.com\/es\/ray-ban\/rb2223-8056262834459\" target=\"_blank\"><strong>Gafas de sol Ray-Ban (modelo RB2223, en Sunglass Hut: su precio es de 163 euros\u00a0<\/strong><\/a><\/p>\n<p><img loading=\"lazy\" decoding=\"async\" class=\"aligncenter size-full wp-image-194324\" src=\"https:\/\/graziamagazine.com\/es\/wp-content\/uploads\/sites\/12\/2026\/04\/0RB2223__902_B1__P21__shad__qt-copia-e1777580635111.jpg\" alt=\"\" width=\"1996\" height=\"744\" srcset=\"https:\/\/graziamagazine.com\/es\/wp-content\/uploads\/sites\/12\/2026\/04\/0RB2223__902_B1__P21__shad__qt-copia-e1777580635111.jpg 1996w, https:\/\/graziamagazine.com\/es\/wp-content\/uploads\/sites\/12\/2026\/04\/0RB2223__902_B1__P21__shad__qt-copia-e1777580635111-300x112.jpg 300w, https:\/\/graziamagazine.com\/es\/wp-content\/uploads\/sites\/12\/2026\/04\/0RB2223__902_B1__P21__shad__qt-copia-e1777580635111-1024x382.jpg 1024w, https:\/\/graziamagazine.com\/es\/wp-content\/uploads\/sites\/12\/2026\/04\/0RB2223__902_B1__P21__shad__qt-copia-e1777580635111-768x286.jpg 768w, https:\/\/graziamagazine.com\/es\/wp-content\/uploads\/sites\/12\/2026\/04\/0RB2223__902_B1__P21__shad__qt-copia-e1777580635111-1536x573.jpg 1536w, https:\/\/graziamagazine.com\/es\/wp-content\/uploads\/sites\/12\/2026\/04\/0RB2223__902_B1__P21__shad__qt-copia-e1777580635111-400x149.jpg 400w, https:\/\/graziamagazine.com\/es\/wp-content\/uploads\/sites\/12\/2026\/04\/0RB2223__902_B1__P21__shad__qt-copia-e1777580635111-155x58.jpg 155w\" sizes=\"(max-width: 1996px) 100vw, 1996px\" \/><\/p>\n<p id=\"product_detail_title\" class=\"product_detail-title\"><strong><a href=\"https:\/\/www.elcorteingles.es\/moda-mujer\/A57739180-gafa-de-sol-de-mujer-ojo-de-gato-en-metal\/\" target=\"_blank\">Gafa de sol de mujer ojo de gato en metal, de Furla: su precio es de 209 euros en El Corte Ingl\u00e9s<\/a><\/strong><\/p>\n<p><img loading=\"lazy\" decoding=\"async\" class=\"aligncenter size-full wp-image-194328\" src=\"https:\/\/graziamagazine.com\/es\/wp-content\/uploads\/sites\/12\/2026\/04\/FURLA-209E-1-e1777581487311.jpg\" alt=\"\" width=\"1843\" height=\"912\" srcset=\"https:\/\/graziamagazine.com\/es\/wp-content\/uploads\/sites\/12\/2026\/04\/FURLA-209E-1-e1777581487311.jpg 1843w, https:\/\/graziamagazine.com\/es\/wp-content\/uploads\/sites\/12\/2026\/04\/FURLA-209E-1-e1777581487311-300x148.jpg 300w, https:\/\/graziamagazine.com\/es\/wp-content\/uploads\/sites\/12\/2026\/04\/FURLA-209E-1-e1777581487311-1024x507.jpg 1024w, https:\/\/graziamagazine.com\/es\/wp-content\/uploads\/sites\/12\/2026\/04\/FURLA-209E-1-e1777581487311-768x380.jpg 768w, https:\/\/graziamagazine.com\/es\/wp-content\/uploads\/sites\/12\/2026\/04\/FURLA-209E-1-e1777581487311-1536x760.jpg 1536w, https:\/\/graziamagazine.com\/es\/wp-content\/uploads\/sites\/12\/2026\/04\/FURLA-209E-1-e1777581487311-400x198.jpg 400w, https:\/\/graziamagazine.com\/es\/wp-content\/uploads\/sites\/12\/2026\/04\/FURLA-209E-1-e1777581487311-155x77.jpg 155w\" sizes=\"(max-width: 1843px) 100vw, 1843px\" \/><\/p>\n<p><a href=\"http:\/\/v\" target=\"_blank\"><strong>Gafas sol ojo de gato, de Chanel: su precio es de 590 euros en la web de la maison<\/strong><\/a><\/p>\n<p><img loading=\"lazy\" decoding=\"async\" class=\"aligncenter size-full wp-image-194337\" src=\"https:\/\/graziamagazine.com\/es\/wp-content\/uploads\/sites\/12\/2026\/05\/79577934-copia-e1777672080325.jpg\" alt=\"\" width=\"1672\" height=\"686\" srcset=\"https:\/\/graziamagazine.com\/es\/wp-content\/uploads\/sites\/12\/2026\/05\/79577934-copia-e1777672080325.jpg 1672w, https:\/\/graziamagazine.com\/es\/wp-content\/uploads\/sites\/12\/2026\/05\/79577934-copia-e1777672080325-300x123.jpg 300w, https:\/\/graziamagazine.com\/es\/wp-content\/uploads\/sites\/12\/2026\/05\/79577934-copia-e1777672080325-1024x420.jpg 1024w, https:\/\/graziamagazine.com\/es\/wp-content\/uploads\/sites\/12\/2026\/05\/79577934-copia-e1777672080325-768x315.jpg 768w, https:\/\/graziamagazine.com\/es\/wp-content\/uploads\/sites\/12\/2026\/05\/79577934-copia-e1777672080325-1536x630.jpg 1536w, https:\/\/graziamagazine.com\/es\/wp-content\/uploads\/sites\/12\/2026\/05\/79577934-copia-e1777672080325-400x164.jpg 400w, https:\/\/graziamagazine.com\/es\/wp-content\/uploads\/sites\/12\/2026\/05\/79577934-copia-e1777672080325-155x64.jpg 155w\" sizes=\"(max-width: 1672px) 100vw, 1672px\" \/><\/p>\n<h3>Cristales de colores<\/h3>\n<p><img decoding=\"async\" src=\"https:\/\/media.aquazzura.com\/media\/catalog\/product\/M\/A\/MALEYES0-ANM-PLI_06.jpg?auto=compress&amp;w=1400\" alt=\"MALIBU PLATA 6\" \/><\/p>\n<p>Un must, sobre todo en <span class=\"s1\">esta temporada en la que todo es colorido y divertido. Pueden ser discretos en la forma y estilo, pero en el color de los cristales se ve su protagonismo. Tonos vibrantes, degradados o incluso transl\u00facidos se convierten en el detalle clave que transforma por completo el look, aportando frescura y personalidad.<\/span><\/p>\n<div class=\"MuiBox-root mui-latin-unpxae\">\n<p class=\"MuiTypography-root MuiTypography-headline-s DS-Typography mui-latin-1w4hih8\" data-testid=\"fashion-product-title\"><a href=\"https:\/\/www.dior.com\/es_es\/fashion\/products\/PTCDB1UXR_E0M0\" target=\"_blank\"><strong>Gafas Petit CD B1U, de Dior: su precio es de 450 euros en la web de la maison<\/strong><\/a><\/p>\n<div class=\"MuiBox-root mui-latin-15z0jav\"><img loading=\"lazy\" decoding=\"async\" class=\"aligncenter size-full wp-image-194325\" src=\"https:\/\/graziamagazine.com\/es\/wp-content\/uploads\/sites\/12\/2026\/04\/PTCDB1UXRE0M0_SBG_E03-copia-e1777580807473.jpg\" alt=\"\" width=\"1416\" height=\"555\" srcset=\"https:\/\/graziamagazine.com\/es\/wp-content\/uploads\/sites\/12\/2026\/04\/PTCDB1UXRE0M0_SBG_E03-copia-e1777580807473.jpg 1416w, https:\/\/graziamagazine.com\/es\/wp-content\/uploads\/sites\/12\/2026\/04\/PTCDB1UXRE0M0_SBG_E03-copia-e1777580807473-300x118.jpg 300w, https:\/\/graziamagazine.com\/es\/wp-content\/uploads\/sites\/12\/2026\/04\/PTCDB1UXRE0M0_SBG_E03-copia-e1777580807473-1024x401.jpg 1024w, https:\/\/graziamagazine.com\/es\/wp-content\/uploads\/sites\/12\/2026\/04\/PTCDB1UXRE0M0_SBG_E03-copia-e1777580807473-768x301.jpg 768w, https:\/\/graziamagazine.com\/es\/wp-content\/uploads\/sites\/12\/2026\/04\/PTCDB1UXRE0M0_SBG_E03-copia-e1777580807473-400x157.jpg 400w, https:\/\/graziamagazine.com\/es\/wp-content\/uploads\/sites\/12\/2026\/04\/PTCDB1UXRE0M0_SBG_E03-copia-e1777580807473-155x61.jpg 155w\" sizes=\"(max-width: 1416px) 100vw, 1416px\" \/><\/div>\n<\/div>\n<div><\/div>\n<p><strong>Gafas Malibu, de Aquazzura: su precio es de 550 euros en la web de la marca<\/strong><\/p>\n<div><img loading=\"lazy\" decoding=\"async\" class=\"aligncenter size-full wp-image-194332\" src=\"https:\/\/graziamagazine.com\/es\/wp-content\/uploads\/sites\/12\/2026\/05\/MALEYES0-ANM-PLI_01-copia-e1777670594413.jpg\" alt=\"\" width=\"1344\" height=\"825\" srcset=\"https:\/\/graziamagazine.com\/es\/wp-content\/uploads\/sites\/12\/2026\/05\/MALEYES0-ANM-PLI_01-copia-e1777670594413.jpg 1344w, https:\/\/graziamagazine.com\/es\/wp-content\/uploads\/sites\/12\/2026\/05\/MALEYES0-ANM-PLI_01-copia-e1777670594413-300x184.jpg 300w, https:\/\/graziamagazine.com\/es\/wp-content\/uploads\/sites\/12\/2026\/05\/MALEYES0-ANM-PLI_01-copia-e1777670594413-1024x629.jpg 1024w, https:\/\/graziamagazine.com\/es\/wp-content\/uploads\/sites\/12\/2026\/05\/MALEYES0-ANM-PLI_01-copia-e1777670594413-768x471.jpg 768w, https:\/\/graziamagazine.com\/es\/wp-content\/uploads\/sites\/12\/2026\/05\/MALEYES0-ANM-PLI_01-copia-e1777670594413-400x246.jpg 400w, https:\/\/graziamagazine.com\/es\/wp-content\/uploads\/sites\/12\/2026\/05\/MALEYES0-ANM-PLI_01-copia-e1777670594413-155x95.jpg 155w\" sizes=\"(max-width: 1344px) 100vw, 1344px\" \/><\/div>\n<div><\/div>\n<div>\n<p class=\"product-summary_product-summary__header__rpHiw\"><a href=\"https:\/\/www.gucci.com\/es\/es\/pr\/women\/accessories-for-women\/eyewear-for-women\/sunglasses-for-women\/oval-frame-sunglasses-p-859520J16912933\" target=\"_blank\"><strong>Gafas de sol con montura ovalada, de Gucci: su precio es de 390 euros<\/strong><\/a><\/p>\n<p><img loading=\"lazy\" decoding=\"async\" class=\"aligncenter size-full wp-image-194336\" src=\"https:\/\/graziamagazine.com\/es\/wp-content\/uploads\/sites\/12\/2026\/05\/Captura-de-pantalla-2026-05-01-a-las-23.43.13.png\" alt=\"\" width=\"1264\" height=\"508\" srcset=\"https:\/\/graziamagazine.com\/es\/wp-content\/uploads\/sites\/12\/2026\/05\/Captura-de-pantalla-2026-05-01-a-las-23.43.13.png 1264w, https:\/\/graziamagazine.com\/es\/wp-content\/uploads\/sites\/12\/2026\/05\/Captura-de-pantalla-2026-05-01-a-las-23.43.13-300x121.png 300w, https:\/\/graziamagazine.com\/es\/wp-content\/uploads\/sites\/12\/2026\/05\/Captura-de-pantalla-2026-05-01-a-las-23.43.13-1024x412.png 1024w, https:\/\/graziamagazine.com\/es\/wp-content\/uploads\/sites\/12\/2026\/05\/Captura-de-pantalla-2026-05-01-a-las-23.43.13-768x309.png 768w, https:\/\/graziamagazine.com\/es\/wp-content\/uploads\/sites\/12\/2026\/05\/Captura-de-pantalla-2026-05-01-a-las-23.43.13-400x161.png 400w, https:\/\/graziamagazine.com\/es\/wp-content\/uploads\/sites\/12\/2026\/05\/Captura-de-pantalla-2026-05-01-a-las-23.43.13-155x62.png 155w\" sizes=\"(max-width: 1264px) 100vw, 1264px\" \/><\/p>\n<\/div>\n<div><\/div>\n<p><strong><a href=\"https:\/\/www.guess.eu\/es-es\/guess\/mujeres\/accesorios\/gafas-de-sol\/gafas-de-sol-geometricas-dorado\/GU028956QQQ-32N.html\" target=\"_blank\">Gafas de sol geom\u00e9tricas, de Guess: su precio es de 90 euros en la web de la marca<\/a><\/strong><\/p>\n<p><img loading=\"lazy\" decoding=\"async\" class=\"aligncenter size-full wp-image-194333\" src=\"https:\/\/graziamagazine.com\/es\/wp-content\/uploads\/sites\/12\/2026\/05\/GU028956QQQ-32N-ALT8-copia-scaled-e1777670986944.jpg\" alt=\"\" width=\"1668\" height=\"1036\" srcset=\"https:\/\/graziamagazine.com\/es\/wp-content\/uploads\/sites\/12\/2026\/05\/GU028956QQQ-32N-ALT8-copia-scaled-e1777670986944.jpg 1668w, https:\/\/graziamagazine.com\/es\/wp-content\/uploads\/sites\/12\/2026\/05\/GU028956QQQ-32N-ALT8-copia-scaled-e1777670986944-300x186.jpg 300w, https:\/\/graziamagazine.com\/es\/wp-content\/uploads\/sites\/12\/2026\/05\/GU028956QQQ-32N-ALT8-copia-scaled-e1777670986944-1024x636.jpg 1024w, https:\/\/graziamagazine.com\/es\/wp-content\/uploads\/sites\/12\/2026\/05\/GU028956QQQ-32N-ALT8-copia-scaled-e1777670986944-768x477.jpg 768w, https:\/\/graziamagazine.com\/es\/wp-content\/uploads\/sites\/12\/2026\/05\/GU028956QQQ-32N-ALT8-copia-scaled-e1777670986944-1536x954.jpg 1536w, https:\/\/graziamagazine.com\/es\/wp-content\/uploads\/sites\/12\/2026\/05\/GU028956QQQ-32N-ALT8-copia-scaled-e1777670986944-400x248.jpg 400w, https:\/\/graziamagazine.com\/es\/wp-content\/uploads\/sites\/12\/2026\/05\/GU028956QQQ-32N-ALT8-copia-scaled-e1777670986944-155x96.jpg 155w\" sizes=\"(max-width: 1668px) 100vw, 1668px\" \/><\/p>\n<div class=\"MuiBox-root mui-latin-1xmjxen\">\n<div class=\"MuiBox-root mui-latin-gav99u\" title=\"Gafas de sol ovaladas rosa claro\" role=\"alert\" aria-live=\"polite\" data-testid=\"fashion-product-subtitle\"><\/div>\n<\/div>\n<h3>Dise\u00f1o futurista<\/h3>\n<p><img decoding=\"async\" src=\"https:\/\/refresh-bee-production.s3.amazonaws.com\/beefree\/images\/a9b13df892867402eeb551279236a11ae9b590734f3411010be18046bfbdb419\/editor_images\/2026\/04\/FENDI%20PRE-COLLECTION%20FW26_EYEWEAR_08.png\" \/><\/p>\n<p>Son uno de los modelos para los m\u00e1s atrevidos y que suelen envolver el rostro. L<span class=\"s1\">a mayor\u00eda de las veces cuentan con una montura met\u00e1lica y cristales de espejo o en tonos fosforescentes y vibrantes. Su esencia va hacia el estilo deportivo, pero \u00faltimamente la hemos visto en casi todos los tipos de looks, desde los m\u00e1s elaborados hasta los m\u00e1s casuales, convirti\u00e9ndose en una declaraci\u00f3n de estilo por s\u00ed mismos, fuerte y contempor\u00e1nea.<\/span><\/p>\n<div class=\"product-short-description-hero w-100\">\n<p class=\"product-short-description font-small\" role=\"alert\"><a href=\"https:\/\/www.fendi.com\/es-es\/mujer\/accesorios\/baguette-gafa-de-sol-de-metal-dorado-y-acetato-fol148v1tf1nyd\" target=\"_blank\"><strong>Gafa de sol Baguette de metal dorado y acetato, de FENDI: su precio es de 370 euros<\/strong><\/a><\/p>\n<\/div>\n<p><img loading=\"lazy\" decoding=\"async\" class=\"aligncenter wp-image-194322 size-full\" src=\"https:\/\/graziamagazine.com\/es\/wp-content\/uploads\/sites\/12\/2026\/04\/6322a014-2e14-46cb-bf1c-40eff1193599-e1777580264711.png\" alt=\"\" width=\"1482\" height=\"497\" srcset=\"https:\/\/graziamagazine.com\/es\/wp-content\/uploads\/sites\/12\/2026\/04\/6322a014-2e14-46cb-bf1c-40eff1193599-e1777580264711.png 1482w, https:\/\/graziamagazine.com\/es\/wp-content\/uploads\/sites\/12\/2026\/04\/6322a014-2e14-46cb-bf1c-40eff1193599-e1777580264711-300x101.png 300w, https:\/\/graziamagazine.com\/es\/wp-content\/uploads\/sites\/12\/2026\/04\/6322a014-2e14-46cb-bf1c-40eff1193599-e1777580264711-1024x343.png 1024w, https:\/\/graziamagazine.com\/es\/wp-content\/uploads\/sites\/12\/2026\/04\/6322a014-2e14-46cb-bf1c-40eff1193599-e1777580264711-768x258.png 768w, https:\/\/graziamagazine.com\/es\/wp-content\/uploads\/sites\/12\/2026\/04\/6322a014-2e14-46cb-bf1c-40eff1193599-e1777580264711-400x134.png 400w, https:\/\/graziamagazine.com\/es\/wp-content\/uploads\/sites\/12\/2026\/04\/6322a014-2e14-46cb-bf1c-40eff1193599-e1777580264711-155x52.png 155w\" sizes=\"(max-width: 1482px) 100vw, 1482px\" \/><\/p>\n<p><strong><a href=\"https:\/\/multiopticasstg.multiopticas.com\/es\/man-woman\/mo-meikyo-sun-black\/45591936-0000000001.html\" target=\"_blank\">Gafas m\u00f3 MEIKYO SUN, de Juan Avellaneda para Multi\u00f3pticas: su precio es de 69 euros.\u00a0<\/a><\/strong><\/p>\n<p><img loading=\"lazy\" decoding=\"async\" class=\"aligncenter size-full wp-image-194326\" src=\"https:\/\/graziamagazine.com\/es\/wp-content\/uploads\/sites\/12\/2026\/04\/45591936-0000000001_1-e1777581131116.jpg\" alt=\"\" width=\"1890\" height=\"903\" srcset=\"https:\/\/graziamagazine.com\/es\/wp-content\/uploads\/sites\/12\/2026\/04\/45591936-0000000001_1-e1777581131116.jpg 1890w, https:\/\/graziamagazine.com\/es\/wp-content\/uploads\/sites\/12\/2026\/04\/45591936-0000000001_1-e1777581131116-300x143.jpg 300w, https:\/\/graziamagazine.com\/es\/wp-content\/uploads\/sites\/12\/2026\/04\/45591936-0000000001_1-e1777581131116-1024x489.jpg 1024w, https:\/\/graziamagazine.com\/es\/wp-content\/uploads\/sites\/12\/2026\/04\/45591936-0000000001_1-e1777581131116-768x367.jpg 768w, https:\/\/graziamagazine.com\/es\/wp-content\/uploads\/sites\/12\/2026\/04\/45591936-0000000001_1-e1777581131116-1536x734.jpg 1536w, https:\/\/graziamagazine.com\/es\/wp-content\/uploads\/sites\/12\/2026\/04\/45591936-0000000001_1-e1777581131116-400x191.jpg 400w, https:\/\/graziamagazine.com\/es\/wp-content\/uploads\/sites\/12\/2026\/04\/45591936-0000000001_1-e1777581131116-155x74.jpg 155w\" sizes=\"(max-width: 1890px) 100vw, 1890px\" \/><\/p>\n<p class=\"c-product__name\" data-bind=\"productTitle\"><a href=\"https:\/\/www.balenciaga.com\/es-es\/gafas-de-sol-mask-butterfly-negro-809912213.html?utm_source=google&amp;utm_source_platform=SA360&amp;utm_medium=cpc&amp;utm_campaign=ES%7CES%7CSHP%7CBrand%7CMulti%7CU%7CCSS&amp;utm_id=11564983854&amp;gclsrc=aw.ds&amp;gad_source=1&amp;gad_campaignid=11564983854&amp;gbraid=0AAAAADqWBjRMS67V6a9bdaCqX5Yh4jknf&amp;gclid=EAIaIQobChMIh-qyroWZlAMVk2xBAh3iwDPBEAQYAiABEgLL-fD_BwE\" target=\"_blank\"><strong>Gafas De Sol Mask Butterfly, de Balenciaga: su precio es de 425 en la web de la marca<\/strong><\/a><\/p>\n<div class=\"l-pdp__prices\" data-bind=\"productPrice\"><img loading=\"lazy\" decoding=\"async\" class=\"aligncenter size-full wp-image-194334\" src=\"https:\/\/graziamagazine.com\/es\/wp-content\/uploads\/sites\/12\/2026\/05\/664096T00031000_J-e1777671349936.jpg\" alt=\"\" width=\"1877\" height=\"788\" srcset=\"https:\/\/graziamagazine.com\/es\/wp-content\/uploads\/sites\/12\/2026\/05\/664096T00031000_J-e1777671349936.jpg 1877w, https:\/\/graziamagazine.com\/es\/wp-content\/uploads\/sites\/12\/2026\/05\/664096T00031000_J-e1777671349936-300x126.jpg 300w, https:\/\/graziamagazine.com\/es\/wp-content\/uploads\/sites\/12\/2026\/05\/664096T00031000_J-e1777671349936-1024x430.jpg 1024w, https:\/\/graziamagazine.com\/es\/wp-content\/uploads\/sites\/12\/2026\/05\/664096T00031000_J-e1777671349936-768x322.jpg 768w, https:\/\/graziamagazine.com\/es\/wp-content\/uploads\/sites\/12\/2026\/05\/664096T00031000_J-e1777671349936-1536x645.jpg 1536w, https:\/\/graziamagazine.com\/es\/wp-content\/uploads\/sites\/12\/2026\/05\/664096T00031000_J-e1777671349936-400x168.jpg 400w, https:\/\/graziamagazine.com\/es\/wp-content\/uploads\/sites\/12\/2026\/05\/664096T00031000_J-e1777671349936-155x65.jpg 155w\" sizes=\"(max-width: 1877px) 100vw, 1877px\" \/><\/div>\n<div data-bind=\"productPrice\"><\/div>\n<p><a href=\"https:\/\/www.ysl.com\/es-es\/pr\/sl-914-870335Y99582520.html\" target=\"_blank\"><strong>Gafa de sol pantalla estilo aviador, de Saint Laurent: su precio es de 450 euros<\/strong><\/a><\/p>\n<p><img loading=\"lazy\" decoding=\"async\" class=\"aligncenter size-full wp-image-194335\" src=\"https:\/\/graziamagazine.com\/es\/wp-content\/uploads\/sites\/12\/2026\/05\/870335Y99582520_B-copia-e1777671674145.jpg\" alt=\"\" width=\"1523\" height=\"756\" srcset=\"https:\/\/graziamagazine.com\/es\/wp-content\/uploads\/sites\/12\/2026\/05\/870335Y99582520_B-copia-e1777671674145.jpg 1523w, https:\/\/graziamagazine.com\/es\/wp-content\/uploads\/sites\/12\/2026\/05\/870335Y99582520_B-copia-e1777671674145-300x149.jpg 300w, https:\/\/graziamagazine.com\/es\/wp-content\/uploads\/sites\/12\/2026\/05\/870335Y99582520_B-copia-e1777671674145-1024x508.jpg 1024w, https:\/\/graziamagazine.com\/es\/wp-content\/uploads\/sites\/12\/2026\/05\/870335Y99582520_B-copia-e1777671674145-768x381.jpg 768w, https:\/\/graziamagazine.com\/es\/wp-content\/uploads\/sites\/12\/2026\/05\/870335Y99582520_B-copia-e1777671674145-400x199.jpg 400w, https:\/\/graziamagazine.com\/es\/wp-content\/uploads\/sites\/12\/2026\/05\/870335Y99582520_B-copia-e1777671674145-155x77.jpg 155w\" sizes=\"(max-width: 1523px) 100vw, 1523px\" \/><\/p>\n<div class=\"row \">\n<div class=\"col d-flex d-md-block\">\n<div class=\"prices mr-2 mb-md-2 text-body-base\">\n<div class=\"price\">\n<div class=\"d-flex align-items-baseline\">\n<div class=\"sales\">\n<div class=\"value\" data-value=\"69.00\"><\/div>\n<div class=\"price-formatted d-inline-flex align-items-baseline\"><\/div>\n<\/div>\n<\/div>\n<\/div>\n<\/div>\n<\/div>\n<\/div>\n","protected":false},"author":42774,"featured_media":194321,"template":"","format":"standard","categories":[1],"acf":[],"yoast_head":"<!-- This site is optimized with the Yoast SEO Premium plugin v18.5 (Yoast SEO v20.4) - https:\/\/yoast.com\/wordpress\/plugins\/seo\/ -->\n<title>Gafas de sol en tendencia para regalar a mam\u00e1 (o para ti) | Grazia<\/title>\n<meta name=\"description\" content=\"M\u00e1s que una herramienta de protecci\u00f3n, los lentes de sol son una declaraci\u00f3n de estilo. Conoce cu\u00e1les se llevan esta primavera-verano 2026.\" \/>\n<meta name=\"robots\" content=\"index, follow, max-snippet:-1, max-image-preview:large, max-video-preview:-1\" \/>\n<link rel=\"canonical\" href=\"https:\/\/graziamagazine.com\/es\/articles\/gafas-de-sol-en-tendencia-para-regalar-a-mama\/\" \/>\n<meta property=\"og:locale\" content=\"es_ES\" \/>\n<meta property=\"og:type\" content=\"article\" \/>\n<meta property=\"og:title\" content=\"Gafas de sol en tendencia para regalar a mam\u00e1 (o para ti)\" \/>\n<meta property=\"og:description\" content=\"M\u00e1s que una herramienta de protecci\u00f3n, los lentes de sol son una declaraci\u00f3n de estilo. Conoce cu\u00e1les se llevan esta primavera-verano 2026.\" \/>\n<meta property=\"og:url\" content=\"https:\/\/graziamagazine.com\/es\/articles\/gafas-de-sol-en-tendencia-para-regalar-a-mama\/\" \/>\n<meta property=\"og:site_name\" content=\"Grazia\" \/>\n<meta property=\"article:modified_time\" content=\"2026-05-01T21:48:39+00:00\" \/>\n<meta property=\"og:image\" content=\"https:\/\/graziamagazine.com\/es\/wp-content\/uploads\/sites\/12\/2026\/04\/LOOK_F_26_2_LOOK_273_E07-copia-e1777580089573.jpg\" \/>\n\t<meta property=\"og:image:width\" content=\"1422\" \/>\n\t<meta property=\"og:image:height\" content=\"1123\" \/>\n\t<meta property=\"og:image:type\" content=\"image\/jpeg\" \/>\n<meta name=\"twitter:card\" content=\"summary_large_image\" \/>\n<meta name=\"twitter:label1\" content=\"Est. reading time\" \/>\n\t<meta name=\"twitter:data1\" content=\"8 minutos\" \/>\n<script type=\"application\/ld+json\" class=\"yoast-schema-graph\">{\"@context\":\"https:\/\/schema.org\",\"@graph\":[{\"@type\":\"WebPage\",\"@id\":\"https:\/\/graziamagazine.com\/es\/articles\/gafas-de-sol-en-tendencia-para-regalar-a-mama\/\",\"url\":\"https:\/\/graziamagazine.com\/es\/articles\/gafas-de-sol-en-tendencia-para-regalar-a-mama\/\",\"name\":\"Gafas de sol en tendencia para regalar a mam\u00e1 (o para ti) | Grazia\",\"isPartOf\":{\"@id\":\"https:\/\/graziamagazine.com\/es\/#website\"},\"datePublished\":\"2026-04-30T15:00:53+00:00\",\"dateModified\":\"2026-05-01T21:48:39+00:00\",\"description\":\"M\u00e1s que una herramienta de protecci\u00f3n, los lentes de sol son una declaraci\u00f3n de estilo. Conoce cu\u00e1les se llevan esta primavera-verano 2026.\",\"breadcrumb\":{\"@id\":\"https:\/\/graziamagazine.com\/es\/articles\/gafas-de-sol-en-tendencia-para-regalar-a-mama\/#breadcrumb\"},\"inLanguage\":\"es\",\"potentialAction\":[{\"@type\":\"ReadAction\",\"target\":[\"https:\/\/graziamagazine.com\/es\/articles\/gafas-de-sol-en-tendencia-para-regalar-a-mama\/\"]}]},{\"@type\":\"BreadcrumbList\",\"@id\":\"https:\/\/graziamagazine.com\/es\/articles\/gafas-de-sol-en-tendencia-para-regalar-a-mama\/#breadcrumb\",\"itemListElement\":[{\"@type\":\"ListItem\",\"position\":1,\"name\":\"Portada\",\"item\":\"https:\/\/graziamagazine.com\/es\/\"},{\"@type\":\"ListItem\",\"position\":2,\"name\":\"Gafas de sol en tendencia para regalar a mam\u00e1 (o para ti)\"}]},{\"@type\":\"WebSite\",\"@id\":\"https:\/\/graziamagazine.com\/es\/#website\",\"url\":\"https:\/\/graziamagazine.com\/es\/\",\"name\":\"Grazia\",\"description\":\"Moda, belleza, celebrities, estilo de vida...\",\"potentialAction\":[{\"@type\":\"SearchAction\",\"target\":{\"@type\":\"EntryPoint\",\"urlTemplate\":\"https:\/\/graziamagazine.com\/es\/?s={search_term_string}\"},\"query-input\":\"required name=search_term_string\"}],\"inLanguage\":\"es\"}]}<\/script>\n<!-- \/ Yoast SEO Premium plugin. -->","yoast_head_json":{"title":"Gafas de sol en tendencia para regalar a mam\u00e1 (o para ti) | Grazia","description":"M\u00e1s que una herramienta de protecci\u00f3n, los lentes de sol son una declaraci\u00f3n de estilo. Conoce cu\u00e1les se llevan esta primavera-verano 2026.","robots":{"index":"index","follow":"follow","max-snippet":"max-snippet:-1","max-image-preview":"max-image-preview:large","max-video-preview":"max-video-preview:-1"},"canonical":"https:\/\/graziamagazine.com\/es\/articles\/gafas-de-sol-en-tendencia-para-regalar-a-mama\/","og_locale":"es_ES","og_type":"article","og_title":"Gafas de sol en tendencia para regalar a mam\u00e1 (o para ti)","og_description":"M\u00e1s que una herramienta de protecci\u00f3n, los lentes de sol son una declaraci\u00f3n de estilo. Conoce cu\u00e1les se llevan esta primavera-verano 2026.","og_url":"https:\/\/graziamagazine.com\/es\/articles\/gafas-de-sol-en-tendencia-para-regalar-a-mama\/","og_site_name":"Grazia","article_modified_time":"2026-05-01T21:48:39+00:00","og_image":[{"width":1422,"height":1123,"url":"https:\/\/graziamagazine.com\/es\/wp-content\/uploads\/sites\/12\/2026\/04\/LOOK_F_26_2_LOOK_273_E07-copia-e1777580089573.jpg","type":"image\/jpeg"}],"twitter_card":"summary_large_image","twitter_misc":{"Est. reading time":"8 minutos"},"schema":{"@context":"https:\/\/schema.org","@graph":[{"@type":"WebPage","@id":"https:\/\/graziamagazine.com\/es\/articles\/gafas-de-sol-en-tendencia-para-regalar-a-mama\/","url":"https:\/\/graziamagazine.com\/es\/articles\/gafas-de-sol-en-tendencia-para-regalar-a-mama\/","name":"Gafas de sol en tendencia para regalar a mam\u00e1 (o para ti) | Grazia","isPartOf":{"@id":"https:\/\/graziamagazine.com\/es\/#website"},"datePublished":"2026-04-30T15:00:53+00:00","dateModified":"2026-05-01T21:48:39+00:00","description":"M\u00e1s que una herramienta de protecci\u00f3n, los lentes de sol son una declaraci\u00f3n de estilo. Conoce cu\u00e1les se llevan esta primavera-verano 2026.","breadcrumb":{"@id":"https:\/\/graziamagazine.com\/es\/articles\/gafas-de-sol-en-tendencia-para-regalar-a-mama\/#breadcrumb"},"inLanguage":"es","potentialAction":[{"@type":"ReadAction","target":["https:\/\/graziamagazine.com\/es\/articles\/gafas-de-sol-en-tendencia-para-regalar-a-mama\/"]}]},{"@type":"BreadcrumbList","@id":"https:\/\/graziamagazine.com\/es\/articles\/gafas-de-sol-en-tendencia-para-regalar-a-mama\/#breadcrumb","itemListElement":[{"@type":"ListItem","position":1,"name":"Portada","item":"https:\/\/graziamagazine.com\/es\/"},{"@type":"ListItem","position":2,"name":"Gafas de sol en tendencia para regalar a mam\u00e1 (o para ti)"}]},{"@type":"WebSite","@id":"https:\/\/graziamagazine.com\/es\/#website","url":"https:\/\/graziamagazine.com\/es\/","name":"Grazia","description":"Moda, belleza, celebrities, estilo de vida...","potentialAction":[{"@type":"SearchAction","target":{"@type":"EntryPoint","urlTemplate":"https:\/\/graziamagazine.com\/es\/?s={search_term_string}"},"query-input":"required name=search_term_string"}],"inLanguage":"es"}]}},"jetpack_sharing_enabled":true,"distributor_meta":false,"distributor_terms":false,"distributor_media":false,"distributor_original_site_name":"Grazia","distributor_original_site_url":"https:\/\/graziamagazine.com\/es","push-errors":false,"_links":{"self":[{"href":"https:\/\/graziamagazine.com\/es\/wp-json\/wp\/v2\/articles\/194292"}],"collection":[{"href":"https:\/\/graziamagazine.com\/es\/wp-json\/wp\/v2\/articles"}],"about":[{"href":"https:\/\/graziamagazine.com\/es\/wp-json\/wp\/v2\/types\/articles"}],"author":[{"embeddable":true,"href":"https:\/\/graziamagazine.com\/es\/wp-json\/wp\/v2\/users\/42774"}],"wp:featuredmedia":[{"embeddable":true,"href":"https:\/\/graziamagazine.com\/es\/wp-json\/wp\/v2\/media\/194321"}],"wp:attachment":[{"href":"https:\/\/graziamagazine.com\/es\/wp-json\/wp\/v2\/media?parent=194292"}],"wp:term":[{"taxonomy":"category","embeddable":true,"href":"https:\/\/graziamagazine.com\/es\/wp-json\/wp\/v2\/categories?post=194292"}],"curies":[{"name":"wp","href":"https:\/\/api.w.org\/{rel}","templated":true}]}}