{"id":194290,"date":"2026-04-29T16:29:19","date_gmt":"2026-04-29T14:29:19","guid":{"rendered":"https:\/\/graziamagazine.com\/es\/?post_type=articles&#038;p=194290"},"modified":"2026-04-29T16:29:19","modified_gmt":"2026-04-29T14:29:19","slug":"patti-smith-premio-princesa-de-asturias-de-las-artes","status":"publish","type":"articles","link":"https:\/\/graziamagazine.com\/es\/articles\/patti-smith-premio-princesa-de-asturias-de-las-artes\/","title":{"rendered":"Patti Smith, Premio Princesa de Asturias de las Artes"},"content":{"rendered":"<p class=\"laureates_description\">Convertida en referente cultural de las \u00faltimas cinco d\u00e9cadas, la trayectoria de Patti Smith ha traspasado, seg\u00fan los especialistas, los l\u00edmites de lo estrictamente musical para convertirse en una comunicadora multidisciplinar e iconoclasta a trav\u00e9s de distintas manifestaciones art\u00edsticas como la poes\u00eda, la fotograf\u00eda, la\u00a0<em>performance<\/em> o la videoinstalaci\u00f3n. Dotada de un extraordinario carisma, Smith ha ligado, adem\u00e1s, sus propuestas al compromiso con diferentes causas pol\u00edticas y sociales y es considerada un icono del activismo y la lucha por los derechos civiles.El jurado del Premio Princesa de Asturias de las Artes 2026, integrado por Daniel Bianco, Josep Maria Flotats i Picas, Jes\u00fas Garc\u00eda Calero, Pablo Gil Cuevas, Blanca Guti\u00e9rrez Ortiz Blanca Li, Sergio Guti\u00e9rrez S\u00e1nchez, Pilar Llad\u00f3 Arbur\u00faa, Sheila Loewe Boente, Isabel Mu\u00f1oz Villalonga, Alfonso Palacio \u00c1lvarez, Christina Rosenvinge Hepworth, Teresa Sapey, Cibr\u00e1n Sierra V\u00e1zquez, Eduardo Torres-Dulce Lifante y Juan Antonio Vigar Guti\u00e9rrez, presidido por Mar\u00eda Pag\u00e9s Madrigal \u00a0y actuando como secretaria Estrella de Diego Otero, ha concedido este galard\u00f3n a la cantante y escritora estadounidense \u00ab<em>por su impetuosa creatividad, que conecta el rock, la poes\u00eda simbolista y el esp\u00edritu de la contracultura con una gran potencia expresiva. <\/em>I<em>nt\u00e9rprete de estilo vigoroso, ha plasmado la rebeld\u00eda del individuo en la sociedad en canciones palpitantes, algunas de las cuales ya son iconos de la m\u00fasica popular de nuestro tiempo. Como escritora, ha transmitido una visi\u00f3n po\u00e9tica de la vida, comprometida con ofrecer un mensaje de esperanza frente a las injusticias. Con una actitud inconformista y transgresora, ejemplo para muchas artistas, ha conmovido a oyentes y lectores de todo el mundo y sigue inspirando a las nuevas generaciones\u00bb<\/em>, han afirmado.<\/p>\n<h3>Una artista de gran trayectoria<\/h3>\n<p>Patricia Lee \u00abPatti\u00bb Smith (Chicago, EE. UU., 30 de diciembre de 1946), cantante, compositora y poeta, conocida como \u00abla madrina del punk\u00bb, aport\u00f3 a este movimiento un punto de vista intelectual y se convirti\u00f3 en una de las artistas m\u00e1s influyentes de la m\u00fasica\u00a0<em>rock<\/em>. Creci\u00f3 en Filadelfia y Woodbury (Nueva Jersey) y, tras graduarse en la escuela, empez\u00f3 a trabajar muy joven en una f\u00e1brica de juguetes debido a las dificultades econ\u00f3micas que atravesaba su familia. En 1967 se traslad\u00f3 a Nueva York y trabaj\u00f3 como vendedora de libros, articulista y autora de canciones y teatro, animada por el dramaturgo y actor Sam Shepard, con el que escribi\u00f3\u00a0<em>Cowboy Mouth<\/em>\u00a0(1971). Tras una estancia en Par\u00eds, en 1971, de vuelta en Nueva York grab\u00f3 varias canciones con Allen Lanier, del grupo de\u00a0<em>rock\u00a0<\/em>Blue \u00d6yster Cult.<\/p>\n        <blockquote class=\"instagram-media \" style=\"background: #ffffff;border: 0;margin: 1px;width: 100%;padding: 0;\"  data-instgrm-permalink=\"https:\/\/www.instagram.com\/p\/DXtgyGegjMd\/\" data-instgrm-version=\"14\"><\/blockquote>\n<p>Convertida en referente cultural de las \u00faltimas cinco d\u00e9cadas, la trayectoria de Patti Smith ha traspasado, seg\u00fan los especialistas, los l\u00edmites de lo estrictamente musical para convertirse en una comunicadora multidisciplinar e iconoclasta a trav\u00e9s de distintas manifestaciones art\u00edsticas como la poes\u00eda, la fotograf\u00eda, la\u00a0<em>performance<\/em>\u00a0o la videoinstalaci\u00f3n. Dotada de un extraordinario carisma, Smith ha ligado, adem\u00e1s, sus propuestas al compromiso con diferentes causas pol\u00edticas y sociales y es considerada un icono del activismo y la lucha por los derechos civiles. En 1974 grab\u00f3 su primer sencillo con el Patti Smith Group,\u00a0<em>Hey<\/em>\u00a0<em>Joe\u00a0<\/em>\/\u00a0<em>Piss Factory<\/em>\u00a0(1974). En 1975 el grupo salt\u00f3 a la fama con su \u00e1lbum\u00a0<em>Horses<\/em>, que fusionaba punk rock y poes\u00eda hablada. Patti Smith Group public\u00f3 tambi\u00e9n\u00a0<em>Easter<\/em>\u00a0(1978) y Wave (1979).\u00a0<em>Easter\u00a0<\/em>conten\u00eda su exitoso \u00abBecause the Night\u00bb, escrito en colaboraci\u00f3n con Bruce Springsteen. En los ochenta, Patti Smith vivi\u00f3 pr\u00e1cticamente retirada de la m\u00fasica, hasta que en 1988 public\u00f3\u00a0<em>Dream of Life<\/em>. En 1995, un a\u00f1o despu\u00e9s de la muerte de su marido y de su hermano, llev\u00f3 a cabo una gira junto a Bob Dylan (Premio Princesa de Asturias de las Artes 2007) y en 1996 volvi\u00f3 a trabajar con su banda habitual grabando Gone Again. A este trabajo lo siguieron los \u00e1lbumes\u00a0<em>Peace and Noise<\/em>\u00a0(1997),\u00a0<em>Gung Ho<\/em>\u00a0(2000),\u00a0<em>Land<\/em>\u00a0(1975-2002) (2002) y\u00a0<em>Trampin\u2019<\/em>\u00a0(2004), y en 2005 reedit\u00f3\u00a0<em>Horses<\/em>, grabado en directo en el Festival Meltdown de Londres. Algunos de sus \u00faltimos trabajos son\u00a0<em>Twelve<\/em>\u00a0(2007) y\u00a0<em>Banga<\/em> (2012).<\/p>\n<p>Influenciada por la obra de la generaci\u00f3n beat estadounidense, ha dejado tambi\u00e9n patente su gusto por la poes\u00eda francesa del siglo XIX, especialmente por la de Rimbaud, Baudelaire y Verlaine, as\u00ed como su devoci\u00f3n por autores como Garc\u00eda Lorca o el chileno Roberto Bola\u00f1o, para quien compuso una canci\u00f3n. En 1972 public\u00f3 su primer poemario,\u00a0<em>Seventh Heaven<\/em>, al que siguieron Witt (1973), <em>kodak<\/em>\u00a0(1977),\u00a0<em>Babel<\/em>\u00a0(1978),\u00a0<em>Woolgathering<\/em>\u00a0(1992),\u00a0<em>Early Work<\/em>\u00a0(1994),\u00a0<em>The Coral Sea<\/em>\u00a0(1996) (<em>El mar de coral<\/em>, 2012) y\u00a0<em>Auguries of Innocence<\/em>\u00a0(2005) (<em>Augurios de inocencia<\/em>, 2019), entre otros. Como narradora ha publicado varios libros de memorias, especialmente celebrados por la cr\u00edtica, como\u00a0<em>Just Kids<\/em>\u00a0(\u00c9ramos unos ni\u00f1os, 2010), con el que obtuvo el National Book Award de Estados Unidos, M Train (2015) y\u00a0<em>Year of the Monkey<\/em>\u00a0(2019) (<em>El a\u00f1o del mono<\/em>, 2020).<\/p>\n<p>En 2025 public\u00f3 el \u00faltimo volumen de este g\u00e9nero,\u00a0<em>Bread of Angels<\/em>\u00a0(<em>Pan de \u00e1ngeles<\/em>).\u00a0 Smith ha volcado tambi\u00e9n su talento art\u00edstico en la fotograf\u00eda y otro tipo de disciplinas. Ha llevado a cabo exposiciones y publicado el libro de im\u00e1genes\u00a0<em>A Book of Days<\/em>\u00a0(2022) (El libro de los d\u00edas, 2023), y a finales de 2022 expuso en el Centro Pompidou de Par\u00eds una instalaci\u00f3n visual y sonora inspirada en Rimbaud, Artaud y\u00a0<em>Daumal<\/em>. Actualmente, sigue realizando conciertos y recitales de poes\u00eda y colaborando con artistas de distintos \u00e1mbitos, como el grupo\u00a0<em>Soundwalk Collective<\/em>, con el que durante 2024 present\u00f3 por escenarios y centros culturales de todo el mundo \u00abCorrespondences\u00bb, una pieza mezcla de arte audiovisual y\u00a0<em>performance<\/em>\u00a0que alerta sobre la crisis clim\u00e1tica. Contin\u00faa con una extensa gira de conciertos por todo el mundo, que comenz\u00f3 el a\u00f1o pasado, para conmemorar el quincuag\u00e9simo aniversario del disco\u00a0<em>Horses<\/em>.<\/p>\n        <blockquote class=\"instagram-media \" style=\"background: #ffffff;border: 0;margin: 1px;width: 100%;padding: 0;\"  data-instgrm-permalink=\"https:\/\/www.instagram.com\/p\/DXt8G5sAlUp\/\" data-instgrm-version=\"14\"><\/blockquote>\n<p>Comendadora de la Orden de las Artes y las Letras (Francia, 2005), Medalla de Oro al M\u00e9rito en las Bellas Artes de Espa\u00f1a (2019), Oficial de la Legi\u00f3n de Honor de Francia (2022) y doctora honoris causa por la Universidad de Columbia (EE. UU.), en 2007 fue incluida en el Sal\u00f3n de la Fama del Rock. En 2011 recibi\u00f3 el Premio Polar de la M\u00fasica (Suecia) y en 2020 el International Humanities Prize de la Universidad de\u00a0Washington\u00a0de St. Louis (EE. UU.). En 2021 su disco\u00a0<em>Horses<\/em>\u00a0entr\u00f3 en la lista del Grammy Hall of Fame. Ese mismo a\u00f1o recibi\u00f3 la Medalla de la Ciudad de Nueva York.<\/p>\n<p>*Imsgen:<\/p>\n","protected":false},"author":11653,"featured_media":194291,"template":"","format":"standard","categories":[2971],"acf":{"banner":""},"yoast_head":"<!-- This site is optimized with the Yoast SEO Premium plugin v18.5 (Yoast SEO v20.4) - https:\/\/yoast.com\/wordpress\/plugins\/seo\/ -->\n<title>Patti Smith, Premio Princesa de Asturias de las Artes | Grazia<\/title>\n<meta name=\"description\" content=\"Convertida en referente cultural de las \u00faltimas cinco d\u00e9cadas, la trayectoria de Patti Smith ha traspasado, seg\u00fan los especialistas, los l\u00edmites de lo\" \/>\n<meta name=\"robots\" content=\"index, follow, max-snippet:-1, max-image-preview:large, max-video-preview:-1\" \/>\n<link rel=\"canonical\" href=\"https:\/\/graziamagazine.com\/es\/articles\/patti-smith-premio-princesa-de-asturias-de-las-artes\/\" \/>\n<meta property=\"og:locale\" content=\"es_ES\" \/>\n<meta property=\"og:type\" content=\"article\" \/>\n<meta property=\"og:title\" content=\"Patti Smith, Premio Princesa de Asturias de las Artes\" \/>\n<meta property=\"og:description\" content=\"Convertida en referente cultural de las \u00faltimas cinco d\u00e9cadas, la trayectoria de Patti Smith ha traspasado, seg\u00fan los especialistas, los l\u00edmites de lo\" \/>\n<meta property=\"og:url\" content=\"https:\/\/graziamagazine.com\/es\/articles\/patti-smith-premio-princesa-de-asturias-de-las-artes\/\" \/>\n<meta property=\"og:site_name\" content=\"Grazia\" \/>\n<meta property=\"og:image\" content=\"https:\/\/graziamagazine.com\/es\/wp-content\/uploads\/sites\/12\/2026\/04\/fundacionprincesadeasturias-scaled-e1777472867306.jpg\" \/>\n\t<meta property=\"og:image:width\" content=\"1988\" \/>\n\t<meta property=\"og:image:height\" content=\"1668\" \/>\n\t<meta property=\"og:image:type\" content=\"image\/jpeg\" \/>\n<meta name=\"twitter:card\" content=\"summary_large_image\" \/>\n<meta name=\"twitter:label1\" content=\"Est. reading time\" \/>\n\t<meta name=\"twitter:data1\" content=\"5 minutos\" \/>\n<script type=\"application\/ld+json\" class=\"yoast-schema-graph\">{\"@context\":\"https:\/\/schema.org\",\"@graph\":[{\"@type\":\"WebPage\",\"@id\":\"https:\/\/graziamagazine.com\/es\/articles\/patti-smith-premio-princesa-de-asturias-de-las-artes\/\",\"url\":\"https:\/\/graziamagazine.com\/es\/articles\/patti-smith-premio-princesa-de-asturias-de-las-artes\/\",\"name\":\"Patti Smith, Premio Princesa de Asturias de las Artes | Grazia\",\"isPartOf\":{\"@id\":\"https:\/\/graziamagazine.com\/es\/#website\"},\"datePublished\":\"2026-04-29T14:29:19+00:00\",\"dateModified\":\"2026-04-29T14:29:19+00:00\",\"description\":\"Convertida en referente cultural de las \u00faltimas cinco d\u00e9cadas, la trayectoria de Patti Smith ha traspasado, seg\u00fan los especialistas, los l\u00edmites de lo\",\"breadcrumb\":{\"@id\":\"https:\/\/graziamagazine.com\/es\/articles\/patti-smith-premio-princesa-de-asturias-de-las-artes\/#breadcrumb\"},\"inLanguage\":\"es\",\"potentialAction\":[{\"@type\":\"ReadAction\",\"target\":[\"https:\/\/graziamagazine.com\/es\/articles\/patti-smith-premio-princesa-de-asturias-de-las-artes\/\"]}]},{\"@type\":\"BreadcrumbList\",\"@id\":\"https:\/\/graziamagazine.com\/es\/articles\/patti-smith-premio-princesa-de-asturias-de-las-artes\/#breadcrumb\",\"itemListElement\":[{\"@type\":\"ListItem\",\"position\":1,\"name\":\"Portada\",\"item\":\"https:\/\/graziamagazine.com\/es\/\"},{\"@type\":\"ListItem\",\"position\":2,\"name\":\"Patti Smith, Premio Princesa de Asturias de las Artes\"}]},{\"@type\":\"WebSite\",\"@id\":\"https:\/\/graziamagazine.com\/es\/#website\",\"url\":\"https:\/\/graziamagazine.com\/es\/\",\"name\":\"Grazia\",\"description\":\"Moda, belleza, celebrities, estilo de vida...\",\"potentialAction\":[{\"@type\":\"SearchAction\",\"target\":{\"@type\":\"EntryPoint\",\"urlTemplate\":\"https:\/\/graziamagazine.com\/es\/?s={search_term_string}\"},\"query-input\":\"required name=search_term_string\"}],\"inLanguage\":\"es\"}]}<\/script>\n<!-- \/ Yoast SEO Premium plugin. -->","yoast_head_json":{"title":"Patti Smith, Premio Princesa de Asturias de las Artes | Grazia","description":"Convertida en referente cultural de las \u00faltimas cinco d\u00e9cadas, la trayectoria de Patti Smith ha traspasado, seg\u00fan los especialistas, los l\u00edmites de lo","robots":{"index":"index","follow":"follow","max-snippet":"max-snippet:-1","max-image-preview":"max-image-preview:large","max-video-preview":"max-video-preview:-1"},"canonical":"https:\/\/graziamagazine.com\/es\/articles\/patti-smith-premio-princesa-de-asturias-de-las-artes\/","og_locale":"es_ES","og_type":"article","og_title":"Patti Smith, Premio Princesa de Asturias de las Artes","og_description":"Convertida en referente cultural de las \u00faltimas cinco d\u00e9cadas, la trayectoria de Patti Smith ha traspasado, seg\u00fan los especialistas, los l\u00edmites de lo","og_url":"https:\/\/graziamagazine.com\/es\/articles\/patti-smith-premio-princesa-de-asturias-de-las-artes\/","og_site_name":"Grazia","og_image":[{"width":1988,"height":1668,"url":"https:\/\/graziamagazine.com\/es\/wp-content\/uploads\/sites\/12\/2026\/04\/fundacionprincesadeasturias-scaled-e1777472867306.jpg","type":"image\/jpeg"}],"twitter_card":"summary_large_image","twitter_misc":{"Est. reading time":"5 minutos"},"schema":{"@context":"https:\/\/schema.org","@graph":[{"@type":"WebPage","@id":"https:\/\/graziamagazine.com\/es\/articles\/patti-smith-premio-princesa-de-asturias-de-las-artes\/","url":"https:\/\/graziamagazine.com\/es\/articles\/patti-smith-premio-princesa-de-asturias-de-las-artes\/","name":"Patti Smith, Premio Princesa de Asturias de las Artes | Grazia","isPartOf":{"@id":"https:\/\/graziamagazine.com\/es\/#website"},"datePublished":"2026-04-29T14:29:19+00:00","dateModified":"2026-04-29T14:29:19+00:00","description":"Convertida en referente cultural de las \u00faltimas cinco d\u00e9cadas, la trayectoria de Patti Smith ha traspasado, seg\u00fan los especialistas, los l\u00edmites de lo","breadcrumb":{"@id":"https:\/\/graziamagazine.com\/es\/articles\/patti-smith-premio-princesa-de-asturias-de-las-artes\/#breadcrumb"},"inLanguage":"es","potentialAction":[{"@type":"ReadAction","target":["https:\/\/graziamagazine.com\/es\/articles\/patti-smith-premio-princesa-de-asturias-de-las-artes\/"]}]},{"@type":"BreadcrumbList","@id":"https:\/\/graziamagazine.com\/es\/articles\/patti-smith-premio-princesa-de-asturias-de-las-artes\/#breadcrumb","itemListElement":[{"@type":"ListItem","position":1,"name":"Portada","item":"https:\/\/graziamagazine.com\/es\/"},{"@type":"ListItem","position":2,"name":"Patti Smith, Premio Princesa de Asturias de las Artes"}]},{"@type":"WebSite","@id":"https:\/\/graziamagazine.com\/es\/#website","url":"https:\/\/graziamagazine.com\/es\/","name":"Grazia","description":"Moda, belleza, celebrities, estilo de vida...","potentialAction":[{"@type":"SearchAction","target":{"@type":"EntryPoint","urlTemplate":"https:\/\/graziamagazine.com\/es\/?s={search_term_string}"},"query-input":"required name=search_term_string"}],"inLanguage":"es"}]}},"jetpack_sharing_enabled":true,"distributor_meta":false,"distributor_terms":false,"distributor_media":false,"distributor_original_site_name":"Grazia","distributor_original_site_url":"https:\/\/graziamagazine.com\/es","push-errors":false,"_links":{"self":[{"href":"https:\/\/graziamagazine.com\/es\/wp-json\/wp\/v2\/articles\/194290"}],"collection":[{"href":"https:\/\/graziamagazine.com\/es\/wp-json\/wp\/v2\/articles"}],"about":[{"href":"https:\/\/graziamagazine.com\/es\/wp-json\/wp\/v2\/types\/articles"}],"author":[{"embeddable":true,"href":"https:\/\/graziamagazine.com\/es\/wp-json\/wp\/v2\/users\/11653"}],"wp:featuredmedia":[{"embeddable":true,"href":"https:\/\/graziamagazine.com\/es\/wp-json\/wp\/v2\/media\/194291"}],"wp:attachment":[{"href":"https:\/\/graziamagazine.com\/es\/wp-json\/wp\/v2\/media?parent=194290"}],"wp:term":[{"taxonomy":"category","embeddable":true,"href":"https:\/\/graziamagazine.com\/es\/wp-json\/wp\/v2\/categories?post=194290"}],"curies":[{"name":"wp","href":"https:\/\/api.w.org\/{rel}","templated":true}]}}