{"id":194250,"date":"2026-04-28T13:07:31","date_gmt":"2026-04-28T11:07:31","guid":{"rendered":"https:\/\/graziamagazine.com\/es\/?post_type=articles&#038;p=194250"},"modified":"2026-04-28T13:08:07","modified_gmt":"2026-04-28T11:08:07","slug":"consejos-de-nutricionista-para-comenzar-el-dia-con-energia","status":"publish","type":"articles","link":"https:\/\/graziamagazine.com\/es\/articles\/consejos-de-nutricionista-para-comenzar-el-dia-con-energia\/","title":{"rendered":"Consejos (de nutricionista) para comenzar el d\u00eda con energ\u00eda"},"content":{"rendered":"<p><span data-olk-copy-source=\"MessageBody\">Muchas veces empezamos el d\u00eda intentando hacerlo bien: desayunar saludable, tomar caf\u00e9 para activarnos, empezar con energ\u00eda. Sin embargo, cada vez m\u00e1s personas que cuidan su alimentaci\u00f3n y sus h\u00e1bitos siguen sintiendo que algo no termina de encajar: energ\u00eda irregular, hambre a deshoras, dificultad para concentrarse.<\/span><\/p>\n<p><span data-olk-copy-source=\"MessageBody\">En esa b\u00fasqueda de respuestas, el foco suele ponerse en qu\u00e9 hacemos. Pero, \u00bfy si la clave no estuviera tanto en los h\u00e1bitos en s\u00ed, sino en el orden en el que los incorporamos?<\/span><\/p>\n<p>Klau Gago, especialista en nutrici\u00f3n consciente y PNIE\u00a0y fundadora de\u00a0<a href=\"https:\/\/services.hosting.augure.com\/Response\/c8h2y\/%7B47e14cad-5345-4397-83e9-f3c839f98ba7%7D\"title=\"https:\/\/services.hosting.augure.com\/Response\/c8h2y\/{47e14cad-5345-4397-83e9-f3c839f98ba7}\"  target=\"_blank\" rel=\"noopener noreferrer\" data-auth=\"NotApplicable\" data-linkindex=\"1\" target=\"_blank\">klauinstinto<\/a>,\u00a0plantea una idea diferente: el cuerpo no necesita que lo activemos, porque ya sabe hacerlo por s\u00ed solo. \u201cAl despertarnos, el cuerpo ya tiene su propio mecanismo para activarse. Hay un pico natural de cortisol que nos pone en marcha\u201d, explica. \u201cEl problema es que muchas veces lo interrumpimos desde el minuto uno\u201d.<\/p>\n<p><span data-olk-copy-source=\"MessageBody\">M\u00e1s que a\u00f1adir nuevas rutinas, su enfoque pasa por algo m\u00e1s simple: dejar de interferir en ese proceso. Porque cuando el cuerpo puede seguir su propio ritmo, la energ\u00eda, el hambre y la claridad mental tienden a regularse de forma mucho m\u00e1s estable.<\/span><\/p>\n<h3 data-end=\"553\" data-start=\"317\"><strong><span data-olk-copy-source=\"MessageBody\">El error no es el caf\u00e9, es el momento en el que lo tomas<\/span><\/strong><\/h3>\n<p data-end=\"553\" data-start=\"317\">Al despertarnos, el cuerpo ya est\u00e1 en marcha. \u201cHay un pico natural de cortisol que nos pone en funcionamiento\u201d, explica Klau. \u201cSi lo primero que haces es tomar caf\u00e9 o az\u00facar, est\u00e1s interfiriendo con ese proceso y entrenando al cuerpo para depender de un est\u00edmulo externo desde el minuto uno\u201d.<\/p>\n<p data-end=\"553\" data-start=\"317\">Ese gesto, que suele formar parte de la rutina sin pensarlo demasiado, cambia la forma en la que el cuerpo empieza a gestionar la energ\u00eda. No tanto por el caf\u00e9 o el az\u00facar en s\u00ed, sino por el momento en el que entran en juego.<\/p>\n<p data-end=\"553\" data-start=\"317\">        <blockquote class=\"instagram-media \" style=\"background: #ffffff;border: 0;margin: 1px;width: 100%;padding: 0;\"  data-instgrm-permalink=\"https:\/\/www.instagram.com\/p\/DUGy3uiDeST\/?hl=es\" data-instgrm-version=\"14\"><\/blockquote><\/p>\n<p data-end=\"553\" data-start=\"317\">Cuando ese primer impulso natural se sustituye por una activaci\u00f3n externa, la energ\u00eda deja de ser tan estable. Puede haber una sensaci\u00f3n inicial de activaci\u00f3n, pero a lo largo del d\u00eda es m\u00e1s f\u00e1cil entrar en din\u00e1micas de picos y bajones o notar m\u00e1s hambre de lo habitual. \u201cEl orden marca c\u00f3mo responde tu cuerpo durante todo el d\u00eda. Si nada m\u00e1s levantarte introduces caf\u00e9 o algo dulce, est\u00e1s forzando una activaci\u00f3n artificial sobre un sistema que ya viene activado de forma natural\u201d, a\u00f1ade Klau.<\/p>\n<h3 data-end=\"2231\" data-start=\"1803\"><strong><span data-olk-copy-source=\"MessageBody\">As\u00ed organiza su ma\u00f1ana una nutricionista<\/span><\/strong><\/h3>\n<p data-end=\"2231\" data-start=\"1803\">Pero entonces, \u00bfc\u00f3mo se traduce todo esto en el d\u00eda a d\u00eda? En el caso de Klau, su rutina de ma\u00f1ana no parte de a\u00f1adir cosas sin m\u00e1s, sino de c\u00f3mo se colocan dentro del d\u00eda. No empieza sumando est\u00edmulos, sino evitando interferencias. La primera hora del d\u00eda evita el m\u00f3vil. No es solo una cuesti\u00f3n de desconexi\u00f3n, sino de atenci\u00f3n. Empezar el d\u00eda mirando una pantalla implica entrar en el ritmo de otros \u2014mensajes, redes, informaci\u00f3n\u2014 antes de haber establecido el propio, lo que eleva el nivel de activaci\u00f3n desde el inicio y condiciona el resto de la jornada.<\/p>\n<p data-end=\"2231\" data-start=\"1803\"><img decoding=\"async\" src=\"https:\/\/cartulina.hosting.augure.com\/Augure_Cartulina\/ImageBank\/2123_639111602738385273.png\" \/><\/p>\n<p data-end=\"1071\" data-start=\"808\">A partir de ah\u00ed, introduce peque\u00f1os gestos que no fuerzan. Empieza por la higiene bucal \u2014oil pulling con aceite de coco, raspador de lengua y cepillado\u2014 como una forma muy eficaz de empezar el d\u00eda con la boca limpia y no arrastrar lo que se acumula durante la noche.<\/p>\n<p data-end=\"1341\" data-start=\"1073\">Despu\u00e9s, una infusi\u00f3n caliente, normalmente de jengibre natural, que activa la digesti\u00f3n de forma suave. Y sobre esa base va sumando otras pr\u00e1cticas: unos minutos de meditaci\u00f3n, algo de movimiento ligero, escribir los objetivos del d\u00eda con luz natural o hacer la cama.<\/p>\n<p data-end=\"1527\" data-start=\"1343\">La ducha fr\u00eda aparece como uno de los puntos clave. No como una rutina extrema, sino como una forma de activar el cuerpo sin generar picos bruscos. En su caso, incluso m\u00e1s que el caf\u00e9.<\/p>\n<p data-end=\"1773\" data-start=\"1529\">El caf\u00e9 llega despu\u00e9s, cuando el cuerpo ya est\u00e1 despierto por s\u00ed solo. \u201cCuando retrasas el caf\u00e9 una o dos horas, permites que el cuerpo se active de forma natural. Eso suele traducirse en una energ\u00eda m\u00e1s estable y mejor concentraci\u00f3n\u201d, explica.<\/p>\n<p data-end=\"1978\" data-start=\"1775\"><span data-olk-copy-source=\"MessageBody\">El desayuno tampoco responde a una norma fija. Se adapta al hambre real y al estado del cuerpo en ese momento. Si hay hambre, prioriza prote\u00edna y grasa para mantener la energ\u00eda estable; si no, no fuerza.<\/span><\/p>\n<p data-end=\"2244\" data-start=\"1980\">En cuanto al entrenamiento, no hay una \u00fanica respuesta. Aunque el cuerpo suele rendir mejor por la tarde, entrenar por la ma\u00f1ana puede ayudar a generar adherencia y estructura. La clave est\u00e1 en evitar hacerlo a \u00faltima hora, ya que puede interferir con el descanso.<\/p>\n<p data-end=\"2244\" data-start=\"1980\"><img decoding=\"async\" src=\"https:\/\/cartulina.hosting.augure.com\/Augure_Cartulina\/ImageBank\/2124_639111602959828025.png\" \/><\/p>\n<p data-end=\"2521\" data-start=\"2246\">Visto as\u00ed, la rutina deja de ser una suma de h\u00e1bitos y pasa a tener una l\u00f3gica clara: no es activar m\u00e1s el cuerpo, sino evitar desordenarlo desde el principio. Y eso es lo que, en la pr\u00e1ctica, marca la diferencia en c\u00f3mo se mantiene la energ\u00eda y el hambre a lo largo del d\u00eda.<\/p>\n<h3 data-end=\"1040\" data-start=\"741\"><strong><span data-olk-copy-source=\"MessageBody\">No todo lo que parece sano le sienta bien a tu cuerpo<\/span><\/strong><\/h3>\n<p data-end=\"337\" data-start=\"148\">Una de las ideas que m\u00e1s repite Klau es que no todo lo que tiene una imagen saludable funciona igual en el cuerpo. \u201cEl mayor error es confundir \u2018parece sano\u2019 con \u2018te sienta bien\u2019\u201d, explica.<\/p>\n<p data-end=\"401\" data-start=\"339\">Y muchos de esos h\u00e1bitos empiezan precisamente al levantarnos.<\/p>\n<p data-end=\"620\" data-start=\"403\">El caf\u00e9 en ayunas acompa\u00f1ado de algo dulce es uno de los m\u00e1s habituales. A corto plazo activa, pero esa forma de empezar el d\u00eda suele ir acompa\u00f1ada de una energ\u00eda menos estable y de m\u00e1s hambre a lo largo de la ma\u00f1ana.<\/p>\n<p data-end=\"850\" data-start=\"622\">Tambi\u00e9n ocurre con zumos, smoothies o snacks \u201chealthy\u201d. Aunque tienen buena imagen, en muchos casos provocan subidas r\u00e1pidas de glucosa que el cuerpo no sostiene igual, lo que acaba afectando a c\u00f3mo se regula la energ\u00eda despu\u00e9s.<\/p>\n<p data-end=\"1013\" data-start=\"852\">Algo parecido pasa con productos \u201csin grasa\u201d, barritas o granolas: parecen opciones ligeras, pero no siempre generan saciedad ni ayudan a estabilizar la energ\u00eda.<\/p>\n<p data-end=\"1281\" data-start=\"1015\">En el caso del entrenamiento, el enfoque tambi\u00e9n importa. No hay que centrarse solo en el cardio porque puede generar mucho desgaste. \u201cSin trabajo de fuerza el cuerpo no se regula igual a nivel hormonal ni metab\u00f3lico\u201d, explica Klau. Por eso, combinar ambos es clave.<\/p>\n<p data-end=\"559\" data-start=\"431\"><span data-olk-copy-source=\"MessageBody\">En definitiva, no hace falta construir una rutina perfecta, sino ajustar lo b\u00e1sico. Y ese cambio empieza antes de lo que parece.<\/span><\/p>\n<p data-end=\"838\" data-start=\"561\">\u201cLa rutina de ma\u00f1ana empieza la noche anterior\u201d, explica Klau. \u201cSi te acuestas activada, con pantallas o el sistema nervioso alto, por la ma\u00f1ana vas a ir a remolque\u201d. Ajustar ese cierre hace que el cuerpo se levante mucho m\u00e1s regulado y cambia por completo c\u00f3mo empieza el d\u00eda.<\/p>\n<p data-end=\"1152\" data-start=\"840\">A partir de ah\u00ed, las primeras horas no necesitan grandes cambios, sino peque\u00f1as decisiones que tienen impacto real: exponerse a la luz natural nada m\u00e1s despertarse, evitar el m\u00f3vil en esos primeros minutos o no introducir caf\u00e9 y az\u00facar desde el inicio. \u201cSolo con eso ya cambia c\u00f3mo se regula tu energ\u00eda\u201d, se\u00f1ala.<\/p>\n<p data-end=\"1301\" data-start=\"1154\">La hidrataci\u00f3n tambi\u00e9n influye m\u00e1s de lo que parece. \u201cAlgo tan simple como agua con un poco de sal puede ayudarte bastante si te levantas cansada\u201d.<\/p>\n<p data-end=\"1464\" data-start=\"1303\">No se trata de hacerlo todo a la vez, sino de empezar por ah\u00ed y observar. \u201cEl cuerpo responde r\u00e1pido cuando le das las se\u00f1ales correctas en el momento adecuado\u201d.<\/p>\n<p data-end=\"1464\" data-start=\"1303\">Para conocer m\u00e1s sobre su enfoque y su trabajo, Klau Gago comparte reflexiones y contenidos en Instagram (<a href=\"https:\/\/services.hosting.augure.com\/Response\/c8h2B\/%7B47e14cad-5345-4397-83e9-f3c839f98ba7%7D\"title=\"https:\/\/services.hosting.augure.com\/Response\/c8h2B\/{47e14cad-5345-4397-83e9-f3c839f98ba7}\"  target=\"_blank\" rel=\"noopener noreferrer\" data-auth=\"NotApplicable\" data-linkindex=\"5\" target=\"_blank\">@klauinstinto<\/a>) y en su web,\u00a0<a href=\"https:\/\/services.hosting.augure.com\/Response\/c8h2A\/%7B47e14cad-5345-4397-83e9-f3c839f98ba7%7D\"class=\"x_decorated-link\" title=\"https:\/\/services.hosting.augure.com\/Response\/c8h2A\/{47e14cad-5345-4397-83e9-f3c839f98ba7}\"  target=\"_blank\" rel=\"noopener noreferrer\" data-auth=\"NotApplicable\" data-end=\"710\" data-start=\"690\" data-linkindex=\"6\" target=\"_blank\">www.klauinstinto.com<\/a>.<\/p>\n<p data-end=\"1464\" data-start=\"1303\"><em>*Im\u00e1genes: cortes\u00eda<\/em><\/p>\n","protected":false},"author":11653,"featured_media":194253,"template":"","format":"standard","categories":[3054],"acf":[],"yoast_head":"<!-- This site is optimized with the Yoast SEO Premium plugin v18.5 (Yoast SEO v20.4) - https:\/\/yoast.com\/wordpress\/plugins\/seo\/ -->\n<title>Consejos (de nutricionista) para comenzar el d\u00eda con energ\u00eda<\/title>\n<meta name=\"description\" content=\"Hablamos con Klau Gago, especialista en nutrici\u00f3n consciente y PNIE, sobre c\u00f3mo tu rutina de ma\u00f1ana te puede estar afectando durante el d\u00eda.\" \/>\n<meta name=\"robots\" content=\"index, follow, max-snippet:-1, max-image-preview:large, max-video-preview:-1\" \/>\n<link rel=\"canonical\" href=\"https:\/\/graziamagazine.com\/es\/articles\/consejos-de-nutricionista-para-comenzar-el-dia-con-energia\/\" \/>\n<meta property=\"og:locale\" content=\"es_ES\" \/>\n<meta property=\"og:type\" content=\"article\" \/>\n<meta property=\"og:title\" content=\"Consejos (de nutricionista) para comenzar el d\u00eda con energ\u00eda\" \/>\n<meta property=\"og:description\" content=\"Hablamos con Klau Gago, especialista en nutrici\u00f3n consciente y PNIE, sobre c\u00f3mo tu rutina de ma\u00f1ana te puede estar afectando durante el d\u00eda.\" \/>\n<meta property=\"og:url\" content=\"https:\/\/graziamagazine.com\/es\/articles\/consejos-de-nutricionista-para-comenzar-el-dia-con-energia\/\" \/>\n<meta property=\"og:site_name\" content=\"Grazia\" \/>\n<meta property=\"article:modified_time\" content=\"2026-04-28T11:08:07+00:00\" \/>\n<meta property=\"og:image\" content=\"https:\/\/graziamagazine.com\/es\/wp-content\/uploads\/sites\/12\/2026\/04\/UH3Lu9c2-e1777373971957.jpeg\" \/>\n\t<meta property=\"og:image:width\" content=\"625\" \/>\n\t<meta property=\"og:image:height\" content=\"454\" \/>\n\t<meta property=\"og:image:type\" content=\"image\/jpeg\" \/>\n<meta name=\"twitter:card\" content=\"summary_large_image\" \/>\n<meta name=\"twitter:label1\" content=\"Est. reading time\" \/>\n\t<meta name=\"twitter:data1\" content=\"6 minutos\" \/>\n<script type=\"application\/ld+json\" class=\"yoast-schema-graph\">{\"@context\":\"https:\/\/schema.org\",\"@graph\":[{\"@type\":\"WebPage\",\"@id\":\"https:\/\/graziamagazine.com\/es\/articles\/consejos-de-nutricionista-para-comenzar-el-dia-con-energia\/\",\"url\":\"https:\/\/graziamagazine.com\/es\/articles\/consejos-de-nutricionista-para-comenzar-el-dia-con-energia\/\",\"name\":\"Consejos (de nutricionista) para comenzar el d\u00eda con energ\u00eda\",\"isPartOf\":{\"@id\":\"https:\/\/graziamagazine.com\/es\/#website\"},\"datePublished\":\"2026-04-28T11:07:31+00:00\",\"dateModified\":\"2026-04-28T11:08:07+00:00\",\"description\":\"Hablamos con Klau Gago, especialista en nutrici\u00f3n consciente y PNIE, sobre c\u00f3mo tu rutina de ma\u00f1ana te puede estar afectando durante el d\u00eda.\",\"breadcrumb\":{\"@id\":\"https:\/\/graziamagazine.com\/es\/articles\/consejos-de-nutricionista-para-comenzar-el-dia-con-energia\/#breadcrumb\"},\"inLanguage\":\"es\",\"potentialAction\":[{\"@type\":\"ReadAction\",\"target\":[\"https:\/\/graziamagazine.com\/es\/articles\/consejos-de-nutricionista-para-comenzar-el-dia-con-energia\/\"]}]},{\"@type\":\"BreadcrumbList\",\"@id\":\"https:\/\/graziamagazine.com\/es\/articles\/consejos-de-nutricionista-para-comenzar-el-dia-con-energia\/#breadcrumb\",\"itemListElement\":[{\"@type\":\"ListItem\",\"position\":1,\"name\":\"Portada\",\"item\":\"https:\/\/graziamagazine.com\/es\/\"},{\"@type\":\"ListItem\",\"position\":2,\"name\":\"Consejos (de nutricionista) para comenzar el d\u00eda con energ\u00eda\"}]},{\"@type\":\"WebSite\",\"@id\":\"https:\/\/graziamagazine.com\/es\/#website\",\"url\":\"https:\/\/graziamagazine.com\/es\/\",\"name\":\"Grazia\",\"description\":\"Moda, belleza, celebrities, estilo de vida...\",\"potentialAction\":[{\"@type\":\"SearchAction\",\"target\":{\"@type\":\"EntryPoint\",\"urlTemplate\":\"https:\/\/graziamagazine.com\/es\/?s={search_term_string}\"},\"query-input\":\"required name=search_term_string\"}],\"inLanguage\":\"es\"}]}<\/script>\n<!-- \/ Yoast SEO Premium plugin. -->","yoast_head_json":{"title":"Consejos (de nutricionista) para comenzar el d\u00eda con energ\u00eda","description":"Hablamos con Klau Gago, especialista en nutrici\u00f3n consciente y PNIE, sobre c\u00f3mo tu rutina de ma\u00f1ana te puede estar afectando durante el d\u00eda.","robots":{"index":"index","follow":"follow","max-snippet":"max-snippet:-1","max-image-preview":"max-image-preview:large","max-video-preview":"max-video-preview:-1"},"canonical":"https:\/\/graziamagazine.com\/es\/articles\/consejos-de-nutricionista-para-comenzar-el-dia-con-energia\/","og_locale":"es_ES","og_type":"article","og_title":"Consejos (de nutricionista) para comenzar el d\u00eda con energ\u00eda","og_description":"Hablamos con Klau Gago, especialista en nutrici\u00f3n consciente y PNIE, sobre c\u00f3mo tu rutina de ma\u00f1ana te puede estar afectando durante el d\u00eda.","og_url":"https:\/\/graziamagazine.com\/es\/articles\/consejos-de-nutricionista-para-comenzar-el-dia-con-energia\/","og_site_name":"Grazia","article_modified_time":"2026-04-28T11:08:07+00:00","og_image":[{"width":625,"height":454,"url":"https:\/\/graziamagazine.com\/es\/wp-content\/uploads\/sites\/12\/2026\/04\/UH3Lu9c2-e1777373971957.jpeg","type":"image\/jpeg"}],"twitter_card":"summary_large_image","twitter_misc":{"Est. reading time":"6 minutos"},"schema":{"@context":"https:\/\/schema.org","@graph":[{"@type":"WebPage","@id":"https:\/\/graziamagazine.com\/es\/articles\/consejos-de-nutricionista-para-comenzar-el-dia-con-energia\/","url":"https:\/\/graziamagazine.com\/es\/articles\/consejos-de-nutricionista-para-comenzar-el-dia-con-energia\/","name":"Consejos (de nutricionista) para comenzar el d\u00eda con energ\u00eda","isPartOf":{"@id":"https:\/\/graziamagazine.com\/es\/#website"},"datePublished":"2026-04-28T11:07:31+00:00","dateModified":"2026-04-28T11:08:07+00:00","description":"Hablamos con Klau Gago, especialista en nutrici\u00f3n consciente y PNIE, sobre c\u00f3mo tu rutina de ma\u00f1ana te puede estar afectando durante el d\u00eda.","breadcrumb":{"@id":"https:\/\/graziamagazine.com\/es\/articles\/consejos-de-nutricionista-para-comenzar-el-dia-con-energia\/#breadcrumb"},"inLanguage":"es","potentialAction":[{"@type":"ReadAction","target":["https:\/\/graziamagazine.com\/es\/articles\/consejos-de-nutricionista-para-comenzar-el-dia-con-energia\/"]}]},{"@type":"BreadcrumbList","@id":"https:\/\/graziamagazine.com\/es\/articles\/consejos-de-nutricionista-para-comenzar-el-dia-con-energia\/#breadcrumb","itemListElement":[{"@type":"ListItem","position":1,"name":"Portada","item":"https:\/\/graziamagazine.com\/es\/"},{"@type":"ListItem","position":2,"name":"Consejos (de nutricionista) para comenzar el d\u00eda con energ\u00eda"}]},{"@type":"WebSite","@id":"https:\/\/graziamagazine.com\/es\/#website","url":"https:\/\/graziamagazine.com\/es\/","name":"Grazia","description":"Moda, belleza, celebrities, estilo de vida...","potentialAction":[{"@type":"SearchAction","target":{"@type":"EntryPoint","urlTemplate":"https:\/\/graziamagazine.com\/es\/?s={search_term_string}"},"query-input":"required name=search_term_string"}],"inLanguage":"es"}]}},"jetpack_sharing_enabled":true,"distributor_meta":false,"distributor_terms":false,"distributor_media":false,"distributor_original_site_name":"Grazia","distributor_original_site_url":"https:\/\/graziamagazine.com\/es","push-errors":false,"_links":{"self":[{"href":"https:\/\/graziamagazine.com\/es\/wp-json\/wp\/v2\/articles\/194250"}],"collection":[{"href":"https:\/\/graziamagazine.com\/es\/wp-json\/wp\/v2\/articles"}],"about":[{"href":"https:\/\/graziamagazine.com\/es\/wp-json\/wp\/v2\/types\/articles"}],"author":[{"embeddable":true,"href":"https:\/\/graziamagazine.com\/es\/wp-json\/wp\/v2\/users\/11653"}],"wp:featuredmedia":[{"embeddable":true,"href":"https:\/\/graziamagazine.com\/es\/wp-json\/wp\/v2\/media\/194253"}],"wp:attachment":[{"href":"https:\/\/graziamagazine.com\/es\/wp-json\/wp\/v2\/media?parent=194250"}],"wp:term":[{"taxonomy":"category","embeddable":true,"href":"https:\/\/graziamagazine.com\/es\/wp-json\/wp\/v2\/categories?post=194250"}],"curies":[{"name":"wp","href":"https:\/\/api.w.org\/{rel}","templated":true}]}}