{"id":194219,"date":"2026-04-28T08:00:45","date_gmt":"2026-04-28T06:00:45","guid":{"rendered":"https:\/\/graziamagazine.com\/es\/?post_type=articles&#038;p=194219"},"modified":"2026-04-28T12:06:14","modified_gmt":"2026-04-28T10:06:14","slug":"flores-y-corazones-regalos-para-el-dia-de-la-madre","status":"publish","type":"articles","link":"https:\/\/graziamagazine.com\/es\/articles\/flores-y-corazones-regalos-para-el-dia-de-la-madre\/","title":{"rendered":"Flores y corazones: regalos para el D\u00eda de la Madre"},"content":{"rendered":"<p>Hay s\u00edmbolos que nunca pasan de moda. Las rosas, los corazones, los gestos que parecen peque\u00f1os pero que, en realidad, lo dicen todo. El D\u00eda de la Madre sigue siendo uno de esos momentos en los que lo cl\u00e1sico vuelve, pero lo hace con una nueva mirada: m\u00e1s consciente, m\u00e1s cuidada, m\u00e1s alineada con qui\u00e9n es ella hoy.<\/p>\n<p>Porque regalar ya no es solo cumplir. Es elegir con intenci\u00f3n.<\/p>\n<p>Este a\u00f1o, entre p\u00e9talos que evocan belleza atemporal y detalles en forma de coraz\u00f3n que hablan de v\u00ednculo, la clave est\u00e1 en reinterpretar lo de siempre con un toque actual: piezas que emocionan, que acompa\u00f1an y que, sobre todo, tienen algo que contar. Porque si hay algo claro, es que el mejor regalo no es el m\u00e1s evidente\u2026 sino el que realmente conecta.<\/p>\n<h3>regalos con coraz\u00f3n para mam\u00e1<\/h3>\n<p><strong>Paleta para el rostro Charlotte&#8217;s Beauty Soulmates Face Palette<\/strong><\/p>\n<p>Esta paleta f\u00e1cil de usar incluye un polvo Airbrush Flawless Finish para corregir, iluminar, difuminar y alisar la piel y un colorete Pillow Talk Love Blush para un cutis fresco y realzado.<\/p>\n<p><img decoding=\"async\" src=\"https:\/\/scontent.fmad10-2.fna.fbcdn.net\/v\/t51.75761-15\/500523316_18101648374548694_694837195866943646_n.jpg?stp=dst-jpg_s1080x2048_tt6&amp;_nc_cat=104&amp;ccb=1-7&amp;_nc_sid=13d280&amp;_nc_ohc=FKu9BgxlkQwQ7kNvwEoLpgp&amp;_nc_oc=AdoOwaSjExY7R4SUCN6TGGK2Zy8nCl0GCMkRU-JqFZIlVjtYon-VLnHAWj3GU74fd_o&amp;_nc_zt=23&amp;_nc_ht=scontent.fmad10-2.fna&amp;_nc_gid=wfRJhNmwIpr8lN13gc1AVQ&amp;_nc_ss=7b2a8&amp;oh=00_Af2U0ZsdLa1_yn7w_wfNPTfeqswuMWai0iNmRfJGUGk8CA&amp;oe=69F55B85\" alt=\"No hay ninguna descripci\u00f3n de la foto disponible.\" \/><\/p>\n<p><a href=\"https:\/\/www.sephora.es\/p\/charlottes-beauty-soulmates---paleta-rostro-P1000207296.html\" target=\"_blank\">Su precio es de 53 euros en Sephora\u00a0<\/a><\/p>\n<div class=\"MuiBox-root mui-latin-unpxae\">\n<p class=\"MuiTypography-root MuiTypography-headline-s DS-Typography mui-latin-1w4hih8\" data-testid=\"fashion-product-title\"><strong>Charm para bolso de rosa Dioramour<\/strong><\/p>\n<p data-testid=\"fashion-product-title\">Este charm para bolso de rosa de la colecci\u00f3n c\u00e1psula Dioramour, dise\u00f1ado por Jonathan Anderson para su primera l\u00ednea en la Maison, rinde un divertido homenaje al legado couture de Dior. El dise\u00f1o de piel de becerro rosa y verde muestra una cinta m\u00e9trica adornada con la firma Dior y un delicado dedal tallado en metal dorado.<\/p>\n<p data-testid=\"fashion-product-title\"><img loading=\"lazy\" decoding=\"async\" class=\"aligncenter size-full wp-image-194220\" src=\"https:\/\/graziamagazine.com\/es\/wp-content\/uploads\/sites\/12\/2026\/04\/V1890WOMCMD28K_SBG_E01-copia.jpg\" alt=\"\" width=\"1440\" height=\"1557\" srcset=\"https:\/\/graziamagazine.com\/es\/wp-content\/uploads\/sites\/12\/2026\/04\/V1890WOMCMD28K_SBG_E01-copia.jpg 1440w, https:\/\/graziamagazine.com\/es\/wp-content\/uploads\/sites\/12\/2026\/04\/V1890WOMCMD28K_SBG_E01-copia-277x300.jpg 277w, https:\/\/graziamagazine.com\/es\/wp-content\/uploads\/sites\/12\/2026\/04\/V1890WOMCMD28K_SBG_E01-copia-947x1024.jpg 947w, https:\/\/graziamagazine.com\/es\/wp-content\/uploads\/sites\/12\/2026\/04\/V1890WOMCMD28K_SBG_E01-copia-768x830.jpg 768w, https:\/\/graziamagazine.com\/es\/wp-content\/uploads\/sites\/12\/2026\/04\/V1890WOMCMD28K_SBG_E01-copia-1421x1536.jpg 1421w, https:\/\/graziamagazine.com\/es\/wp-content\/uploads\/sites\/12\/2026\/04\/V1890WOMCMD28K_SBG_E01-copia-400x433.jpg 400w, https:\/\/graziamagazine.com\/es\/wp-content\/uploads\/sites\/12\/2026\/04\/V1890WOMCMD28K_SBG_E01-copia-155x168.jpg 155w\" sizes=\"(max-width: 1440px) 100vw, 1440px\" \/><\/p>\n<p data-testid=\"fashion-product-title\"><a href=\"https:\/\/www.dior.com\/es_es\/fashion\/products\/V1890WOMCM_D28K\" target=\"_blank\">Su precio es de 750 euros en la web de Dior<\/a><\/p>\n<\/div>\n<div class=\"css-10d3b8l e18joj062\">\n<div>\n<p data-testid=\"product-name\"><strong>Gafas de sol Daisy Field, de Loewe<\/strong><\/p>\n<div class=\"css-1emsy2y euaqtmr5\">\n<p>Gafas de sol ovaladas de estructura ligera de metal con adornos de margaritas.<\/p>\n<p><img loading=\"lazy\" decoding=\"async\" class=\"aligncenter size-full wp-image-194222\" src=\"https:\/\/graziamagazine.com\/es\/wp-content\/uploads\/sites\/12\/2026\/04\/G314FRLX04_2100_1Q-e1777306967290.jpg\" alt=\"\" width=\"1404\" height=\"488\" srcset=\"https:\/\/graziamagazine.com\/es\/wp-content\/uploads\/sites\/12\/2026\/04\/G314FRLX04_2100_1Q-e1777306967290.jpg 1404w, https:\/\/graziamagazine.com\/es\/wp-content\/uploads\/sites\/12\/2026\/04\/G314FRLX04_2100_1Q-e1777306967290-300x104.jpg 300w, https:\/\/graziamagazine.com\/es\/wp-content\/uploads\/sites\/12\/2026\/04\/G314FRLX04_2100_1Q-e1777306967290-1024x356.jpg 1024w, https:\/\/graziamagazine.com\/es\/wp-content\/uploads\/sites\/12\/2026\/04\/G314FRLX04_2100_1Q-e1777306967290-768x267.jpg 768w, https:\/\/graziamagazine.com\/es\/wp-content\/uploads\/sites\/12\/2026\/04\/G314FRLX04_2100_1Q-e1777306967290-400x139.jpg 400w, https:\/\/graziamagazine.com\/es\/wp-content\/uploads\/sites\/12\/2026\/04\/G314FRLX04_2100_1Q-e1777306967290-155x54.jpg 155w\" sizes=\"(max-width: 1404px) 100vw, 1404px\" \/><\/p>\n<\/div>\n<\/div>\n<\/div>\n<p data-testid=\"product-description\"><a href=\"https:\/\/www.loewe.com\/eur\/es\/variacion?dwvar_G314FRLX04-2100_Shared_size=null&amp;gad_campaignid=9718855184&amp;gad_source=1&amp;gbraid=0AAAAADsErF1jxDS1xmA2xaWjO-zKYwiWM&amp;gclid=EAIaIQobChMIhajV6reOlAMViGpBAh3x6gIOEAQYASABEgI84PD_BwE&amp;pid=G314FRLX04-2100&amp;utm_campaign=LOEWEMODA_FLG_ESP_SHOPPING-ALL-PRODUCTS_GEN_OTHER_ON-GOING_EC_SHOP_GSHO_CRD_SPA_EUR_NAPP&amp;utm_id=9718855184&amp;utm_medium=cpc&amp;utm_source=google\" target=\"_blank\">Su precio es de 640 euros en la web de Loewe<\/a><\/p>\n<div data-gem-ignore=\"\">\n<div class=\"ch-product-intro__container\">\n<div class=\"ch-product-intro__container__left\">\n<p class=\"ch-product-intro__container__name subtitle-md\"><strong>Set Barra de labios Fabulous Kiss Matte, de Carolina Herrera<\/strong><\/p>\n<\/div>\n<div class=\"wrapper-prices\">\n<div class=\"ch-product-intro__container__price-discount\">\n<p class=\"ch-product-intro__container__price body-md\">Una capa de textura ligera y c\u00f3moda, f\u00e1cil de aplicar. Adem\u00e1s no se reseca y consigue un color uniforme.<\/p>\n<p><img loading=\"lazy\" decoding=\"async\" class=\"aligncenter size-full wp-image-194223\" src=\"https:\/\/graziamagazine.com\/es\/wp-content\/uploads\/sites\/12\/2026\/04\/www-001013516971622-00-copia.jpg\" alt=\"\" width=\"900\" height=\"1117\" srcset=\"https:\/\/graziamagazine.com\/es\/wp-content\/uploads\/sites\/12\/2026\/04\/www-001013516971622-00-copia.jpg 900w, https:\/\/graziamagazine.com\/es\/wp-content\/uploads\/sites\/12\/2026\/04\/www-001013516971622-00-copia-242x300.jpg 242w, https:\/\/graziamagazine.com\/es\/wp-content\/uploads\/sites\/12\/2026\/04\/www-001013516971622-00-copia-825x1024.jpg 825w, https:\/\/graziamagazine.com\/es\/wp-content\/uploads\/sites\/12\/2026\/04\/www-001013516971622-00-copia-768x953.jpg 768w, https:\/\/graziamagazine.com\/es\/wp-content\/uploads\/sites\/12\/2026\/04\/www-001013516971622-00-copia-400x496.jpg 400w, https:\/\/graziamagazine.com\/es\/wp-content\/uploads\/sites\/12\/2026\/04\/www-001013516971622-00-copia-155x192.jpg 155w\" sizes=\"(max-width: 900px) 100vw, 900px\" \/><\/p>\n<p><a href=\"https:\/\/www.elcorteingles.es\/perfumeria\/A52347498-barra-de-labios-mate-fabulous-kiss-carolina-herrera\/?utm_medium=cpc&amp;utm_source=google&amp;utm_campaign=eci_moda_belleza_gads_sem_alta-perfumeria_20260301-20260831_pla_perf_64257&amp;utm_content=na&amp;utm_term=na&amp;gclsrc=aw.ds&amp;gad_source=1&amp;gad_campaignid=19971246947&amp;gbraid=0AAAAADpjVj55xXVks4MfLOokXClQ9-iYW&amp;gclid=EAIaIQobChMIl4iGm7mOlAMV_EFBAh0JFgJUEAQYBSABEgKuYfD_BwE\" target=\"_blank\">Su precio es de 56 euros en El Corte Ingl\u00e9s<\/a><\/p>\n<\/div>\n<\/div>\n<\/div>\n<\/div>\n<p>&nbsp;<\/p>\n<p><strong>Anillo Petunia Roja, de Kiwipomelo<\/strong><\/p>\n<p data-olk-copy-source=\"MessageBody\">Las joyas y accesorios artesanales de kiwipomelo destacan por su dise\u00f1o \u00fanico, creados a mano con esmero y materiales seleccionados. Cada pieza es exclusiva, pensada para emocionar y perdurar. Una opci\u00f3n ideal para regalar en el D\u00eda de la Madre, celebrando amor, estilo y autenticidad en cada detalle, especial siempre.<\/p>\n<p data-olk-copy-source=\"MessageBody\"><img loading=\"lazy\" decoding=\"async\" class=\"aligncenter wp-image-194242 size-full\" src=\"https:\/\/graziamagazine.com\/es\/wp-content\/uploads\/sites\/12\/2026\/04\/ANILLO-PETUNIA-ROJA-AXO_1600x-copia-e1777369639768.jpg\" alt=\"\" width=\"1541\" height=\"1037\" srcset=\"https:\/\/graziamagazine.com\/es\/wp-content\/uploads\/sites\/12\/2026\/04\/ANILLO-PETUNIA-ROJA-AXO_1600x-copia-e1777369639768.jpg 1541w, https:\/\/graziamagazine.com\/es\/wp-content\/uploads\/sites\/12\/2026\/04\/ANILLO-PETUNIA-ROJA-AXO_1600x-copia-e1777369639768-300x202.jpg 300w, https:\/\/graziamagazine.com\/es\/wp-content\/uploads\/sites\/12\/2026\/04\/ANILLO-PETUNIA-ROJA-AXO_1600x-copia-e1777369639768-1024x689.jpg 1024w, https:\/\/graziamagazine.com\/es\/wp-content\/uploads\/sites\/12\/2026\/04\/ANILLO-PETUNIA-ROJA-AXO_1600x-copia-e1777369639768-768x517.jpg 768w, https:\/\/graziamagazine.com\/es\/wp-content\/uploads\/sites\/12\/2026\/04\/ANILLO-PETUNIA-ROJA-AXO_1600x-copia-e1777369639768-1536x1034.jpg 1536w, https:\/\/graziamagazine.com\/es\/wp-content\/uploads\/sites\/12\/2026\/04\/ANILLO-PETUNIA-ROJA-AXO_1600x-copia-e1777369639768-400x269.jpg 400w, https:\/\/graziamagazine.com\/es\/wp-content\/uploads\/sites\/12\/2026\/04\/ANILLO-PETUNIA-ROJA-AXO_1600x-copia-e1777369639768-155x104.jpg 155w\" sizes=\"(max-width: 1541px) 100vw, 1541px\" \/><\/p>\n<p data-olk-copy-source=\"MessageBody\"><a href=\"https:\/\/kiwipomelo.com\/collections\/anillos\/products\/petunia-roja\" target=\"_blank\">Su precio es de 85 euros en la web de la marca\u00a0\u00a0<\/a><\/p>\n<div><\/div>\n<p class=\"short-description\"><strong>Bolso de mano coraz\u00f3n, de Pull and Bear<\/strong><\/p>\n<p class=\"long-description\">Bolso de mano con detalle de asa en forma de coraz\u00f3n se cierra mediante im\u00e1n.<\/p>\n<p><img loading=\"lazy\" decoding=\"async\" class=\"aligncenter size-full wp-image-194221\" src=\"https:\/\/graziamagazine.com\/es\/wp-content\/uploads\/sites\/12\/2026\/04\/14099740020-M-copia-e1777306706199.jpg\" alt=\"\" width=\"720\" height=\"585\" srcset=\"https:\/\/graziamagazine.com\/es\/wp-content\/uploads\/sites\/12\/2026\/04\/14099740020-M-copia-e1777306706199.jpg 720w, https:\/\/graziamagazine.com\/es\/wp-content\/uploads\/sites\/12\/2026\/04\/14099740020-M-copia-e1777306706199-300x244.jpg 300w, https:\/\/graziamagazine.com\/es\/wp-content\/uploads\/sites\/12\/2026\/04\/14099740020-M-copia-e1777306706199-400x325.jpg 400w, https:\/\/graziamagazine.com\/es\/wp-content\/uploads\/sites\/12\/2026\/04\/14099740020-M-copia-e1777306706199-155x126.jpg 155w\" sizes=\"(max-width: 720px) 100vw, 720px\" \/><\/p>\n<p><a href=\"https:\/\/www.pullandbear.com\/es\/bolso-de-mano-corazon-l14099740?pelement=725223964&amp;cS=020&amp;utm_source=google&amp;utm_medium=organic&amp;utm_campaign=shopping_organic\" target=\"_blank\">Su precio es de 25,99 euros en la web de la marca<\/a><\/p>\n<p><strong>Perfume Thank U, Next de Ariana Grande<\/strong><\/p>\n<p>La fragancia m\u00e1s reciente de Ariana Grande, Thank U, Next, se abre con jugosas notas de pera brillante y blanca junto a frambuesa silvestre que se suavizan con un coraz\u00f3n de coco cremoso y delicados p\u00e9talos rosas de rosa. El almizcle aterciopelado junto al az\u00facar de macaroon agrega feminidad juguetona. Lleno de actitud, lleno de dulzura.<\/p>\n<p><img loading=\"lazy\" decoding=\"async\" class=\"aligncenter size-full wp-image-194225\" src=\"https:\/\/graziamagazine.com\/es\/wp-content\/uploads\/sites\/12\/2026\/04\/a6uBlz344564-0-global-copia-e1777307567426.jpg\" alt=\"\" width=\"883\" height=\"682\" srcset=\"https:\/\/graziamagazine.com\/es\/wp-content\/uploads\/sites\/12\/2026\/04\/a6uBlz344564-0-global-copia-e1777307567426.jpg 883w, https:\/\/graziamagazine.com\/es\/wp-content\/uploads\/sites\/12\/2026\/04\/a6uBlz344564-0-global-copia-e1777307567426-300x232.jpg 300w, https:\/\/graziamagazine.com\/es\/wp-content\/uploads\/sites\/12\/2026\/04\/a6uBlz344564-0-global-copia-e1777307567426-768x593.jpg 768w, https:\/\/graziamagazine.com\/es\/wp-content\/uploads\/sites\/12\/2026\/04\/a6uBlz344564-0-global-copia-e1777307567426-400x309.jpg 400w, https:\/\/graziamagazine.com\/es\/wp-content\/uploads\/sites\/12\/2026\/04\/a6uBlz344564-0-global-copia-e1777307567426-155x120.jpg 155w\" sizes=\"(max-width: 883px) 100vw, 883px\" \/><\/p>\n<p><a href=\"https:\/\/www.douglas.es\/es\/p\/5000004066?variant=344564&amp;trac=DO_ES.01.01_Shopping.P_Shopping.Google.20989991896..344564.local.PM&amp;gad_source=1&amp;gad_campaignid=20979970470&amp;gbraid=0AAAAADlj_C5zZUHiudqNea-hJxfcEtKfS&amp;gclid=EAIaIQobChMI19SSj7qOlAMVtmxBAh2MIyo9EAQYCCABEgKgZvD_BwE\" target=\"_blank\">Su precio es de 54,99 euros (50ml) en la web de Douglas<\/a><\/p>\n<p><strong>Set 4 Esponjas Coraz\u00f3n, de You Are the Princess<\/strong><\/p>\n<p>Esponjas aplicadoras de cosm\u00e9ticos l\u00edquidos, en crema o polvo. Proporcionan un acabado homog\u00e9neo y natural para lucir una piel jugosa y sana.<\/p>\n<p>Su forma se adapta a todos los rincones de la piel. Podr\u00e1s llegar con precisi\u00f3n a las zonas m\u00e1s complicadas del rostro como el contorno de los ojos, nariz o boca. Su porosidad permite la absorci\u00f3n justa del producto y su liberaci\u00f3n equilibrada en la piel.<\/p>\n<p><img loading=\"lazy\" decoding=\"async\" class=\"aligncenter wp-image-194228 size-full\" src=\"https:\/\/graziamagazine.com\/es\/wp-content\/uploads\/sites\/12\/2026\/04\/8435638094640_cf8ae618-c2f9-4d34-8ee3-73f57242d795-copia-e1777308293444.jpg\" alt=\"\" width=\"484\" height=\"415\" srcset=\"https:\/\/graziamagazine.com\/es\/wp-content\/uploads\/sites\/12\/2026\/04\/8435638094640_cf8ae618-c2f9-4d34-8ee3-73f57242d795-copia-e1777308293444.jpg 484w, https:\/\/graziamagazine.com\/es\/wp-content\/uploads\/sites\/12\/2026\/04\/8435638094640_cf8ae618-c2f9-4d34-8ee3-73f57242d795-copia-e1777308293444-300x257.jpg 300w, https:\/\/graziamagazine.com\/es\/wp-content\/uploads\/sites\/12\/2026\/04\/8435638094640_cf8ae618-c2f9-4d34-8ee3-73f57242d795-copia-e1777308293444-400x343.jpg 400w, https:\/\/graziamagazine.com\/es\/wp-content\/uploads\/sites\/12\/2026\/04\/8435638094640_cf8ae618-c2f9-4d34-8ee3-73f57242d795-copia-e1777308293444-155x133.jpg 155w\" sizes=\"(max-width: 484px) 100vw, 484px\" \/><\/p>\n<p><a href=\"https:\/\/www.primor.eu\/es_es\/you-are-the-princess-must-have-set-4-esponjas-corazon-love-sponges-81995.html#tabs\" target=\"_blank\">Su precio es de 3,99 euros en Primor<\/a><\/p>\n<div class=\"MuiBox-root mui-latin-gav99u\" title=\"Piel de becerro rosa y verde con metal dorado\" role=\"alert\" aria-live=\"polite\" data-testid=\"fashion-product-subtitle\">\n<p class=\"the-product-details__title\"><strong>Pa\u00f1uelo flores Ikat fucsia, de Bimba y Lola<\/strong><\/p>\n<p><img loading=\"lazy\" decoding=\"async\" class=\"aligncenter size-full wp-image-194229\" src=\"https:\/\/graziamagazine.com\/es\/wp-content\/uploads\/sites\/12\/2026\/04\/261BAPN15_10306_D_2-copia-e1777308742416.jpg\" alt=\"\" width=\"1034\" height=\"977\" srcset=\"https:\/\/graziamagazine.com\/es\/wp-content\/uploads\/sites\/12\/2026\/04\/261BAPN15_10306_D_2-copia-e1777308742416.jpg 1034w, https:\/\/graziamagazine.com\/es\/wp-content\/uploads\/sites\/12\/2026\/04\/261BAPN15_10306_D_2-copia-e1777308742416-300x283.jpg 300w, https:\/\/graziamagazine.com\/es\/wp-content\/uploads\/sites\/12\/2026\/04\/261BAPN15_10306_D_2-copia-e1777308742416-1024x968.jpg 1024w, https:\/\/graziamagazine.com\/es\/wp-content\/uploads\/sites\/12\/2026\/04\/261BAPN15_10306_D_2-copia-e1777308742416-768x726.jpg 768w, https:\/\/graziamagazine.com\/es\/wp-content\/uploads\/sites\/12\/2026\/04\/261BAPN15_10306_D_2-copia-e1777308742416-400x378.jpg 400w, https:\/\/graziamagazine.com\/es\/wp-content\/uploads\/sites\/12\/2026\/04\/261BAPN15_10306_D_2-copia-e1777308742416-155x146.jpg 155w\" sizes=\"(max-width: 1034px) 100vw, 1034px\" \/><\/p>\n<p><a href=\"https:\/\/www.bimbaylola.com\/es_es\/panuelo-flores-ikat-fucsia-261BAPN15.10306.html\" target=\"_blank\">Su precio ahora es de 43,50 euros<\/a><\/p>\n<\/div>\n<p class=\"chakra-heading pdp-product-title css-1v0a7ty\" data-qa=\"pdp_txt_pdt_title\"><strong>C\u00e1rdigan ajustado con corazones, de Coach<\/strong><\/p>\n<p><img loading=\"lazy\" decoding=\"async\" class=\"aligncenter size-full wp-image-194230\" src=\"https:\/\/graziamagazine.com\/es\/wp-content\/uploads\/sites\/12\/2026\/04\/Captura-de-pantalla-2026-04-27-a-las-18.53.37.png\" alt=\"\" width=\"1378\" height=\"1062\" srcset=\"https:\/\/graziamagazine.com\/es\/wp-content\/uploads\/sites\/12\/2026\/04\/Captura-de-pantalla-2026-04-27-a-las-18.53.37.png 1378w, https:\/\/graziamagazine.com\/es\/wp-content\/uploads\/sites\/12\/2026\/04\/Captura-de-pantalla-2026-04-27-a-las-18.53.37-300x231.png 300w, https:\/\/graziamagazine.com\/es\/wp-content\/uploads\/sites\/12\/2026\/04\/Captura-de-pantalla-2026-04-27-a-las-18.53.37-1024x789.png 1024w, https:\/\/graziamagazine.com\/es\/wp-content\/uploads\/sites\/12\/2026\/04\/Captura-de-pantalla-2026-04-27-a-las-18.53.37-768x592.png 768w, https:\/\/graziamagazine.com\/es\/wp-content\/uploads\/sites\/12\/2026\/04\/Captura-de-pantalla-2026-04-27-a-las-18.53.37-400x308.png 400w, https:\/\/graziamagazine.com\/es\/wp-content\/uploads\/sites\/12\/2026\/04\/Captura-de-pantalla-2026-04-27-a-las-18.53.37-155x119.png 155w\" sizes=\"(max-width: 1378px) 100vw, 1378px\" \/><\/p>\n<p><a href=\"https:\/\/es.coach.com\/es_ES\/products\/c%C3%A1rdigan-ajustado-con-corazones\/CDI66-PIN.html?gad_source=1&amp;gad_campaignid=18387006161&amp;gbraid=0AAAAADNGy-QG3nPD1-jSCCuHVF_rqKUG4&amp;gclid=EAIaIQobChMIvfLh5r2OlAMVtaqDBx291BaVEAQYBCABEgKbZ_D_BwE\" target=\"_blank\">Su precio es 325 euros en la web de Coach<\/a><\/p>\n<p><span data-olk-copy-source=\"MessageBody\"><strong>Aceite Natural de rosa mosqueta, de Saluvital<\/strong> <\/span><\/p>\n<p><span data-olk-copy-source=\"MessageBody\">El Aceite Natural de Rosa Mosqueta 100% puro de Saluvital, obtenido por primera presi\u00f3n en fr\u00edo, presenta un elevado contenido en \u00e1cidos grasos esenciales (aproximadamente un 80% de su composici\u00f3n) que le confieren excelentes propiedades regeneradoras. Gracias adem\u00e1s a su contenido en antioxidantes, estimula la regeneraci\u00f3n y reparaci\u00f3n del tejido epid\u00e9rmico, por lo que aten\u00faa cicatrices, estr\u00edas, manchas y arrugas, previene el envejecimiento prematuro de la piel y difumina las manchas de la misma. Aroma sin al\u00e9rgenos.<\/span><\/p>\n<p><img loading=\"lazy\" decoding=\"async\" class=\"aligncenter wp-image-194234 size-full\" src=\"https:\/\/graziamagazine.com\/es\/wp-content\/uploads\/sites\/12\/2026\/04\/bf78b8f1-db86-fe38-b832-ea6a7f075cbc-scaled-e1777309735514.jpg\" alt=\"\" width=\"2513\" height=\"2295\" srcset=\"https:\/\/graziamagazine.com\/es\/wp-content\/uploads\/sites\/12\/2026\/04\/bf78b8f1-db86-fe38-b832-ea6a7f075cbc-scaled-e1777309735514.jpg 2513w, https:\/\/graziamagazine.com\/es\/wp-content\/uploads\/sites\/12\/2026\/04\/bf78b8f1-db86-fe38-b832-ea6a7f075cbc-scaled-e1777309735514-300x274.jpg 300w, https:\/\/graziamagazine.com\/es\/wp-content\/uploads\/sites\/12\/2026\/04\/bf78b8f1-db86-fe38-b832-ea6a7f075cbc-scaled-e1777309735514-1024x935.jpg 1024w, https:\/\/graziamagazine.com\/es\/wp-content\/uploads\/sites\/12\/2026\/04\/bf78b8f1-db86-fe38-b832-ea6a7f075cbc-scaled-e1777309735514-768x701.jpg 768w, https:\/\/graziamagazine.com\/es\/wp-content\/uploads\/sites\/12\/2026\/04\/bf78b8f1-db86-fe38-b832-ea6a7f075cbc-scaled-e1777309735514-1536x1403.jpg 1536w, https:\/\/graziamagazine.com\/es\/wp-content\/uploads\/sites\/12\/2026\/04\/bf78b8f1-db86-fe38-b832-ea6a7f075cbc-scaled-e1777309735514-2048x1870.jpg 2048w, https:\/\/graziamagazine.com\/es\/wp-content\/uploads\/sites\/12\/2026\/04\/bf78b8f1-db86-fe38-b832-ea6a7f075cbc-scaled-e1777309735514-400x365.jpg 400w, https:\/\/graziamagazine.com\/es\/wp-content\/uploads\/sites\/12\/2026\/04\/bf78b8f1-db86-fe38-b832-ea6a7f075cbc-scaled-e1777309735514-155x142.jpg 155w\" sizes=\"(max-width: 2513px) 100vw, 2513px\" \/><\/p>\n<p>Su precio recomendado es de 12,35 euros en farmacias y la web de la marca.<\/p>\n<p class=\"s-product__title\"><strong>Charm Mam\u00e1 Lovely Heart con ba\u00f1o de oro, de Singularu<\/strong><\/p>\n<p>Un colgante para collar circular y en forma de coraz\u00f3n con la palabra m\u00e1s bonita: mam\u00e1. A\u00f1ade este charm a tu collar o pulsera para convertir tus joyas en piezas muy especiales.<\/p>\n<p><img loading=\"lazy\" decoding=\"async\" class=\"aligncenter size-full wp-image-194231\" src=\"https:\/\/graziamagazine.com\/es\/wp-content\/uploads\/sites\/12\/2026\/04\/Captura-de-pantalla-2026-04-27-a-las-18.56.07.png\" alt=\"\" width=\"870\" height=\"576\" srcset=\"https:\/\/graziamagazine.com\/es\/wp-content\/uploads\/sites\/12\/2026\/04\/Captura-de-pantalla-2026-04-27-a-las-18.56.07.png 870w, https:\/\/graziamagazine.com\/es\/wp-content\/uploads\/sites\/12\/2026\/04\/Captura-de-pantalla-2026-04-27-a-las-18.56.07-300x199.png 300w, https:\/\/graziamagazine.com\/es\/wp-content\/uploads\/sites\/12\/2026\/04\/Captura-de-pantalla-2026-04-27-a-las-18.56.07-768x508.png 768w, https:\/\/graziamagazine.com\/es\/wp-content\/uploads\/sites\/12\/2026\/04\/Captura-de-pantalla-2026-04-27-a-las-18.56.07-400x265.png 400w, https:\/\/graziamagazine.com\/es\/wp-content\/uploads\/sites\/12\/2026\/04\/Captura-de-pantalla-2026-04-27-a-las-18.56.07-155x103.png 155w\" sizes=\"(max-width: 870px) 100vw, 870px\" \/><\/p>\n<p><a href=\"https:\/\/singularu.com\/products\/charm-mama-lovely-heart-oro\" target=\"_blank\">Su precio es de 22,99 euros en la web de la marca<\/a><\/p>\n<div class=\"product__liquid\" data-publication-date=\"2025\/11\/02 20:00\" data-expiration-date=\"\" data-timezone=\"Europe\/Madrid\">\n<div class=\"klaviyo-form-TQQdDM\">\n<p class=\"pdp-primary-information__product-name display--small-up\" data-mobile-overlay-url=\"null\"><strong>Converse x Comme des Gar\u00e7ons PLAY Chuck 70<\/strong><\/p>\n<div class=\"pdp-primary-information__container text-align--sm-center\" data-variants-target=\"\">\n<div class=\"pdp-primary-information__price body-type display--small-up\">\n<div class=\"pdp-primary-information__price flex flex-flow-wrap text-line--medium\">\n<div class=\"product-price\" data-product-price=\"\">\n<div class=\"price-wrapper \">\n<p class=\"pdp-tab__content text-align--sm-center\">Lleva el coraz\u00f3n tambi\u00e9n en los pies con las Converse x Comme des Gar\u00e7ons PLAY Chuck 70. Este dise\u00f1o de estilo urbano cuenta con los detalles premium de las Chuck que conoces y te encantan, a juego con un extravagante coraz\u00f3n con ojos justo encima de la suela. Decir que atraer\u00e1n todas las miradas es quedarse corto.<\/p>\n<p><img loading=\"lazy\" decoding=\"async\" class=\"aligncenter size-full wp-image-194232\" src=\"https:\/\/graziamagazine.com\/es\/wp-content\/uploads\/sites\/12\/2026\/04\/150205C_A_107X1-e1777309380327.jpg\" alt=\"\" width=\"943\" height=\"546\" srcset=\"https:\/\/graziamagazine.com\/es\/wp-content\/uploads\/sites\/12\/2026\/04\/150205C_A_107X1-e1777309380327.jpg 943w, https:\/\/graziamagazine.com\/es\/wp-content\/uploads\/sites\/12\/2026\/04\/150205C_A_107X1-e1777309380327-300x174.jpg 300w, https:\/\/graziamagazine.com\/es\/wp-content\/uploads\/sites\/12\/2026\/04\/150205C_A_107X1-e1777309380327-768x445.jpg 768w, https:\/\/graziamagazine.com\/es\/wp-content\/uploads\/sites\/12\/2026\/04\/150205C_A_107X1-e1777309380327-400x232.jpg 400w, https:\/\/graziamagazine.com\/es\/wp-content\/uploads\/sites\/12\/2026\/04\/150205C_A_107X1-e1777309380327-155x90.jpg 155w\" sizes=\"(max-width: 943px) 100vw, 943px\" \/><\/p>\n<p><a href=\"https:\/\/www.converse.com\/es\/shop\/p\/converse-x-comme-des-garcons-play-chuck-70-unisex\/A08792C_060.html?pid=150205MP&amp;dwvar_150205MP_color=milk%2Fwhite%2Fhigh%20risk%20red&amp;dwvar_150205MP_size=060&amp;styleNo=A08792C&amp;pdp=true&amp;_gl=1*1fgm76i*_up*MQ..*_gs*MQ..&amp;gclid=EAIaIQobChMIvfLh5r2OlAMVtaqDBx291BaVEAkYBSABEgKkV_D_BwE&amp;gclsrc=aw.ds&amp;gbraid=0AAAAADf3TVfTw7LN0HmvJ4P_yK4Rw8uJx\" target=\"_blank\">Su precio es de 150 euros en la web de la marca<\/a><\/p>\n<p><strong>Falda con cintur\u00f3n y estampado floral, de Zara<\/strong><\/p>\n<p><img loading=\"lazy\" decoding=\"async\" class=\"aligncenter size-full wp-image-194233\" src=\"https:\/\/graziamagazine.com\/es\/wp-content\/uploads\/sites\/12\/2026\/04\/03897077330-e1777309609266.jpg\" alt=\"\" width=\"977\" height=\"934\" srcset=\"https:\/\/graziamagazine.com\/es\/wp-content\/uploads\/sites\/12\/2026\/04\/03897077330-e1777309609266.jpg 977w, https:\/\/graziamagazine.com\/es\/wp-content\/uploads\/sites\/12\/2026\/04\/03897077330-e1777309609266-300x287.jpg 300w, https:\/\/graziamagazine.com\/es\/wp-content\/uploads\/sites\/12\/2026\/04\/03897077330-e1777309609266-768x734.jpg 768w, https:\/\/graziamagazine.com\/es\/wp-content\/uploads\/sites\/12\/2026\/04\/03897077330-e1777309609266-400x382.jpg 400w, https:\/\/graziamagazine.com\/es\/wp-content\/uploads\/sites\/12\/2026\/04\/03897077330-e1777309609266-155x148.jpg 155w\" sizes=\"(max-width: 977px) 100vw, 977px\" \/><\/p>\n<p><a href=\"https:\/\/www.zara.com\/es\/es\/falda-midi-cinturon-estampado-floral-p03897077.html?v1=500301018\" target=\"_blank\">Su precio es de 35,95 euros\u00a0<\/a><\/p>\n<\/div>\n<\/div>\n<\/div>\n<\/div>\n<p><strong>Cintur\u00f3n lirio rosa, de Kiwipomelo<\/strong><\/p>\n<p>Como un rayo de sol atrapado en una flor. Este cintur\u00f3n de cuero, de l\u00edneas limpias y alma salvaje, se cierra con una hebilla de metacrilato rosa nacarado en forma de Lirio: una joya inesperada que brota en la cintura como si el verano no tuviera fin.<\/p>\n<p><img loading=\"lazy\" decoding=\"async\" class=\"aligncenter size-full wp-image-194243\" src=\"https:\/\/graziamagazine.com\/es\/wp-content\/uploads\/sites\/12\/2026\/04\/CINTURON-LIRIO-2_1600x-copia-e1777369829505.jpg\" alt=\"\" width=\"1528\" height=\"1024\" srcset=\"https:\/\/graziamagazine.com\/es\/wp-content\/uploads\/sites\/12\/2026\/04\/CINTURON-LIRIO-2_1600x-copia-e1777369829505.jpg 1528w, https:\/\/graziamagazine.com\/es\/wp-content\/uploads\/sites\/12\/2026\/04\/CINTURON-LIRIO-2_1600x-copia-e1777369829505-300x201.jpg 300w, https:\/\/graziamagazine.com\/es\/wp-content\/uploads\/sites\/12\/2026\/04\/CINTURON-LIRIO-2_1600x-copia-e1777369829505-1024x686.jpg 1024w, https:\/\/graziamagazine.com\/es\/wp-content\/uploads\/sites\/12\/2026\/04\/CINTURON-LIRIO-2_1600x-copia-e1777369829505-768x515.jpg 768w, https:\/\/graziamagazine.com\/es\/wp-content\/uploads\/sites\/12\/2026\/04\/CINTURON-LIRIO-2_1600x-copia-e1777369829505-400x268.jpg 400w, https:\/\/graziamagazine.com\/es\/wp-content\/uploads\/sites\/12\/2026\/04\/CINTURON-LIRIO-2_1600x-copia-e1777369829505-155x104.jpg 155w\" sizes=\"(max-width: 1528px) 100vw, 1528px\" \/><\/p>\n<p><a href=\"https:\/\/kiwipomelo.com\/collections\/cinturones\/products\/cinturon-lirio-rosa\" target=\"_blank\">Su precio es de 110 euros en la web de la marca<\/a><\/p>\n<\/div>\n<\/div>\n<\/div>\n<div class=\"product__liquid\" data-publication-date=\"2025\/10\/02 20:00\" data-expiration-date=\"\" data-timezone=\"Europe\/Madrid\">\n<p><strong>Camisa Flor Gloss, de Desigual<\/strong><\/p>\n<div class=\"product-price-info\"><\/div>\n<div class=\"prices d-flex flex-wrap mb-0\">\n<p class=\"price mr-1 d-flex text-nowrap\">Camisa de corte oversize en color liso con print de gran flor, l\u00edneas de color que caen por el lateral y botones estampados.<\/p>\n<p><img loading=\"lazy\" decoding=\"async\" class=\"aligncenter size-full wp-image-194235\" src=\"https:\/\/graziamagazine.com\/es\/wp-content\/uploads\/sites\/12\/2026\/04\/26SWCW18_1000_J-copia-e1777310069566.jpg\" alt=\"\" width=\"1049\" height=\"984\" srcset=\"https:\/\/graziamagazine.com\/es\/wp-content\/uploads\/sites\/12\/2026\/04\/26SWCW18_1000_J-copia-e1777310069566.jpg 1049w, https:\/\/graziamagazine.com\/es\/wp-content\/uploads\/sites\/12\/2026\/04\/26SWCW18_1000_J-copia-e1777310069566-300x281.jpg 300w, https:\/\/graziamagazine.com\/es\/wp-content\/uploads\/sites\/12\/2026\/04\/26SWCW18_1000_J-copia-e1777310069566-1024x961.jpg 1024w, https:\/\/graziamagazine.com\/es\/wp-content\/uploads\/sites\/12\/2026\/04\/26SWCW18_1000_J-copia-e1777310069566-768x720.jpg 768w, https:\/\/graziamagazine.com\/es\/wp-content\/uploads\/sites\/12\/2026\/04\/26SWCW18_1000_J-copia-e1777310069566-400x375.jpg 400w, https:\/\/graziamagazine.com\/es\/wp-content\/uploads\/sites\/12\/2026\/04\/26SWCW18_1000_J-copia-e1777310069566-155x145.jpg 155w\" sizes=\"(max-width: 1049px) 100vw, 1049px\" \/><\/p>\n<p class=\"price mr-1 d-flex text-nowrap\"><a href=\"https:\/\/www.desigual.com\/es_ES\/26SWCW181000M.html?tduid=6b9e23c8469cea69a5172f85f814d4bd&amp;progId=286736&amp;affId=3015066&amp;utm_source=tradedoubler&amp;utm_medium=affiliate&amp;utm_content=TradeTracker_ES&amp;utm_campaign=AFF_Affiliation_ES_AFF_Desigual&amp;utm_term=TradeTracker_ES\" target=\"_blank\">Su precio es de 79,95 euros en la web de la marca<\/a><\/p>\n<\/div>\n<\/div>\n<p class=\"pdp-details__title js-pdp-details-title\"><strong>Dior Forever Nude Bronze Glow, en edici\u00f3n limitada<\/strong><\/p>\n<p>Este verano, los polvos broceadores Dior Forever Nude Bronze Glow se presentan en una nueva edici\u00f3n limitada. Se visten con un estuche bordado con el ic\u00f3nico motivo cannage cubierto de margaritas, sobre el que se posa una mariquita como un gui\u00f1o al amuleto de la suerte de Christian Dior. El polvo desvela un motivo de margaritas, inspirado en las nuevas creaciones couture y cuyos detalles se ven realzados gracias a las part\u00edculas nacaradas bronce en la superficie.<\/p>\n<p><img loading=\"lazy\" decoding=\"async\" class=\"aligncenter size-full wp-image-194236\" src=\"https:\/\/graziamagazine.com\/es\/wp-content\/uploads\/sites\/12\/2026\/04\/Y0000248_E000001660_E01_RHC-copia-e1777310405799.jpg\" alt=\"\" width=\"1264\" height=\"921\" srcset=\"https:\/\/graziamagazine.com\/es\/wp-content\/uploads\/sites\/12\/2026\/04\/Y0000248_E000001660_E01_RHC-copia-e1777310405799.jpg 1264w, https:\/\/graziamagazine.com\/es\/wp-content\/uploads\/sites\/12\/2026\/04\/Y0000248_E000001660_E01_RHC-copia-e1777310405799-300x219.jpg 300w, https:\/\/graziamagazine.com\/es\/wp-content\/uploads\/sites\/12\/2026\/04\/Y0000248_E000001660_E01_RHC-copia-e1777310405799-1024x746.jpg 1024w, https:\/\/graziamagazine.com\/es\/wp-content\/uploads\/sites\/12\/2026\/04\/Y0000248_E000001660_E01_RHC-copia-e1777310405799-768x560.jpg 768w, https:\/\/graziamagazine.com\/es\/wp-content\/uploads\/sites\/12\/2026\/04\/Y0000248_E000001660_E01_RHC-copia-e1777310405799-400x291.jpg 400w, https:\/\/graziamagazine.com\/es\/wp-content\/uploads\/sites\/12\/2026\/04\/Y0000248_E000001660_E01_RHC-copia-e1777310405799-155x113.jpg 155w\" sizes=\"(max-width: 1264px) 100vw, 1264px\" \/><\/p>\n<p><a href=\"https:\/\/www.dior.com\/es_es\/beauty\/products\/dior-forever-nude-bronze-glow---edicion-limitada-Y0000248.html\" target=\"_blank\">Su precio es de 69 euros en la web de Dior<\/a><\/p>\n<div class=\"pdp-details__summary\"><em>*Im\u00e1genes: Pexels y cortes\u00eda<\/em><\/div>\n<div class=\"row s-product__price s-product__price--\">\n<div class=\"col\">\n<div id=\"price-template--28116955726157__main\" class=\"no-js-hidden\" role=\"status\">\n<div class=\"product-price price--large\"><\/div>\n<\/div>\n<\/div>\n<\/div>\n<div class=\"MuiBox-root mui-latin-gav99u\" title=\"Piel de becerro rosa y verde con metal dorado\" role=\"alert\" aria-live=\"polite\" data-testid=\"fashion-product-subtitle\">\n<p>&nbsp;<\/p>\n<\/div>\n","protected":false},"author":11653,"featured_media":194224,"template":"","format":"standard","categories":[18],"acf":[],"yoast_head":"<!-- This site is optimized with the Yoast SEO Premium plugin v18.5 (Yoast SEO v20.4) - https:\/\/yoast.com\/wordpress\/plugins\/seo\/ -->\n<title>Flores y corazones: regalos para el D\u00eda de la Madre<\/title>\n<meta name=\"description\" content=\"Sorprende a mam\u00e1 con flores y corazones, pero esta vez en versi\u00f3n beauty, en accesorios o en moda para su d\u00eda m\u00e1s especial.\" \/>\n<meta name=\"robots\" content=\"index, follow, max-snippet:-1, max-image-preview:large, max-video-preview:-1\" \/>\n<link rel=\"canonical\" href=\"https:\/\/graziamagazine.com\/es\/articles\/flores-y-corazones-regalos-para-el-dia-de-la-madre\/\" \/>\n<meta property=\"og:locale\" content=\"es_ES\" \/>\n<meta property=\"og:type\" content=\"article\" \/>\n<meta property=\"og:title\" content=\"Flores y corazones: regalos para el D\u00eda de la Madre\" \/>\n<meta property=\"og:description\" content=\"Sorprende a mam\u00e1 con flores y corazones, pero esta vez en versi\u00f3n beauty, en accesorios o en moda para su d\u00eda m\u00e1s especial.\" \/>\n<meta property=\"og:url\" content=\"https:\/\/graziamagazine.com\/es\/articles\/flores-y-corazones-regalos-para-el-dia-de-la-madre\/\" \/>\n<meta property=\"og:site_name\" content=\"Grazia\" \/>\n<meta property=\"article:modified_time\" content=\"2026-04-28T10:06:14+00:00\" \/>\n<meta property=\"og:image\" content=\"https:\/\/graziamagazine.com\/es\/wp-content\/uploads\/sites\/12\/2026\/04\/d8117995-2091-d673-c8cc-88c5b609970f.jpg\" \/>\n\t<meta property=\"og:image:width\" content=\"2016\" \/>\n\t<meta property=\"og:image:height\" content=\"1344\" \/>\n\t<meta property=\"og:image:type\" content=\"image\/jpeg\" \/>\n<meta name=\"twitter:card\" content=\"summary_large_image\" \/>\n<meta name=\"twitter:label1\" content=\"Est. reading time\" \/>\n\t<meta name=\"twitter:data1\" content=\"9 minutos\" \/>\n<script type=\"application\/ld+json\" class=\"yoast-schema-graph\">{\"@context\":\"https:\/\/schema.org\",\"@graph\":[{\"@type\":\"WebPage\",\"@id\":\"https:\/\/graziamagazine.com\/es\/articles\/flores-y-corazones-regalos-para-el-dia-de-la-madre\/\",\"url\":\"https:\/\/graziamagazine.com\/es\/articles\/flores-y-corazones-regalos-para-el-dia-de-la-madre\/\",\"name\":\"Flores y corazones: regalos para el D\u00eda de la Madre\",\"isPartOf\":{\"@id\":\"https:\/\/graziamagazine.com\/es\/#website\"},\"datePublished\":\"2026-04-28T06:00:45+00:00\",\"dateModified\":\"2026-04-28T10:06:14+00:00\",\"description\":\"Sorprende a mam\u00e1 con flores y corazones, pero esta vez en versi\u00f3n beauty, en accesorios o en moda para su d\u00eda m\u00e1s especial.\",\"breadcrumb\":{\"@id\":\"https:\/\/graziamagazine.com\/es\/articles\/flores-y-corazones-regalos-para-el-dia-de-la-madre\/#breadcrumb\"},\"inLanguage\":\"es\",\"potentialAction\":[{\"@type\":\"ReadAction\",\"target\":[\"https:\/\/graziamagazine.com\/es\/articles\/flores-y-corazones-regalos-para-el-dia-de-la-madre\/\"]}]},{\"@type\":\"BreadcrumbList\",\"@id\":\"https:\/\/graziamagazine.com\/es\/articles\/flores-y-corazones-regalos-para-el-dia-de-la-madre\/#breadcrumb\",\"itemListElement\":[{\"@type\":\"ListItem\",\"position\":1,\"name\":\"Portada\",\"item\":\"https:\/\/graziamagazine.com\/es\/\"},{\"@type\":\"ListItem\",\"position\":2,\"name\":\"Flores y corazones: regalos para el D\u00eda de la Madre\"}]},{\"@type\":\"WebSite\",\"@id\":\"https:\/\/graziamagazine.com\/es\/#website\",\"url\":\"https:\/\/graziamagazine.com\/es\/\",\"name\":\"Grazia\",\"description\":\"Moda, belleza, celebrities, estilo de vida...\",\"potentialAction\":[{\"@type\":\"SearchAction\",\"target\":{\"@type\":\"EntryPoint\",\"urlTemplate\":\"https:\/\/graziamagazine.com\/es\/?s={search_term_string}\"},\"query-input\":\"required name=search_term_string\"}],\"inLanguage\":\"es\"}]}<\/script>\n<!-- \/ Yoast SEO Premium plugin. -->","yoast_head_json":{"title":"Flores y corazones: regalos para el D\u00eda de la Madre","description":"Sorprende a mam\u00e1 con flores y corazones, pero esta vez en versi\u00f3n beauty, en accesorios o en moda para su d\u00eda m\u00e1s especial.","robots":{"index":"index","follow":"follow","max-snippet":"max-snippet:-1","max-image-preview":"max-image-preview:large","max-video-preview":"max-video-preview:-1"},"canonical":"https:\/\/graziamagazine.com\/es\/articles\/flores-y-corazones-regalos-para-el-dia-de-la-madre\/","og_locale":"es_ES","og_type":"article","og_title":"Flores y corazones: regalos para el D\u00eda de la Madre","og_description":"Sorprende a mam\u00e1 con flores y corazones, pero esta vez en versi\u00f3n beauty, en accesorios o en moda para su d\u00eda m\u00e1s especial.","og_url":"https:\/\/graziamagazine.com\/es\/articles\/flores-y-corazones-regalos-para-el-dia-de-la-madre\/","og_site_name":"Grazia","article_modified_time":"2026-04-28T10:06:14+00:00","og_image":[{"width":2016,"height":1344,"url":"https:\/\/graziamagazine.com\/es\/wp-content\/uploads\/sites\/12\/2026\/04\/d8117995-2091-d673-c8cc-88c5b609970f.jpg","type":"image\/jpeg"}],"twitter_card":"summary_large_image","twitter_misc":{"Est. reading time":"9 minutos"},"schema":{"@context":"https:\/\/schema.org","@graph":[{"@type":"WebPage","@id":"https:\/\/graziamagazine.com\/es\/articles\/flores-y-corazones-regalos-para-el-dia-de-la-madre\/","url":"https:\/\/graziamagazine.com\/es\/articles\/flores-y-corazones-regalos-para-el-dia-de-la-madre\/","name":"Flores y corazones: regalos para el D\u00eda de la Madre","isPartOf":{"@id":"https:\/\/graziamagazine.com\/es\/#website"},"datePublished":"2026-04-28T06:00:45+00:00","dateModified":"2026-04-28T10:06:14+00:00","description":"Sorprende a mam\u00e1 con flores y corazones, pero esta vez en versi\u00f3n beauty, en accesorios o en moda para su d\u00eda m\u00e1s especial.","breadcrumb":{"@id":"https:\/\/graziamagazine.com\/es\/articles\/flores-y-corazones-regalos-para-el-dia-de-la-madre\/#breadcrumb"},"inLanguage":"es","potentialAction":[{"@type":"ReadAction","target":["https:\/\/graziamagazine.com\/es\/articles\/flores-y-corazones-regalos-para-el-dia-de-la-madre\/"]}]},{"@type":"BreadcrumbList","@id":"https:\/\/graziamagazine.com\/es\/articles\/flores-y-corazones-regalos-para-el-dia-de-la-madre\/#breadcrumb","itemListElement":[{"@type":"ListItem","position":1,"name":"Portada","item":"https:\/\/graziamagazine.com\/es\/"},{"@type":"ListItem","position":2,"name":"Flores y corazones: regalos para el D\u00eda de la Madre"}]},{"@type":"WebSite","@id":"https:\/\/graziamagazine.com\/es\/#website","url":"https:\/\/graziamagazine.com\/es\/","name":"Grazia","description":"Moda, belleza, celebrities, estilo de vida...","potentialAction":[{"@type":"SearchAction","target":{"@type":"EntryPoint","urlTemplate":"https:\/\/graziamagazine.com\/es\/?s={search_term_string}"},"query-input":"required name=search_term_string"}],"inLanguage":"es"}]}},"jetpack_sharing_enabled":true,"distributor_meta":false,"distributor_terms":false,"distributor_media":false,"distributor_original_site_name":"Grazia","distributor_original_site_url":"https:\/\/graziamagazine.com\/es","push-errors":false,"_links":{"self":[{"href":"https:\/\/graziamagazine.com\/es\/wp-json\/wp\/v2\/articles\/194219"}],"collection":[{"href":"https:\/\/graziamagazine.com\/es\/wp-json\/wp\/v2\/articles"}],"about":[{"href":"https:\/\/graziamagazine.com\/es\/wp-json\/wp\/v2\/types\/articles"}],"author":[{"embeddable":true,"href":"https:\/\/graziamagazine.com\/es\/wp-json\/wp\/v2\/users\/11653"}],"wp:featuredmedia":[{"embeddable":true,"href":"https:\/\/graziamagazine.com\/es\/wp-json\/wp\/v2\/media\/194224"}],"wp:attachment":[{"href":"https:\/\/graziamagazine.com\/es\/wp-json\/wp\/v2\/media?parent=194219"}],"wp:term":[{"taxonomy":"category","embeddable":true,"href":"https:\/\/graziamagazine.com\/es\/wp-json\/wp\/v2\/categories?post=194219"}],"curies":[{"name":"wp","href":"https:\/\/api.w.org\/{rel}","templated":true}]}}