{"id":194214,"date":"2026-04-27T13:05:49","date_gmt":"2026-04-27T11:05:49","guid":{"rendered":"https:\/\/graziamagazine.com\/es\/?post_type=articles&#038;p=194214"},"modified":"2026-04-27T13:30:50","modified_gmt":"2026-04-27T11:30:50","slug":"max-mara-presentara-su-desfile-crucero-en-shanghai","status":"publish","type":"articles","link":"https:\/\/graziamagazine.com\/es\/articles\/max-mara-presentara-su-desfile-crucero-en-shanghai\/","title":{"rendered":"Max Mara presentar\u00e1 su desfile Crucero en Shangh\u00e1i"},"content":{"rendered":"<p>La temporada de desfiles de la Colecci\u00f3n Crucero est\u00e1 a punto de comenzar. Cada a\u00f1o las firmas de moda eligen nuevos y espectaculares espacios para celebrar sus desfiles Resort: castillos, museos, grandes jardines.<\/p>\n<p>La casa italiana Max Mara acaba de anunciar que su desfile Resort 2027 se presentar\u00e1 en el <span class=\"HwtZe\" lang=\"es\"><span class=\"jCAhz ChMk0b\"><span class=\"ryNqvb\"><a href=\"http:\/\/www.thelongmuseum.org\/en\/\" target=\"_blank\">Museo Long West Bund<\/a> de Shangh\u00e1i, en China. Ser\u00e1 el pr\u00f3ximo 16 de junio, y esta especial localizaci\u00f3n contin\u00faa la estela de ediciones pasadas tambi\u00e9n celebraras en museos: en 2019 en el Neues Museum de Berl\u00edn y el de 2024 en el Palacio Ducal de Venecia.<\/span><\/span><\/span><\/p>\n<p><img loading=\"lazy\" decoding=\"async\" class=\"aligncenter size-full wp-image-194217\" src=\"https:\/\/graziamagazine.com\/es\/wp-content\/uploads\/sites\/12\/2026\/04\/Courtesy-of-the-Long-Museum-West-Bund.jpg\" alt=\"\" width=\"1500\" height=\"2190\" srcset=\"https:\/\/graziamagazine.com\/es\/wp-content\/uploads\/sites\/12\/2026\/04\/Courtesy-of-the-Long-Museum-West-Bund.jpg 1500w, https:\/\/graziamagazine.com\/es\/wp-content\/uploads\/sites\/12\/2026\/04\/Courtesy-of-the-Long-Museum-West-Bund-205x300.jpg 205w, https:\/\/graziamagazine.com\/es\/wp-content\/uploads\/sites\/12\/2026\/04\/Courtesy-of-the-Long-Museum-West-Bund-701x1024.jpg 701w, https:\/\/graziamagazine.com\/es\/wp-content\/uploads\/sites\/12\/2026\/04\/Courtesy-of-the-Long-Museum-West-Bund-768x1121.jpg 768w, https:\/\/graziamagazine.com\/es\/wp-content\/uploads\/sites\/12\/2026\/04\/Courtesy-of-the-Long-Museum-West-Bund-1052x1536.jpg 1052w, https:\/\/graziamagazine.com\/es\/wp-content\/uploads\/sites\/12\/2026\/04\/Courtesy-of-the-Long-Museum-West-Bund-1403x2048.jpg 1403w, https:\/\/graziamagazine.com\/es\/wp-content\/uploads\/sites\/12\/2026\/04\/Courtesy-of-the-Long-Museum-West-Bund-400x584.jpg 400w, https:\/\/graziamagazine.com\/es\/wp-content\/uploads\/sites\/12\/2026\/04\/Courtesy-of-the-Long-Museum-West-Bund-147x215.jpg 147w\" sizes=\"(max-width: 1500px) 100vw, 1500px\" \/><\/p>\n<p>La casa de lujo italiana ha anunciado tambi\u00e9n que el desfile ser\u00e1 la antesala de &#8216;The Max&#8217;, una exposici\u00f3n comisariada por el reconocido experto franc\u00e9s en moda\u00a0Olivier Saillard, que celebra los 75 a\u00f1os de Max Mara.<\/p>\n<h3>El museo Long West Bund<\/h3>\n<p><span dir=\"auto\">El Museo Long es un museo de arte privado fundado por el matrimonio de coleccionistas de arte, el Sr. Liu Yiqian y la Sra. Wang Wei. El museo se ubica en tres lugares emblem\u00e1ticos de Shangh\u00e1i y Chongqing: el Museo Long Pudong, el Museo Long West Bund y el Museo Long Chongqing. Estos conforman un ecosistema \u00fanico de\u00a0<\/span><span dir=\"auto\">\u00abun museo, dos ciudades, tres ubicaciones\u00bb. El Museo Long es uno de los mejores museos de arte privados de China y alberga una extensa colecci\u00f3n de obras de arte que abarcan diferentes pa\u00edses y generaciones.\u00a0<\/span><\/p>\n<div class=\"page-main son fi-page-main\">\n<div class=\"page-main-right\">\n<p class=\"page-main-right-content\"><span dir=\"auto\">Como coleccionistas de arte de renombre mundial, la colecci\u00f3n de Liu y Wang en el Museo Long cubre m\u00faltiples categor\u00edas, incluyendo arte chino tradicional y contempor\u00e1neo, arte revolucionario chino, as\u00ed como otras obras de arte contempor\u00e1neo provenientes de diversas partes del mundo, como Asia, Europa y Estados Unidos. La colecci\u00f3n es integral y de gran tama\u00f1o. El Museo Long est\u00e1 comprometido con las exposiciones de arte, la investigaci\u00f3n, el coleccionismo y la promoci\u00f3n de la educaci\u00f3n p\u00fablica. Creemos que es nuestra responsabilidad impulsar el desarrollo y el legado del arte. Al mismo tiempo, centramos gran parte de nuestra investigaci\u00f3n en las fascinantes conexiones que surgen entre el arte antiguo y el moderno, el arte oriental y el occidental, presentando las sutiles diversidades del arte desde una perspectiva global. El museo busca mostrar los brillantes logros de la historia del arte chino junto con la nueva perspectiva que el arte chino contempor\u00e1neo aporta al mundo. Nuestros esfuerzos nos han convertido en un museo privado de renombre internacional.<\/span><\/p>\n<p><img loading=\"lazy\" decoding=\"async\" class=\"aligncenter size-full wp-image-194218\" src=\"https:\/\/graziamagazine.com\/es\/wp-content\/uploads\/sites\/12\/2026\/04\/d5e6-copia.jpg\" alt=\"\" width=\"707\" height=\"1000\" srcset=\"https:\/\/graziamagazine.com\/es\/wp-content\/uploads\/sites\/12\/2026\/04\/d5e6-copia.jpg 707w, https:\/\/graziamagazine.com\/es\/wp-content\/uploads\/sites\/12\/2026\/04\/d5e6-copia-212x300.jpg 212w, https:\/\/graziamagazine.com\/es\/wp-content\/uploads\/sites\/12\/2026\/04\/d5e6-copia-400x566.jpg 400w, https:\/\/graziamagazine.com\/es\/wp-content\/uploads\/sites\/12\/2026\/04\/d5e6-copia-152x215.jpg 152w\" sizes=\"(max-width: 707px) 100vw, 707px\" \/><\/p>\n<p>La muestra estar\u00e1 abierta al p\u00fablico del 17 al 28 de junio.<\/p>\n<p>\u00bfD\u00f3nde? Long Museum (West Bund) \/ 3398 Longteng Avenue, Xuhui District, Shanghai<\/p>\n<\/div>\n<\/div>\n<p><em>*Im\u00e1genes: cortes\u00eda<\/em><\/p>\n","protected":false},"author":11653,"featured_media":194215,"template":"","format":"standard","categories":[1],"acf":[],"yoast_head":"<!-- This site is optimized with the Yoast SEO Premium plugin v18.5 (Yoast SEO v20.4) - https:\/\/yoast.com\/wordpress\/plugins\/seo\/ -->\n<title>Max Mara presentar\u00e1 su desfile Crucero en Shangh\u00e1i<\/title>\n<meta name=\"description\" content=\"Se presentar\u00e1 en el Museo Long West Bund de Shangh\u00e1i y coincidir\u00e1 adem\u00e1s con la inauguraci\u00f3n de la exposici\u00f3n \u201cThe Max\u201d.\" \/>\n<meta name=\"robots\" content=\"index, follow, max-snippet:-1, max-image-preview:large, max-video-preview:-1\" \/>\n<link rel=\"canonical\" href=\"https:\/\/graziamagazine.com\/es\/articles\/max-mara-presentara-su-desfile-crucero-en-shanghai\/\" \/>\n<meta property=\"og:locale\" content=\"es_ES\" \/>\n<meta property=\"og:type\" content=\"article\" \/>\n<meta property=\"og:title\" content=\"Max Mara presentar\u00e1 su desfile Crucero en Shangh\u00e1i\" \/>\n<meta property=\"og:description\" content=\"Se presentar\u00e1 en el Museo Long West Bund de Shangh\u00e1i y coincidir\u00e1 adem\u00e1s con la inauguraci\u00f3n de la exposici\u00f3n \u201cThe Max\u201d.\" \/>\n<meta property=\"og:url\" content=\"https:\/\/graziamagazine.com\/es\/articles\/max-mara-presentara-su-desfile-crucero-en-shanghai\/\" \/>\n<meta property=\"og:site_name\" content=\"Grazia\" \/>\n<meta property=\"article:modified_time\" content=\"2026-04-27T11:30:50+00:00\" \/>\n<meta property=\"og:image\" content=\"https:\/\/graziamagazine.com\/es\/wp-content\/uploads\/sites\/12\/2026\/04\/Courtesy-of-the-Long-Museum-West-Bund1.jpg\" \/>\n\t<meta property=\"og:image:width\" content=\"1500\" \/>\n\t<meta property=\"og:image:height\" content=\"1000\" \/>\n\t<meta property=\"og:image:type\" content=\"image\/jpeg\" \/>\n<meta name=\"twitter:card\" content=\"summary_large_image\" \/>\n<meta name=\"twitter:label1\" content=\"Est. reading time\" \/>\n\t<meta name=\"twitter:data1\" content=\"3 minutos\" \/>\n<script type=\"application\/ld+json\" class=\"yoast-schema-graph\">{\"@context\":\"https:\/\/schema.org\",\"@graph\":[{\"@type\":\"WebPage\",\"@id\":\"https:\/\/graziamagazine.com\/es\/articles\/max-mara-presentara-su-desfile-crucero-en-shanghai\/\",\"url\":\"https:\/\/graziamagazine.com\/es\/articles\/max-mara-presentara-su-desfile-crucero-en-shanghai\/\",\"name\":\"Max Mara presentar\u00e1 su desfile Crucero en Shangh\u00e1i\",\"isPartOf\":{\"@id\":\"https:\/\/graziamagazine.com\/es\/#website\"},\"datePublished\":\"2026-04-27T11:05:49+00:00\",\"dateModified\":\"2026-04-27T11:30:50+00:00\",\"description\":\"Se presentar\u00e1 en el Museo Long West Bund de Shangh\u00e1i y coincidir\u00e1 adem\u00e1s con la inauguraci\u00f3n de la exposici\u00f3n \u201cThe Max\u201d.\",\"breadcrumb\":{\"@id\":\"https:\/\/graziamagazine.com\/es\/articles\/max-mara-presentara-su-desfile-crucero-en-shanghai\/#breadcrumb\"},\"inLanguage\":\"es\",\"potentialAction\":[{\"@type\":\"ReadAction\",\"target\":[\"https:\/\/graziamagazine.com\/es\/articles\/max-mara-presentara-su-desfile-crucero-en-shanghai\/\"]}]},{\"@type\":\"BreadcrumbList\",\"@id\":\"https:\/\/graziamagazine.com\/es\/articles\/max-mara-presentara-su-desfile-crucero-en-shanghai\/#breadcrumb\",\"itemListElement\":[{\"@type\":\"ListItem\",\"position\":1,\"name\":\"Portada\",\"item\":\"https:\/\/graziamagazine.com\/es\/\"},{\"@type\":\"ListItem\",\"position\":2,\"name\":\"Max Mara presentar\u00e1 su desfile Crucero en Shangh\u00e1i\"}]},{\"@type\":\"WebSite\",\"@id\":\"https:\/\/graziamagazine.com\/es\/#website\",\"url\":\"https:\/\/graziamagazine.com\/es\/\",\"name\":\"Grazia\",\"description\":\"Moda, belleza, celebrities, estilo de vida...\",\"potentialAction\":[{\"@type\":\"SearchAction\",\"target\":{\"@type\":\"EntryPoint\",\"urlTemplate\":\"https:\/\/graziamagazine.com\/es\/?s={search_term_string}\"},\"query-input\":\"required name=search_term_string\"}],\"inLanguage\":\"es\"}]}<\/script>\n<!-- \/ Yoast SEO Premium plugin. -->","yoast_head_json":{"title":"Max Mara presentar\u00e1 su desfile Crucero en Shangh\u00e1i","description":"Se presentar\u00e1 en el Museo Long West Bund de Shangh\u00e1i y coincidir\u00e1 adem\u00e1s con la inauguraci\u00f3n de la exposici\u00f3n \u201cThe Max\u201d.","robots":{"index":"index","follow":"follow","max-snippet":"max-snippet:-1","max-image-preview":"max-image-preview:large","max-video-preview":"max-video-preview:-1"},"canonical":"https:\/\/graziamagazine.com\/es\/articles\/max-mara-presentara-su-desfile-crucero-en-shanghai\/","og_locale":"es_ES","og_type":"article","og_title":"Max Mara presentar\u00e1 su desfile Crucero en Shangh\u00e1i","og_description":"Se presentar\u00e1 en el Museo Long West Bund de Shangh\u00e1i y coincidir\u00e1 adem\u00e1s con la inauguraci\u00f3n de la exposici\u00f3n \u201cThe Max\u201d.","og_url":"https:\/\/graziamagazine.com\/es\/articles\/max-mara-presentara-su-desfile-crucero-en-shanghai\/","og_site_name":"Grazia","article_modified_time":"2026-04-27T11:30:50+00:00","og_image":[{"width":1500,"height":1000,"url":"https:\/\/graziamagazine.com\/es\/wp-content\/uploads\/sites\/12\/2026\/04\/Courtesy-of-the-Long-Museum-West-Bund1.jpg","type":"image\/jpeg"}],"twitter_card":"summary_large_image","twitter_misc":{"Est. reading time":"3 minutos"},"schema":{"@context":"https:\/\/schema.org","@graph":[{"@type":"WebPage","@id":"https:\/\/graziamagazine.com\/es\/articles\/max-mara-presentara-su-desfile-crucero-en-shanghai\/","url":"https:\/\/graziamagazine.com\/es\/articles\/max-mara-presentara-su-desfile-crucero-en-shanghai\/","name":"Max Mara presentar\u00e1 su desfile Crucero en Shangh\u00e1i","isPartOf":{"@id":"https:\/\/graziamagazine.com\/es\/#website"},"datePublished":"2026-04-27T11:05:49+00:00","dateModified":"2026-04-27T11:30:50+00:00","description":"Se presentar\u00e1 en el Museo Long West Bund de Shangh\u00e1i y coincidir\u00e1 adem\u00e1s con la inauguraci\u00f3n de la exposici\u00f3n \u201cThe Max\u201d.","breadcrumb":{"@id":"https:\/\/graziamagazine.com\/es\/articles\/max-mara-presentara-su-desfile-crucero-en-shanghai\/#breadcrumb"},"inLanguage":"es","potentialAction":[{"@type":"ReadAction","target":["https:\/\/graziamagazine.com\/es\/articles\/max-mara-presentara-su-desfile-crucero-en-shanghai\/"]}]},{"@type":"BreadcrumbList","@id":"https:\/\/graziamagazine.com\/es\/articles\/max-mara-presentara-su-desfile-crucero-en-shanghai\/#breadcrumb","itemListElement":[{"@type":"ListItem","position":1,"name":"Portada","item":"https:\/\/graziamagazine.com\/es\/"},{"@type":"ListItem","position":2,"name":"Max Mara presentar\u00e1 su desfile Crucero en Shangh\u00e1i"}]},{"@type":"WebSite","@id":"https:\/\/graziamagazine.com\/es\/#website","url":"https:\/\/graziamagazine.com\/es\/","name":"Grazia","description":"Moda, belleza, celebrities, estilo de vida...","potentialAction":[{"@type":"SearchAction","target":{"@type":"EntryPoint","urlTemplate":"https:\/\/graziamagazine.com\/es\/?s={search_term_string}"},"query-input":"required name=search_term_string"}],"inLanguage":"es"}]}},"jetpack_sharing_enabled":true,"distributor_meta":false,"distributor_terms":false,"distributor_media":false,"distributor_original_site_name":"Grazia","distributor_original_site_url":"https:\/\/graziamagazine.com\/es","push-errors":false,"_links":{"self":[{"href":"https:\/\/graziamagazine.com\/es\/wp-json\/wp\/v2\/articles\/194214"}],"collection":[{"href":"https:\/\/graziamagazine.com\/es\/wp-json\/wp\/v2\/articles"}],"about":[{"href":"https:\/\/graziamagazine.com\/es\/wp-json\/wp\/v2\/types\/articles"}],"author":[{"embeddable":true,"href":"https:\/\/graziamagazine.com\/es\/wp-json\/wp\/v2\/users\/11653"}],"wp:featuredmedia":[{"embeddable":true,"href":"https:\/\/graziamagazine.com\/es\/wp-json\/wp\/v2\/media\/194215"}],"wp:attachment":[{"href":"https:\/\/graziamagazine.com\/es\/wp-json\/wp\/v2\/media?parent=194214"}],"wp:term":[{"taxonomy":"category","embeddable":true,"href":"https:\/\/graziamagazine.com\/es\/wp-json\/wp\/v2\/categories?post=194214"}],"curies":[{"name":"wp","href":"https:\/\/api.w.org\/{rel}","templated":true}]}}