{"id":194210,"date":"2026-04-27T12:23:54","date_gmt":"2026-04-27T10:23:54","guid":{"rendered":"https:\/\/graziamagazine.com\/es\/?post_type=articles&#038;p=194210"},"modified":"2026-04-27T12:23:54","modified_gmt":"2026-04-27T10:23:54","slug":"charles-leclerc-nuevo-portavoz-global-de-loreal-paris","status":"publish","type":"articles","link":"https:\/\/graziamagazine.com\/es\/articles\/charles-leclerc-nuevo-portavoz-global-de-loreal-paris\/","title":{"rendered":"Charles Leclerc, nuevo portavoz global de L\u2019Or\u00e9al Paris"},"content":{"rendered":"<p>L\u2019Or\u00e9al Paris, la marca de belleza n\u00famero uno del mundo, da la bienvenida al destacado piloto de F\u00f3rmula 1\u00a0Charles Leclerc\u00a0como portavoz global. Este inspirador joven de 28 a\u00f1os se une a L\u2019Or\u00e9al Paris para ser imagen de L\u2019Or\u00e9al Paris Men Expert y de las gamas de cuidado del cabello y styling: productos de alto rendimiento creados para ayudar a los hombres a cuidar de s\u00ed mismos y a reforzar su autoestima.<\/p>\n<p>Charles, que encarna la excelencia, la resiliencia, el rendimiento y la modernidad,\u00a0<strong>comparte los valores que constituyen la esencia de L\u2019Or\u00e9al Paris.<\/strong>\u00a0Tranquilo, leal, con los pies en la tierra y siempre curioso, Charles ha llegado a redefinir el concepto de fortaleza, no por sus m\u00e9ritos, sino manteni\u00e9ndose fiel a s\u00ed mismo; filtrando el ruido para escuchar y aprender, incluso cuando nadie le observa. Es un deportista que irradia una confianza discreta y un estilo propio e inconfundible.<\/p>\n<p>Charles Leclerc se une, entre otros, a las portavoces mundiales Simone Ashley, Alia Bhatt, Jane Fonda, Elle Fanning, Kendall Jenner, Eva Longoria y a su tambi\u00e9n compa\u00f1ero piloto de F\u00f3rmula 1 Carlos Sainz. Como portavoces masculinos, se suman a la marca en su convicci\u00f3n de que\u00a0<strong>el empoderamiento femenino es una responsabilidad compartida<\/strong>, y sirven de inspiraci\u00f3n fundamental para una nueva generaci\u00f3n de hombres que se convierten en aliados activos a la hora de potenciar el papel de la mujer en la sociedad.<\/p>\n<p>\u00ab<em>Siempre asociar\u00e9 L\u2019Or\u00e9al Paris con mi madre. Ella es peluquera, as\u00ed que crec\u00ed rodeado de productos de L\u2019Or\u00e9al Paris por toda la casa y viendo los anuncios en la televisi\u00f3n<\/em>\u00ab, afirma Charles Leclerc. \u201c<em>Estoy muy agradecido de tener a mujeres tan fuertes en mi vida y\u00a0me siento incre\u00edblemente orgulloso de unirme a una marca que defiende el empoderamiento femenino. Creo firmemente que la fuerza de los hombres reside en el apoyo y la colaboraci\u00f3n con esta misi\u00f3n<\/em>\u201d.<\/p>\n<p><img loading=\"lazy\" decoding=\"async\" class=\"aligncenter size-full wp-image-194212\" src=\"https:\/\/graziamagazine.com\/es\/wp-content\/uploads\/sites\/12\/2026\/04\/mail-4-copia-scaled.jpeg\" alt=\"\" width=\"2048\" height=\"2560\" srcset=\"https:\/\/graziamagazine.com\/es\/wp-content\/uploads\/sites\/12\/2026\/04\/mail-4-copia-scaled.jpeg 2048w, https:\/\/graziamagazine.com\/es\/wp-content\/uploads\/sites\/12\/2026\/04\/mail-4-copia-240x300.jpeg 240w, https:\/\/graziamagazine.com\/es\/wp-content\/uploads\/sites\/12\/2026\/04\/mail-4-copia-819x1024.jpeg 819w, https:\/\/graziamagazine.com\/es\/wp-content\/uploads\/sites\/12\/2026\/04\/mail-4-copia-768x960.jpeg 768w, https:\/\/graziamagazine.com\/es\/wp-content\/uploads\/sites\/12\/2026\/04\/mail-4-copia-1229x1536.jpeg 1229w, https:\/\/graziamagazine.com\/es\/wp-content\/uploads\/sites\/12\/2026\/04\/mail-4-copia-1638x2048.jpeg 1638w, https:\/\/graziamagazine.com\/es\/wp-content\/uploads\/sites\/12\/2026\/04\/mail-4-copia-400x500.jpeg 400w, https:\/\/graziamagazine.com\/es\/wp-content\/uploads\/sites\/12\/2026\/04\/mail-4-copia-155x194.jpeg 155w\" sizes=\"(max-width: 2048px) 100vw, 2048px\" \/><\/p>\n<p>\u201c<em>Estamos encantados de dar la bienvenida a Charles a L&#8217;Or\u00e9al Paris. Su b\u00fasqueda constante de la excelencia, su determinaci\u00f3n y su resiliencia, unidas a su sensibilidad, su curiosidad, su sensatez y su empat\u00eda, constituyen un gran ejemplo y una fuente de inspiraci\u00f3n. Y ese es precisamente el tipo de modelo a seguir que el mundo necesita hoy en d\u00eda<\/em>\u201d afirma\u00a0Laetitia Toupet, presidenta global de L&#8217;Or\u00e9al Paris.\u00a0\u201c<em>Charles no solo es una figura que inspira grandes aspiraciones, sino que encarna nuestra convicci\u00f3n de que\u00a0el empoderamiento de las mujeres no es una lucha exclusiva de las mujeres.\u00a0Se hace realidad cuando hombres y mujeres se mantienen unidos y fuertes<\/em>\u201d.<\/p>\n<p><img loading=\"lazy\" decoding=\"async\" class=\"aligncenter size-full wp-image-194213\" src=\"https:\/\/graziamagazine.com\/es\/wp-content\/uploads\/sites\/12\/2026\/04\/mail-5-copia-scaled.jpeg\" alt=\"\" width=\"2048\" height=\"2560\" srcset=\"https:\/\/graziamagazine.com\/es\/wp-content\/uploads\/sites\/12\/2026\/04\/mail-5-copia-scaled.jpeg 2048w, https:\/\/graziamagazine.com\/es\/wp-content\/uploads\/sites\/12\/2026\/04\/mail-5-copia-240x300.jpeg 240w, https:\/\/graziamagazine.com\/es\/wp-content\/uploads\/sites\/12\/2026\/04\/mail-5-copia-819x1024.jpeg 819w, https:\/\/graziamagazine.com\/es\/wp-content\/uploads\/sites\/12\/2026\/04\/mail-5-copia-768x960.jpeg 768w, https:\/\/graziamagazine.com\/es\/wp-content\/uploads\/sites\/12\/2026\/04\/mail-5-copia-1229x1536.jpeg 1229w, https:\/\/graziamagazine.com\/es\/wp-content\/uploads\/sites\/12\/2026\/04\/mail-5-copia-1638x2048.jpeg 1638w, https:\/\/graziamagazine.com\/es\/wp-content\/uploads\/sites\/12\/2026\/04\/mail-5-copia-400x500.jpeg 400w, https:\/\/graziamagazine.com\/es\/wp-content\/uploads\/sites\/12\/2026\/04\/mail-5-copia-155x194.jpeg 155w\" sizes=\"(max-width: 2048px) 100vw, 2048px\" \/><\/p>\n<p>Nacido y criado en Montecarlo, Charles comenz\u00f3 a competir en karting a los siete a\u00f1os, antes de ganar la Copa del Mundo junior en 2011. Tras ascender r\u00e1pidamente en las categor\u00edas inferiores,<strong>\u00a0debut\u00f3 en la F\u00f3rmula 1 en 2018 y, un a\u00f1o m\u00e1s tarde, fich\u00f3 por la Scuderia Ferrari,<\/strong>\u00a0convirti\u00e9ndose en el segundo piloto m\u00e1s joven en conseguir la pole position en la historia de este deporte en el Gran Premio de Bar\u00e9in. Hasta la fecha, Charles ha ganado ocho Grandes Premios y ha subido al podio en 52 ocasiones. En 2026, Charles ya ha tenido un gran comienzo de temporada al volante de su Ferrari de F\u00f3rmula 1, con dos podios en tres carreras.<\/p>\n<p>Hijo de una peluquera en una familia de tres hermanos, es en el seno de su familia \u2014incluidos su esposa, Alexandra, y su querido perro salchicha miniatura de pelo largo, Leo\u2014 donde descubre que puede ser \u00e9l mismo de verdad. Tranquilo, leal, con los pies en la tierra y siempre curioso,\u00a0<strong>Charles, que encuentra el equilibrio lejos de la energ\u00eda y el glamour de la pista,\u00a0<\/strong>es tambi\u00e9n pianista y compositor y ha demostrado un gran esp\u00edritu emprendedor, invirtiendo en empresas j\u00f3venes que le resultan proyectos relevantes.<\/p>\n<p><em>*Im\u00e1genes: cortes\u00eda\u00a0<\/em><\/p>\n","protected":false},"author":11653,"featured_media":194211,"template":"","format":"standard","categories":[2971],"acf":{"banner":""},"yoast_head":"<!-- This site is optimized with the Yoast SEO Premium plugin v18.5 (Yoast SEO v20.4) - https:\/\/yoast.com\/wordpress\/plugins\/seo\/ -->\n<title>Charles Leclerc, nuevo portavoz global de L\u2019Or\u00e9al Paris<\/title>\n<meta name=\"description\" content=\"El piloto encarna la excelencia, el rendimiento y la modernidad, comparte los valores que constituyen la esencia de L\u2019Or\u00e9al Paris.\" \/>\n<meta name=\"robots\" content=\"index, follow, max-snippet:-1, max-image-preview:large, max-video-preview:-1\" \/>\n<link rel=\"canonical\" href=\"https:\/\/graziamagazine.com\/es\/articles\/charles-leclerc-nuevo-portavoz-global-de-loreal-paris\/\" \/>\n<meta property=\"og:locale\" content=\"es_ES\" \/>\n<meta property=\"og:type\" content=\"article\" \/>\n<meta property=\"og:title\" content=\"Charles Leclerc, nuevo portavoz global de L\u2019Or\u00e9al Paris\" \/>\n<meta property=\"og:description\" content=\"El piloto encarna la excelencia, el rendimiento y la modernidad, comparte los valores que constituyen la esencia de L\u2019Or\u00e9al Paris.\" \/>\n<meta property=\"og:url\" content=\"https:\/\/graziamagazine.com\/es\/articles\/charles-leclerc-nuevo-portavoz-global-de-loreal-paris\/\" \/>\n<meta property=\"og:site_name\" content=\"Grazia\" \/>\n<meta property=\"og:image\" content=\"https:\/\/graziamagazine.com\/es\/wp-content\/uploads\/sites\/12\/2026\/04\/mail-3-copia-scaled-e1777285379711.jpeg\" \/>\n\t<meta property=\"og:image:width\" content=\"2013\" \/>\n\t<meta property=\"og:image:height\" content=\"1783\" \/>\n\t<meta property=\"og:image:type\" content=\"image\/jpeg\" \/>\n<meta name=\"twitter:card\" content=\"summary_large_image\" \/>\n<meta name=\"twitter:label1\" content=\"Est. reading time\" \/>\n\t<meta name=\"twitter:data1\" content=\"4 minutos\" \/>\n<script type=\"application\/ld+json\" class=\"yoast-schema-graph\">{\"@context\":\"https:\/\/schema.org\",\"@graph\":[{\"@type\":\"WebPage\",\"@id\":\"https:\/\/graziamagazine.com\/es\/articles\/charles-leclerc-nuevo-portavoz-global-de-loreal-paris\/\",\"url\":\"https:\/\/graziamagazine.com\/es\/articles\/charles-leclerc-nuevo-portavoz-global-de-loreal-paris\/\",\"name\":\"Charles Leclerc, nuevo portavoz global de L\u2019Or\u00e9al Paris\",\"isPartOf\":{\"@id\":\"https:\/\/graziamagazine.com\/es\/#website\"},\"datePublished\":\"2026-04-27T10:23:54+00:00\",\"dateModified\":\"2026-04-27T10:23:54+00:00\",\"description\":\"El piloto encarna la excelencia, el rendimiento y la modernidad, comparte los valores que constituyen la esencia de L\u2019Or\u00e9al Paris.\",\"breadcrumb\":{\"@id\":\"https:\/\/graziamagazine.com\/es\/articles\/charles-leclerc-nuevo-portavoz-global-de-loreal-paris\/#breadcrumb\"},\"inLanguage\":\"es\",\"potentialAction\":[{\"@type\":\"ReadAction\",\"target\":[\"https:\/\/graziamagazine.com\/es\/articles\/charles-leclerc-nuevo-portavoz-global-de-loreal-paris\/\"]}]},{\"@type\":\"BreadcrumbList\",\"@id\":\"https:\/\/graziamagazine.com\/es\/articles\/charles-leclerc-nuevo-portavoz-global-de-loreal-paris\/#breadcrumb\",\"itemListElement\":[{\"@type\":\"ListItem\",\"position\":1,\"name\":\"Portada\",\"item\":\"https:\/\/graziamagazine.com\/es\/\"},{\"@type\":\"ListItem\",\"position\":2,\"name\":\"Charles Leclerc, nuevo portavoz global de L\u2019Or\u00e9al Paris\"}]},{\"@type\":\"WebSite\",\"@id\":\"https:\/\/graziamagazine.com\/es\/#website\",\"url\":\"https:\/\/graziamagazine.com\/es\/\",\"name\":\"Grazia\",\"description\":\"Moda, belleza, celebrities, estilo de vida...\",\"potentialAction\":[{\"@type\":\"SearchAction\",\"target\":{\"@type\":\"EntryPoint\",\"urlTemplate\":\"https:\/\/graziamagazine.com\/es\/?s={search_term_string}\"},\"query-input\":\"required name=search_term_string\"}],\"inLanguage\":\"es\"}]}<\/script>\n<!-- \/ Yoast SEO Premium plugin. -->","yoast_head_json":{"title":"Charles Leclerc, nuevo portavoz global de L\u2019Or\u00e9al Paris","description":"El piloto encarna la excelencia, el rendimiento y la modernidad, comparte los valores que constituyen la esencia de L\u2019Or\u00e9al Paris.","robots":{"index":"index","follow":"follow","max-snippet":"max-snippet:-1","max-image-preview":"max-image-preview:large","max-video-preview":"max-video-preview:-1"},"canonical":"https:\/\/graziamagazine.com\/es\/articles\/charles-leclerc-nuevo-portavoz-global-de-loreal-paris\/","og_locale":"es_ES","og_type":"article","og_title":"Charles Leclerc, nuevo portavoz global de L\u2019Or\u00e9al Paris","og_description":"El piloto encarna la excelencia, el rendimiento y la modernidad, comparte los valores que constituyen la esencia de L\u2019Or\u00e9al Paris.","og_url":"https:\/\/graziamagazine.com\/es\/articles\/charles-leclerc-nuevo-portavoz-global-de-loreal-paris\/","og_site_name":"Grazia","og_image":[{"width":2013,"height":1783,"url":"https:\/\/graziamagazine.com\/es\/wp-content\/uploads\/sites\/12\/2026\/04\/mail-3-copia-scaled-e1777285379711.jpeg","type":"image\/jpeg"}],"twitter_card":"summary_large_image","twitter_misc":{"Est. reading time":"4 minutos"},"schema":{"@context":"https:\/\/schema.org","@graph":[{"@type":"WebPage","@id":"https:\/\/graziamagazine.com\/es\/articles\/charles-leclerc-nuevo-portavoz-global-de-loreal-paris\/","url":"https:\/\/graziamagazine.com\/es\/articles\/charles-leclerc-nuevo-portavoz-global-de-loreal-paris\/","name":"Charles Leclerc, nuevo portavoz global de L\u2019Or\u00e9al Paris","isPartOf":{"@id":"https:\/\/graziamagazine.com\/es\/#website"},"datePublished":"2026-04-27T10:23:54+00:00","dateModified":"2026-04-27T10:23:54+00:00","description":"El piloto encarna la excelencia, el rendimiento y la modernidad, comparte los valores que constituyen la esencia de L\u2019Or\u00e9al Paris.","breadcrumb":{"@id":"https:\/\/graziamagazine.com\/es\/articles\/charles-leclerc-nuevo-portavoz-global-de-loreal-paris\/#breadcrumb"},"inLanguage":"es","potentialAction":[{"@type":"ReadAction","target":["https:\/\/graziamagazine.com\/es\/articles\/charles-leclerc-nuevo-portavoz-global-de-loreal-paris\/"]}]},{"@type":"BreadcrumbList","@id":"https:\/\/graziamagazine.com\/es\/articles\/charles-leclerc-nuevo-portavoz-global-de-loreal-paris\/#breadcrumb","itemListElement":[{"@type":"ListItem","position":1,"name":"Portada","item":"https:\/\/graziamagazine.com\/es\/"},{"@type":"ListItem","position":2,"name":"Charles Leclerc, nuevo portavoz global de L\u2019Or\u00e9al Paris"}]},{"@type":"WebSite","@id":"https:\/\/graziamagazine.com\/es\/#website","url":"https:\/\/graziamagazine.com\/es\/","name":"Grazia","description":"Moda, belleza, celebrities, estilo de vida...","potentialAction":[{"@type":"SearchAction","target":{"@type":"EntryPoint","urlTemplate":"https:\/\/graziamagazine.com\/es\/?s={search_term_string}"},"query-input":"required name=search_term_string"}],"inLanguage":"es"}]}},"jetpack_sharing_enabled":true,"distributor_meta":false,"distributor_terms":false,"distributor_media":false,"distributor_original_site_name":"Grazia","distributor_original_site_url":"https:\/\/graziamagazine.com\/es","push-errors":false,"_links":{"self":[{"href":"https:\/\/graziamagazine.com\/es\/wp-json\/wp\/v2\/articles\/194210"}],"collection":[{"href":"https:\/\/graziamagazine.com\/es\/wp-json\/wp\/v2\/articles"}],"about":[{"href":"https:\/\/graziamagazine.com\/es\/wp-json\/wp\/v2\/types\/articles"}],"author":[{"embeddable":true,"href":"https:\/\/graziamagazine.com\/es\/wp-json\/wp\/v2\/users\/11653"}],"wp:featuredmedia":[{"embeddable":true,"href":"https:\/\/graziamagazine.com\/es\/wp-json\/wp\/v2\/media\/194211"}],"wp:attachment":[{"href":"https:\/\/graziamagazine.com\/es\/wp-json\/wp\/v2\/media?parent=194210"}],"wp:term":[{"taxonomy":"category","embeddable":true,"href":"https:\/\/graziamagazine.com\/es\/wp-json\/wp\/v2\/categories?post=194210"}],"curies":[{"name":"wp","href":"https:\/\/api.w.org\/{rel}","templated":true}]}}