{"id":194202,"date":"2026-04-27T12:14:08","date_gmt":"2026-04-27T10:14:08","guid":{"rendered":"https:\/\/graziamagazine.com\/es\/?post_type=articles&#038;p=194202"},"modified":"2026-04-27T12:14:08","modified_gmt":"2026-04-27T10:14:08","slug":"hug-el-nuevo-bolso-xs-de-ferragamo","status":"publish","type":"articles","link":"https:\/\/graziamagazine.com\/es\/articles\/hug-el-nuevo-bolso-xs-de-ferragamo\/","title":{"rendered":"Hug, el nuevo bolso XS de Ferragamo"},"content":{"rendered":"<p>El bolso Hug\u00a0de Ferragamo es la quintaesencia del legado duradero de la firma en materia de artesan\u00eda y creatividad: un objeto de elegancia atemporal y refinamiento elaborado que reafirma los or\u00edgenes de la marca y su referencia al dise\u00f1o innovador, as\u00ed como el dominio de los artesanos florentinos.<\/p>\n<p>El bolso Hug es un gesto emocional, tanto por su forma envolvente como por su manera tangible e intangible de elevar el trabajo de cada artesano. La estructura asim\u00e9trica del bolso presenta dos asas que recorren los laterales hasta la parte frontal, permitiendo cerrar y abrir los cierres oblicuos con hebilla Gancini.<\/p>\n<p><img loading=\"lazy\" decoding=\"async\" class=\"aligncenter size-full wp-image-194207\" src=\"https:\/\/graziamagazine.com\/es\/wp-content\/uploads\/sites\/12\/2026\/04\/mail-2-copia-e1777284759805.jpeg\" alt=\"\" width=\"2131\" height=\"1439\" srcset=\"https:\/\/graziamagazine.com\/es\/wp-content\/uploads\/sites\/12\/2026\/04\/mail-2-copia-e1777284759805.jpeg 2131w, https:\/\/graziamagazine.com\/es\/wp-content\/uploads\/sites\/12\/2026\/04\/mail-2-copia-e1777284759805-300x203.jpeg 300w, https:\/\/graziamagazine.com\/es\/wp-content\/uploads\/sites\/12\/2026\/04\/mail-2-copia-e1777284759805-1024x691.jpeg 1024w, https:\/\/graziamagazine.com\/es\/wp-content\/uploads\/sites\/12\/2026\/04\/mail-2-copia-e1777284759805-768x519.jpeg 768w, https:\/\/graziamagazine.com\/es\/wp-content\/uploads\/sites\/12\/2026\/04\/mail-2-copia-e1777284759805-1536x1037.jpeg 1536w, https:\/\/graziamagazine.com\/es\/wp-content\/uploads\/sites\/12\/2026\/04\/mail-2-copia-e1777284759805-2048x1383.jpeg 2048w, https:\/\/graziamagazine.com\/es\/wp-content\/uploads\/sites\/12\/2026\/04\/mail-2-copia-e1777284759805-400x270.jpeg 400w, https:\/\/graziamagazine.com\/es\/wp-content\/uploads\/sites\/12\/2026\/04\/mail-2-copia-e1777284759805-155x105.jpeg 155w\" sizes=\"(max-width: 2131px) 100vw, 2131px\" \/><\/p>\n<p>A la<strong>\u00a0colecci\u00f3n Pre-Fall 2026<\/strong>\u00a0se incorpora un nuevo tama\u00f1o: el\u00a0<strong>Hug Bag Soft XS<\/strong>, una pieza que abre una nueva dimensi\u00f3n de portabilidad y deseo. Compacto pero nunca limitado, el Hug Bag Soft XS traslada la firma artesanal de la maison a una forma pensada para el ritmo contempor\u00e1neo: elegante en la mano, ligero en movimiento y vers\u00e1til en cualquier ocasi\u00f3n. Ligero y funcional, se percibe como una evoluci\u00f3n natural de la colecci\u00f3n Hug Bag.<\/p>\n<p>Confeccionado en piel de becerro de grano ligero, que aporta un aspecto semibrillante y un tacto suave y delicado, cuenta con un forro interior completamente en piel. El bolso est\u00e1 compuesto por m\u00e1s de 100 piezas, incluyendo herrajes, piel y otros componentes.<\/p>\n<p><img loading=\"lazy\" decoding=\"async\" class=\"aligncenter size-full wp-image-194209\" src=\"https:\/\/graziamagazine.com\/es\/wp-content\/uploads\/sites\/12\/2026\/04\/Captura-de-pantalla-2026-04-27-a-las-12.10.35.png\" alt=\"\" width=\"740\" height=\"1384\" srcset=\"https:\/\/graziamagazine.com\/es\/wp-content\/uploads\/sites\/12\/2026\/04\/Captura-de-pantalla-2026-04-27-a-las-12.10.35.png 740w, https:\/\/graziamagazine.com\/es\/wp-content\/uploads\/sites\/12\/2026\/04\/Captura-de-pantalla-2026-04-27-a-las-12.10.35-160x300.png 160w, https:\/\/graziamagazine.com\/es\/wp-content\/uploads\/sites\/12\/2026\/04\/Captura-de-pantalla-2026-04-27-a-las-12.10.35-548x1024.png 548w, https:\/\/graziamagazine.com\/es\/wp-content\/uploads\/sites\/12\/2026\/04\/Captura-de-pantalla-2026-04-27-a-las-12.10.35-400x748.png 400w, https:\/\/graziamagazine.com\/es\/wp-content\/uploads\/sites\/12\/2026\/04\/Captura-de-pantalla-2026-04-27-a-las-12.10.35-115x215.png 115w\" sizes=\"(max-width: 740px) 100vw, 740px\" \/><\/p>\n<p>Los contrastes de color se utilizan entre el interior y el exterior, creando una paleta de tonos armoniosos: co\u00f1ac con marr\u00f3n oscuro, rosa empolvado con topo, topo con rosa empolvado y una versi\u00f3n cl\u00e1sica en negro con forro burdeos.<\/p>\n<div class=\"content-gallery\"><div class=\"gallery-placeholder\"><div class=\"spinner\"><\/div><\/div><span class=\"gallery-pagination\"><\/span><div id=\"gallery-1\" class=\"gallery galleryid-194202 gallery-columns- gallery-size-\"><figure class=\"gallery-item\"><div class=\"gallery-icon landscape\"><img loading=\"lazy\" decoding=\"async\" width=\"2560\" height=\"2560\" src=\"https:\/\/graziamagazine.com\/es\/wp-content\/uploads\/sites\/12\/2026\/04\/21A711_001_00-scaled.jpg\" class=\"lazy\" alt=\"\" srcset=\"https:\/\/graziamagazine.com\/es\/wp-content\/uploads\/sites\/12\/2026\/04\/21A711_001_00-scaled.jpg 2560w, https:\/\/graziamagazine.com\/es\/wp-content\/uploads\/sites\/12\/2026\/04\/21A711_001_00-300x300.jpg 300w, https:\/\/graziamagazine.com\/es\/wp-content\/uploads\/sites\/12\/2026\/04\/21A711_001_00-1024x1024.jpg 1024w, https:\/\/graziamagazine.com\/es\/wp-content\/uploads\/sites\/12\/2026\/04\/21A711_001_00-150x150.jpg 150w, https:\/\/graziamagazine.com\/es\/wp-content\/uploads\/sites\/12\/2026\/04\/21A711_001_00-768x768.jpg 768w, https:\/\/graziamagazine.com\/es\/wp-content\/uploads\/sites\/12\/2026\/04\/21A711_001_00-1536x1536.jpg 1536w, https:\/\/graziamagazine.com\/es\/wp-content\/uploads\/sites\/12\/2026\/04\/21A711_001_00-2048x2048.jpg 2048w, https:\/\/graziamagazine.com\/es\/wp-content\/uploads\/sites\/12\/2026\/04\/21A711_001_00-400x400.jpg 400w, https:\/\/graziamagazine.com\/es\/wp-content\/uploads\/sites\/12\/2026\/04\/21A711_001_00-155x155.jpg 155w\" sizes=\"(max-width: 2560px) 100vw, 2560px\" \/><\/div><\/figure><figure class=\"gallery-item\"><div class=\"gallery-icon landscape\"><img loading=\"lazy\" decoding=\"async\" width=\"2560\" height=\"2560\" src=\"https:\/\/graziamagazine.com\/es\/wp-content\/uploads\/sites\/12\/2026\/04\/21A711_003_00-scaled.jpg\" class=\"lazy\" alt=\"\" srcset=\"https:\/\/graziamagazine.com\/es\/wp-content\/uploads\/sites\/12\/2026\/04\/21A711_003_00-scaled.jpg 2560w, https:\/\/graziamagazine.com\/es\/wp-content\/uploads\/sites\/12\/2026\/04\/21A711_003_00-300x300.jpg 300w, https:\/\/graziamagazine.com\/es\/wp-content\/uploads\/sites\/12\/2026\/04\/21A711_003_00-1024x1024.jpg 1024w, https:\/\/graziamagazine.com\/es\/wp-content\/uploads\/sites\/12\/2026\/04\/21A711_003_00-150x150.jpg 150w, https:\/\/graziamagazine.com\/es\/wp-content\/uploads\/sites\/12\/2026\/04\/21A711_003_00-768x768.jpg 768w, https:\/\/graziamagazine.com\/es\/wp-content\/uploads\/sites\/12\/2026\/04\/21A711_003_00-1536x1536.jpg 1536w, https:\/\/graziamagazine.com\/es\/wp-content\/uploads\/sites\/12\/2026\/04\/21A711_003_00-2048x2048.jpg 2048w, https:\/\/graziamagazine.com\/es\/wp-content\/uploads\/sites\/12\/2026\/04\/21A711_003_00-400x400.jpg 400w, https:\/\/graziamagazine.com\/es\/wp-content\/uploads\/sites\/12\/2026\/04\/21A711_003_00-155x155.jpg 155w\" sizes=\"(max-width: 2560px) 100vw, 2560px\" \/><\/div><\/figure><figure class=\"gallery-item\"><div class=\"gallery-icon landscape\"><img loading=\"lazy\" decoding=\"async\" width=\"2560\" height=\"2560\" src=\"https:\/\/graziamagazine.com\/es\/wp-content\/uploads\/sites\/12\/2026\/04\/21A711_004_00-scaled.jpg\" class=\"lazy\" alt=\"\" srcset=\"https:\/\/graziamagazine.com\/es\/wp-content\/uploads\/sites\/12\/2026\/04\/21A711_004_00-scaled.jpg 2560w, https:\/\/graziamagazine.com\/es\/wp-content\/uploads\/sites\/12\/2026\/04\/21A711_004_00-300x300.jpg 300w, https:\/\/graziamagazine.com\/es\/wp-content\/uploads\/sites\/12\/2026\/04\/21A711_004_00-1024x1024.jpg 1024w, https:\/\/graziamagazine.com\/es\/wp-content\/uploads\/sites\/12\/2026\/04\/21A711_004_00-150x150.jpg 150w, https:\/\/graziamagazine.com\/es\/wp-content\/uploads\/sites\/12\/2026\/04\/21A711_004_00-768x768.jpg 768w, https:\/\/graziamagazine.com\/es\/wp-content\/uploads\/sites\/12\/2026\/04\/21A711_004_00-1536x1536.jpg 1536w, https:\/\/graziamagazine.com\/es\/wp-content\/uploads\/sites\/12\/2026\/04\/21A711_004_00-2048x2048.jpg 2048w, https:\/\/graziamagazine.com\/es\/wp-content\/uploads\/sites\/12\/2026\/04\/21A711_004_00-400x400.jpg 400w, https:\/\/graziamagazine.com\/es\/wp-content\/uploads\/sites\/12\/2026\/04\/21A711_004_00-155x155.jpg 155w\" sizes=\"(max-width: 2560px) 100vw, 2560px\" \/><\/div><\/figure><figure class=\"gallery-item\"><div class=\"gallery-icon landscape\"><img loading=\"lazy\" decoding=\"async\" width=\"2560\" height=\"2560\" src=\"https:\/\/graziamagazine.com\/es\/wp-content\/uploads\/sites\/12\/2026\/04\/21A711_002_00-scaled.jpg\" class=\"lazy\" alt=\"\" srcset=\"https:\/\/graziamagazine.com\/es\/wp-content\/uploads\/sites\/12\/2026\/04\/21A711_002_00-scaled.jpg 2560w, https:\/\/graziamagazine.com\/es\/wp-content\/uploads\/sites\/12\/2026\/04\/21A711_002_00-300x300.jpg 300w, https:\/\/graziamagazine.com\/es\/wp-content\/uploads\/sites\/12\/2026\/04\/21A711_002_00-1024x1024.jpg 1024w, https:\/\/graziamagazine.com\/es\/wp-content\/uploads\/sites\/12\/2026\/04\/21A711_002_00-150x150.jpg 150w, https:\/\/graziamagazine.com\/es\/wp-content\/uploads\/sites\/12\/2026\/04\/21A711_002_00-768x768.jpg 768w, https:\/\/graziamagazine.com\/es\/wp-content\/uploads\/sites\/12\/2026\/04\/21A711_002_00-1536x1536.jpg 1536w, https:\/\/graziamagazine.com\/es\/wp-content\/uploads\/sites\/12\/2026\/04\/21A711_002_00-2048x2048.jpg 2048w, https:\/\/graziamagazine.com\/es\/wp-content\/uploads\/sites\/12\/2026\/04\/21A711_002_00-400x400.jpg 400w, https:\/\/graziamagazine.com\/es\/wp-content\/uploads\/sites\/12\/2026\/04\/21A711_002_00-155x155.jpg 155w\" sizes=\"(max-width: 2560px) 100vw, 2560px\" \/><\/div><\/figure><\/div><\/div>\n<p>El Hug Bag Soft XS ofrece a los coleccionistas del Hug una nueva expresi\u00f3n del estilo que ya aman. <a href=\"https:\/\/www.ferragamo.com\/shop\/esp\/es\/mujer\/bolsos\/hug-th-xs-795369--5\" target=\"_blank\">Disponible en boutiques Ferragamo y online en ferragamo.com, su precio es de 2.250 euros.\u00a0<\/a><\/p>\n<p><em>*Im\u00e1genes: cortes\u00eda<\/em><\/p>\n","protected":false},"author":11653,"featured_media":194208,"template":"","format":"standard","categories":[1],"acf":[],"yoast_head":"<!-- This site is optimized with the Yoast SEO Premium plugin v18.5 (Yoast SEO v20.4) - https:\/\/yoast.com\/wordpress\/plugins\/seo\/ -->\n<title>Hug, el nuevo bolso XS de Ferragamo | Grazia<\/title>\n<meta name=\"description\" content=\"El bolso Hug\u00a0de Ferragamo es la quintaesencia del legado duradero de la firma en materia de artesan\u00eda y creatividad: un objeto de elegancia atemporal y\" \/>\n<meta name=\"robots\" content=\"index, follow, max-snippet:-1, max-image-preview:large, max-video-preview:-1\" \/>\n<link rel=\"canonical\" href=\"https:\/\/graziamagazine.com\/es\/articles\/hug-el-nuevo-bolso-xs-de-ferragamo\/\" \/>\n<meta property=\"og:locale\" content=\"es_ES\" \/>\n<meta property=\"og:type\" content=\"article\" \/>\n<meta property=\"og:title\" content=\"Hug, el nuevo bolso XS de Ferragamo\" \/>\n<meta property=\"og:description\" content=\"El bolso Hug\u00a0de Ferragamo es la quintaesencia del legado duradero de la firma en materia de artesan\u00eda y creatividad: un objeto de elegancia atemporal y\" \/>\n<meta property=\"og:url\" content=\"https:\/\/graziamagazine.com\/es\/articles\/hug-el-nuevo-bolso-xs-de-ferragamo\/\" \/>\n<meta property=\"og:site_name\" content=\"Grazia\" \/>\n<meta property=\"og:image\" content=\"https:\/\/graziamagazine.com\/es\/wp-content\/uploads\/sites\/12\/2026\/04\/mail-1-copia-e1777284726220.jpeg\" \/>\n\t<meta property=\"og:image:width\" content=\"2098\" \/>\n\t<meta property=\"og:image:height\" content=\"1486\" \/>\n\t<meta property=\"og:image:type\" content=\"image\/jpeg\" \/>\n<meta name=\"twitter:card\" content=\"summary_large_image\" \/>\n<meta name=\"twitter:label1\" content=\"Est. reading time\" \/>\n\t<meta name=\"twitter:data1\" content=\"2 minutos\" \/>\n<script type=\"application\/ld+json\" class=\"yoast-schema-graph\">{\"@context\":\"https:\/\/schema.org\",\"@graph\":[{\"@type\":\"WebPage\",\"@id\":\"https:\/\/graziamagazine.com\/es\/articles\/hug-el-nuevo-bolso-xs-de-ferragamo\/\",\"url\":\"https:\/\/graziamagazine.com\/es\/articles\/hug-el-nuevo-bolso-xs-de-ferragamo\/\",\"name\":\"Hug, el nuevo bolso XS de Ferragamo | Grazia\",\"isPartOf\":{\"@id\":\"https:\/\/graziamagazine.com\/es\/#website\"},\"datePublished\":\"2026-04-27T10:14:08+00:00\",\"dateModified\":\"2026-04-27T10:14:08+00:00\",\"description\":\"El bolso Hug\u00a0de Ferragamo es la quintaesencia del legado duradero de la firma en materia de artesan\u00eda y creatividad: un objeto de elegancia atemporal y\",\"breadcrumb\":{\"@id\":\"https:\/\/graziamagazine.com\/es\/articles\/hug-el-nuevo-bolso-xs-de-ferragamo\/#breadcrumb\"},\"inLanguage\":\"es\",\"potentialAction\":[{\"@type\":\"ReadAction\",\"target\":[\"https:\/\/graziamagazine.com\/es\/articles\/hug-el-nuevo-bolso-xs-de-ferragamo\/\"]}]},{\"@type\":\"BreadcrumbList\",\"@id\":\"https:\/\/graziamagazine.com\/es\/articles\/hug-el-nuevo-bolso-xs-de-ferragamo\/#breadcrumb\",\"itemListElement\":[{\"@type\":\"ListItem\",\"position\":1,\"name\":\"Portada\",\"item\":\"https:\/\/graziamagazine.com\/es\/\"},{\"@type\":\"ListItem\",\"position\":2,\"name\":\"Hug, el nuevo bolso XS de Ferragamo\"}]},{\"@type\":\"WebSite\",\"@id\":\"https:\/\/graziamagazine.com\/es\/#website\",\"url\":\"https:\/\/graziamagazine.com\/es\/\",\"name\":\"Grazia\",\"description\":\"Moda, belleza, celebrities, estilo de vida...\",\"potentialAction\":[{\"@type\":\"SearchAction\",\"target\":{\"@type\":\"EntryPoint\",\"urlTemplate\":\"https:\/\/graziamagazine.com\/es\/?s={search_term_string}\"},\"query-input\":\"required name=search_term_string\"}],\"inLanguage\":\"es\"}]}<\/script>\n<!-- \/ Yoast SEO Premium plugin. -->","yoast_head_json":{"title":"Hug, el nuevo bolso XS de Ferragamo | Grazia","description":"El bolso Hug\u00a0de Ferragamo es la quintaesencia del legado duradero de la firma en materia de artesan\u00eda y creatividad: un objeto de elegancia atemporal y","robots":{"index":"index","follow":"follow","max-snippet":"max-snippet:-1","max-image-preview":"max-image-preview:large","max-video-preview":"max-video-preview:-1"},"canonical":"https:\/\/graziamagazine.com\/es\/articles\/hug-el-nuevo-bolso-xs-de-ferragamo\/","og_locale":"es_ES","og_type":"article","og_title":"Hug, el nuevo bolso XS de Ferragamo","og_description":"El bolso Hug\u00a0de Ferragamo es la quintaesencia del legado duradero de la firma en materia de artesan\u00eda y creatividad: un objeto de elegancia atemporal y","og_url":"https:\/\/graziamagazine.com\/es\/articles\/hug-el-nuevo-bolso-xs-de-ferragamo\/","og_site_name":"Grazia","og_image":[{"width":2098,"height":1486,"url":"https:\/\/graziamagazine.com\/es\/wp-content\/uploads\/sites\/12\/2026\/04\/mail-1-copia-e1777284726220.jpeg","type":"image\/jpeg"}],"twitter_card":"summary_large_image","twitter_misc":{"Est. reading time":"2 minutos"},"schema":{"@context":"https:\/\/schema.org","@graph":[{"@type":"WebPage","@id":"https:\/\/graziamagazine.com\/es\/articles\/hug-el-nuevo-bolso-xs-de-ferragamo\/","url":"https:\/\/graziamagazine.com\/es\/articles\/hug-el-nuevo-bolso-xs-de-ferragamo\/","name":"Hug, el nuevo bolso XS de Ferragamo | Grazia","isPartOf":{"@id":"https:\/\/graziamagazine.com\/es\/#website"},"datePublished":"2026-04-27T10:14:08+00:00","dateModified":"2026-04-27T10:14:08+00:00","description":"El bolso Hug\u00a0de Ferragamo es la quintaesencia del legado duradero de la firma en materia de artesan\u00eda y creatividad: un objeto de elegancia atemporal y","breadcrumb":{"@id":"https:\/\/graziamagazine.com\/es\/articles\/hug-el-nuevo-bolso-xs-de-ferragamo\/#breadcrumb"},"inLanguage":"es","potentialAction":[{"@type":"ReadAction","target":["https:\/\/graziamagazine.com\/es\/articles\/hug-el-nuevo-bolso-xs-de-ferragamo\/"]}]},{"@type":"BreadcrumbList","@id":"https:\/\/graziamagazine.com\/es\/articles\/hug-el-nuevo-bolso-xs-de-ferragamo\/#breadcrumb","itemListElement":[{"@type":"ListItem","position":1,"name":"Portada","item":"https:\/\/graziamagazine.com\/es\/"},{"@type":"ListItem","position":2,"name":"Hug, el nuevo bolso XS de Ferragamo"}]},{"@type":"WebSite","@id":"https:\/\/graziamagazine.com\/es\/#website","url":"https:\/\/graziamagazine.com\/es\/","name":"Grazia","description":"Moda, belleza, celebrities, estilo de vida...","potentialAction":[{"@type":"SearchAction","target":{"@type":"EntryPoint","urlTemplate":"https:\/\/graziamagazine.com\/es\/?s={search_term_string}"},"query-input":"required name=search_term_string"}],"inLanguage":"es"}]}},"jetpack_sharing_enabled":true,"distributor_meta":false,"distributor_terms":false,"distributor_media":false,"distributor_original_site_name":"Grazia","distributor_original_site_url":"https:\/\/graziamagazine.com\/es","push-errors":false,"_links":{"self":[{"href":"https:\/\/graziamagazine.com\/es\/wp-json\/wp\/v2\/articles\/194202"}],"collection":[{"href":"https:\/\/graziamagazine.com\/es\/wp-json\/wp\/v2\/articles"}],"about":[{"href":"https:\/\/graziamagazine.com\/es\/wp-json\/wp\/v2\/types\/articles"}],"author":[{"embeddable":true,"href":"https:\/\/graziamagazine.com\/es\/wp-json\/wp\/v2\/users\/11653"}],"wp:featuredmedia":[{"embeddable":true,"href":"https:\/\/graziamagazine.com\/es\/wp-json\/wp\/v2\/media\/194208"}],"wp:attachment":[{"href":"https:\/\/graziamagazine.com\/es\/wp-json\/wp\/v2\/media?parent=194202"}],"wp:term":[{"taxonomy":"category","embeddable":true,"href":"https:\/\/graziamagazine.com\/es\/wp-json\/wp\/v2\/categories?post=194202"}],"curies":[{"name":"wp","href":"https:\/\/api.w.org\/{rel}","templated":true}]}}