{"id":194194,"date":"2026-04-27T09:18:07","date_gmt":"2026-04-27T07:18:07","guid":{"rendered":"https:\/\/graziamagazine.com\/es\/?post_type=articles&#038;p=194194"},"modified":"2026-04-27T11:10:44","modified_gmt":"2026-04-27T09:10:44","slug":"los-nuevos-cepillos-electricos-para-tus-peinados-de-verano","status":"publish","type":"articles","link":"https:\/\/graziamagazine.com\/es\/articles\/los-nuevos-cepillos-electricos-para-tus-peinados-de-verano\/","title":{"rendered":"Los nuevos cepillos el\u00e9ctricos para tus peinados de verano"},"content":{"rendered":"<p><span class=\"markuivrm0n8q\" data-markjs=\"true\" data-ogac=\"\" data-ogab=\"\" data-ogsc=\"\" data-ogsb=\"\" data-olk-copy-source=\"MessageBody\">ghd<\/span> presenta su nueva colecci\u00f3n de cepillos t\u00e9rmicos, ampliando su gama viral con tres herramientas dise\u00f1adas para simplificar la rutina capilar sin renunciar a resultados profesionales:<em>\u00a0<span class=\"markuivrm0n8q\" data-markjs=\"true\" data-ogac=\"\" data-ogab=\"\" data-ogsc=\"\" data-ogsb=\"\">ghd<\/span>\u00a0glide+<\/em>,\u00a0<em><span class=\"markuivrm0n8q\" data-markjs=\"true\" data-ogac=\"\" data-ogab=\"\" data-ogsc=\"\" data-ogsb=\"\">ghd<\/span>\u00a0glide+ max<\/em> y el ic\u00f3nico\u00a0<em><span class=\"markuivrm0n8q\" data-markjs=\"true\" data-ogac=\"\" data-ogab=\"\" data-ogsc=\"\" data-ogsb=\"\">ghd<\/span>\u00a0rise\u2122<\/em>.<\/p>\n<p>Tres cepillos de nueva generaci\u00f3n que combinan\u00a0<strong>tecnolog\u00eda avanzada, facilidad de uso y versatilidad<\/strong> para adaptarse a todo tipo de cabello y estilos de vida. La gama de cepillos t\u00e9rmicos de\u00a0<span class=\"markuivrm0n8q\" data-markjs=\"true\" data-ogac=\"\" data-ogab=\"\" data-ogsc=\"\" data-ogsb=\"\">ghd<\/span>\u00a0se posiciona como la soluci\u00f3n para un peinado r\u00e1pido y de bajo mantenimiento. Desde retoques de \u00faltimo momento hasta dar forma al cabello del segundo d\u00eda, estas herramientas se convierten en un imprescindible pr\u00e1ctico y eficaz para el d\u00eda a d\u00eda.<\/p>\n<h3>Los nuevos imprescindibles<\/h3>\n<p><strong>GHD GLIDE+: para un peinado r\u00e1pido y sin esfuerzo<\/strong><\/p>\n<p><span class=\"markuivrm0n8q\" data-markjs=\"true\" data-ogac=\"\" data-ogab=\"\" data-ogsc=\"\" data-ogsb=\"\" data-olk-copy-source=\"MessageBody\">ghd<\/span>\u00a0presenta la nueva versi\u00f3n mejorada del cepillo que revolucion\u00f3 el peinado en casa:\u00a0<span class=\"markuivrm0n8q\" data-markjs=\"true\" data-ogac=\"\" data-ogab=\"\" data-ogsc=\"\" data-ogsb=\"\">ghd<\/span>\u00a0glide+.\u00a0Dise\u00f1ado para un peinado r\u00e1pido y sin esfuerzo, permite conseguir un acabado ultra pulido en pocos minutos. Incorpora la tecnolog\u00eda avanzada de\u00a0<span class=\"markuivrm0n8q\" data-markjs=\"true\" data-ogac=\"\" data-ogab=\"\" data-ogsc=\"\" data-ogsb=\"\">ghd<\/span>, manteniendo la temperatura \u00f3ptima de 185\u00b0C para lograr un cabello m\u00e1s liso en una sola pasada, sin da\u00f1o por calor extremo.<\/p>\n<p><span data-olk-copy-source=\"MessageBody\">Adem\u00e1s, cuenta con un<\/span><strong>\u00a0dise\u00f1o ergon\u00f3mico mejorado y un calentamiento m\u00e1s r\u00e1pido<\/strong>, lo que facilita su uso en el d\u00eda a d\u00eda. Es especialmente eficaz para controlar el cabello del segundo d\u00eda, reduciendo el encrespamiento hasta en un 50% y proporcionando un acabado duradero durante toda la jornada.<\/p>\n<p><img loading=\"lazy\" decoding=\"async\" class=\"aligncenter size-full wp-image-194195\" src=\"https:\/\/graziamagazine.com\/es\/wp-content\/uploads\/sites\/12\/2026\/04\/NdP_SILUETAS__2-e1777155149612.png\" alt=\"\" width=\"984\" height=\"677\" srcset=\"https:\/\/graziamagazine.com\/es\/wp-content\/uploads\/sites\/12\/2026\/04\/NdP_SILUETAS__2-e1777155149612.png 984w, https:\/\/graziamagazine.com\/es\/wp-content\/uploads\/sites\/12\/2026\/04\/NdP_SILUETAS__2-e1777155149612-300x206.png 300w, https:\/\/graziamagazine.com\/es\/wp-content\/uploads\/sites\/12\/2026\/04\/NdP_SILUETAS__2-e1777155149612-768x528.png 768w, https:\/\/graziamagazine.com\/es\/wp-content\/uploads\/sites\/12\/2026\/04\/NdP_SILUETAS__2-e1777155149612-400x275.png 400w, https:\/\/graziamagazine.com\/es\/wp-content\/uploads\/sites\/12\/2026\/04\/NdP_SILUETAS__2-e1777155149612-155x107.png 155w\" sizes=\"(max-width: 984px) 100vw, 984px\" \/><\/p>\n<p><u><a href=\"https:\/\/www.ghdhair.com\/es\/cepillos-electricos-pelo\/cepillo-alisador-ghd-glide-plus-p-766\"title=\"https:\/\/www.ghdhair.com\/es\/cepillos-electricos-pelo\/cepillo-alisador-ghd-glide-plus-p-766\"  target=\"_blank\" rel=\"noopener noreferrer\" data-auth=\"NotApplicable\" data-linkindex=\"2\" data-olk-copy-source=\"MessageBody\" target=\"_blank\">Cepillo el\u00e9ctrico\u00a0<span class=\"markuivrm0n8q\" data-markjs=\"true\" data-ogac=\"\" data-ogab=\"\" data-ogsc=\"\" data-ogsb=\"\">ghd<\/span>\u00a0glide+, PVP: 199\u20ac<\/a><\/u><\/p>\n<p><strong><span class=\"markuivrm0n8q\" data-markjs=\"true\" data-ogac=\"\" data-ogab=\"\" data-ogsc=\"\" data-ogsb=\"\">GHD<\/span> GLIDE+ max: para melenas XL<\/strong><\/p>\n<p><span class=\"markuivrm0n8q\" data-markjs=\"true\" data-ogac=\"\" data-ogab=\"\" data-ogsc=\"\" data-ogsb=\"\" data-olk-copy-source=\"MessageBody\">ghd<\/span>\u00a0introduce una nueva herramienta pensada para cabellos m\u00e1s exigentes:\u00a0<span class=\"markuivrm0n8q\" data-markjs=\"true\" data-ogac=\"\" data-ogab=\"\" data-ogsc=\"\" data-ogsb=\"\">ghd<\/span>\u00a0glide+ max. Este cepillo t\u00e9rmico incorpora un dise\u00f1o extra grande tipo paddle y una placa de mayor tama\u00f1o, lo que permite<strong>\u00a0trabajar con mayor cantidad de cabello en cada pasada<\/strong>. Est\u00e1 especialmente indicado para cabellos largos, gruesos o rizados, facilitando el peinado de forma r\u00e1pida y eficaz.<\/p>\n<p><span data-olk-copy-source=\"MessageBody\">Gracias a su mayor superficie y a la tecnolog\u00eda avanzada de\u00a0<span class=\"markuivrm0n8q\" data-markjs=\"true\" data-ogac=\"\" data-ogab=\"\" data-ogsc=\"\" data-ogsb=\"\">ghd<\/span>, dispone de un\u00a0<\/span>mayor n\u00famero de p\u00faas calefactadas activas, garantizando resultados suaves y uniformes sin necesidad de aplicar calor extremo. El resultado: un peinado m\u00e1s r\u00e1pido, con mayor cobertura y un acabado uniforme en una sola pasada.<\/p>\n<p><img loading=\"lazy\" decoding=\"async\" class=\"aligncenter size-full wp-image-194197\" src=\"https:\/\/graziamagazine.com\/es\/wp-content\/uploads\/sites\/12\/2026\/04\/NdP_SILUETAS__3-e1777155326904.png\" alt=\"\" width=\"971\" height=\"720\" srcset=\"https:\/\/graziamagazine.com\/es\/wp-content\/uploads\/sites\/12\/2026\/04\/NdP_SILUETAS__3-e1777155326904.png 971w, https:\/\/graziamagazine.com\/es\/wp-content\/uploads\/sites\/12\/2026\/04\/NdP_SILUETAS__3-e1777155326904-300x222.png 300w, https:\/\/graziamagazine.com\/es\/wp-content\/uploads\/sites\/12\/2026\/04\/NdP_SILUETAS__3-e1777155326904-768x569.png 768w, https:\/\/graziamagazine.com\/es\/wp-content\/uploads\/sites\/12\/2026\/04\/NdP_SILUETAS__3-e1777155326904-400x297.png 400w, https:\/\/graziamagazine.com\/es\/wp-content\/uploads\/sites\/12\/2026\/04\/NdP_SILUETAS__3-e1777155326904-155x115.png 155w\" sizes=\"(max-width: 971px) 100vw, 971px\" \/><\/p>\n<p><u><a href=\"https:\/\/www.ghdhair.com\/es\/cepillos-electricos-pelo\/cepillo-alisador-ghd-glide-plus-max-p-767\"title=\"https:\/\/www.ghdhair.com\/es\/cepillos-electricos-pelo\/cepillo-alisador-ghd-glide-plus-max-p-767\"  target=\"_blank\" rel=\"noopener noreferrer\" data-auth=\"NotApplicable\" data-linkindex=\"4\" data-olk-copy-source=\"MessageBody\" target=\"_blank\">Cepillo el\u00e9ctrico\u00a0<span class=\"markuivrm0n8q\" data-markjs=\"true\" data-ogac=\"\" data-ogab=\"\" data-ogsc=\"\" data-ogsb=\"\">ghd<\/span>\u00a0glide max, PVP: 199\u20ac<\/a><\/u><\/p>\n<p><strong data-olk-copy-source=\"MessageBody\"><span class=\"markuivrm0n8q\" data-markjs=\"true\" data-ogac=\"\" data-ogab=\"\" data-ogsc=\"\" data-ogsb=\"\">GHD<\/span> RISE\u2122: para mayor volumen<\/strong><\/p>\n<p>El\u00a0cepillo voluminizador\u00a0<span class=\"markuivrm0n8q\" data-markjs=\"true\" data-ogac=\"\" data-ogab=\"\" data-ogsc=\"\" data-ogsb=\"\">ghd<\/span>\u00a0rise\u2122\u00a0regresa como uno de los grandes protagonistas de la colecci\u00f3n. Considerado una de las herramientas m\u00e1s virales de la marca, este cepillo el\u00e9ctrico est\u00e1 dise\u00f1ado para\u00a0aportar volumen desde la ra\u00edz\u00a0con un acabado natural y con movimiento.<\/p>\n<p><span data-olk-copy-source=\"MessageBody\">Cuenta con la\u00a0<\/span><strong>tecnolog\u00eda ultra-zone\u2122<\/strong>, que se adapta a las necesidades del cabello y mantiene una temperatura constante de 185\u00b0C a lo largo de todo el barril de 32 mm. Esto permite trabajar el volumen de forma controlada y precisa, consiguiendo resultados m\u00e1s duraderos y visiblemente m\u00e1s saludables.\u00a0<span class=\"markuivrm0n8q\" data-markjs=\"true\" data-ogac=\"\" data-ogab=\"\" data-ogsc=\"\" data-ogsb=\"\">ghd<\/span>\u00a0rise\u2122 ofrece hasta el doble de volumen desde la ra\u00edz hasta las puntas, convirti\u00e9ndose en una herramienta clave para crear peinados con cuerpo y textura de forma sencilla.<\/p>\n<p><img loading=\"lazy\" decoding=\"async\" class=\"aligncenter size-full wp-image-194198\" src=\"https:\/\/graziamagazine.com\/es\/wp-content\/uploads\/sites\/12\/2026\/04\/NdP_SILUETAS__4-e1777155497865.png\" alt=\"\" width=\"981\" height=\"715\" srcset=\"https:\/\/graziamagazine.com\/es\/wp-content\/uploads\/sites\/12\/2026\/04\/NdP_SILUETAS__4-e1777155497865.png 981w, https:\/\/graziamagazine.com\/es\/wp-content\/uploads\/sites\/12\/2026\/04\/NdP_SILUETAS__4-e1777155497865-300x219.png 300w, https:\/\/graziamagazine.com\/es\/wp-content\/uploads\/sites\/12\/2026\/04\/NdP_SILUETAS__4-e1777155497865-768x560.png 768w, https:\/\/graziamagazine.com\/es\/wp-content\/uploads\/sites\/12\/2026\/04\/NdP_SILUETAS__4-e1777155497865-400x292.png 400w, https:\/\/graziamagazine.com\/es\/wp-content\/uploads\/sites\/12\/2026\/04\/NdP_SILUETAS__4-e1777155497865-155x113.png 155w\" sizes=\"(max-width: 981px) 100vw, 981px\" \/><\/p>\n<p><u><a href=\"https:\/\/www.ghdhair.com\/es\/cepillos-electricos-pelo\/cepillo-volumen-ghd-rise-p-517\"title=\"https:\/\/www.ghdhair.com\/es\/cepillos-electricos-pelo\/cepillo-volumen-ghd-rise-p-517\"  target=\"_blank\" rel=\"noopener noreferrer\" data-auth=\"NotApplicable\" data-linkindex=\"6\" data-olk-copy-source=\"MessageBody\" target=\"_blank\">Cepillo el\u00e9ctrico\u00a0<span class=\"markuivrm0n8q\" data-markjs=\"true\" data-ogac=\"\" data-ogab=\"\" data-ogsc=\"\" data-ogsb=\"\">ghd<\/span>\u00a0rise, PVP: 209\u20ac<\/a><\/u><\/p>\n<p><span data-olk-copy-source=\"MessageBody\">Con esta nueva colecci\u00f3n,\u00a0<span class=\"markuivrm0n8q\" data-markjs=\"true\" data-ogac=\"\" data-ogab=\"\" data-ogsc=\"\" data-ogsb=\"\">ghd<\/span>\u00a0refuerza su apuesta por herramientas vers\u00e1tiles, f\u00e1ciles de usar y adaptadas a las necesidades reales del consumidor actual. Tres cepillos t\u00e9rmicos dise\u00f1ados para\u00a0<\/span><strong>optimizar la rutina capilar y conseguir resultados profesionales sin complicaciones<\/strong>, tanto en el d\u00eda a d\u00eda como en ocasiones especiales.<\/p>\n<p><em>*Im\u00e1genes: cortes\u00eda<\/em><\/p>\n<div><\/div>\n","protected":false},"author":11653,"featured_media":194196,"template":"","format":"standard","categories":[7],"acf":[],"yoast_head":"<!-- This site is optimized with the Yoast SEO Premium plugin v18.5 (Yoast SEO v20.4) - https:\/\/yoast.com\/wordpress\/plugins\/seo\/ -->\n<title>Los nuevos cepillos el\u00e9ctricos para tus peinados de verano | Grazia<\/title>\n<meta name=\"description\" content=\"ghd presenta su nueva colecci\u00f3n de cepillos t\u00e9rmicos, ampliando su gama viral con tres herramientas dise\u00f1adas para simplificar la rutina capilar sin\" \/>\n<meta name=\"robots\" content=\"index, follow, max-snippet:-1, max-image-preview:large, max-video-preview:-1\" \/>\n<link rel=\"canonical\" href=\"https:\/\/graziamagazine.com\/es\/articles\/los-nuevos-cepillos-electricos-para-tus-peinados-de-verano\/\" \/>\n<meta property=\"og:locale\" content=\"es_ES\" \/>\n<meta property=\"og:type\" content=\"article\" \/>\n<meta property=\"og:title\" content=\"Los nuevos cepillos el\u00e9ctricos para tus peinados de verano\" \/>\n<meta property=\"og:description\" content=\"ghd presenta su nueva colecci\u00f3n de cepillos t\u00e9rmicos, ampliando su gama viral con tres herramientas dise\u00f1adas para simplificar la rutina capilar sin\" \/>\n<meta property=\"og:url\" content=\"https:\/\/graziamagazine.com\/es\/articles\/los-nuevos-cepillos-electricos-para-tus-peinados-de-verano\/\" \/>\n<meta property=\"og:site_name\" content=\"Grazia\" \/>\n<meta property=\"article:modified_time\" content=\"2026-04-27T09:10:44+00:00\" \/>\n<meta property=\"og:image\" content=\"https:\/\/graziamagazine.com\/es\/wp-content\/uploads\/sites\/12\/2026\/04\/NdP_IMAGEN_PORTADA_OK_2-copia.jpg\" \/>\n\t<meta property=\"og:image:width\" content=\"1500\" \/>\n\t<meta property=\"og:image:height\" content=\"1000\" \/>\n\t<meta property=\"og:image:type\" content=\"image\/jpeg\" \/>\n<meta name=\"twitter:card\" content=\"summary_large_image\" \/>\n<meta name=\"twitter:image\" content=\"https:\/\/graziamagazine.com\/es\/wp-content\/uploads\/sites\/12\/2026\/04\/NdP_IMAGEN_PORTADA_OK_2-copia.jpg\" \/>\n<meta name=\"twitter:label1\" content=\"Est. reading time\" \/>\n\t<meta name=\"twitter:data1\" content=\"4 minutos\" \/>\n<script type=\"application\/ld+json\" class=\"yoast-schema-graph\">{\"@context\":\"https:\/\/schema.org\",\"@graph\":[{\"@type\":\"WebPage\",\"@id\":\"https:\/\/graziamagazine.com\/es\/articles\/los-nuevos-cepillos-electricos-para-tus-peinados-de-verano\/\",\"url\":\"https:\/\/graziamagazine.com\/es\/articles\/los-nuevos-cepillos-electricos-para-tus-peinados-de-verano\/\",\"name\":\"Los nuevos cepillos el\u00e9ctricos para tus peinados de verano | Grazia\",\"isPartOf\":{\"@id\":\"https:\/\/graziamagazine.com\/es\/#website\"},\"datePublished\":\"2026-04-27T07:18:07+00:00\",\"dateModified\":\"2026-04-27T09:10:44+00:00\",\"description\":\"ghd presenta su nueva colecci\u00f3n de cepillos t\u00e9rmicos, ampliando su gama viral con tres herramientas dise\u00f1adas para simplificar la rutina capilar sin\",\"breadcrumb\":{\"@id\":\"https:\/\/graziamagazine.com\/es\/articles\/los-nuevos-cepillos-electricos-para-tus-peinados-de-verano\/#breadcrumb\"},\"inLanguage\":\"es\",\"potentialAction\":[{\"@type\":\"ReadAction\",\"target\":[\"https:\/\/graziamagazine.com\/es\/articles\/los-nuevos-cepillos-electricos-para-tus-peinados-de-verano\/\"]}]},{\"@type\":\"BreadcrumbList\",\"@id\":\"https:\/\/graziamagazine.com\/es\/articles\/los-nuevos-cepillos-electricos-para-tus-peinados-de-verano\/#breadcrumb\",\"itemListElement\":[{\"@type\":\"ListItem\",\"position\":1,\"name\":\"Portada\",\"item\":\"https:\/\/graziamagazine.com\/es\/\"},{\"@type\":\"ListItem\",\"position\":2,\"name\":\"Los nuevos cepillos el\u00e9ctricos para tus peinados de verano\"}]},{\"@type\":\"WebSite\",\"@id\":\"https:\/\/graziamagazine.com\/es\/#website\",\"url\":\"https:\/\/graziamagazine.com\/es\/\",\"name\":\"Grazia\",\"description\":\"Moda, belleza, celebrities, estilo de vida...\",\"potentialAction\":[{\"@type\":\"SearchAction\",\"target\":{\"@type\":\"EntryPoint\",\"urlTemplate\":\"https:\/\/graziamagazine.com\/es\/?s={search_term_string}\"},\"query-input\":\"required name=search_term_string\"}],\"inLanguage\":\"es\"}]}<\/script>\n<!-- \/ Yoast SEO Premium plugin. -->","yoast_head_json":{"title":"Los nuevos cepillos el\u00e9ctricos para tus peinados de verano | Grazia","description":"ghd presenta su nueva colecci\u00f3n de cepillos t\u00e9rmicos, ampliando su gama viral con tres herramientas dise\u00f1adas para simplificar la rutina capilar sin","robots":{"index":"index","follow":"follow","max-snippet":"max-snippet:-1","max-image-preview":"max-image-preview:large","max-video-preview":"max-video-preview:-1"},"canonical":"https:\/\/graziamagazine.com\/es\/articles\/los-nuevos-cepillos-electricos-para-tus-peinados-de-verano\/","og_locale":"es_ES","og_type":"article","og_title":"Los nuevos cepillos el\u00e9ctricos para tus peinados de verano","og_description":"ghd presenta su nueva colecci\u00f3n de cepillos t\u00e9rmicos, ampliando su gama viral con tres herramientas dise\u00f1adas para simplificar la rutina capilar sin","og_url":"https:\/\/graziamagazine.com\/es\/articles\/los-nuevos-cepillos-electricos-para-tus-peinados-de-verano\/","og_site_name":"Grazia","article_modified_time":"2026-04-27T09:10:44+00:00","og_image":[{"width":1500,"height":1000,"url":"https:\/\/graziamagazine.com\/es\/wp-content\/uploads\/sites\/12\/2026\/04\/NdP_IMAGEN_PORTADA_OK_2-copia.jpg","type":"image\/jpeg"}],"twitter_card":"summary_large_image","twitter_image":"https:\/\/graziamagazine.com\/es\/wp-content\/uploads\/sites\/12\/2026\/04\/NdP_IMAGEN_PORTADA_OK_2-copia.jpg","twitter_misc":{"Est. reading time":"4 minutos"},"schema":{"@context":"https:\/\/schema.org","@graph":[{"@type":"WebPage","@id":"https:\/\/graziamagazine.com\/es\/articles\/los-nuevos-cepillos-electricos-para-tus-peinados-de-verano\/","url":"https:\/\/graziamagazine.com\/es\/articles\/los-nuevos-cepillos-electricos-para-tus-peinados-de-verano\/","name":"Los nuevos cepillos el\u00e9ctricos para tus peinados de verano | Grazia","isPartOf":{"@id":"https:\/\/graziamagazine.com\/es\/#website"},"datePublished":"2026-04-27T07:18:07+00:00","dateModified":"2026-04-27T09:10:44+00:00","description":"ghd presenta su nueva colecci\u00f3n de cepillos t\u00e9rmicos, ampliando su gama viral con tres herramientas dise\u00f1adas para simplificar la rutina capilar sin","breadcrumb":{"@id":"https:\/\/graziamagazine.com\/es\/articles\/los-nuevos-cepillos-electricos-para-tus-peinados-de-verano\/#breadcrumb"},"inLanguage":"es","potentialAction":[{"@type":"ReadAction","target":["https:\/\/graziamagazine.com\/es\/articles\/los-nuevos-cepillos-electricos-para-tus-peinados-de-verano\/"]}]},{"@type":"BreadcrumbList","@id":"https:\/\/graziamagazine.com\/es\/articles\/los-nuevos-cepillos-electricos-para-tus-peinados-de-verano\/#breadcrumb","itemListElement":[{"@type":"ListItem","position":1,"name":"Portada","item":"https:\/\/graziamagazine.com\/es\/"},{"@type":"ListItem","position":2,"name":"Los nuevos cepillos el\u00e9ctricos para tus peinados de verano"}]},{"@type":"WebSite","@id":"https:\/\/graziamagazine.com\/es\/#website","url":"https:\/\/graziamagazine.com\/es\/","name":"Grazia","description":"Moda, belleza, celebrities, estilo de vida...","potentialAction":[{"@type":"SearchAction","target":{"@type":"EntryPoint","urlTemplate":"https:\/\/graziamagazine.com\/es\/?s={search_term_string}"},"query-input":"required name=search_term_string"}],"inLanguage":"es"}]}},"jetpack_sharing_enabled":true,"distributor_meta":false,"distributor_terms":false,"distributor_media":false,"distributor_original_site_name":"Grazia","distributor_original_site_url":"https:\/\/graziamagazine.com\/es","push-errors":false,"_links":{"self":[{"href":"https:\/\/graziamagazine.com\/es\/wp-json\/wp\/v2\/articles\/194194"}],"collection":[{"href":"https:\/\/graziamagazine.com\/es\/wp-json\/wp\/v2\/articles"}],"about":[{"href":"https:\/\/graziamagazine.com\/es\/wp-json\/wp\/v2\/types\/articles"}],"author":[{"embeddable":true,"href":"https:\/\/graziamagazine.com\/es\/wp-json\/wp\/v2\/users\/11653"}],"wp:featuredmedia":[{"embeddable":true,"href":"https:\/\/graziamagazine.com\/es\/wp-json\/wp\/v2\/media\/194196"}],"wp:attachment":[{"href":"https:\/\/graziamagazine.com\/es\/wp-json\/wp\/v2\/media?parent=194194"}],"wp:term":[{"taxonomy":"category","embeddable":true,"href":"https:\/\/graziamagazine.com\/es\/wp-json\/wp\/v2\/categories?post=194194"}],"curies":[{"name":"wp","href":"https:\/\/api.w.org\/{rel}","templated":true}]}}