{"id":194121,"date":"2026-04-28T14:39:46","date_gmt":"2026-04-28T12:39:46","guid":{"rendered":"https:\/\/graziamagazine.com\/es\/?post_type=articles&#038;p=194121"},"modified":"2026-04-28T14:39:46","modified_gmt":"2026-04-28T12:39:46","slug":"los-regalos-dior-para-el-dia-de-la-madre","status":"publish","type":"articles","link":"https:\/\/graziamagazine.com\/es\/articles\/los-regalos-dior-para-el-dia-de-la-madre\/","title":{"rendered":"Los regalos Dior para el D\u00eda de la Madre"},"content":{"rendered":"<p>Hay firmas que no necesitan presentaci\u00f3n y luego est\u00e1 Dior.\u00a0Cuando se trata de celebrar el D\u00eda de la Madre, elegir un regalo firmado por la maison francesa es ir un paso m\u00e1s all\u00e1: es apostar por el detalle que trasciende el objeto, por ese gesto que combina belleza, historia y un savoir-faire que se reconoce al instante.<\/p>\n<p>Para este d\u00eda tan se\u00f1alado, la <em>maison<\/em> propone una forma de celebrar que va m\u00e1s all\u00e1 del gesto cl\u00e1sico: piezas de moda y accesorios que no solo completan un look, sino que lo definen. Bolsos que acompa\u00f1an cada d\u00eda, pa\u00f1uelos que transforman lo esencial, joyas discretas que dicen mucho sin necesidad de explicarse.<\/p>\n<p>Porque regalar moda no es solo regalar algo bonito. Es regalar estilo, actitud y ese peque\u00f1o lujo cotidiano que se queda. Porque hay madres que lo tienen todo, y para ellas, solo funciona algo as\u00ed: un regalo que no solo emocione, sino que tambi\u00e9n cuente una historia.<\/p>\n<p>Y cuando lleva el sello Dior, el detalle se convierte en algo m\u00e1s: una declaraci\u00f3n silenciosa de elegancia que dura mucho despu\u00e9s del primer uso.<\/p>\n<h3>complementos que har\u00e1n feliz a mam\u00e1<\/h3>\n<div class=\"MuiBox-root mui-latin-gav99u\" title=\"Gafas de sol cuadradas en rosa pastel y azul\" role=\"alert\" aria-live=\"polite\" data-testid=\"fashion-product-subtitle\">\n<p class=\"MuiTypography-root MuiTypography-body-s DS-Typography mui-latin-1lx4awc\"><strong>Gafas de sol cuadradas en rosa pastel Dior Oblique S1I<\/strong><\/p>\n<div class=\"MuiBox-root mui-latin-unpxae\">\n<div class=\"MuiBox-root mui-latin-15z0jav\"><img loading=\"lazy\" decoding=\"async\" class=\"aligncenter size-full wp-image-194260\" src=\"https:\/\/graziamagazine.com\/es\/wp-content\/uploads\/sites\/12\/2026\/04\/DBLQS1IXR40A1_SBG_E03-copia-e1777378257867.jpg\" alt=\"\" width=\"1398\" height=\"643\" srcset=\"https:\/\/graziamagazine.com\/es\/wp-content\/uploads\/sites\/12\/2026\/04\/DBLQS1IXR40A1_SBG_E03-copia-e1777378257867.jpg 1398w, https:\/\/graziamagazine.com\/es\/wp-content\/uploads\/sites\/12\/2026\/04\/DBLQS1IXR40A1_SBG_E03-copia-e1777378257867-300x138.jpg 300w, https:\/\/graziamagazine.com\/es\/wp-content\/uploads\/sites\/12\/2026\/04\/DBLQS1IXR40A1_SBG_E03-copia-e1777378257867-1024x471.jpg 1024w, https:\/\/graziamagazine.com\/es\/wp-content\/uploads\/sites\/12\/2026\/04\/DBLQS1IXR40A1_SBG_E03-copia-e1777378257867-768x353.jpg 768w, https:\/\/graziamagazine.com\/es\/wp-content\/uploads\/sites\/12\/2026\/04\/DBLQS1IXR40A1_SBG_E03-copia-e1777378257867-400x184.jpg 400w, https:\/\/graziamagazine.com\/es\/wp-content\/uploads\/sites\/12\/2026\/04\/DBLQS1IXR40A1_SBG_E03-copia-e1777378257867-155x71.jpg 155w\" sizes=\"(max-width: 1398px) 100vw, 1398px\" \/><\/div>\n<p><a href=\"https:\/\/www.dior.com\/es_es\/fashion\/products\/DBLQS1IXR_40A1\" target=\"_blank\">Su precio es de 450 euros en la web de la maison<\/a><\/p>\n<div class=\"MuiBox-root mui-latin-unpxae\">\n<p class=\"MuiTypography-root MuiTypography-headline-s DS-Typography mui-latin-1w4hih8\" data-testid=\"fashion-product-title\"><strong>Coletero Dior Infini Tartan Diorette<\/strong><\/p>\n<div class=\"MuiBox-root mui-latin-15z0jav\"><img loading=\"lazy\" decoding=\"async\" class=\"aligncenter size-full wp-image-194261\" src=\"https:\/\/graziamagazine.com\/es\/wp-content\/uploads\/sites\/12\/2026\/04\/CPS00012ASKOC480_SBG_E01-copia-e1777378359715.jpg\" alt=\"\" width=\"1385\" height=\"1359\" srcset=\"https:\/\/graziamagazine.com\/es\/wp-content\/uploads\/sites\/12\/2026\/04\/CPS00012ASKOC480_SBG_E01-copia-e1777378359715.jpg 1385w, https:\/\/graziamagazine.com\/es\/wp-content\/uploads\/sites\/12\/2026\/04\/CPS00012ASKOC480_SBG_E01-copia-e1777378359715-300x294.jpg 300w, https:\/\/graziamagazine.com\/es\/wp-content\/uploads\/sites\/12\/2026\/04\/CPS00012ASKOC480_SBG_E01-copia-e1777378359715-1024x1005.jpg 1024w, https:\/\/graziamagazine.com\/es\/wp-content\/uploads\/sites\/12\/2026\/04\/CPS00012ASKOC480_SBG_E01-copia-e1777378359715-768x754.jpg 768w, https:\/\/graziamagazine.com\/es\/wp-content\/uploads\/sites\/12\/2026\/04\/CPS00012ASKOC480_SBG_E01-copia-e1777378359715-400x392.jpg 400w, https:\/\/graziamagazine.com\/es\/wp-content\/uploads\/sites\/12\/2026\/04\/CPS00012ASKOC480_SBG_E01-copia-e1777378359715-155x152.jpg 155w\" sizes=\"(max-width: 1385px) 100vw, 1385px\" \/><\/div>\n<p><a href=\"https:\/\/www.dior.com\/es_es\/fashion\/products\/CPS00012ASKO_C480\" target=\"_blank\">Su precio es de 520 euros en la web de la maison<\/a><\/p>\n<div class=\"MuiBox-root mui-latin-unpxae\">\n<p class=\"MuiTypography-root MuiTypography-headline-s DS-Typography mui-latin-1w4hih8\" data-testid=\"fashion-product-title\"><strong>Pendientes CD Garden<\/strong><\/p>\n<div class=\"MuiBox-root mui-latin-15z0jav\"><img loading=\"lazy\" decoding=\"async\" class=\"aligncenter size-full wp-image-194263\" src=\"https:\/\/graziamagazine.com\/es\/wp-content\/uploads\/sites\/12\/2026\/04\/Captura-de-pantalla-2026-04-28-a-las-14.16.59.png\" alt=\"\" width=\"1292\" height=\"618\" srcset=\"https:\/\/graziamagazine.com\/es\/wp-content\/uploads\/sites\/12\/2026\/04\/Captura-de-pantalla-2026-04-28-a-las-14.16.59.png 1292w, https:\/\/graziamagazine.com\/es\/wp-content\/uploads\/sites\/12\/2026\/04\/Captura-de-pantalla-2026-04-28-a-las-14.16.59-300x143.png 300w, https:\/\/graziamagazine.com\/es\/wp-content\/uploads\/sites\/12\/2026\/04\/Captura-de-pantalla-2026-04-28-a-las-14.16.59-1024x490.png 1024w, https:\/\/graziamagazine.com\/es\/wp-content\/uploads\/sites\/12\/2026\/04\/Captura-de-pantalla-2026-04-28-a-las-14.16.59-768x367.png 768w, https:\/\/graziamagazine.com\/es\/wp-content\/uploads\/sites\/12\/2026\/04\/Captura-de-pantalla-2026-04-28-a-las-14.16.59-400x191.png 400w, https:\/\/graziamagazine.com\/es\/wp-content\/uploads\/sites\/12\/2026\/04\/Captura-de-pantalla-2026-04-28-a-las-14.16.59-155x74.png 155w\" sizes=\"(max-width: 1292px) 100vw, 1292px\" \/><\/div>\n<p><a href=\"https:\/\/www.dior.com\/es_es\/fashion\/products\/E4665WOMMT_D300\" target=\"_blank\">Su precio es de 360 euros en la web de la maison<\/a><\/p>\n<\/div>\n<div class=\"MuiBox-root mui-latin-unpxae\">\n<p class=\"MuiTypography-root MuiTypography-headline-s DS-Typography mui-latin-1w4hih8\" data-testid=\"fashion-product-title\"><strong>Collar Clair D Lune<\/strong><\/p>\n<div class=\"MuiBox-root mui-latin-15z0jav\"><img loading=\"lazy\" decoding=\"async\" class=\"aligncenter size-full wp-image-194262\" src=\"https:\/\/graziamagazine.com\/es\/wp-content\/uploads\/sites\/12\/2026\/04\/N3522WOMZID301_SBG_E01-copia-e1777378520720.jpg\" alt=\"\" width=\"1396\" height=\"1043\" srcset=\"https:\/\/graziamagazine.com\/es\/wp-content\/uploads\/sites\/12\/2026\/04\/N3522WOMZID301_SBG_E01-copia-e1777378520720.jpg 1396w, https:\/\/graziamagazine.com\/es\/wp-content\/uploads\/sites\/12\/2026\/04\/N3522WOMZID301_SBG_E01-copia-e1777378520720-300x224.jpg 300w, https:\/\/graziamagazine.com\/es\/wp-content\/uploads\/sites\/12\/2026\/04\/N3522WOMZID301_SBG_E01-copia-e1777378520720-1024x765.jpg 1024w, https:\/\/graziamagazine.com\/es\/wp-content\/uploads\/sites\/12\/2026\/04\/N3522WOMZID301_SBG_E01-copia-e1777378520720-768x574.jpg 768w, https:\/\/graziamagazine.com\/es\/wp-content\/uploads\/sites\/12\/2026\/04\/N3522WOMZID301_SBG_E01-copia-e1777378520720-400x299.jpg 400w, https:\/\/graziamagazine.com\/es\/wp-content\/uploads\/sites\/12\/2026\/04\/N3522WOMZID301_SBG_E01-copia-e1777378520720-155x116.jpg 155w\" sizes=\"(max-width: 1396px) 100vw, 1396px\" \/><\/div>\n<p><a href=\"https:\/\/www.dior.com\/es_es\/fashion\/products\/N3522WOMZI_D301\" target=\"_blank\">Su precio es de 480 euros en la web de la maison<\/a><\/p>\n<div class=\"MuiBox-root mui-latin-unpxae\">\n<p class=\"MuiTypography-root MuiTypography-headline-s DS-Typography mui-latin-1w4hih8\" data-testid=\"fashion-product-title\"><strong>Conjunto de pulseras Dio(r)evolution<\/strong><\/p>\n<p data-testid=\"fashion-product-title\"><img loading=\"lazy\" decoding=\"async\" class=\"aligncenter size-full wp-image-194265\" src=\"https:\/\/graziamagazine.com\/es\/wp-content\/uploads\/sites\/12\/2026\/04\/Captura-de-pantalla-2026-04-28-a-las-14.23.14.png\" alt=\"\" width=\"1266\" height=\"918\" srcset=\"https:\/\/graziamagazine.com\/es\/wp-content\/uploads\/sites\/12\/2026\/04\/Captura-de-pantalla-2026-04-28-a-las-14.23.14.png 1266w, https:\/\/graziamagazine.com\/es\/wp-content\/uploads\/sites\/12\/2026\/04\/Captura-de-pantalla-2026-04-28-a-las-14.23.14-300x218.png 300w, https:\/\/graziamagazine.com\/es\/wp-content\/uploads\/sites\/12\/2026\/04\/Captura-de-pantalla-2026-04-28-a-las-14.23.14-1024x743.png 1024w, https:\/\/graziamagazine.com\/es\/wp-content\/uploads\/sites\/12\/2026\/04\/Captura-de-pantalla-2026-04-28-a-las-14.23.14-768x557.png 768w, https:\/\/graziamagazine.com\/es\/wp-content\/uploads\/sites\/12\/2026\/04\/Captura-de-pantalla-2026-04-28-a-las-14.23.14-400x290.png 400w, https:\/\/graziamagazine.com\/es\/wp-content\/uploads\/sites\/12\/2026\/04\/Captura-de-pantalla-2026-04-28-a-las-14.23.14-155x112.png 155w\" sizes=\"(max-width: 1266px) 100vw, 1266px\" \/><\/p>\n<p class=\"MuiBox-root mui-latin-15z0jav\"><a href=\"https:\/\/www.dior.com\/es_es\/fashion\/products\/B1690WOMCY_D01L\" target=\"_blank\">Su precio es de 560 euros en la web de la maison<\/a><\/p>\n<div class=\"MuiBox-root mui-latin-unpxae\">\n<p class=\"MuiTypography-root MuiTypography-headline-s DS-Typography mui-latin-1w4hih8\" data-testid=\"fashion-product-title\"><strong>Anillo Dior M\u00e9daillon<\/strong><\/p>\n<p data-testid=\"fashion-product-title\"><img loading=\"lazy\" decoding=\"async\" class=\"aligncenter size-full wp-image-194266\" src=\"https:\/\/graziamagazine.com\/es\/wp-content\/uploads\/sites\/12\/2026\/04\/Captura-de-pantalla-2026-04-28-a-las-14.25.24.png\" alt=\"\" width=\"1270\" height=\"816\" srcset=\"https:\/\/graziamagazine.com\/es\/wp-content\/uploads\/sites\/12\/2026\/04\/Captura-de-pantalla-2026-04-28-a-las-14.25.24.png 1270w, https:\/\/graziamagazine.com\/es\/wp-content\/uploads\/sites\/12\/2026\/04\/Captura-de-pantalla-2026-04-28-a-las-14.25.24-300x193.png 300w, https:\/\/graziamagazine.com\/es\/wp-content\/uploads\/sites\/12\/2026\/04\/Captura-de-pantalla-2026-04-28-a-las-14.25.24-1024x658.png 1024w, https:\/\/graziamagazine.com\/es\/wp-content\/uploads\/sites\/12\/2026\/04\/Captura-de-pantalla-2026-04-28-a-las-14.25.24-768x493.png 768w, https:\/\/graziamagazine.com\/es\/wp-content\/uploads\/sites\/12\/2026\/04\/Captura-de-pantalla-2026-04-28-a-las-14.25.24-400x257.png 400w, https:\/\/graziamagazine.com\/es\/wp-content\/uploads\/sites\/12\/2026\/04\/Captura-de-pantalla-2026-04-28-a-las-14.25.24-155x100.png 155w\" sizes=\"(max-width: 1270px) 100vw, 1270px\" \/><\/p>\n<p class=\"MuiBox-root mui-latin-15z0jav\"><a href=\"https:\/\/www.dior.com\/es_es\/fashion\/products\/R3084WOMMT_D300\" target=\"_blank\">Su precio es de 350 euros en la web de la maison<\/a><\/p>\n<\/div>\n<\/div>\n<div class=\"MuiBox-root mui-latin-unpxae\">\n<p class=\"MuiTypography-root MuiTypography-headline-s DS-Typography mui-latin-1w4hih8\" data-testid=\"fashion-product-title\"><strong>Cintur\u00f3n Dior M\u00e9daillon<\/strong><\/p>\n<p data-testid=\"fashion-product-title\"><img loading=\"lazy\" decoding=\"async\" class=\"aligncenter size-full wp-image-194264\" src=\"https:\/\/graziamagazine.com\/es\/wp-content\/uploads\/sites\/12\/2026\/04\/Captura-de-pantalla-2026-04-28-a-las-14.19.14.png\" alt=\"\" width=\"1328\" height=\"984\" srcset=\"https:\/\/graziamagazine.com\/es\/wp-content\/uploads\/sites\/12\/2026\/04\/Captura-de-pantalla-2026-04-28-a-las-14.19.14.png 1328w, https:\/\/graziamagazine.com\/es\/wp-content\/uploads\/sites\/12\/2026\/04\/Captura-de-pantalla-2026-04-28-a-las-14.19.14-300x222.png 300w, https:\/\/graziamagazine.com\/es\/wp-content\/uploads\/sites\/12\/2026\/04\/Captura-de-pantalla-2026-04-28-a-las-14.19.14-1024x759.png 1024w, https:\/\/graziamagazine.com\/es\/wp-content\/uploads\/sites\/12\/2026\/04\/Captura-de-pantalla-2026-04-28-a-las-14.19.14-768x569.png 768w, https:\/\/graziamagazine.com\/es\/wp-content\/uploads\/sites\/12\/2026\/04\/Captura-de-pantalla-2026-04-28-a-las-14.19.14-400x296.png 400w, https:\/\/graziamagazine.com\/es\/wp-content\/uploads\/sites\/12\/2026\/04\/Captura-de-pantalla-2026-04-28-a-las-14.19.14-155x115.png 155w\" sizes=\"(max-width: 1328px) 100vw, 1328px\" \/><\/p>\n<p class=\"MuiBox-root mui-latin-15z0jav\"><a href=\"https:\/\/www.dior.com\/es_es\/fashion\/products\/B1022QGBK_M67M\" target=\"_blank\">Su precio es de 890 euros en la web de la maison<\/a><\/p>\n<\/div>\n<div class=\"MuiBox-root mui-latin-1xmjxen\">\n<div class=\"MuiBox-root mui-latin-gav99u\" title=\"Piel de becerro lisa marr\u00f3n, 25\u00a0mm\" role=\"alert\" aria-live=\"polite\" data-testid=\"fashion-product-subtitle\">\n<div class=\"MuiBox-root mui-latin-unpxae\">\n<p class=\"MuiTypography-root MuiTypography-headline-s DS-Typography mui-latin-1w4hih8\" data-testid=\"fashion-product-title\"><strong>Bolso mediano Diorly<\/strong><\/p>\n<p data-testid=\"fashion-product-title\"><img decoding=\"async\" src=\"https:\/\/assets.christiandior.com\/is\/image\/diorprod\/M1412PHJXM44M_SBG_E01-2?$r9x10_raw$&amp;crop=0,0,4000,5000&amp;wid=1850&amp;hei=2000&amp;scale=1&amp;bfc=on&amp;qlt=85\" \/><\/p>\n<p class=\"MuiBox-root mui-latin-15z0jav\"><a href=\"https:\/\/www.dior.com\/es_es\/fashion\/products\/M1412PHJX_M44M\" target=\"_blank\">Su precio es de 3.850 euros en la web de la maison<\/a><\/p>\n<\/div>\n<div class=\"MuiBox-root mui-latin-1xmjxen\">\n<div class=\"MuiBox-root mui-latin-gav99u\" title=\"Ante de piel de becerro en dorado Saddle\" role=\"alert\" aria-live=\"polite\" data-testid=\"fashion-product-subtitle\">\n<p class=\"MuiTypography-root MuiTypography-headline-s DS-Typography mui-latin-1w4hih8\" data-testid=\"fashion-product-title\"><strong>Charm para bolso Dior Icon<\/strong><\/p>\n<p data-testid=\"fashion-product-title\"><img decoding=\"async\" src=\"https:\/\/assets.christiandior.com\/is\/image\/diorprod\/V1975WOMMLD25K_SBG_E01?$r9x10_raw$&amp;crop=0,0,4000,5000&amp;wid=1850&amp;hei=2000&amp;scale=1&amp;bfc=on&amp;qlt=85\" \/><\/p>\n<p class=\"MuiBox-root mui-latin-unpxae\"><a href=\"https:\/\/www.dior.com\/es_es\/fashion\/products\/V1975WOMML_D25K\" target=\"_blank\">Su precio es de 780 euros en la web de la maison<\/a><\/p>\n<div class=\"MuiBox-root mui-latin-15z0jav\">\n<div class=\"MuiBox-root mui-latin-unpxae\">\n<p class=\"MuiTypography-root MuiTypography-headline-s DS-Typography mui-latin-1w4hih8\" data-testid=\"fashion-product-title\"><strong>Tarjetero Dior Jolie Freesia<\/strong><\/p>\n<div class=\"MuiBox-root mui-latin-15z0jav\"><img loading=\"lazy\" decoding=\"async\" class=\"aligncenter size-full wp-image-194267\" src=\"https:\/\/graziamagazine.com\/es\/wp-content\/uploads\/sites\/12\/2026\/04\/Captura-de-pantalla-2026-04-28-a-las-14.34.31.png\" alt=\"\" width=\"1184\" height=\"612\" srcset=\"https:\/\/graziamagazine.com\/es\/wp-content\/uploads\/sites\/12\/2026\/04\/Captura-de-pantalla-2026-04-28-a-las-14.34.31.png 1184w, https:\/\/graziamagazine.com\/es\/wp-content\/uploads\/sites\/12\/2026\/04\/Captura-de-pantalla-2026-04-28-a-las-14.34.31-300x155.png 300w, https:\/\/graziamagazine.com\/es\/wp-content\/uploads\/sites\/12\/2026\/04\/Captura-de-pantalla-2026-04-28-a-las-14.34.31-1024x529.png 1024w, https:\/\/graziamagazine.com\/es\/wp-content\/uploads\/sites\/12\/2026\/04\/Captura-de-pantalla-2026-04-28-a-las-14.34.31-768x397.png 768w, https:\/\/graziamagazine.com\/es\/wp-content\/uploads\/sites\/12\/2026\/04\/Captura-de-pantalla-2026-04-28-a-las-14.34.31-400x207.png 400w, https:\/\/graziamagazine.com\/es\/wp-content\/uploads\/sites\/12\/2026\/04\/Captura-de-pantalla-2026-04-28-a-las-14.34.31-155x80.png 155w\" sizes=\"(max-width: 1184px) 100vw, 1184px\" \/><\/div>\n<p><a href=\"https:\/\/www.dior.com\/es_es\/fashion\/products\/S3103UNJB_M413?indexName=dev_product_es_es&amp;objectID=S3103UNJB_M413&amp;query=tarjetero%20&amp;queryID=a54493a9f119c551ddaf167b228ecd7f\" target=\"_blank\">Su precio es de 390 euros en la web de la maison<\/a><\/p>\n<div class=\"MuiBox-root mui-latin-unpxae\">\n<p class=\"MuiTypography-root MuiTypography-headline-s DS-Typography mui-latin-1w4hih8\" data-testid=\"fashion-product-title\"><strong>Mule Dior M\u00e9daillon<\/strong><\/p>\n<div class=\"MuiBox-root mui-latin-15z0jav\"><img loading=\"lazy\" decoding=\"async\" class=\"aligncenter size-full wp-image-194268\" src=\"https:\/\/graziamagazine.com\/es\/wp-content\/uploads\/sites\/12\/2026\/04\/Captura-de-pantalla-2026-04-28-a-las-14.36.23.png\" alt=\"\" width=\"1286\" height=\"1196\" srcset=\"https:\/\/graziamagazine.com\/es\/wp-content\/uploads\/sites\/12\/2026\/04\/Captura-de-pantalla-2026-04-28-a-las-14.36.23.png 1286w, https:\/\/graziamagazine.com\/es\/wp-content\/uploads\/sites\/12\/2026\/04\/Captura-de-pantalla-2026-04-28-a-las-14.36.23-300x279.png 300w, https:\/\/graziamagazine.com\/es\/wp-content\/uploads\/sites\/12\/2026\/04\/Captura-de-pantalla-2026-04-28-a-las-14.36.23-1024x952.png 1024w, https:\/\/graziamagazine.com\/es\/wp-content\/uploads\/sites\/12\/2026\/04\/Captura-de-pantalla-2026-04-28-a-las-14.36.23-768x714.png 768w, https:\/\/graziamagazine.com\/es\/wp-content\/uploads\/sites\/12\/2026\/04\/Captura-de-pantalla-2026-04-28-a-las-14.36.23-400x372.png 400w, https:\/\/graziamagazine.com\/es\/wp-content\/uploads\/sites\/12\/2026\/04\/Captura-de-pantalla-2026-04-28-a-las-14.36.23-155x144.png 155w\" sizes=\"(max-width: 1286px) 100vw, 1286px\" \/><\/div>\n<p><a href=\"https:\/\/www.dior.com\/es_es\/fashion\/products\/KCO619RGE_S68B\" target=\"_blank\">Su precio es de 690 euros en la web de la maison<\/a><\/p>\n<p><em>*Im\u00e1genes: cortes\u00eda<\/em><\/p>\n<\/div>\n<\/div>\n<\/div>\n<div class=\"MuiBox-root mui-latin-1xmjxen\">\n<div class=\"MuiBox-root mui-latin-gav99u\" title=\"Metal dorado y tejido satinado rosa Songe\" role=\"alert\" aria-live=\"polite\" data-testid=\"fashion-product-subtitle\"><\/div>\n<\/div>\n<\/div>\n<\/div>\n<\/div>\n<\/div>\n<\/div>\n<\/div>\n<div class=\"MuiBox-root mui-latin-1xmjxen\">\n<div class=\"MuiBox-root mui-latin-gav99u\" title=\"Sarga de seda rosa\" role=\"alert\" aria-live=\"polite\" data-testid=\"fashion-product-subtitle\"><\/div>\n<\/div>\n<\/div>\n<div class=\"MuiBox-root mui-latin-1xmjxen\">\n<div class=\"MuiBox-root mui-latin-gav99u\" title=\"Gafas de sol cuadradas en rosa pastel y azul\" role=\"alert\" aria-live=\"polite\" data-testid=\"fashion-product-subtitle\"><\/div>\n<\/div>\n<\/div>\n<p>&nbsp;<\/p>\n<p>&nbsp;<\/p>\n","protected":false},"author":11653,"featured_media":194226,"template":"","format":"standard","categories":[1],"acf":[],"yoast_head":"<!-- This site is optimized with the Yoast SEO Premium plugin v18.5 (Yoast SEO v20.4) - https:\/\/yoast.com\/wordpress\/plugins\/seo\/ -->\n<title>Los regalos Dior para el D\u00eda de la Madre<\/title>\n<meta name=\"description\" content=\"Para este d\u00eda tan se\u00f1alado, la maison propone una forma de celebrar que va m\u00e1s all\u00e1 del gesto cl\u00e1sico con accesorios que definen su look.\" \/>\n<meta name=\"robots\" content=\"index, follow, max-snippet:-1, max-image-preview:large, max-video-preview:-1\" \/>\n<link rel=\"canonical\" href=\"https:\/\/graziamagazine.com\/es\/articles\/los-regalos-dior-para-el-dia-de-la-madre\/\" \/>\n<meta property=\"og:locale\" content=\"es_ES\" \/>\n<meta property=\"og:type\" content=\"article\" \/>\n<meta property=\"og:title\" content=\"Los regalos Dior para el D\u00eda de la Madre\" \/>\n<meta property=\"og:description\" content=\"Para este d\u00eda tan se\u00f1alado, la maison propone una forma de celebrar que va m\u00e1s all\u00e1 del gesto cl\u00e1sico con accesorios que definen su look.\" \/>\n<meta property=\"og:url\" content=\"https:\/\/graziamagazine.com\/es\/articles\/los-regalos-dior-para-el-dia-de-la-madre\/\" \/>\n<meta property=\"og:site_name\" content=\"Grazia\" \/>\n<meta property=\"og:image\" content=\"https:\/\/graziamagazine.com\/es\/wp-content\/uploads\/sites\/12\/2026\/04\/LOOK_F_26_2_LOOK_260_E10-1-copia-e1777307814602.jpg\" \/>\n\t<meta property=\"og:image:width\" content=\"1401\" \/>\n\t<meta property=\"og:image:height\" content=\"967\" \/>\n\t<meta property=\"og:image:type\" content=\"image\/jpeg\" \/>\n<meta name=\"twitter:card\" content=\"summary_large_image\" \/>\n<meta name=\"twitter:label1\" content=\"Est. reading time\" \/>\n\t<meta name=\"twitter:data1\" content=\"4 minutos\" \/>\n<script type=\"application\/ld+json\" class=\"yoast-schema-graph\">{\"@context\":\"https:\/\/schema.org\",\"@graph\":[{\"@type\":\"WebPage\",\"@id\":\"https:\/\/graziamagazine.com\/es\/articles\/los-regalos-dior-para-el-dia-de-la-madre\/\",\"url\":\"https:\/\/graziamagazine.com\/es\/articles\/los-regalos-dior-para-el-dia-de-la-madre\/\",\"name\":\"Los regalos Dior para el D\u00eda de la Madre\",\"isPartOf\":{\"@id\":\"https:\/\/graziamagazine.com\/es\/#website\"},\"datePublished\":\"2026-04-28T12:39:46+00:00\",\"dateModified\":\"2026-04-28T12:39:46+00:00\",\"description\":\"Para este d\u00eda tan se\u00f1alado, la maison propone una forma de celebrar que va m\u00e1s all\u00e1 del gesto cl\u00e1sico con accesorios que definen su look.\",\"breadcrumb\":{\"@id\":\"https:\/\/graziamagazine.com\/es\/articles\/los-regalos-dior-para-el-dia-de-la-madre\/#breadcrumb\"},\"inLanguage\":\"es\",\"potentialAction\":[{\"@type\":\"ReadAction\",\"target\":[\"https:\/\/graziamagazine.com\/es\/articles\/los-regalos-dior-para-el-dia-de-la-madre\/\"]}]},{\"@type\":\"BreadcrumbList\",\"@id\":\"https:\/\/graziamagazine.com\/es\/articles\/los-regalos-dior-para-el-dia-de-la-madre\/#breadcrumb\",\"itemListElement\":[{\"@type\":\"ListItem\",\"position\":1,\"name\":\"Portada\",\"item\":\"https:\/\/graziamagazine.com\/es\/\"},{\"@type\":\"ListItem\",\"position\":2,\"name\":\"Los regalos Dior para el D\u00eda de la Madre\"}]},{\"@type\":\"WebSite\",\"@id\":\"https:\/\/graziamagazine.com\/es\/#website\",\"url\":\"https:\/\/graziamagazine.com\/es\/\",\"name\":\"Grazia\",\"description\":\"Moda, belleza, celebrities, estilo de vida...\",\"potentialAction\":[{\"@type\":\"SearchAction\",\"target\":{\"@type\":\"EntryPoint\",\"urlTemplate\":\"https:\/\/graziamagazine.com\/es\/?s={search_term_string}\"},\"query-input\":\"required name=search_term_string\"}],\"inLanguage\":\"es\"}]}<\/script>\n<!-- \/ Yoast SEO Premium plugin. -->","yoast_head_json":{"title":"Los regalos Dior para el D\u00eda de la Madre","description":"Para este d\u00eda tan se\u00f1alado, la maison propone una forma de celebrar que va m\u00e1s all\u00e1 del gesto cl\u00e1sico con accesorios que definen su look.","robots":{"index":"index","follow":"follow","max-snippet":"max-snippet:-1","max-image-preview":"max-image-preview:large","max-video-preview":"max-video-preview:-1"},"canonical":"https:\/\/graziamagazine.com\/es\/articles\/los-regalos-dior-para-el-dia-de-la-madre\/","og_locale":"es_ES","og_type":"article","og_title":"Los regalos Dior para el D\u00eda de la Madre","og_description":"Para este d\u00eda tan se\u00f1alado, la maison propone una forma de celebrar que va m\u00e1s all\u00e1 del gesto cl\u00e1sico con accesorios que definen su look.","og_url":"https:\/\/graziamagazine.com\/es\/articles\/los-regalos-dior-para-el-dia-de-la-madre\/","og_site_name":"Grazia","og_image":[{"width":1401,"height":967,"url":"https:\/\/graziamagazine.com\/es\/wp-content\/uploads\/sites\/12\/2026\/04\/LOOK_F_26_2_LOOK_260_E10-1-copia-e1777307814602.jpg","type":"image\/jpeg"}],"twitter_card":"summary_large_image","twitter_misc":{"Est. reading time":"4 minutos"},"schema":{"@context":"https:\/\/schema.org","@graph":[{"@type":"WebPage","@id":"https:\/\/graziamagazine.com\/es\/articles\/los-regalos-dior-para-el-dia-de-la-madre\/","url":"https:\/\/graziamagazine.com\/es\/articles\/los-regalos-dior-para-el-dia-de-la-madre\/","name":"Los regalos Dior para el D\u00eda de la Madre","isPartOf":{"@id":"https:\/\/graziamagazine.com\/es\/#website"},"datePublished":"2026-04-28T12:39:46+00:00","dateModified":"2026-04-28T12:39:46+00:00","description":"Para este d\u00eda tan se\u00f1alado, la maison propone una forma de celebrar que va m\u00e1s all\u00e1 del gesto cl\u00e1sico con accesorios que definen su look.","breadcrumb":{"@id":"https:\/\/graziamagazine.com\/es\/articles\/los-regalos-dior-para-el-dia-de-la-madre\/#breadcrumb"},"inLanguage":"es","potentialAction":[{"@type":"ReadAction","target":["https:\/\/graziamagazine.com\/es\/articles\/los-regalos-dior-para-el-dia-de-la-madre\/"]}]},{"@type":"BreadcrumbList","@id":"https:\/\/graziamagazine.com\/es\/articles\/los-regalos-dior-para-el-dia-de-la-madre\/#breadcrumb","itemListElement":[{"@type":"ListItem","position":1,"name":"Portada","item":"https:\/\/graziamagazine.com\/es\/"},{"@type":"ListItem","position":2,"name":"Los regalos Dior para el D\u00eda de la Madre"}]},{"@type":"WebSite","@id":"https:\/\/graziamagazine.com\/es\/#website","url":"https:\/\/graziamagazine.com\/es\/","name":"Grazia","description":"Moda, belleza, celebrities, estilo de vida...","potentialAction":[{"@type":"SearchAction","target":{"@type":"EntryPoint","urlTemplate":"https:\/\/graziamagazine.com\/es\/?s={search_term_string}"},"query-input":"required name=search_term_string"}],"inLanguage":"es"}]}},"jetpack_sharing_enabled":true,"distributor_meta":false,"distributor_terms":false,"distributor_media":false,"distributor_original_site_name":"Grazia","distributor_original_site_url":"https:\/\/graziamagazine.com\/es","push-errors":false,"_links":{"self":[{"href":"https:\/\/graziamagazine.com\/es\/wp-json\/wp\/v2\/articles\/194121"}],"collection":[{"href":"https:\/\/graziamagazine.com\/es\/wp-json\/wp\/v2\/articles"}],"about":[{"href":"https:\/\/graziamagazine.com\/es\/wp-json\/wp\/v2\/types\/articles"}],"author":[{"embeddable":true,"href":"https:\/\/graziamagazine.com\/es\/wp-json\/wp\/v2\/users\/11653"}],"wp:featuredmedia":[{"embeddable":true,"href":"https:\/\/graziamagazine.com\/es\/wp-json\/wp\/v2\/media\/194226"}],"wp:attachment":[{"href":"https:\/\/graziamagazine.com\/es\/wp-json\/wp\/v2\/media?parent=194121"}],"wp:term":[{"taxonomy":"category","embeddable":true,"href":"https:\/\/graziamagazine.com\/es\/wp-json\/wp\/v2\/categories?post=194121"}],"curies":[{"name":"wp","href":"https:\/\/api.w.org\/{rel}","templated":true}]}}