{"id":194038,"date":"2026-04-29T08:00:37","date_gmt":"2026-04-29T06:00:37","guid":{"rendered":"https:\/\/graziamagazine.com\/es\/?post_type=articles&#038;p=194038"},"modified":"2026-04-29T09:01:56","modified_gmt":"2026-04-29T07:01:56","slug":"dolcegabbana-reinterpreta-las-aviator-de-ray-ban","status":"publish","type":"articles","link":"https:\/\/graziamagazine.com\/es\/articles\/dolcegabbana-reinterpreta-las-aviator-de-ray-ban\/","title":{"rendered":"Dolce&amp;Gabbana reinterpreta las &#8216;Aviator&#8217; de Ray-Ban"},"content":{"rendered":"<p>Dos iconos de estilo se unen en una celebraci\u00f3n de autoexpresi\u00f3n audaz. Basada en el estilo italiano y el dise\u00f1o atemporal, la colecci\u00f3n c\u00e1psula Dolce&amp;Gabbana x\u00a0<span class=\"markmuvc2yin1\" data-markjs=\"true\" data-ogac=\"\" data-ogab=\"\" data-ogsc=\"\" data-ogsb=\"\">Ray-Ban<\/span>\u00a0redefine el modelo Aviator con un toque moderno y llamativo.<\/p>\n<div id=\"rb-plp\" class=\"rb-app__main static-header loaded\" role=\"main\" data-vue=\"app\">\n<div class=\"rb-plp\">\n<div class=\"rb-seo-description\">\n<p class=\"rb-seo-description__content\">La colecci\u00f3n c\u00e1psula de gafas de sol Dolce&amp;Gabbana x Ray-Ban re\u00fane a dos iconos del estilo, la artesan\u00eda y la influencia cultural. Arraigadas en la legendaria herencia de Ray-Ban, las Aviator se convierten en el lienzo para una audaz reinterpretaci\u00f3n de Domenico Dolce, que combina inspiraciones de archivo con el lujo moderno. Con elementos destacados como las barras frontales de n\u00e1car, las siluetas hist\u00f3ricas Shooter y Outdoorsman, los extravagantes colores de las lentes inspirados en los a\u00f1os 80 y un efecto sin montura futurista, esta colaboraci\u00f3n limitada celebra la individualidad y el arte italiano.<\/p>\n<p class=\"rb-seo-description__content\">Cada par de gafas de sol Dolce&amp;Gabbana de esta colecci\u00f3n c\u00e1psula viene con una elegante funda de alta calidad, que incluye una funda de cuero negro con mosquet\u00f3n met\u00e1lico, cadena y el logotipo de la marca, dise\u00f1ado para reflejar la identidad refinada de la colecci\u00f3n.<\/p>\n<p><img loading=\"lazy\" decoding=\"async\" class=\"aligncenter size-full wp-image-194277\" src=\"https:\/\/graziamagazine.com\/es\/wp-content\/uploads\/sites\/12\/2026\/04\/Captura-de-pantalla-2026-04-29-a-las-1.22.37.png\" alt=\"\" width=\"920\" height=\"760\" srcset=\"https:\/\/graziamagazine.com\/es\/wp-content\/uploads\/sites\/12\/2026\/04\/Captura-de-pantalla-2026-04-29-a-las-1.22.37.png 920w, https:\/\/graziamagazine.com\/es\/wp-content\/uploads\/sites\/12\/2026\/04\/Captura-de-pantalla-2026-04-29-a-las-1.22.37-300x248.png 300w, https:\/\/graziamagazine.com\/es\/wp-content\/uploads\/sites\/12\/2026\/04\/Captura-de-pantalla-2026-04-29-a-las-1.22.37-768x634.png 768w, https:\/\/graziamagazine.com\/es\/wp-content\/uploads\/sites\/12\/2026\/04\/Captura-de-pantalla-2026-04-29-a-las-1.22.37-400x330.png 400w, https:\/\/graziamagazine.com\/es\/wp-content\/uploads\/sites\/12\/2026\/04\/Captura-de-pantalla-2026-04-29-a-las-1.22.37-155x128.png 155w\" sizes=\"(max-width: 920px) 100vw, 920px\" \/><\/p>\n<p class=\"rb-seo-description__content\">Descubre c\u00f3mo el esp\u00edritu pionero de Ray-Ban se fusiona con el ADN inconfundible de Dolce&amp;Gabbana. Tanto si buscas un estilo atrevido como un cl\u00e1sico refinado, esta colaboraci\u00f3n ofrece una fusi\u00f3n excepcional de lujo e iconicidad.<\/p>\n<\/div>\n<\/div>\n<\/div>\n<div class=\"rb-app__footer static-header loaded\" role=\"contentinfo\" data-vue=\"app\">\n<p><strong>SHOOTER, por Dolce&amp;Gabbana<\/strong><\/p>\n<p>Usadas por las leyendas de los 80, redise\u00f1adas para los iconos de hoy. Dolce&amp;Gabbana reinventa el modelo Shooter, combinando detalles cl\u00e1sicos de su colecci\u00f3n con lentes de colores y un toque futurista.<\/p>\n<p><img loading=\"lazy\" decoding=\"async\" class=\"aligncenter size-full wp-image-194276\" src=\"https:\/\/graziamagazine.com\/es\/wp-content\/uploads\/sites\/12\/2026\/04\/Captura-de-pantalla-2026-04-29-a-las-1.20.15.png\" alt=\"\" width=\"1310\" height=\"576\" srcset=\"https:\/\/graziamagazine.com\/es\/wp-content\/uploads\/sites\/12\/2026\/04\/Captura-de-pantalla-2026-04-29-a-las-1.20.15.png 1310w, https:\/\/graziamagazine.com\/es\/wp-content\/uploads\/sites\/12\/2026\/04\/Captura-de-pantalla-2026-04-29-a-las-1.20.15-300x132.png 300w, https:\/\/graziamagazine.com\/es\/wp-content\/uploads\/sites\/12\/2026\/04\/Captura-de-pantalla-2026-04-29-a-las-1.20.15-1024x450.png 1024w, https:\/\/graziamagazine.com\/es\/wp-content\/uploads\/sites\/12\/2026\/04\/Captura-de-pantalla-2026-04-29-a-las-1.20.15-768x338.png 768w, https:\/\/graziamagazine.com\/es\/wp-content\/uploads\/sites\/12\/2026\/04\/Captura-de-pantalla-2026-04-29-a-las-1.20.15-400x176.png 400w, https:\/\/graziamagazine.com\/es\/wp-content\/uploads\/sites\/12\/2026\/04\/Captura-de-pantalla-2026-04-29-a-las-1.20.15-155x68.png 155w\" sizes=\"(max-width: 1310px) 100vw, 1310px\" \/><\/p>\n<p><a href=\"https:\/\/www.ray-ban.com\/spain\/gafas-de-sol\/RB3138Mthe%20shooter%20by%20dolce&amp;gabbana-oro%20arista\/8056262900994\" target=\"_blank\">Su preio es de 490 euros en la web de Ray-Ban<\/a><\/p>\n<p><img loading=\"lazy\" decoding=\"async\" class=\"aligncenter size-full wp-image-194280\" src=\"https:\/\/graziamagazine.com\/es\/wp-content\/uploads\/sites\/12\/2026\/04\/5.3_DG_RB-1440x1169-1.jpg\" alt=\"\" width=\"1440\" height=\"1169\" srcset=\"https:\/\/graziamagazine.com\/es\/wp-content\/uploads\/sites\/12\/2026\/04\/5.3_DG_RB-1440x1169-1.jpg 1440w, https:\/\/graziamagazine.com\/es\/wp-content\/uploads\/sites\/12\/2026\/04\/5.3_DG_RB-1440x1169-1-300x244.jpg 300w, https:\/\/graziamagazine.com\/es\/wp-content\/uploads\/sites\/12\/2026\/04\/5.3_DG_RB-1440x1169-1-1024x831.jpg 1024w, https:\/\/graziamagazine.com\/es\/wp-content\/uploads\/sites\/12\/2026\/04\/5.3_DG_RB-1440x1169-1-768x623.jpg 768w, https:\/\/graziamagazine.com\/es\/wp-content\/uploads\/sites\/12\/2026\/04\/5.3_DG_RB-1440x1169-1-400x325.jpg 400w, https:\/\/graziamagazine.com\/es\/wp-content\/uploads\/sites\/12\/2026\/04\/5.3_DG_RB-1440x1169-1-155x126.jpg 155w\" sizes=\"(max-width: 1440px) 100vw, 1440px\" \/><\/p>\n<p><strong>THE OUTDOORSMAN, por Dolce &amp; Gabanna\u00a0<\/strong><\/p>\n<p>Un dise\u00f1o cl\u00e1sico visto desde una nueva perspectiva.\u00a0Dolce&amp;Gabbana reinventa el modelo Outdoorsman con un efecto de borde sin montura y lentes de colores, disponibles en acabados espejados y transparentes.<\/p>\n<\/div>\n<p><img loading=\"lazy\" decoding=\"async\" class=\"aligncenter size-full wp-image-194278\" src=\"https:\/\/graziamagazine.com\/es\/wp-content\/uploads\/sites\/12\/2026\/04\/0RB3029M__001_55__P21__shad__fr-copia-e1777418904366.jpg\" alt=\"\" width=\"1372\" height=\"542\" srcset=\"https:\/\/graziamagazine.com\/es\/wp-content\/uploads\/sites\/12\/2026\/04\/0RB3029M__001_55__P21__shad__fr-copia-e1777418904366.jpg 1372w, https:\/\/graziamagazine.com\/es\/wp-content\/uploads\/sites\/12\/2026\/04\/0RB3029M__001_55__P21__shad__fr-copia-e1777418904366-300x119.jpg 300w, https:\/\/graziamagazine.com\/es\/wp-content\/uploads\/sites\/12\/2026\/04\/0RB3029M__001_55__P21__shad__fr-copia-e1777418904366-1024x405.jpg 1024w, https:\/\/graziamagazine.com\/es\/wp-content\/uploads\/sites\/12\/2026\/04\/0RB3029M__001_55__P21__shad__fr-copia-e1777418904366-768x303.jpg 768w, https:\/\/graziamagazine.com\/es\/wp-content\/uploads\/sites\/12\/2026\/04\/0RB3029M__001_55__P21__shad__fr-copia-e1777418904366-400x158.jpg 400w, https:\/\/graziamagazine.com\/es\/wp-content\/uploads\/sites\/12\/2026\/04\/0RB3029M__001_55__P21__shad__fr-copia-e1777418904366-155x61.jpg 155w\" sizes=\"(max-width: 1372px) 100vw, 1372px\" \/><\/p>\n<p><a href=\"https:\/\/www.ray-ban.com\/spain\/gafas-de-sol\/RB3029Mthe%20outdoorsman%20by%20dolce&amp;gabbana-oro%20arista\/8056262900956?cid=CM-ENL_260428-RBDGCapsuleLaunchEU_35748305&amp;h5e=b62cc5f55952e80af701f4feea16b155\" target=\"_blank\">Su precio es de 510 euros en la web de Ray-Ban<\/a><\/p>\n<p>Ambas llegan en un estuche de piel exclusivo dise\u00f1ado como un accesorio en s\u00ed mismo, con una correa y un mosquet\u00f3n met\u00e1lico en dorado, con los c\u00f3digos<strong>\u00a0<\/strong>de<strong>\u00a0Dolce&amp;Gabanna<\/strong> incrustados.<\/p>\n<p><img loading=\"lazy\" decoding=\"async\" class=\"aligncenter size-full wp-image-194279\" src=\"https:\/\/graziamagazine.com\/es\/wp-content\/uploads\/sites\/12\/2026\/04\/Captura-de-pantalla-2026-04-29-a-las-1.29.30.png\" alt=\"\" width=\"1680\" height=\"760\" srcset=\"https:\/\/graziamagazine.com\/es\/wp-content\/uploads\/sites\/12\/2026\/04\/Captura-de-pantalla-2026-04-29-a-las-1.29.30.png 1680w, https:\/\/graziamagazine.com\/es\/wp-content\/uploads\/sites\/12\/2026\/04\/Captura-de-pantalla-2026-04-29-a-las-1.29.30-300x136.png 300w, https:\/\/graziamagazine.com\/es\/wp-content\/uploads\/sites\/12\/2026\/04\/Captura-de-pantalla-2026-04-29-a-las-1.29.30-1024x463.png 1024w, https:\/\/graziamagazine.com\/es\/wp-content\/uploads\/sites\/12\/2026\/04\/Captura-de-pantalla-2026-04-29-a-las-1.29.30-768x347.png 768w, https:\/\/graziamagazine.com\/es\/wp-content\/uploads\/sites\/12\/2026\/04\/Captura-de-pantalla-2026-04-29-a-las-1.29.30-1536x695.png 1536w, https:\/\/graziamagazine.com\/es\/wp-content\/uploads\/sites\/12\/2026\/04\/Captura-de-pantalla-2026-04-29-a-las-1.29.30-400x181.png 400w, https:\/\/graziamagazine.com\/es\/wp-content\/uploads\/sites\/12\/2026\/04\/Captura-de-pantalla-2026-04-29-a-las-1.29.30-155x70.png 155w\" sizes=\"(max-width: 1680px) 100vw, 1680px\" \/><\/p>\n<p><em>*Im\u00e1genes: cortes\u00eda<\/em><\/p>\n","protected":false},"author":11653,"featured_media":194275,"template":"","format":"standard","categories":[1],"acf":[],"yoast_head":"<!-- This site is optimized with the Yoast SEO Premium plugin v18.5 (Yoast SEO v20.4) - https:\/\/yoast.com\/wordpress\/plugins\/seo\/ -->\n<title>Dolce&amp;Gabbana reinterpreta las &#039;Aviator&#039; de Ray-Ban<\/title>\n<meta name=\"description\" content=\"La emblem\u00e1tica familia Aviator renace, fusionando la tradici\u00f3n con el arte y la pasi\u00f3n de Domenico Dolce y Stefano Gabbana.\" \/>\n<meta name=\"robots\" content=\"index, follow, max-snippet:-1, max-image-preview:large, max-video-preview:-1\" \/>\n<link rel=\"canonical\" href=\"https:\/\/graziamagazine.com\/es\/articles\/dolcegabbana-reinterpreta-las-aviator-de-ray-ban\/\" \/>\n<meta property=\"og:locale\" content=\"es_ES\" \/>\n<meta property=\"og:type\" content=\"article\" \/>\n<meta property=\"og:title\" content=\"Dolce&amp;Gabbana reinterpreta las &#039;Aviator&#039; de Ray-Ban\" \/>\n<meta property=\"og:description\" content=\"La emblem\u00e1tica familia Aviator renace, fusionando la tradici\u00f3n con el arte y la pasi\u00f3n de Domenico Dolce y Stefano Gabbana.\" \/>\n<meta property=\"og:url\" content=\"https:\/\/graziamagazine.com\/es\/articles\/dolcegabbana-reinterpreta-las-aviator-de-ray-ban\/\" \/>\n<meta property=\"og:site_name\" content=\"Grazia\" \/>\n<meta property=\"article:modified_time\" content=\"2026-04-29T07:01:56+00:00\" \/>\n<meta property=\"og:image\" content=\"https:\/\/graziamagazine.com\/es\/wp-content\/uploads\/sites\/12\/2026\/04\/thumb-dolce-and-gabbana-ray-ban-1440x1080-1.jpg\" \/>\n\t<meta property=\"og:image:width\" content=\"1440\" \/>\n\t<meta property=\"og:image:height\" content=\"1080\" \/>\n\t<meta property=\"og:image:type\" content=\"image\/jpeg\" \/>\n<meta name=\"twitter:card\" content=\"summary_large_image\" \/>\n<meta name=\"twitter:label1\" content=\"Est. reading time\" \/>\n\t<meta name=\"twitter:data1\" content=\"3 minutos\" \/>\n<script type=\"application\/ld+json\" class=\"yoast-schema-graph\">{\"@context\":\"https:\/\/schema.org\",\"@graph\":[{\"@type\":\"WebPage\",\"@id\":\"https:\/\/graziamagazine.com\/es\/articles\/dolcegabbana-reinterpreta-las-aviator-de-ray-ban\/\",\"url\":\"https:\/\/graziamagazine.com\/es\/articles\/dolcegabbana-reinterpreta-las-aviator-de-ray-ban\/\",\"name\":\"Dolce&Gabbana reinterpreta las 'Aviator' de Ray-Ban\",\"isPartOf\":{\"@id\":\"https:\/\/graziamagazine.com\/es\/#website\"},\"datePublished\":\"2026-04-29T06:00:37+00:00\",\"dateModified\":\"2026-04-29T07:01:56+00:00\",\"description\":\"La emblem\u00e1tica familia Aviator renace, fusionando la tradici\u00f3n con el arte y la pasi\u00f3n de Domenico Dolce y Stefano Gabbana.\",\"breadcrumb\":{\"@id\":\"https:\/\/graziamagazine.com\/es\/articles\/dolcegabbana-reinterpreta-las-aviator-de-ray-ban\/#breadcrumb\"},\"inLanguage\":\"es\",\"potentialAction\":[{\"@type\":\"ReadAction\",\"target\":[\"https:\/\/graziamagazine.com\/es\/articles\/dolcegabbana-reinterpreta-las-aviator-de-ray-ban\/\"]}]},{\"@type\":\"BreadcrumbList\",\"@id\":\"https:\/\/graziamagazine.com\/es\/articles\/dolcegabbana-reinterpreta-las-aviator-de-ray-ban\/#breadcrumb\",\"itemListElement\":[{\"@type\":\"ListItem\",\"position\":1,\"name\":\"Portada\",\"item\":\"https:\/\/graziamagazine.com\/es\/\"},{\"@type\":\"ListItem\",\"position\":2,\"name\":\"Dolce&amp;Gabbana reinterpreta las &#8216;Aviator&#8217; de Ray-Ban\"}]},{\"@type\":\"WebSite\",\"@id\":\"https:\/\/graziamagazine.com\/es\/#website\",\"url\":\"https:\/\/graziamagazine.com\/es\/\",\"name\":\"Grazia\",\"description\":\"Moda, belleza, celebrities, estilo de vida...\",\"potentialAction\":[{\"@type\":\"SearchAction\",\"target\":{\"@type\":\"EntryPoint\",\"urlTemplate\":\"https:\/\/graziamagazine.com\/es\/?s={search_term_string}\"},\"query-input\":\"required name=search_term_string\"}],\"inLanguage\":\"es\"}]}<\/script>\n<!-- \/ Yoast SEO Premium plugin. -->","yoast_head_json":{"title":"Dolce&Gabbana reinterpreta las 'Aviator' de Ray-Ban","description":"La emblem\u00e1tica familia Aviator renace, fusionando la tradici\u00f3n con el arte y la pasi\u00f3n de Domenico Dolce y Stefano Gabbana.","robots":{"index":"index","follow":"follow","max-snippet":"max-snippet:-1","max-image-preview":"max-image-preview:large","max-video-preview":"max-video-preview:-1"},"canonical":"https:\/\/graziamagazine.com\/es\/articles\/dolcegabbana-reinterpreta-las-aviator-de-ray-ban\/","og_locale":"es_ES","og_type":"article","og_title":"Dolce&amp;Gabbana reinterpreta las 'Aviator' de Ray-Ban","og_description":"La emblem\u00e1tica familia Aviator renace, fusionando la tradici\u00f3n con el arte y la pasi\u00f3n de Domenico Dolce y Stefano Gabbana.","og_url":"https:\/\/graziamagazine.com\/es\/articles\/dolcegabbana-reinterpreta-las-aviator-de-ray-ban\/","og_site_name":"Grazia","article_modified_time":"2026-04-29T07:01:56+00:00","og_image":[{"width":1440,"height":1080,"url":"https:\/\/graziamagazine.com\/es\/wp-content\/uploads\/sites\/12\/2026\/04\/thumb-dolce-and-gabbana-ray-ban-1440x1080-1.jpg","type":"image\/jpeg"}],"twitter_card":"summary_large_image","twitter_misc":{"Est. reading time":"3 minutos"},"schema":{"@context":"https:\/\/schema.org","@graph":[{"@type":"WebPage","@id":"https:\/\/graziamagazine.com\/es\/articles\/dolcegabbana-reinterpreta-las-aviator-de-ray-ban\/","url":"https:\/\/graziamagazine.com\/es\/articles\/dolcegabbana-reinterpreta-las-aviator-de-ray-ban\/","name":"Dolce&Gabbana reinterpreta las 'Aviator' de Ray-Ban","isPartOf":{"@id":"https:\/\/graziamagazine.com\/es\/#website"},"datePublished":"2026-04-29T06:00:37+00:00","dateModified":"2026-04-29T07:01:56+00:00","description":"La emblem\u00e1tica familia Aviator renace, fusionando la tradici\u00f3n con el arte y la pasi\u00f3n de Domenico Dolce y Stefano Gabbana.","breadcrumb":{"@id":"https:\/\/graziamagazine.com\/es\/articles\/dolcegabbana-reinterpreta-las-aviator-de-ray-ban\/#breadcrumb"},"inLanguage":"es","potentialAction":[{"@type":"ReadAction","target":["https:\/\/graziamagazine.com\/es\/articles\/dolcegabbana-reinterpreta-las-aviator-de-ray-ban\/"]}]},{"@type":"BreadcrumbList","@id":"https:\/\/graziamagazine.com\/es\/articles\/dolcegabbana-reinterpreta-las-aviator-de-ray-ban\/#breadcrumb","itemListElement":[{"@type":"ListItem","position":1,"name":"Portada","item":"https:\/\/graziamagazine.com\/es\/"},{"@type":"ListItem","position":2,"name":"Dolce&amp;Gabbana reinterpreta las &#8216;Aviator&#8217; de Ray-Ban"}]},{"@type":"WebSite","@id":"https:\/\/graziamagazine.com\/es\/#website","url":"https:\/\/graziamagazine.com\/es\/","name":"Grazia","description":"Moda, belleza, celebrities, estilo de vida...","potentialAction":[{"@type":"SearchAction","target":{"@type":"EntryPoint","urlTemplate":"https:\/\/graziamagazine.com\/es\/?s={search_term_string}"},"query-input":"required name=search_term_string"}],"inLanguage":"es"}]}},"jetpack_sharing_enabled":true,"distributor_meta":false,"distributor_terms":false,"distributor_media":false,"distributor_original_site_name":"Grazia","distributor_original_site_url":"https:\/\/graziamagazine.com\/es","push-errors":false,"_links":{"self":[{"href":"https:\/\/graziamagazine.com\/es\/wp-json\/wp\/v2\/articles\/194038"}],"collection":[{"href":"https:\/\/graziamagazine.com\/es\/wp-json\/wp\/v2\/articles"}],"about":[{"href":"https:\/\/graziamagazine.com\/es\/wp-json\/wp\/v2\/types\/articles"}],"author":[{"embeddable":true,"href":"https:\/\/graziamagazine.com\/es\/wp-json\/wp\/v2\/users\/11653"}],"wp:featuredmedia":[{"embeddable":true,"href":"https:\/\/graziamagazine.com\/es\/wp-json\/wp\/v2\/media\/194275"}],"wp:attachment":[{"href":"https:\/\/graziamagazine.com\/es\/wp-json\/wp\/v2\/media?parent=194038"}],"wp:term":[{"taxonomy":"category","embeddable":true,"href":"https:\/\/graziamagazine.com\/es\/wp-json\/wp\/v2\/categories?post=194038"}],"curies":[{"name":"wp","href":"https:\/\/api.w.org\/{rel}","templated":true}]}}