{"id":193626,"date":"2026-04-07T08:00:48","date_gmt":"2026-04-07T06:00:48","guid":{"rendered":"https:\/\/graziamagazine.com\/es\/?post_type=articles&#038;p=193626"},"modified":"2026-04-07T01:22:07","modified_gmt":"2026-04-06T23:22:07","slug":"laura-pausini-elige-una-gabardina-custom-de-desigual","status":"publish","type":"articles","link":"https:\/\/graziamagazine.com\/es\/articles\/laura-pausini-elige-una-gabardina-custom-de-desigual\/","title":{"rendered":"Laura Pausini elige una gabardina custom de Desigual"},"content":{"rendered":"<p>Si hay una prenda que define la primavera, esa es la gabardina. Cada temporada esta pieza clave, que a veces se mantiene cl\u00e1sica y otras se reinventa, ocupa siempre un lugar destacado desde el street style hasta el armario m\u00e1s persona.<\/p>\n<p>Esta primavera el trench regresa en m\u00faltiples versiones y tejidos y Laura Pausini no ha podido resistirse a lucir uno. La italiana ha sorprendido durante uno de sus recientes conciertos en Espa\u00f1a luciendo una gabardina de Desigual personalizada, reafirmando su estilo inconfundible y su fuerte conexi\u00f3n con la moda como forma de expresi\u00f3n sobre el escenario. La artista italiana apuesta as\u00ed por una pieza ic\u00f3nica reinterpretada en clave contempor\u00e1nea para acompa\u00f1ar su potente presencia esc\u00e9nica.<\/p>\n<p><img loading=\"lazy\" decoding=\"async\" class=\"aligncenter size-full wp-image-193628\" src=\"https:\/\/graziamagazine.com\/es\/wp-content\/uploads\/sites\/12\/2026\/04\/LAURA-PAUSINI_DESIGUAL_3.jpeg\" alt=\"\" width=\"1066\" height=\"1600\" srcset=\"https:\/\/graziamagazine.com\/es\/wp-content\/uploads\/sites\/12\/2026\/04\/LAURA-PAUSINI_DESIGUAL_3.jpeg 1066w, https:\/\/graziamagazine.com\/es\/wp-content\/uploads\/sites\/12\/2026\/04\/LAURA-PAUSINI_DESIGUAL_3-200x300.jpeg 200w, https:\/\/graziamagazine.com\/es\/wp-content\/uploads\/sites\/12\/2026\/04\/LAURA-PAUSINI_DESIGUAL_3-682x1024.jpeg 682w, https:\/\/graziamagazine.com\/es\/wp-content\/uploads\/sites\/12\/2026\/04\/LAURA-PAUSINI_DESIGUAL_3-768x1153.jpeg 768w, https:\/\/graziamagazine.com\/es\/wp-content\/uploads\/sites\/12\/2026\/04\/LAURA-PAUSINI_DESIGUAL_3-1023x1536.jpeg 1023w, https:\/\/graziamagazine.com\/es\/wp-content\/uploads\/sites\/12\/2026\/04\/LAURA-PAUSINI_DESIGUAL_3-400x600.jpeg 400w, https:\/\/graziamagazine.com\/es\/wp-content\/uploads\/sites\/12\/2026\/04\/LAURA-PAUSINI_DESIGUAL_3-143x215.jpeg 143w\" sizes=\"(max-width: 1066px) 100vw, 1066px\" \/><\/p>\n<p>La prenda, una chaqueta larga estilo gabardina confeccionada en tejido vaquero, destaca por sus solapas estructuradas, cierre frontal de botones y cintur\u00f3n extra\u00edble que permite ajustar la silueta. La personalizaci\u00f3n aporta un car\u00e1cter \u00fanico, elevando el dise\u00f1o hacia una dimensi\u00f3n m\u00e1s art\u00edstica y alineada con la personalidad de la cantante<\/p>\n<p>Reinterpretada en denim, esta gabardina conecta con el ADN de Desigual: la reinvenci\u00f3n constante de sus iconos y la fusi\u00f3n entre c\u00f3digos cl\u00e1sicos y una visi\u00f3n creativa actual.<\/p>\n<p><img loading=\"lazy\" decoding=\"async\" class=\"aligncenter wp-image-193627 size-full\" src=\"https:\/\/graziamagazine.com\/es\/wp-content\/uploads\/sites\/12\/2026\/04\/Gabardina-denim-cinturo\u0301n_219E_DESIGUAL-e1775517617545.jpg\" alt=\"\" width=\"1038\" height=\"1335\" srcset=\"https:\/\/graziamagazine.com\/es\/wp-content\/uploads\/sites\/12\/2026\/04\/Gabardina-denim-cinturo\u0301n_219E_DESIGUAL-e1775517617545.jpg 1038w, https:\/\/graziamagazine.com\/es\/wp-content\/uploads\/sites\/12\/2026\/04\/Gabardina-denim-cinturo\u0301n_219E_DESIGUAL-e1775517617545-233x300.jpg 233w, https:\/\/graziamagazine.com\/es\/wp-content\/uploads\/sites\/12\/2026\/04\/Gabardina-denim-cinturo\u0301n_219E_DESIGUAL-e1775517617545-796x1024.jpg 796w, https:\/\/graziamagazine.com\/es\/wp-content\/uploads\/sites\/12\/2026\/04\/Gabardina-denim-cinturo\u0301n_219E_DESIGUAL-e1775517617545-768x988.jpg 768w, https:\/\/graziamagazine.com\/es\/wp-content\/uploads\/sites\/12\/2026\/04\/Gabardina-denim-cinturo\u0301n_219E_DESIGUAL-e1775517617545-400x514.jpg 400w, https:\/\/graziamagazine.com\/es\/wp-content\/uploads\/sites\/12\/2026\/04\/Gabardina-denim-cinturo\u0301n_219E_DESIGUAL-e1775517617545-155x199.jpg 155w\" sizes=\"(max-width: 1038px) 100vw, 1038px\" \/><\/p>\n<p><a href=\"https:\/\/www.desigual.com\/es_ES\/25SWEDX05053.html?utm_source=ndp&amp;utm_medium=press&amp;utm_campaign=LauraPausini&amp;utm_content=SS26\" target=\"_blank\">Disponible desde la XS a la XL, tiene un precio de 219 euros en la web de Desigual<\/a><\/p>\n<p>Una propuesta que encaja de forma natural con la energ\u00eda, autenticidad y fuerza esc\u00e9nica de Laura Pausini.<\/p>\n<p><em>*Im\u00e1genes: cortes\u00eda<\/em><\/p>\n","protected":false},"author":11653,"featured_media":193629,"template":"","format":"standard","categories":[13],"acf":[],"yoast_head":"<!-- This site is optimized with the Yoast SEO Premium plugin v18.5 (Yoast SEO v20.4) - https:\/\/yoast.com\/wordpress\/plugins\/seo\/ -->\n<title>Laura Pausini elige una gabardina custom de Desigual<\/title>\n<meta name=\"description\" content=\"La artista ha lucido sobre el escenario una versi\u00f3n \u00fanica de una de las prendas denim m\u00e1s representativas de la marca.\" \/>\n<meta name=\"robots\" content=\"index, follow, max-snippet:-1, max-image-preview:large, max-video-preview:-1\" \/>\n<link rel=\"canonical\" href=\"https:\/\/graziamagazine.com\/es\/articles\/laura-pausini-elige-una-gabardina-custom-de-desigual\/\" \/>\n<meta property=\"og:locale\" content=\"es_ES\" \/>\n<meta property=\"og:type\" content=\"article\" \/>\n<meta property=\"og:title\" content=\"Laura Pausini elige una gabardina custom de Desigual\" \/>\n<meta property=\"og:description\" content=\"La artista ha lucido sobre el escenario una versi\u00f3n \u00fanica de una de las prendas denim m\u00e1s representativas de la marca.\" \/>\n<meta property=\"og:url\" content=\"https:\/\/graziamagazine.com\/es\/articles\/laura-pausini-elige-una-gabardina-custom-de-desigual\/\" \/>\n<meta property=\"og:site_name\" content=\"Grazia\" \/>\n<meta property=\"article:modified_time\" content=\"2026-04-06T23:22:07+00:00\" \/>\n<meta property=\"og:image\" content=\"https:\/\/graziamagazine.com\/es\/wp-content\/uploads\/sites\/12\/2026\/04\/LAURA-PAUSINI_DESIGUAL_2.jpeg\" \/>\n\t<meta property=\"og:image:width\" content=\"1600\" \/>\n\t<meta property=\"og:image:height\" content=\"1066\" \/>\n\t<meta property=\"og:image:type\" content=\"image\/jpeg\" \/>\n<meta name=\"twitter:card\" content=\"summary_large_image\" \/>\n<meta name=\"twitter:label1\" content=\"Est. reading time\" \/>\n\t<meta name=\"twitter:data1\" content=\"2 minutos\" \/>\n<script type=\"application\/ld+json\" class=\"yoast-schema-graph\">{\"@context\":\"https:\/\/schema.org\",\"@graph\":[{\"@type\":\"WebPage\",\"@id\":\"https:\/\/graziamagazine.com\/es\/articles\/laura-pausini-elige-una-gabardina-custom-de-desigual\/\",\"url\":\"https:\/\/graziamagazine.com\/es\/articles\/laura-pausini-elige-una-gabardina-custom-de-desigual\/\",\"name\":\"Laura Pausini elige una gabardina custom de Desigual\",\"isPartOf\":{\"@id\":\"https:\/\/graziamagazine.com\/es\/#website\"},\"datePublished\":\"2026-04-07T06:00:48+00:00\",\"dateModified\":\"2026-04-06T23:22:07+00:00\",\"description\":\"La artista ha lucido sobre el escenario una versi\u00f3n \u00fanica de una de las prendas denim m\u00e1s representativas de la marca.\",\"breadcrumb\":{\"@id\":\"https:\/\/graziamagazine.com\/es\/articles\/laura-pausini-elige-una-gabardina-custom-de-desigual\/#breadcrumb\"},\"inLanguage\":\"es\",\"potentialAction\":[{\"@type\":\"ReadAction\",\"target\":[\"https:\/\/graziamagazine.com\/es\/articles\/laura-pausini-elige-una-gabardina-custom-de-desigual\/\"]}]},{\"@type\":\"BreadcrumbList\",\"@id\":\"https:\/\/graziamagazine.com\/es\/articles\/laura-pausini-elige-una-gabardina-custom-de-desigual\/#breadcrumb\",\"itemListElement\":[{\"@type\":\"ListItem\",\"position\":1,\"name\":\"Portada\",\"item\":\"https:\/\/graziamagazine.com\/es\/\"},{\"@type\":\"ListItem\",\"position\":2,\"name\":\"Laura Pausini elige una gabardina custom de Desigual\"}]},{\"@type\":\"WebSite\",\"@id\":\"https:\/\/graziamagazine.com\/es\/#website\",\"url\":\"https:\/\/graziamagazine.com\/es\/\",\"name\":\"Grazia\",\"description\":\"Moda, belleza, celebrities, estilo de vida...\",\"potentialAction\":[{\"@type\":\"SearchAction\",\"target\":{\"@type\":\"EntryPoint\",\"urlTemplate\":\"https:\/\/graziamagazine.com\/es\/?s={search_term_string}\"},\"query-input\":\"required name=search_term_string\"}],\"inLanguage\":\"es\"}]}<\/script>\n<!-- \/ Yoast SEO Premium plugin. -->","yoast_head_json":{"title":"Laura Pausini elige una gabardina custom de Desigual","description":"La artista ha lucido sobre el escenario una versi\u00f3n \u00fanica de una de las prendas denim m\u00e1s representativas de la marca.","robots":{"index":"index","follow":"follow","max-snippet":"max-snippet:-1","max-image-preview":"max-image-preview:large","max-video-preview":"max-video-preview:-1"},"canonical":"https:\/\/graziamagazine.com\/es\/articles\/laura-pausini-elige-una-gabardina-custom-de-desigual\/","og_locale":"es_ES","og_type":"article","og_title":"Laura Pausini elige una gabardina custom de Desigual","og_description":"La artista ha lucido sobre el escenario una versi\u00f3n \u00fanica de una de las prendas denim m\u00e1s representativas de la marca.","og_url":"https:\/\/graziamagazine.com\/es\/articles\/laura-pausini-elige-una-gabardina-custom-de-desigual\/","og_site_name":"Grazia","article_modified_time":"2026-04-06T23:22:07+00:00","og_image":[{"width":1600,"height":1066,"url":"https:\/\/graziamagazine.com\/es\/wp-content\/uploads\/sites\/12\/2026\/04\/LAURA-PAUSINI_DESIGUAL_2.jpeg","type":"image\/jpeg"}],"twitter_card":"summary_large_image","twitter_misc":{"Est. reading time":"2 minutos"},"schema":{"@context":"https:\/\/schema.org","@graph":[{"@type":"WebPage","@id":"https:\/\/graziamagazine.com\/es\/articles\/laura-pausini-elige-una-gabardina-custom-de-desigual\/","url":"https:\/\/graziamagazine.com\/es\/articles\/laura-pausini-elige-una-gabardina-custom-de-desigual\/","name":"Laura Pausini elige una gabardina custom de Desigual","isPartOf":{"@id":"https:\/\/graziamagazine.com\/es\/#website"},"datePublished":"2026-04-07T06:00:48+00:00","dateModified":"2026-04-06T23:22:07+00:00","description":"La artista ha lucido sobre el escenario una versi\u00f3n \u00fanica de una de las prendas denim m\u00e1s representativas de la marca.","breadcrumb":{"@id":"https:\/\/graziamagazine.com\/es\/articles\/laura-pausini-elige-una-gabardina-custom-de-desigual\/#breadcrumb"},"inLanguage":"es","potentialAction":[{"@type":"ReadAction","target":["https:\/\/graziamagazine.com\/es\/articles\/laura-pausini-elige-una-gabardina-custom-de-desigual\/"]}]},{"@type":"BreadcrumbList","@id":"https:\/\/graziamagazine.com\/es\/articles\/laura-pausini-elige-una-gabardina-custom-de-desigual\/#breadcrumb","itemListElement":[{"@type":"ListItem","position":1,"name":"Portada","item":"https:\/\/graziamagazine.com\/es\/"},{"@type":"ListItem","position":2,"name":"Laura Pausini elige una gabardina custom de Desigual"}]},{"@type":"WebSite","@id":"https:\/\/graziamagazine.com\/es\/#website","url":"https:\/\/graziamagazine.com\/es\/","name":"Grazia","description":"Moda, belleza, celebrities, estilo de vida...","potentialAction":[{"@type":"SearchAction","target":{"@type":"EntryPoint","urlTemplate":"https:\/\/graziamagazine.com\/es\/?s={search_term_string}"},"query-input":"required name=search_term_string"}],"inLanguage":"es"}]}},"jetpack_sharing_enabled":true,"distributor_meta":false,"distributor_terms":false,"distributor_media":false,"distributor_original_site_name":"Grazia","distributor_original_site_url":"https:\/\/graziamagazine.com\/es","push-errors":false,"_links":{"self":[{"href":"https:\/\/graziamagazine.com\/es\/wp-json\/wp\/v2\/articles\/193626"}],"collection":[{"href":"https:\/\/graziamagazine.com\/es\/wp-json\/wp\/v2\/articles"}],"about":[{"href":"https:\/\/graziamagazine.com\/es\/wp-json\/wp\/v2\/types\/articles"}],"author":[{"embeddable":true,"href":"https:\/\/graziamagazine.com\/es\/wp-json\/wp\/v2\/users\/11653"}],"wp:featuredmedia":[{"embeddable":true,"href":"https:\/\/graziamagazine.com\/es\/wp-json\/wp\/v2\/media\/193629"}],"wp:attachment":[{"href":"https:\/\/graziamagazine.com\/es\/wp-json\/wp\/v2\/media?parent=193626"}],"wp:term":[{"taxonomy":"category","embeddable":true,"href":"https:\/\/graziamagazine.com\/es\/wp-json\/wp\/v2\/categories?post=193626"}],"curies":[{"name":"wp","href":"https:\/\/api.w.org\/{rel}","templated":true}]}}