{"id":193593,"date":"2026-04-06T08:00:41","date_gmt":"2026-04-06T06:00:41","guid":{"rendered":"https:\/\/graziamagazine.com\/es\/?post_type=articles&#038;p=193593"},"modified":"2026-04-06T09:48:31","modified_gmt":"2026-04-06T07:48:31","slug":"roger-vivier-inaugura-su-nueva-tienda-insignia-en-paris","status":"publish","type":"articles","link":"https:\/\/graziamagazine.com\/es\/articles\/roger-vivier-inaugura-su-nueva-tienda-insignia-en-paris\/","title":{"rendered":"Roger Vivier inaugura su nueva tienda insignia en Par\u00eds"},"content":{"rendered":"<p><span class=\"markleqduwhjq\" data-markjs=\"true\" data-ogac=\"\" data-ogab=\"\" data-ogsc=\"\" data-ogsb=\"\" data-olk-copy-source=\"MessageBody\">Roger<\/span>\u00a0<span class=\"mark7kpjf28dy\" data-markjs=\"true\" data-ogac=\"\" data-ogab=\"\" data-ogsc=\"\" data-ogsb=\"\">Vivier<\/span>\u00a0inaugura su nuevo\u00a0<em>atelier<\/em>\u00a0insignia en Par\u00eds, en el n\u00famero 20 de Rue du Faubourg Saint-Honor\u00e9, lo que supone un hito importante en la evoluci\u00f3n de la\u00a0<em>Maison<\/em>\u00a0y reafirma su presencia en la ciudad donde se forj\u00f3 su identidad.<\/p>\n<p>Par\u00eds es un lugar clave para\u00a0<span class=\"markleqduwhjq\" data-markjs=\"true\" data-ogac=\"\" data-ogab=\"\" data-ogsc=\"\" data-ogsb=\"\">Roger<\/span>\u00a0<span class=\"mark7kpjf28dy\" data-markjs=\"true\" data-ogac=\"\" data-ogab=\"\" data-ogsc=\"\" data-ogsb=\"\">Vivier<\/span>, tanto desde el punto de vista hist\u00f3rico como cultural. Situada cerca del emplazamiento del primer taller de\u00a0<span class=\"markleqduwhjq\" data-markjs=\"true\" data-ogac=\"\" data-ogab=\"\" data-ogsc=\"\" data-ogsb=\"\">Roger<\/span>\u00a0<span class=\"mark7kpjf28dy\" data-markjs=\"true\" data-ogac=\"\" data-ogab=\"\" data-ogsc=\"\" data-ogsb=\"\">Vivier<\/span>\u00a0en Rue Royale, inaugurado en 1937, la nueva\u00a0<em>boutique<\/em>\u00a0refuerza el v\u00ednculo hist\u00f3rico de la marca con el barrio, al tiempo que se beneficia de una gran visibilidad gracias a su ubicaci\u00f3n estrat\u00e9gica en Rue du Faubourg Saint-Honor\u00e9, que ofrece una gran exposici\u00f3n al tr\u00e1nsito peatonal. Distribuida en dos plantas, se encuentra entre las\u00a0<em>boutiques<\/em>\u00a0m\u00e1s grandes de\u00a0<span class=\"markleqduwhjq\" data-markjs=\"true\" data-ogac=\"\" data-ogab=\"\" data-ogsc=\"\" data-ogsb=\"\">Roger<\/span>\u00a0<span class=\"mark7kpjf28dy\" data-markjs=\"true\" data-ogac=\"\" data-ogab=\"\" data-ogsc=\"\" data-ogsb=\"\">Vivier<\/span>\u00a0en todo el mundo.<\/p>\n<p><img loading=\"lazy\" decoding=\"async\" class=\"aligncenter size-full wp-image-193596\" src=\"https:\/\/graziamagazine.com\/es\/wp-content\/uploads\/sites\/12\/2026\/04\/1b94cc2d-01c4-6899-2bd5-f737719b2c4b-scaled.jpg\" alt=\"\" width=\"2560\" height=\"1440\" srcset=\"https:\/\/graziamagazine.com\/es\/wp-content\/uploads\/sites\/12\/2026\/04\/1b94cc2d-01c4-6899-2bd5-f737719b2c4b-scaled.jpg 2560w, https:\/\/graziamagazine.com\/es\/wp-content\/uploads\/sites\/12\/2026\/04\/1b94cc2d-01c4-6899-2bd5-f737719b2c4b-300x169.jpg 300w, https:\/\/graziamagazine.com\/es\/wp-content\/uploads\/sites\/12\/2026\/04\/1b94cc2d-01c4-6899-2bd5-f737719b2c4b-1024x576.jpg 1024w, https:\/\/graziamagazine.com\/es\/wp-content\/uploads\/sites\/12\/2026\/04\/1b94cc2d-01c4-6899-2bd5-f737719b2c4b-768x432.jpg 768w, https:\/\/graziamagazine.com\/es\/wp-content\/uploads\/sites\/12\/2026\/04\/1b94cc2d-01c4-6899-2bd5-f737719b2c4b-1536x864.jpg 1536w, https:\/\/graziamagazine.com\/es\/wp-content\/uploads\/sites\/12\/2026\/04\/1b94cc2d-01c4-6899-2bd5-f737719b2c4b-2048x1152.jpg 2048w, https:\/\/graziamagazine.com\/es\/wp-content\/uploads\/sites\/12\/2026\/04\/1b94cc2d-01c4-6899-2bd5-f737719b2c4b-400x225.jpg 400w, https:\/\/graziamagazine.com\/es\/wp-content\/uploads\/sites\/12\/2026\/04\/1b94cc2d-01c4-6899-2bd5-f737719b2c4b-155x87.jpg 155w\" sizes=\"(max-width: 2560px) 100vw, 2560px\" \/><\/p>\n<p>La apertura se produce tras la reciente inauguraci\u00f3n de\u00a0<em>Maison\u00a0<span class=\"mark7kpjf28dy\" data-markjs=\"true\" data-ogac=\"\" data-ogab=\"\" data-ogsc=\"\" data-ogsb=\"\">Vivier<\/span><\/em>\u00a0en la Rue de l\u2019Universit\u00e9. En conjunto, los dos espacios conforman una presencia complementaria en Par\u00eds:\u00a0<em>Maison\u00a0<span class=\"mark7kpjf28dy\" data-markjs=\"true\" data-ogac=\"\" data-ogab=\"\" data-ogsc=\"\" data-ogsb=\"\">Vivier<\/span><\/em>\u00a0se dedica a la creaci\u00f3n, el patrimonio y la cultura, albergando el archivo hist\u00f3rico de la\u00a0<em>Maison<\/em>, una colecci\u00f3n de creaciones, documentos y referencias que reflejan la visi\u00f3n de\u00a0<em>Monsieur\u00a0<span class=\"mark7kpjf28dy\" data-markjs=\"true\" data-ogac=\"\" data-ogab=\"\" data-ogsc=\"\" data-ogsb=\"\">Vivier<\/span><\/em>\u00a0y siguen inspirando el dise\u00f1o contempor\u00e1neo, mientras que la nueva tienda insignia de Faubourg se centra en la venta al por menor y la experiencia del cliente, estableciendo as\u00ed una nueva referencia mundial. Este doble enfoque refuerza el posicionamiento m\u00e1s amplio de la\u00a0<em>Maison<\/em>\u00a0como marca parisina de accesorios de lujo con dimensiones tanto culturales como comerciales.<\/p>\n<p>Concebida tanto como un espacio comercial como un reflejo del lenguaje est\u00e9tico de\u00a0<span class=\"markleqduwhjq\" data-markjs=\"true\" data-ogac=\"\" data-ogab=\"\" data-ogsc=\"\" data-ogsb=\"\">Roger<\/span>\u00a0<span class=\"mark7kpjf28dy\" data-markjs=\"true\" data-ogac=\"\" data-ogab=\"\" data-ogsc=\"\" data-ogsb=\"\">Vivier<\/span>, la boutique a\u00fana arquitectura, dise\u00f1o y artesan\u00eda en un entorno que combina precisi\u00f3n y ambiente. Una escalera monumental y un suelo de Pierre de la Croix-Huyart establecen desde el primer momento una marcada identidad francesa; las paredes, revestidas de estuco color crema y n\u00e1car, desarrollado en exclusiva para la\u00a0<em>Maison<\/em>\u00a0por un artesano toscano, se funden con el papel pintado de color rosa de Pierre Frey, hecho a medida, en los nichos de exposici\u00f3n, creando un sutil contraste entre tonos y texturas.<\/p>\n<p><img loading=\"lazy\" decoding=\"async\" class=\"aligncenter size-full wp-image-193594\" src=\"https:\/\/graziamagazine.com\/es\/wp-content\/uploads\/sites\/12\/2026\/04\/99b484bc-b066-fa50-148c-de8e5702d014-scaled.jpg\" alt=\"\" width=\"2560\" height=\"1440\" srcset=\"https:\/\/graziamagazine.com\/es\/wp-content\/uploads\/sites\/12\/2026\/04\/99b484bc-b066-fa50-148c-de8e5702d014-scaled.jpg 2560w, https:\/\/graziamagazine.com\/es\/wp-content\/uploads\/sites\/12\/2026\/04\/99b484bc-b066-fa50-148c-de8e5702d014-300x169.jpg 300w, https:\/\/graziamagazine.com\/es\/wp-content\/uploads\/sites\/12\/2026\/04\/99b484bc-b066-fa50-148c-de8e5702d014-1024x576.jpg 1024w, https:\/\/graziamagazine.com\/es\/wp-content\/uploads\/sites\/12\/2026\/04\/99b484bc-b066-fa50-148c-de8e5702d014-768x432.jpg 768w, https:\/\/graziamagazine.com\/es\/wp-content\/uploads\/sites\/12\/2026\/04\/99b484bc-b066-fa50-148c-de8e5702d014-1536x864.jpg 1536w, https:\/\/graziamagazine.com\/es\/wp-content\/uploads\/sites\/12\/2026\/04\/99b484bc-b066-fa50-148c-de8e5702d014-2048x1152.jpg 2048w, https:\/\/graziamagazine.com\/es\/wp-content\/uploads\/sites\/12\/2026\/04\/99b484bc-b066-fa50-148c-de8e5702d014-400x225.jpg 400w, https:\/\/graziamagazine.com\/es\/wp-content\/uploads\/sites\/12\/2026\/04\/99b484bc-b066-fa50-148c-de8e5702d014-155x87.jpg 155w\" sizes=\"(max-width: 2560px) 100vw, 2560px\" \/><\/p>\n<p>El espacio se caracteriza por una cuidadosa mezcla de materiales como el terciopelo, el\u00a0<em>boucl\u00e9<\/em>, el ante y los acabados lacados, combinados con metales pulidos y satinados. El mobiliario y los elementos decorativos contribuyen a crear un ambiente ricamente estratificado pero coherente: piezas de\u00a0Herv\u00e9 Van der Straeten, B&amp;B Italia\u00a0y\u00a0Knoll\u00a0se combinan con antig\u00fcedades de los reinados de\u00a0Luis XIV\u00a0y\u00a0Luis XVI, iluminaci\u00f3n modernista y obras de arte seleccionadas, lo que refleja el papel pionero de la\u00a0<em>Maison<\/em>\u00a0como una de las primeras en introducir el arte en los entornos de las\u00a0<em>boutiques<\/em>. Entre ellas se incluyen litograf\u00edas de\u00a0Picasso\u00a0y\u00a0Poliakoff, una obra de\u00a0Ren\u00e9 Gruau, as\u00ed como bocetos y collages originales de\u00a0<span class=\"markleqduwhjq\" data-markjs=\"true\" data-ogac=\"\" data-ogab=\"\" data-ogsc=\"\" data-ogsb=\"\">Roger<\/span>\u00a0<span class=\"mark7kpjf28dy\" data-markjs=\"true\" data-ogac=\"\" data-ogab=\"\" data-ogsc=\"\" data-ogsb=\"\">Vivier<\/span>. Objetos naturales y decorativos como conchas, corales y elementos escult\u00f3ricos se intercalan a lo largo de una amplia secci\u00f3n de estanter\u00edas, introduciendo una sutil referencia a la idea de una\u00a0<em>wunderkammer<\/em>\u00a0y haciendo eco del gusto ecl\u00e9ctico de\u00a0<em>Monsieur\u00a0<span class=\"mark7kpjf28dy\" data-markjs=\"true\" data-ogac=\"\" data-ogab=\"\" data-ogsc=\"\" data-ogsb=\"\">Vivier<\/span><\/em>. Entre las numerosas curiosidades relacionadas con la firma, se presta especial atenci\u00f3n a las celebridades estrechamente vinculadas a la\u00a0<em>Maison<\/em>, con im\u00e1genes hist\u00f3ricas que retratan a figuras ic\u00f3nicas luciendo creaciones de\u00a0<span class=\"markleqduwhjq\" data-markjs=\"true\" data-ogac=\"\" data-ogab=\"\" data-ogsc=\"\" data-ogsb=\"\">Roger<\/span>\u00a0<span class=\"mark7kpjf28dy\" data-markjs=\"true\" data-ogac=\"\" data-ogab=\"\" data-ogsc=\"\" data-ogsb=\"\">Vivier<\/span>. Una l\u00e1mpara de ara\u00f1a de\u00a0Volabile\u00a0hecha a medida por Christel Sadde, interpretada por la artista con la silueta de un zapato\u00a0<span class=\"mark7kpjf28dy\" data-markjs=\"true\" data-ogac=\"\" data-ogab=\"\" data-ogsc=\"\" data-ogsb=\"\">Vivier<\/span>, preside la entrada. En conjunto, estos elementos componen un interior cuidadosamente comisariado, m\u00e1s parecido a un entorno residencial que a un espacio comercial convencional.<\/p>\n<p>Un aspecto fundamental de la experiencia del cliente es el \u00e9nfasis en los servicios a medida, que se plasma en la presentaci\u00f3n de\u00a0<em>Atelier\u00a0<span class=\"mark7kpjf28dy\" data-markjs=\"true\" data-ogac=\"\" data-ogab=\"\" data-ogsc=\"\" data-ogsb=\"\">Vivier<\/span><\/em>, la oferta de productos por encargo de la\u00a0<em>Maison<\/em>, que se lanzar\u00e1 en la nueva tienda insignia de Par\u00eds antes de extenderse a una selecci\u00f3n de\u00a0<em>boutiques<\/em>\u00a0de todo el mundo. Concebido como un servicio altamente personalizado,\u00a0<em>Atelier\u00a0<span class=\"mark7kpjf28dy\" data-markjs=\"true\" data-ogac=\"\" data-ogab=\"\" data-ogsc=\"\" data-ogsb=\"\">Vivier<\/span>\u00a0<\/em>permite a los clientes personalizar zapatos, bolsos, prendidos de noche y creaciones nupciales mediante la selecci\u00f3n de materiales, colores, hebillas y acabados. El servicio se presta en la\u00a0<em>Salle d\u2019Argent\u00a0<\/em>de la\u00a0<em>boutique<\/em>, lo que refuerza la sensaci\u00f3n de exclusividad y la atenci\u00f3n personalizada. Adem\u00e1s, un artesano estar\u00e1 presente de forma habitual en la tienda, trabajando tanto en dise\u00f1os ic\u00f3nicos como de temporada, lo que afianza a\u00fan m\u00e1s la experiencia en el\u00a0<em>savoir-faire<\/em>\u00a0de la\u00a0<em>Maison<\/em>\u00a0y establece un di\u00e1logo directo con el cliente en torno al proceso de creaci\u00f3n.<\/p>\n<p><img loading=\"lazy\" decoding=\"async\" class=\"aligncenter size-full wp-image-193597\" src=\"https:\/\/graziamagazine.com\/es\/wp-content\/uploads\/sites\/12\/2026\/04\/f6f7a816-c04f-9aba-f29c-f281971619a8-scaled.jpg\" alt=\"\" width=\"2560\" height=\"1440\" srcset=\"https:\/\/graziamagazine.com\/es\/wp-content\/uploads\/sites\/12\/2026\/04\/f6f7a816-c04f-9aba-f29c-f281971619a8-scaled.jpg 2560w, https:\/\/graziamagazine.com\/es\/wp-content\/uploads\/sites\/12\/2026\/04\/f6f7a816-c04f-9aba-f29c-f281971619a8-300x169.jpg 300w, https:\/\/graziamagazine.com\/es\/wp-content\/uploads\/sites\/12\/2026\/04\/f6f7a816-c04f-9aba-f29c-f281971619a8-1024x576.jpg 1024w, https:\/\/graziamagazine.com\/es\/wp-content\/uploads\/sites\/12\/2026\/04\/f6f7a816-c04f-9aba-f29c-f281971619a8-768x432.jpg 768w, https:\/\/graziamagazine.com\/es\/wp-content\/uploads\/sites\/12\/2026\/04\/f6f7a816-c04f-9aba-f29c-f281971619a8-1536x864.jpg 1536w, https:\/\/graziamagazine.com\/es\/wp-content\/uploads\/sites\/12\/2026\/04\/f6f7a816-c04f-9aba-f29c-f281971619a8-2048x1152.jpg 2048w, https:\/\/graziamagazine.com\/es\/wp-content\/uploads\/sites\/12\/2026\/04\/f6f7a816-c04f-9aba-f29c-f281971619a8-400x225.jpg 400w, https:\/\/graziamagazine.com\/es\/wp-content\/uploads\/sites\/12\/2026\/04\/f6f7a816-c04f-9aba-f29c-f281971619a8-155x87.jpg 155w\" sizes=\"(max-width: 2560px) 100vw, 2560px\" \/><\/p>\n<p>Dise\u00f1ada como un espacio discreto y envolvente dentro de la boutique, la\u00a0<em>Salle d\u2019Argent<\/em>\u00a0desempe\u00f1a un papel fundamental en este enfoque. Acabada \u00edntegramente con pan de plata aut\u00e9ntico, sus superficies reflectantes crean una atm\u00f3sfera luminosa a la vez que \u00edntima. Inspirado en el estudio de la Rue de Grenelle donde\u00a0<em>Monsieur\u00a0<span class=\"markleqduwhjq\" data-markjs=\"true\" data-ogac=\"\" data-ogab=\"\" data-ogsc=\"\" data-ogsb=\"\">Roger<\/span>\u00a0<span class=\"mark7kpjf28dy\" data-markjs=\"true\" data-ogac=\"\" data-ogab=\"\" data-ogsc=\"\" data-ogsb=\"\">Vivier<\/span><\/em>\u00a0se estableci\u00f3 en 1935, el espacio reinterpreta un gesto hist\u00f3rico del fundador, quien decidi\u00f3 revestir las paredes con papel plateado. Concebido como un espacio que puede funcionar como un sal\u00f3n independiente cuando sea necesario, est\u00e1 destinado a acoger citas privadas, presentaciones exclusivas y experiencias personalizadas para los clientes, ofreciendo un entorno m\u00e1s envolvente dentro de la tienda.<\/p>\n<p>Con esta nueva apertura,\u00a0<span class=\"markleqduwhjq\" data-markjs=\"true\" data-ogac=\"\" data-ogab=\"\" data-ogsc=\"\" data-ogsb=\"\">Roger<\/span>\u00a0<span class=\"mark7kpjf28dy\" data-markjs=\"true\" data-ogac=\"\" data-ogab=\"\" data-ogsc=\"\" data-ogsb=\"\">Vivier<\/span>\u00a0marca un nuevo hito en su estrategia comercial a nivel mundial, al tiempo que consolida a\u00fan m\u00e1s su presencia en Par\u00eds.<\/p>\n<p>\u00bfD\u00f3nde? <span data-olk-copy-source=\"MessageBody\">n.\u00ba 20 de Rue Du Faubourg Saint-Honor\u00e9- Par\u00eds\u00a0<\/span><\/p>\n<p><em>*Im\u00e1genes: cortes\u00eda<\/em><\/p>\n","protected":false},"author":11653,"featured_media":193595,"template":"","format":"standard","categories":[1],"acf":[],"yoast_head":"<!-- This site is optimized with the Yoast SEO Premium plugin v18.5 (Yoast SEO v20.4) - https:\/\/yoast.com\/wordpress\/plugins\/seo\/ -->\n<title>Roger Vivier inaugura su nueva tienda insignia en Par\u00eds<\/title>\n<meta name=\"description\" content=\"El nuevo espacio, distribuido en dos plantas, se encuentra entre las boutiques m\u00e1s grandes de la Maison en todo el mundo.\" \/>\n<meta name=\"robots\" content=\"index, follow, max-snippet:-1, max-image-preview:large, max-video-preview:-1\" \/>\n<link rel=\"canonical\" href=\"https:\/\/graziamagazine.com\/es\/articles\/roger-vivier-inaugura-su-nueva-tienda-insignia-en-paris\/\" \/>\n<meta property=\"og:locale\" content=\"es_ES\" \/>\n<meta property=\"og:type\" content=\"article\" \/>\n<meta property=\"og:title\" content=\"Roger Vivier inaugura su nueva tienda insignia en Par\u00eds\" \/>\n<meta property=\"og:description\" content=\"El nuevo espacio, distribuido en dos plantas, se encuentra entre las boutiques m\u00e1s grandes de la Maison en todo el mundo.\" \/>\n<meta property=\"og:url\" content=\"https:\/\/graziamagazine.com\/es\/articles\/roger-vivier-inaugura-su-nueva-tienda-insignia-en-paris\/\" \/>\n<meta property=\"og:site_name\" content=\"Grazia\" \/>\n<meta property=\"article:modified_time\" content=\"2026-04-06T07:48:31+00:00\" \/>\n<meta property=\"og:image\" content=\"https:\/\/graziamagazine.com\/es\/wp-content\/uploads\/sites\/12\/2026\/04\/1027a635-0a76-93b8-8582-a4bf9a4e8d5d-scaled.jpg\" \/>\n\t<meta property=\"og:image:width\" content=\"2560\" \/>\n\t<meta property=\"og:image:height\" content=\"1440\" \/>\n\t<meta property=\"og:image:type\" content=\"image\/jpeg\" \/>\n<meta name=\"twitter:card\" content=\"summary_large_image\" \/>\n<meta name=\"twitter:label1\" content=\"Est. reading time\" \/>\n\t<meta name=\"twitter:data1\" content=\"5 minutos\" \/>\n<script type=\"application\/ld+json\" class=\"yoast-schema-graph\">{\"@context\":\"https:\/\/schema.org\",\"@graph\":[{\"@type\":\"WebPage\",\"@id\":\"https:\/\/graziamagazine.com\/es\/articles\/roger-vivier-inaugura-su-nueva-tienda-insignia-en-paris\/\",\"url\":\"https:\/\/graziamagazine.com\/es\/articles\/roger-vivier-inaugura-su-nueva-tienda-insignia-en-paris\/\",\"name\":\"Roger Vivier inaugura su nueva tienda insignia en Par\u00eds\",\"isPartOf\":{\"@id\":\"https:\/\/graziamagazine.com\/es\/#website\"},\"datePublished\":\"2026-04-06T06:00:41+00:00\",\"dateModified\":\"2026-04-06T07:48:31+00:00\",\"description\":\"El nuevo espacio, distribuido en dos plantas, se encuentra entre las boutiques m\u00e1s grandes de la Maison en todo el mundo.\",\"breadcrumb\":{\"@id\":\"https:\/\/graziamagazine.com\/es\/articles\/roger-vivier-inaugura-su-nueva-tienda-insignia-en-paris\/#breadcrumb\"},\"inLanguage\":\"es\",\"potentialAction\":[{\"@type\":\"ReadAction\",\"target\":[\"https:\/\/graziamagazine.com\/es\/articles\/roger-vivier-inaugura-su-nueva-tienda-insignia-en-paris\/\"]}]},{\"@type\":\"BreadcrumbList\",\"@id\":\"https:\/\/graziamagazine.com\/es\/articles\/roger-vivier-inaugura-su-nueva-tienda-insignia-en-paris\/#breadcrumb\",\"itemListElement\":[{\"@type\":\"ListItem\",\"position\":1,\"name\":\"Portada\",\"item\":\"https:\/\/graziamagazine.com\/es\/\"},{\"@type\":\"ListItem\",\"position\":2,\"name\":\"Roger Vivier inaugura su nueva tienda insignia en Par\u00eds\"}]},{\"@type\":\"WebSite\",\"@id\":\"https:\/\/graziamagazine.com\/es\/#website\",\"url\":\"https:\/\/graziamagazine.com\/es\/\",\"name\":\"Grazia\",\"description\":\"Moda, belleza, celebrities, estilo de vida...\",\"potentialAction\":[{\"@type\":\"SearchAction\",\"target\":{\"@type\":\"EntryPoint\",\"urlTemplate\":\"https:\/\/graziamagazine.com\/es\/?s={search_term_string}\"},\"query-input\":\"required name=search_term_string\"}],\"inLanguage\":\"es\"}]}<\/script>\n<!-- \/ Yoast SEO Premium plugin. -->","yoast_head_json":{"title":"Roger Vivier inaugura su nueva tienda insignia en Par\u00eds","description":"El nuevo espacio, distribuido en dos plantas, se encuentra entre las boutiques m\u00e1s grandes de la Maison en todo el mundo.","robots":{"index":"index","follow":"follow","max-snippet":"max-snippet:-1","max-image-preview":"max-image-preview:large","max-video-preview":"max-video-preview:-1"},"canonical":"https:\/\/graziamagazine.com\/es\/articles\/roger-vivier-inaugura-su-nueva-tienda-insignia-en-paris\/","og_locale":"es_ES","og_type":"article","og_title":"Roger Vivier inaugura su nueva tienda insignia en Par\u00eds","og_description":"El nuevo espacio, distribuido en dos plantas, se encuentra entre las boutiques m\u00e1s grandes de la Maison en todo el mundo.","og_url":"https:\/\/graziamagazine.com\/es\/articles\/roger-vivier-inaugura-su-nueva-tienda-insignia-en-paris\/","og_site_name":"Grazia","article_modified_time":"2026-04-06T07:48:31+00:00","og_image":[{"width":2560,"height":1440,"url":"https:\/\/graziamagazine.com\/es\/wp-content\/uploads\/sites\/12\/2026\/04\/1027a635-0a76-93b8-8582-a4bf9a4e8d5d-scaled.jpg","type":"image\/jpeg"}],"twitter_card":"summary_large_image","twitter_misc":{"Est. reading time":"5 minutos"},"schema":{"@context":"https:\/\/schema.org","@graph":[{"@type":"WebPage","@id":"https:\/\/graziamagazine.com\/es\/articles\/roger-vivier-inaugura-su-nueva-tienda-insignia-en-paris\/","url":"https:\/\/graziamagazine.com\/es\/articles\/roger-vivier-inaugura-su-nueva-tienda-insignia-en-paris\/","name":"Roger Vivier inaugura su nueva tienda insignia en Par\u00eds","isPartOf":{"@id":"https:\/\/graziamagazine.com\/es\/#website"},"datePublished":"2026-04-06T06:00:41+00:00","dateModified":"2026-04-06T07:48:31+00:00","description":"El nuevo espacio, distribuido en dos plantas, se encuentra entre las boutiques m\u00e1s grandes de la Maison en todo el mundo.","breadcrumb":{"@id":"https:\/\/graziamagazine.com\/es\/articles\/roger-vivier-inaugura-su-nueva-tienda-insignia-en-paris\/#breadcrumb"},"inLanguage":"es","potentialAction":[{"@type":"ReadAction","target":["https:\/\/graziamagazine.com\/es\/articles\/roger-vivier-inaugura-su-nueva-tienda-insignia-en-paris\/"]}]},{"@type":"BreadcrumbList","@id":"https:\/\/graziamagazine.com\/es\/articles\/roger-vivier-inaugura-su-nueva-tienda-insignia-en-paris\/#breadcrumb","itemListElement":[{"@type":"ListItem","position":1,"name":"Portada","item":"https:\/\/graziamagazine.com\/es\/"},{"@type":"ListItem","position":2,"name":"Roger Vivier inaugura su nueva tienda insignia en Par\u00eds"}]},{"@type":"WebSite","@id":"https:\/\/graziamagazine.com\/es\/#website","url":"https:\/\/graziamagazine.com\/es\/","name":"Grazia","description":"Moda, belleza, celebrities, estilo de vida...","potentialAction":[{"@type":"SearchAction","target":{"@type":"EntryPoint","urlTemplate":"https:\/\/graziamagazine.com\/es\/?s={search_term_string}"},"query-input":"required name=search_term_string"}],"inLanguage":"es"}]}},"jetpack_sharing_enabled":true,"distributor_meta":false,"distributor_terms":false,"distributor_media":false,"distributor_original_site_name":"Grazia","distributor_original_site_url":"https:\/\/graziamagazine.com\/es","push-errors":false,"_links":{"self":[{"href":"https:\/\/graziamagazine.com\/es\/wp-json\/wp\/v2\/articles\/193593"}],"collection":[{"href":"https:\/\/graziamagazine.com\/es\/wp-json\/wp\/v2\/articles"}],"about":[{"href":"https:\/\/graziamagazine.com\/es\/wp-json\/wp\/v2\/types\/articles"}],"author":[{"embeddable":true,"href":"https:\/\/graziamagazine.com\/es\/wp-json\/wp\/v2\/users\/11653"}],"wp:featuredmedia":[{"embeddable":true,"href":"https:\/\/graziamagazine.com\/es\/wp-json\/wp\/v2\/media\/193595"}],"wp:attachment":[{"href":"https:\/\/graziamagazine.com\/es\/wp-json\/wp\/v2\/media?parent=193593"}],"wp:term":[{"taxonomy":"category","embeddable":true,"href":"https:\/\/graziamagazine.com\/es\/wp-json\/wp\/v2\/categories?post=193593"}],"curies":[{"name":"wp","href":"https:\/\/api.w.org\/{rel}","templated":true}]}}