{"id":193588,"date":"2026-04-06T08:00:08","date_gmt":"2026-04-06T06:00:08","guid":{"rendered":"https:\/\/graziamagazine.com\/es\/?post_type=articles&#038;p=193588"},"modified":"2026-04-06T00:02:41","modified_gmt":"2026-04-05T22:02:41","slug":"las-marcas-espanolas-mas-valiosas-de-2026","status":"publish","type":"articles","link":"https:\/\/graziamagazine.com\/es\/articles\/las-marcas-espanolas-mas-valiosas-de-2026\/","title":{"rendered":"Las marcas espa\u00f1olas m\u00e1s valiosas de 2026"},"content":{"rendered":"<p>Hay algo que est\u00e1 cambiando \u2014y se siente\u2014 en la manera en la que hablamos de lujo, identidad y marca pa\u00eds. Espa\u00f1a ya no es solo sin\u00f3nimo de sol, gastronom\u00eda o talento creativo: es tambi\u00e9n una potencia empresarial con nombres propios que cotizan alto, muy alto, en el imaginario global. Y 2026 lo confirma con una lista que no solo mide valor econ\u00f3mico, sino tambi\u00e9n influencia cultural.<\/p>\n<p>Porque hoy, ser una de las marcas m\u00e1s valiosas no va solo de facturaci\u00f3n. Va de deseo, de narrativa, de presencia. De estar \u2014y quedarse\u2014 en la conversaci\u00f3n.<\/p>\n<h3>Las marcas espa\u00f1olas que dominan (de verdad) el juego global<\/h3>\n<p>Encabezando el ranking encontramos nombres que ya forman parte del paisaje cotidiano, pero cuyo impacto va mucho m\u00e1s all\u00e1 de nuestras fronteras.<\/p>\n<p>El gigante Inditex \u2014con Zara como punta de lanza\u2014 sigue siendo el gran referente. No solo por su capacidad de adaptaci\u00f3n constante, sino por haber redefinido el ritmo de la moda global. Zara no vende ropa: vende inmediatez, tendencia y una forma de consumir moda que ha cambiado las reglas del juego.<\/p>\n<p><img decoding=\"async\" src=\"https:\/\/e01-elmundo.uecdn.es\/assets\/multimedia\/imagenes\/2022\/10\/24\/16666028526349.jpg\" alt=\"Zara vender\u00e1 ropa de segunda mano, pero lo relevante es lo que significa  para el mercado de la reventa (y la moda) | Moda\" \/><\/p>\n<p>A su lado, el m\u00fasculo financiero de Banco Santander y BBVA contin\u00faa consolidando su presencia internacional, demostrando que la banca espa\u00f1ola no solo resiste, sino que lidera en innovaci\u00f3n digital. Y en clave sostenible, Iberdrola se posiciona como una de las compa\u00f1\u00edas energ\u00e9ticas m\u00e1s influyentes del mundo, abanderando la transici\u00f3n verde con una estrategia que combina negocio y responsabilidad.<\/p>\n<blockquote><p>Inditex lidera con cinco marcas de r\u00e1pido crecimiento en el ranking: Zara (1), Bershka (10), Pull&amp;Bear (11), Massimo Dutti (13) y Stradivarius (14).<\/p><\/blockquote>\n<h3>Moda, belleza y estilo de vida: el nuevo<em> soft power<\/em> espa\u00f1ol<\/h3>\n<p>Pero si hay un territorio donde Espa\u00f1a brilla con luz propia es en el universo fashion &amp; beauty. Loewe vive uno de sus momentos m\u00e1s s\u00f3lidos, combinando herencia artesanal con una visi\u00f3n contempor\u00e1nea que ha sabido conectar con nuevas generaciones sin perder exclusividad.<\/p>\n<p><img decoding=\"async\" src=\"https:\/\/highxtar.com\/wp-content\/uploads\/2023\/09\/highxtar-loewe-zara-1234-1440x1080.jpg\" alt=\"Loewe y Zara: las marcas espa\u00f1olas de moda m\u00e1s valiosas seg\u00fan Brand Finance  - HIGHXTAR.\" \/><\/p>\n<p>Mango, por su parte, ha afinado su posicionamiento hacia un lujo accesible m\u00e1s pulido, m\u00e1s editorial, m\u00e1s aspiracional, superando los 2.110 millones de d\u00f3lares (1.820 millones de euros). Y lo est\u00e1 haciendo bien: colecciones coherentes, campa\u00f1as cuidadas y una expansi\u00f3n internacional cada vez m\u00e1s estrat\u00e9gica.<\/p>\n<p>En un registro m\u00e1s disruptivo, Desigual sigue apostando por una identidad propia, demostrando que la diferenciaci\u00f3n tambi\u00e9n es valor. Y en belleza, el grupo Puig se consolida como uno de los grandes players globales, con un portafolio de fragancias y marcas que cruzan lujo, cultura pop y sofisticaci\u00f3n.<\/p>\n<blockquote><p>Loewe entra en el listado como la \u00fanica marca espa\u00f1ola de lujo<\/p><\/blockquote>\n<p>Las marcas espa\u00f1olas que lideran este ranking han entendido algo clave: no basta con vender, hay que conectar. Lo interesante no es solo qui\u00e9n est\u00e1 en la lista, sino lo que la lista dice de nosotros. Espa\u00f1a se est\u00e1 posicionando como un pa\u00eds capaz de mezclar tradici\u00f3n y modernidad, creatividad y negocio, est\u00e9tica y estrategia. Un equilibrio que, en t\u00e9rminos de marca, es oro puro.<\/p>\n<p>Las marcas espa\u00f1olas ya no juegan en segunda fila. Est\u00e1n definiendo el presente \u2014y el futuro\u2014 de industrias clave como la moda, la belleza, la energ\u00eda o las finanzas.\u00a0Y lo mejor: lo hacen con personalidad.<\/p>\n<p><em>*Im\u00e1genes: cortes\u00eda<\/em><\/p>\n","protected":false},"author":11653,"featured_media":193589,"template":"","format":"standard","categories":[2971,11738],"acf":{"banner":""},"yoast_head":"<!-- This site is optimized with the Yoast SEO Premium plugin v18.5 (Yoast SEO v20.4) - https:\/\/yoast.com\/wordpress\/plugins\/seo\/ -->\n<title>Las marcas espa\u00f1olas m\u00e1s valiosas de 2026<\/title>\n<meta name=\"description\" content=\"Hay algo que est\u00e1 cambiando \u2014y se siente\u2014 en la manera en la que hablamos de lujo, identidad y marca pa\u00eds. Espa\u00f1a ya no es solo sin\u00f3nimo de sol,\" \/>\n<meta name=\"robots\" content=\"index, follow, max-snippet:-1, max-image-preview:large, max-video-preview:-1\" \/>\n<link rel=\"canonical\" href=\"https:\/\/graziamagazine.com\/es\/articles\/las-marcas-espanolas-mas-valiosas-de-2026\/\" \/>\n<meta property=\"og:locale\" content=\"es_ES\" \/>\n<meta property=\"og:type\" content=\"article\" \/>\n<meta property=\"og:title\" content=\"Las marcas espa\u00f1olas m\u00e1s valiosas de 2026\" \/>\n<meta property=\"og:description\" content=\"Hay algo que est\u00e1 cambiando \u2014y se siente\u2014 en la manera en la que hablamos de lujo, identidad y marca pa\u00eds. Espa\u00f1a ya no es solo sin\u00f3nimo de sol,\" \/>\n<meta property=\"og:url\" content=\"https:\/\/graziamagazine.com\/es\/articles\/las-marcas-espanolas-mas-valiosas-de-2026\/\" \/>\n<meta property=\"og:site_name\" content=\"Grazia\" \/>\n<meta property=\"article:modified_time\" content=\"2026-04-05T22:02:41+00:00\" \/>\n<meta property=\"og:image\" content=\"https:\/\/graziamagazine.com\/es\/wp-content\/uploads\/sites\/12\/2026\/04\/Captura-de-pantalla-2026-04-05-a-las-23.54.07-1024x577.png\" \/>\n\t<meta property=\"og:image:width\" content=\"1024\" \/>\n\t<meta property=\"og:image:height\" content=\"577\" \/>\n\t<meta property=\"og:image:type\" content=\"image\/png\" \/>\n<meta name=\"twitter:card\" content=\"summary_large_image\" \/>\n<meta name=\"twitter:label1\" content=\"Est. reading time\" \/>\n\t<meta name=\"twitter:data1\" content=\"3 minutos\" \/>\n<script type=\"application\/ld+json\" class=\"yoast-schema-graph\">{\"@context\":\"https:\/\/schema.org\",\"@graph\":[{\"@type\":\"WebPage\",\"@id\":\"https:\/\/graziamagazine.com\/es\/articles\/las-marcas-espanolas-mas-valiosas-de-2026\/\",\"url\":\"https:\/\/graziamagazine.com\/es\/articles\/las-marcas-espanolas-mas-valiosas-de-2026\/\",\"name\":\"Las marcas espa\u00f1olas m\u00e1s valiosas de 2026\",\"isPartOf\":{\"@id\":\"https:\/\/graziamagazine.com\/es\/#website\"},\"datePublished\":\"2026-04-06T06:00:08+00:00\",\"dateModified\":\"2026-04-05T22:02:41+00:00\",\"description\":\"Hay algo que est\u00e1 cambiando \u2014y se siente\u2014 en la manera en la que hablamos de lujo, identidad y marca pa\u00eds. Espa\u00f1a ya no es solo sin\u00f3nimo de sol,\",\"breadcrumb\":{\"@id\":\"https:\/\/graziamagazine.com\/es\/articles\/las-marcas-espanolas-mas-valiosas-de-2026\/#breadcrumb\"},\"inLanguage\":\"es\",\"potentialAction\":[{\"@type\":\"ReadAction\",\"target\":[\"https:\/\/graziamagazine.com\/es\/articles\/las-marcas-espanolas-mas-valiosas-de-2026\/\"]}]},{\"@type\":\"BreadcrumbList\",\"@id\":\"https:\/\/graziamagazine.com\/es\/articles\/las-marcas-espanolas-mas-valiosas-de-2026\/#breadcrumb\",\"itemListElement\":[{\"@type\":\"ListItem\",\"position\":1,\"name\":\"Portada\",\"item\":\"https:\/\/graziamagazine.com\/es\/\"},{\"@type\":\"ListItem\",\"position\":2,\"name\":\"Las marcas espa\u00f1olas m\u00e1s valiosas de 2026\"}]},{\"@type\":\"WebSite\",\"@id\":\"https:\/\/graziamagazine.com\/es\/#website\",\"url\":\"https:\/\/graziamagazine.com\/es\/\",\"name\":\"Grazia\",\"description\":\"Moda, belleza, celebrities, estilo de vida...\",\"potentialAction\":[{\"@type\":\"SearchAction\",\"target\":{\"@type\":\"EntryPoint\",\"urlTemplate\":\"https:\/\/graziamagazine.com\/es\/?s={search_term_string}\"},\"query-input\":\"required name=search_term_string\"}],\"inLanguage\":\"es\"}]}<\/script>\n<!-- \/ Yoast SEO Premium plugin. -->","yoast_head_json":{"title":"Las marcas espa\u00f1olas m\u00e1s valiosas de 2026","description":"Hay algo que est\u00e1 cambiando \u2014y se siente\u2014 en la manera en la que hablamos de lujo, identidad y marca pa\u00eds. Espa\u00f1a ya no es solo sin\u00f3nimo de sol,","robots":{"index":"index","follow":"follow","max-snippet":"max-snippet:-1","max-image-preview":"max-image-preview:large","max-video-preview":"max-video-preview:-1"},"canonical":"https:\/\/graziamagazine.com\/es\/articles\/las-marcas-espanolas-mas-valiosas-de-2026\/","og_locale":"es_ES","og_type":"article","og_title":"Las marcas espa\u00f1olas m\u00e1s valiosas de 2026","og_description":"Hay algo que est\u00e1 cambiando \u2014y se siente\u2014 en la manera en la que hablamos de lujo, identidad y marca pa\u00eds. Espa\u00f1a ya no es solo sin\u00f3nimo de sol,","og_url":"https:\/\/graziamagazine.com\/es\/articles\/las-marcas-espanolas-mas-valiosas-de-2026\/","og_site_name":"Grazia","article_modified_time":"2026-04-05T22:02:41+00:00","og_image":[{"width":1024,"height":577,"url":"https:\/\/graziamagazine.com\/es\/wp-content\/uploads\/sites\/12\/2026\/04\/Captura-de-pantalla-2026-04-05-a-las-23.54.07-1024x577.png","type":"image\/png"}],"twitter_card":"summary_large_image","twitter_misc":{"Est. reading time":"3 minutos"},"schema":{"@context":"https:\/\/schema.org","@graph":[{"@type":"WebPage","@id":"https:\/\/graziamagazine.com\/es\/articles\/las-marcas-espanolas-mas-valiosas-de-2026\/","url":"https:\/\/graziamagazine.com\/es\/articles\/las-marcas-espanolas-mas-valiosas-de-2026\/","name":"Las marcas espa\u00f1olas m\u00e1s valiosas de 2026","isPartOf":{"@id":"https:\/\/graziamagazine.com\/es\/#website"},"datePublished":"2026-04-06T06:00:08+00:00","dateModified":"2026-04-05T22:02:41+00:00","description":"Hay algo que est\u00e1 cambiando \u2014y se siente\u2014 en la manera en la que hablamos de lujo, identidad y marca pa\u00eds. Espa\u00f1a ya no es solo sin\u00f3nimo de sol,","breadcrumb":{"@id":"https:\/\/graziamagazine.com\/es\/articles\/las-marcas-espanolas-mas-valiosas-de-2026\/#breadcrumb"},"inLanguage":"es","potentialAction":[{"@type":"ReadAction","target":["https:\/\/graziamagazine.com\/es\/articles\/las-marcas-espanolas-mas-valiosas-de-2026\/"]}]},{"@type":"BreadcrumbList","@id":"https:\/\/graziamagazine.com\/es\/articles\/las-marcas-espanolas-mas-valiosas-de-2026\/#breadcrumb","itemListElement":[{"@type":"ListItem","position":1,"name":"Portada","item":"https:\/\/graziamagazine.com\/es\/"},{"@type":"ListItem","position":2,"name":"Las marcas espa\u00f1olas m\u00e1s valiosas de 2026"}]},{"@type":"WebSite","@id":"https:\/\/graziamagazine.com\/es\/#website","url":"https:\/\/graziamagazine.com\/es\/","name":"Grazia","description":"Moda, belleza, celebrities, estilo de vida...","potentialAction":[{"@type":"SearchAction","target":{"@type":"EntryPoint","urlTemplate":"https:\/\/graziamagazine.com\/es\/?s={search_term_string}"},"query-input":"required name=search_term_string"}],"inLanguage":"es"}]}},"jetpack_sharing_enabled":true,"distributor_meta":false,"distributor_terms":false,"distributor_media":false,"distributor_original_site_name":"Grazia","distributor_original_site_url":"https:\/\/graziamagazine.com\/es","push-errors":false,"_links":{"self":[{"href":"https:\/\/graziamagazine.com\/es\/wp-json\/wp\/v2\/articles\/193588"}],"collection":[{"href":"https:\/\/graziamagazine.com\/es\/wp-json\/wp\/v2\/articles"}],"about":[{"href":"https:\/\/graziamagazine.com\/es\/wp-json\/wp\/v2\/types\/articles"}],"author":[{"embeddable":true,"href":"https:\/\/graziamagazine.com\/es\/wp-json\/wp\/v2\/users\/11653"}],"wp:featuredmedia":[{"embeddable":true,"href":"https:\/\/graziamagazine.com\/es\/wp-json\/wp\/v2\/media\/193589"}],"wp:attachment":[{"href":"https:\/\/graziamagazine.com\/es\/wp-json\/wp\/v2\/media?parent=193588"}],"wp:term":[{"taxonomy":"category","embeddable":true,"href":"https:\/\/graziamagazine.com\/es\/wp-json\/wp\/v2\/categories?post=193588"}],"curies":[{"name":"wp","href":"https:\/\/api.w.org\/{rel}","templated":true}]}}