{"id":193504,"date":"2026-03-31T08:00:26","date_gmt":"2026-03-31T06:00:26","guid":{"rendered":"https:\/\/graziamagazine.com\/es\/?post_type=articles&#038;p=193504"},"modified":"2026-03-31T00:14:28","modified_gmt":"2026-03-30T22:14:28","slug":"casa-camper-x-la-manso-la-colaboracion-por-el-20o-aniversario","status":"publish","type":"articles","link":"https:\/\/graziamagazine.com\/es\/articles\/casa-camper-x-la-manso-la-colaboracion-por-el-20o-aniversario\/","title":{"rendered":"Casa Camper x La Manso, la colaboraci\u00f3n por el 20\u00ba aniversario"},"content":{"rendered":"<p>Casa\u00a0<span class=\"markree3u1djg\" data-markjs=\"true\" data-ogac=\"\" data-ogab=\"\" data-ogsc=\"\" data-ogsb=\"\">Camper<\/span>\u00a0Hotels cumple 20 a\u00f1os y, para celebrarlo, Casa\u00a0<span class=\"markree3u1djg\" data-markjs=\"true\" data-ogac=\"\" data-ogab=\"\" data-ogsc=\"\" data-ogsb=\"\">Camper<\/span>\u00a0se une a la marca barcelonesa de accesorios La Manso para crear una colaboraci\u00f3n exclusiva de edici\u00f3n limitada. El resultado es un divertido conjunto de pijama acompa\u00f1ado por unas Wabi slippers dise\u00f1adas por\u00a0<span class=\"markree3u1djg\" data-markjs=\"true\" data-ogac=\"\" data-ogab=\"\" data-ogsc=\"\" data-ogsb=\"\">Camper<\/span>, que combinan el esp\u00edritu \u00fanico de Casa\u00a0<span class=\"markree3u1djg\" data-markjs=\"true\" data-ogac=\"\" data-ogab=\"\" data-ogsc=\"\" data-ogsb=\"\">Camper<\/span>\u00a0con la est\u00e9tica audaz y expresiva de La Manso.<\/p>\n<p>Nacida entre la energ\u00eda creativa de Barcelona y Berl\u00edn, esta colaboraci\u00f3n especial refleja el car\u00e1cter de Casa\u00a0<span class=\"markree3u1djg\" data-markjs=\"true\" data-ogac=\"\" data-ogab=\"\" data-ogsc=\"\" data-ogsb=\"\">Camper<\/span> y su mirada contempor\u00e1nea, dando lugar a una propuesta que conecta con el esp\u00edritu inconfundible de La Manso.<\/p>\n<p><img loading=\"lazy\" decoding=\"async\" class=\"aligncenter size-full wp-image-193508\" src=\"https:\/\/graziamagazine.com\/es\/wp-content\/uploads\/sites\/12\/2026\/03\/L0111-001_LF-copia-e1774908680443.jpg\" alt=\"\" width=\"1003\" height=\"857\" srcset=\"https:\/\/graziamagazine.com\/es\/wp-content\/uploads\/sites\/12\/2026\/03\/L0111-001_LF-copia-e1774908680443.jpg 1003w, https:\/\/graziamagazine.com\/es\/wp-content\/uploads\/sites\/12\/2026\/03\/L0111-001_LF-copia-e1774908680443-300x256.jpg 300w, https:\/\/graziamagazine.com\/es\/wp-content\/uploads\/sites\/12\/2026\/03\/L0111-001_LF-copia-e1774908680443-768x656.jpg 768w, https:\/\/graziamagazine.com\/es\/wp-content\/uploads\/sites\/12\/2026\/03\/L0111-001_LF-copia-e1774908680443-400x342.jpg 400w, https:\/\/graziamagazine.com\/es\/wp-content\/uploads\/sites\/12\/2026\/03\/L0111-001_LF-copia-e1774908680443-155x132.jpg 155w\" sizes=\"(max-width: 1003px) 100vw, 1003px\" \/><\/p>\n<p><img loading=\"lazy\" decoding=\"async\" class=\"aligncenter size-full wp-image-193507\" src=\"https:\/\/graziamagazine.com\/es\/wp-content\/uploads\/sites\/12\/2026\/03\/L0111-001_TF-copia-e1774908708590.jpg\" alt=\"\" width=\"985\" height=\"957\" srcset=\"https:\/\/graziamagazine.com\/es\/wp-content\/uploads\/sites\/12\/2026\/03\/L0111-001_TF-copia-e1774908708590.jpg 985w, https:\/\/graziamagazine.com\/es\/wp-content\/uploads\/sites\/12\/2026\/03\/L0111-001_TF-copia-e1774908708590-300x291.jpg 300w, https:\/\/graziamagazine.com\/es\/wp-content\/uploads\/sites\/12\/2026\/03\/L0111-001_TF-copia-e1774908708590-768x746.jpg 768w, https:\/\/graziamagazine.com\/es\/wp-content\/uploads\/sites\/12\/2026\/03\/L0111-001_TF-copia-e1774908708590-400x389.jpg 400w, https:\/\/graziamagazine.com\/es\/wp-content\/uploads\/sites\/12\/2026\/03\/L0111-001_TF-copia-e1774908708590-155x151.jpg 155w\" sizes=\"(max-width: 985px) 100vw, 985px\" \/><\/p>\n<p>\u201cEl pijama est\u00e1 inspirado en la forma cl\u00e1sica que todos tenemos en el imaginario, pero decidimos darle unos toques que lo hiciesen particular y diferente. Quer\u00edamos trabajar con estampaci\u00f3n y el color rojo fue el elegido, ya que representa al mundo de Casa\u00a0<span class=\"markree3u1djg\" data-markjs=\"true\" data-ogac=\"\" data-ogab=\"\" data-ogsc=\"\" data-ogsb=\"\">Camper<\/span>\u00a0y tambi\u00e9n al de La Manso. Las flores fueron las elegidas para incorporarlas en bolsillos y esquinas del pijama; as\u00ed, de alguna manera, es un tiesto andante\u201d, dice Adriana Manso, fundadora de La Manso. \u201cEstoy muy contenta con el resultado. Creo que me lo pondr\u00eda para sacar a los perros, tomar un vermut o ir de fiesta\u201d.<\/p>\n<p><img loading=\"lazy\" decoding=\"async\" class=\"aligncenter size-full wp-image-193506\" src=\"https:\/\/graziamagazine.com\/es\/wp-content\/uploads\/sites\/12\/2026\/03\/L0111-001_SF-copia.jpg\" alt=\"\" width=\"1024\" height=\"1536\" srcset=\"https:\/\/graziamagazine.com\/es\/wp-content\/uploads\/sites\/12\/2026\/03\/L0111-001_SF-copia.jpg 1024w, https:\/\/graziamagazine.com\/es\/wp-content\/uploads\/sites\/12\/2026\/03\/L0111-001_SF-copia-200x300.jpg 200w, https:\/\/graziamagazine.com\/es\/wp-content\/uploads\/sites\/12\/2026\/03\/L0111-001_SF-copia-683x1024.jpg 683w, https:\/\/graziamagazine.com\/es\/wp-content\/uploads\/sites\/12\/2026\/03\/L0111-001_SF-copia-768x1152.jpg 768w, https:\/\/graziamagazine.com\/es\/wp-content\/uploads\/sites\/12\/2026\/03\/L0111-001_SF-copia-400x600.jpg 400w, https:\/\/graziamagazine.com\/es\/wp-content\/uploads\/sites\/12\/2026\/03\/L0111-001_SF-copia-143x215.jpg 143w\" sizes=\"(max-width: 1024px) 100vw, 1024px\" \/><\/p>\n<p>Los pijamas est\u00e1n confeccionados en 100% algod\u00f3n y presentan un estampado de siluetas florales en un vibrante tono rojo\u00a0<span class=\"markree3u1djg\" data-markjs=\"true\" data-ogac=\"\" data-ogab=\"\" data-ogsc=\"\" data-ogsb=\"\">Camper<\/span>. Esta super limited edition incluye solo 50 pijamas, acompa\u00f1ados por 50 pares de Wabi slippers elaboradas en los talleres propios de\u00a0<span class=\"markree3u1djg\" data-markjs=\"true\" data-ogac=\"\" data-ogab=\"\" data-ogsc=\"\" data-ogsb=\"\">Camper<\/span>\u00a0en la localidad mallorquina de Inca, fabricadas en piel suave y decoradas con peque\u00f1os lazos del mismo material. Conjuntamente, ambas piezas reflejan el esp\u00edritu distintivo de las dos marcas.<\/p>\n<p>El <a href=\"http:\/\/Casa Camper x La Manso\" target=\"_blank\">pijama de Casa Camper x La Manso tiene un precio de 110 euros,<\/a> y los <a href=\"https:\/\/www.camper.com\/en_ES\/men\/shoes\/wabi\/camper-wabi_x_casa_camper-K101151-001\" target=\"_blank\">Wabi slippers de 160 euros<\/a> en la web de Camper.<\/p>\n<p><em>*Im\u00e1genes: cortes\u00eda<\/em><\/p>\n","protected":false},"author":11653,"featured_media":193505,"template":"","format":"standard","categories":[11738,1],"acf":[],"yoast_head":"<!-- This site is optimized with the Yoast SEO Premium plugin v18.5 (Yoast SEO v20.4) - https:\/\/yoast.com\/wordpress\/plugins\/seo\/ -->\n<title>Casa Camper x La Manso, la colaboraci\u00f3n por el 20\u00ba aniversario | Grazia<\/title>\n<meta name=\"description\" content=\"Casa\u00a0Camper\u00a0Hotels cumple 20 a\u00f1os y, para celebrarlo, Casa\u00a0Camper\u00a0se une a la marca barcelonesa de accesorios La Manso para crear una colaboraci\u00f3n\" \/>\n<meta name=\"robots\" content=\"index, follow, max-snippet:-1, max-image-preview:large, max-video-preview:-1\" \/>\n<link rel=\"canonical\" href=\"https:\/\/graziamagazine.com\/es\/articles\/casa-camper-x-la-manso-la-colaboracion-por-el-20o-aniversario\/\" \/>\n<meta property=\"og:locale\" content=\"es_ES\" \/>\n<meta property=\"og:type\" content=\"article\" \/>\n<meta property=\"og:title\" content=\"Casa Camper x La Manso, la colaboraci\u00f3n por el 20\u00ba aniversario\" \/>\n<meta property=\"og:description\" content=\"Casa\u00a0Camper\u00a0Hotels cumple 20 a\u00f1os y, para celebrarlo, Casa\u00a0Camper\u00a0se une a la marca barcelonesa de accesorios La Manso para crear una colaboraci\u00f3n\" \/>\n<meta property=\"og:url\" content=\"https:\/\/graziamagazine.com\/es\/articles\/casa-camper-x-la-manso-la-colaboracion-por-el-20o-aniversario\/\" \/>\n<meta property=\"og:site_name\" content=\"Grazia\" \/>\n<meta property=\"article:modified_time\" content=\"2026-03-30T22:14:28+00:00\" \/>\n<meta property=\"og:image\" content=\"https:\/\/graziamagazine.com\/es\/wp-content\/uploads\/sites\/12\/2026\/03\/K202004-001_T-copia-scaled.jpg\" \/>\n\t<meta property=\"og:image:width\" content=\"2560\" \/>\n\t<meta property=\"og:image:height\" content=\"1955\" \/>\n\t<meta property=\"og:image:type\" content=\"image\/jpeg\" \/>\n<meta name=\"twitter:card\" content=\"summary_large_image\" \/>\n<meta name=\"twitter:label1\" content=\"Est. reading time\" \/>\n\t<meta name=\"twitter:data1\" content=\"2 minutos\" \/>\n<script type=\"application\/ld+json\" class=\"yoast-schema-graph\">{\"@context\":\"https:\/\/schema.org\",\"@graph\":[{\"@type\":\"WebPage\",\"@id\":\"https:\/\/graziamagazine.com\/es\/articles\/casa-camper-x-la-manso-la-colaboracion-por-el-20o-aniversario\/\",\"url\":\"https:\/\/graziamagazine.com\/es\/articles\/casa-camper-x-la-manso-la-colaboracion-por-el-20o-aniversario\/\",\"name\":\"Casa Camper x La Manso, la colaboraci\u00f3n por el 20\u00ba aniversario | Grazia\",\"isPartOf\":{\"@id\":\"https:\/\/graziamagazine.com\/es\/#website\"},\"datePublished\":\"2026-03-31T06:00:26+00:00\",\"dateModified\":\"2026-03-30T22:14:28+00:00\",\"description\":\"Casa\u00a0Camper\u00a0Hotels cumple 20 a\u00f1os y, para celebrarlo, Casa\u00a0Camper\u00a0se une a la marca barcelonesa de accesorios La Manso para crear una colaboraci\u00f3n\",\"breadcrumb\":{\"@id\":\"https:\/\/graziamagazine.com\/es\/articles\/casa-camper-x-la-manso-la-colaboracion-por-el-20o-aniversario\/#breadcrumb\"},\"inLanguage\":\"es\",\"potentialAction\":[{\"@type\":\"ReadAction\",\"target\":[\"https:\/\/graziamagazine.com\/es\/articles\/casa-camper-x-la-manso-la-colaboracion-por-el-20o-aniversario\/\"]}]},{\"@type\":\"BreadcrumbList\",\"@id\":\"https:\/\/graziamagazine.com\/es\/articles\/casa-camper-x-la-manso-la-colaboracion-por-el-20o-aniversario\/#breadcrumb\",\"itemListElement\":[{\"@type\":\"ListItem\",\"position\":1,\"name\":\"Portada\",\"item\":\"https:\/\/graziamagazine.com\/es\/\"},{\"@type\":\"ListItem\",\"position\":2,\"name\":\"Casa Camper x La Manso, la colaboraci\u00f3n por el 20\u00ba aniversario\"}]},{\"@type\":\"WebSite\",\"@id\":\"https:\/\/graziamagazine.com\/es\/#website\",\"url\":\"https:\/\/graziamagazine.com\/es\/\",\"name\":\"Grazia\",\"description\":\"Moda, belleza, celebrities, estilo de vida...\",\"potentialAction\":[{\"@type\":\"SearchAction\",\"target\":{\"@type\":\"EntryPoint\",\"urlTemplate\":\"https:\/\/graziamagazine.com\/es\/?s={search_term_string}\"},\"query-input\":\"required name=search_term_string\"}],\"inLanguage\":\"es\"}]}<\/script>\n<!-- \/ Yoast SEO Premium plugin. -->","yoast_head_json":{"title":"Casa Camper x La Manso, la colaboraci\u00f3n por el 20\u00ba aniversario | Grazia","description":"Casa\u00a0Camper\u00a0Hotels cumple 20 a\u00f1os y, para celebrarlo, Casa\u00a0Camper\u00a0se une a la marca barcelonesa de accesorios La Manso para crear una colaboraci\u00f3n","robots":{"index":"index","follow":"follow","max-snippet":"max-snippet:-1","max-image-preview":"max-image-preview:large","max-video-preview":"max-video-preview:-1"},"canonical":"https:\/\/graziamagazine.com\/es\/articles\/casa-camper-x-la-manso-la-colaboracion-por-el-20o-aniversario\/","og_locale":"es_ES","og_type":"article","og_title":"Casa Camper x La Manso, la colaboraci\u00f3n por el 20\u00ba aniversario","og_description":"Casa\u00a0Camper\u00a0Hotels cumple 20 a\u00f1os y, para celebrarlo, Casa\u00a0Camper\u00a0se une a la marca barcelonesa de accesorios La Manso para crear una colaboraci\u00f3n","og_url":"https:\/\/graziamagazine.com\/es\/articles\/casa-camper-x-la-manso-la-colaboracion-por-el-20o-aniversario\/","og_site_name":"Grazia","article_modified_time":"2026-03-30T22:14:28+00:00","og_image":[{"width":2560,"height":1955,"url":"https:\/\/graziamagazine.com\/es\/wp-content\/uploads\/sites\/12\/2026\/03\/K202004-001_T-copia-scaled.jpg","type":"image\/jpeg"}],"twitter_card":"summary_large_image","twitter_misc":{"Est. reading time":"2 minutos"},"schema":{"@context":"https:\/\/schema.org","@graph":[{"@type":"WebPage","@id":"https:\/\/graziamagazine.com\/es\/articles\/casa-camper-x-la-manso-la-colaboracion-por-el-20o-aniversario\/","url":"https:\/\/graziamagazine.com\/es\/articles\/casa-camper-x-la-manso-la-colaboracion-por-el-20o-aniversario\/","name":"Casa Camper x La Manso, la colaboraci\u00f3n por el 20\u00ba aniversario | Grazia","isPartOf":{"@id":"https:\/\/graziamagazine.com\/es\/#website"},"datePublished":"2026-03-31T06:00:26+00:00","dateModified":"2026-03-30T22:14:28+00:00","description":"Casa\u00a0Camper\u00a0Hotels cumple 20 a\u00f1os y, para celebrarlo, Casa\u00a0Camper\u00a0se une a la marca barcelonesa de accesorios La Manso para crear una colaboraci\u00f3n","breadcrumb":{"@id":"https:\/\/graziamagazine.com\/es\/articles\/casa-camper-x-la-manso-la-colaboracion-por-el-20o-aniversario\/#breadcrumb"},"inLanguage":"es","potentialAction":[{"@type":"ReadAction","target":["https:\/\/graziamagazine.com\/es\/articles\/casa-camper-x-la-manso-la-colaboracion-por-el-20o-aniversario\/"]}]},{"@type":"BreadcrumbList","@id":"https:\/\/graziamagazine.com\/es\/articles\/casa-camper-x-la-manso-la-colaboracion-por-el-20o-aniversario\/#breadcrumb","itemListElement":[{"@type":"ListItem","position":1,"name":"Portada","item":"https:\/\/graziamagazine.com\/es\/"},{"@type":"ListItem","position":2,"name":"Casa Camper x La Manso, la colaboraci\u00f3n por el 20\u00ba aniversario"}]},{"@type":"WebSite","@id":"https:\/\/graziamagazine.com\/es\/#website","url":"https:\/\/graziamagazine.com\/es\/","name":"Grazia","description":"Moda, belleza, celebrities, estilo de vida...","potentialAction":[{"@type":"SearchAction","target":{"@type":"EntryPoint","urlTemplate":"https:\/\/graziamagazine.com\/es\/?s={search_term_string}"},"query-input":"required name=search_term_string"}],"inLanguage":"es"}]}},"jetpack_sharing_enabled":true,"distributor_meta":false,"distributor_terms":false,"distributor_media":false,"distributor_original_site_name":"Grazia","distributor_original_site_url":"https:\/\/graziamagazine.com\/es","push-errors":false,"_links":{"self":[{"href":"https:\/\/graziamagazine.com\/es\/wp-json\/wp\/v2\/articles\/193504"}],"collection":[{"href":"https:\/\/graziamagazine.com\/es\/wp-json\/wp\/v2\/articles"}],"about":[{"href":"https:\/\/graziamagazine.com\/es\/wp-json\/wp\/v2\/types\/articles"}],"author":[{"embeddable":true,"href":"https:\/\/graziamagazine.com\/es\/wp-json\/wp\/v2\/users\/11653"}],"wp:featuredmedia":[{"embeddable":true,"href":"https:\/\/graziamagazine.com\/es\/wp-json\/wp\/v2\/media\/193505"}],"wp:attachment":[{"href":"https:\/\/graziamagazine.com\/es\/wp-json\/wp\/v2\/media?parent=193504"}],"wp:term":[{"taxonomy":"category","embeddable":true,"href":"https:\/\/graziamagazine.com\/es\/wp-json\/wp\/v2\/categories?post=193504"}],"curies":[{"name":"wp","href":"https:\/\/api.w.org\/{rel}","templated":true}]}}