{"id":193497,"date":"2026-03-30T17:06:19","date_gmt":"2026-03-30T15:06:19","guid":{"rendered":"https:\/\/graziamagazine.com\/es\/?post_type=articles&#038;p=193497"},"modified":"2026-03-30T17:06:19","modified_gmt":"2026-03-30T15:06:19","slug":"macondo-park-asi-sera-el-estadio-shakira-en-madrid","status":"publish","type":"articles","link":"https:\/\/graziamagazine.com\/es\/articles\/macondo-park-asi-sera-el-estadio-shakira-en-madrid\/","title":{"rendered":"Macondo Park, as\u00ed ser\u00e1 el &#8216;Estadio Shakira&#8217; en Madrid"},"content":{"rendered":"<p data-start=\"329\" data-end=\"528\">Hay momentos en los que la m\u00fasica deja de ser solo m\u00fasica y se convierte en algo m\u00e1s grande. Un fen\u00f3meno que atraviesa ciudades, redefine espacios y transforma la manera en la que vivimos el directo.<\/p>\n<p data-start=\"530\" data-end=\"805\">Eso es exactamente lo que est\u00e1 ocurriendo con <span class=\"hover:entity-accent entity-underline inline cursor-pointer align-baseline\"><span class=\"whitespace-normal\">Shakira<\/span><\/span> y su gira <em><span class=\"hover:entity-accent entity-underline inline cursor-pointer align-baseline\"><span class=\"whitespace-normal\">Las Mujeres Ya No Lloran World Tour<\/span><\/span><\/em>. Y Madrid \u2014epicentro de su residencia europea\u2014 se prepara para algo que ya no puede definirse simplemente como una serie de conciertos. Empez\u00f3 cant\u00e1ndole a Am\u00e9rica, donde ha recaudado m\u00e1s de 420 millones de d\u00f3lares y millones de entradas vendidas (solo 1.2 millones en M\u00e9xico, por ejemplo) y ha tra\u00eddo a las mayores estrellas del mundo a compartir escenario con ella.<\/p>\n<p data-start=\"807\" data-end=\"884\">Porque lo que est\u00e1 en marcha tiene nombre propio: el <strong>\u201cEstadio Shakira\u201d.<\/strong><\/p>\n<h3 data-section-id=\"zfsap9\" data-start=\"891\" data-end=\"934\">Una ciudad que se convierte en escenario<\/h3>\n<p data-start=\"978\" data-end=\"1269\">Todo empez\u00f3 con una expectaci\u00f3n que llevaba meses creciendo. El anuncio del regreso de Shakira a Europa desat\u00f3 una demanda inmediata, pero lo que ocurri\u00f3 despu\u00e9s super\u00f3 cualquier previsi\u00f3n: preventas colapsadas, entradas agotadas en minutos y millones de fans intentando conseguir su acceso.<\/p>\n<p data-start=\"1271\" data-end=\"1317\">La respuesta de la artista fue clara: ampliar. A las primeras fechas se sumaron nuevas noches hasta alcanzar <strong data-start=\"1381\" data-end=\"1411\">once conciertos en Madrid<\/strong>, configurando una residencia in\u00e9dita en nuestro pa\u00eds. Si consigue hacer un <i>SOLD OUT<\/i> en todos, la cantante vender\u00e1 cerca de 600.000 entradas.<\/p>\n<p data-start=\"1467\" data-end=\"1532\">Las fechas confirmadas dibujan un calendario que ya es hist\u00f3rico:<\/p>\n<ul data-start=\"1534\" data-end=\"1617\">\n<li data-section-id=\"1z0xba1\" data-start=\"1534\" data-end=\"1563\">18, 19 y 20 de septiembre<\/li>\n<li data-section-id=\"17s8c9o\" data-start=\"1564\" data-end=\"1593\">25, 26 y 27 de septiembre<\/li>\n<li data-section-id=\"5i3akx\" data-start=\"1594\" data-end=\"1617\">2, 3 y 4 de octubre<\/li>\n<li data-section-id=\"5i3akx\" data-start=\"1594\" data-end=\"1617\">10 y 11 de octubre (las nuevas fechas)<\/li>\n<\/ul>\n<blockquote>\n<p data-start=\"1619\" data-end=\"1689\"><span style=\"font-weight: 400\">El <\/span><b>Estadio<\/b> <b>Shakira<\/b><span style=\"font-weight: 400\">, construido espec\u00edficamente para la ocasi\u00f3n en Madrid, ser\u00e1 solo la punta del iceberg de un movimiento cultural, art\u00edstico y social, que viviremos en la capital espa\u00f1ola y que se convertir\u00e1 en un hito hist\u00f3rico.<\/span><\/p>\n<\/blockquote>\n<p data-start=\"1619\" data-end=\"1689\"><img loading=\"lazy\" decoding=\"async\" class=\"aligncenter size-full wp-image-193501\" src=\"https:\/\/graziamagazine.com\/es\/wp-content\/uploads\/sites\/12\/2026\/03\/View05_STAGEVIEW_creditBIG-copia.jpg\" alt=\"\" width=\"1600\" height=\"900\" srcset=\"https:\/\/graziamagazine.com\/es\/wp-content\/uploads\/sites\/12\/2026\/03\/View05_STAGEVIEW_creditBIG-copia.jpg 1600w, https:\/\/graziamagazine.com\/es\/wp-content\/uploads\/sites\/12\/2026\/03\/View05_STAGEVIEW_creditBIG-copia-300x169.jpg 300w, https:\/\/graziamagazine.com\/es\/wp-content\/uploads\/sites\/12\/2026\/03\/View05_STAGEVIEW_creditBIG-copia-1024x576.jpg 1024w, https:\/\/graziamagazine.com\/es\/wp-content\/uploads\/sites\/12\/2026\/03\/View05_STAGEVIEW_creditBIG-copia-768x432.jpg 768w, https:\/\/graziamagazine.com\/es\/wp-content\/uploads\/sites\/12\/2026\/03\/View05_STAGEVIEW_creditBIG-copia-1536x864.jpg 1536w, https:\/\/graziamagazine.com\/es\/wp-content\/uploads\/sites\/12\/2026\/03\/View05_STAGEVIEW_creditBIG-copia-400x225.jpg 400w, https:\/\/graziamagazine.com\/es\/wp-content\/uploads\/sites\/12\/2026\/03\/View05_STAGEVIEW_creditBIG-copia-155x87.jpg 155w\" sizes=\"(max-width: 1600px) 100vw, 1600px\" \/><\/p>\n<h3 data-section-id=\"17sorit\" data-start=\"1696\" data-end=\"1756\">El \u201cEstadio Shakira\u201d: m\u00e1s que un recinto, una experiencia<\/h3>\n<p data-start=\"1800\" data-end=\"1890\">El concepto del <strong data-start=\"1816\" data-end=\"1837\">\u201cEstadio Shakira\u201d<\/strong> no responde a la l\u00f3gica tradicional de un concierto. Se trata de una infraestructura concebida espec\u00edficamente para esta residencia, dise\u00f1ada como un espacio inmersivo donde m\u00fasica, tecnolog\u00eda y narrativa se entrelazan. No es solo un escenario: es un entorno completo que amplifica la experiencia del directo.<\/p>\n<p data-start=\"2150\" data-end=\"2408\">En torno a este universo se desplegar\u00e1n distintos espacios como <strong data-start=\"2214\" data-end=\"2230\">Macondo Park<\/strong> o <strong data-start=\"2233\" data-end=\"2246\">Macondito<\/strong>, extensiones creativas que conectan con el imaginario de la artista y convierten el evento en algo m\u00e1s cercano a un festival cultural que a un show convencional.<\/p>\n<p data-start=\"2410\" data-end=\"2555\">Todo forma parte de una plataforma mayor \u2014<strong data-start=\"2452\" data-end=\"2465\">ES LATINA<\/strong>\u2014 que busca celebrar la identidad, el arte y la cultura latina como motor creativo global.<\/p>\n<blockquote>\n<p data-start=\"2410\" data-end=\"2555\">El Macondo Park, Macondito y todas las sorpresas que deparar\u00e1 la instalaci\u00f3n formar\u00e1n parte de una plataforma cultural -ES LATINA- para celebrar e integrar el arte en la vida cotidiana.<\/p>\n<\/blockquote>\n<p data-start=\"2410\" data-end=\"2555\"><img loading=\"lazy\" decoding=\"async\" class=\"aligncenter size-full wp-image-193498\" src=\"https:\/\/graziamagazine.com\/es\/wp-content\/uploads\/sites\/12\/2026\/03\/View02_VillageExperience_creditBIG-copia.jpg\" alt=\"\" width=\"1600\" height=\"892\" srcset=\"https:\/\/graziamagazine.com\/es\/wp-content\/uploads\/sites\/12\/2026\/03\/View02_VillageExperience_creditBIG-copia.jpg 1600w, https:\/\/graziamagazine.com\/es\/wp-content\/uploads\/sites\/12\/2026\/03\/View02_VillageExperience_creditBIG-copia-300x167.jpg 300w, https:\/\/graziamagazine.com\/es\/wp-content\/uploads\/sites\/12\/2026\/03\/View02_VillageExperience_creditBIG-copia-1024x571.jpg 1024w, https:\/\/graziamagazine.com\/es\/wp-content\/uploads\/sites\/12\/2026\/03\/View02_VillageExperience_creditBIG-copia-768x428.jpg 768w, https:\/\/graziamagazine.com\/es\/wp-content\/uploads\/sites\/12\/2026\/03\/View02_VillageExperience_creditBIG-copia-1536x856.jpg 1536w, https:\/\/graziamagazine.com\/es\/wp-content\/uploads\/sites\/12\/2026\/03\/View02_VillageExperience_creditBIG-copia-400x223.jpg 400w, https:\/\/graziamagazine.com\/es\/wp-content\/uploads\/sites\/12\/2026\/03\/View02_VillageExperience_creditBIG-copia-155x86.jpg 155w\" sizes=\"(max-width: 1600px) 100vw, 1600px\" \/><\/p>\n<h3 data-section-id=\"kmkiy6\" data-start=\"2562\" data-end=\"2612\">La residencia que redefine el directo en Europa<\/h3>\n<p data-start=\"2614\" data-end=\"2697\">La idea de residencia musical no es nueva, pero s\u00ed lo es en este formato en Europa.<\/p>\n<p data-start=\"2699\" data-end=\"2934\">Inspirada en modelos como Las Vegas, esta propuesta traslada el concepto a Madrid con una escala in\u00e9dita: varias semanas en un mismo espacio, una narrativa continua y una experiencia dise\u00f1ada para ser vivida m\u00e1s all\u00e1 de una sola noche. El impacto va mucho m\u00e1s all\u00e1 de la m\u00fasica:<\/p>\n<ul data-start=\"2980\" data-end=\"3134\">\n<li data-section-id=\"czol7w\" data-start=\"2980\" data-end=\"3016\">Turismo internacional en aumento.<\/li>\n<li data-section-id=\"ulgn28\" data-start=\"3017\" data-end=\"3047\">Ocupaci\u00f3n hotelera al alza.<\/li>\n<li data-section-id=\"10ilc4c\" data-start=\"3048\" data-end=\"3082\">Restauraci\u00f3n y ocio impulsados.<\/li>\n<li data-section-id=\"vlyfot\" data-start=\"3083\" data-end=\"3134\">Posicionamiento de Madrid como capital cultural.<\/li>\n<\/ul>\n<p><img loading=\"lazy\" decoding=\"async\" class=\"aligncenter size-full wp-image-193502\" src=\"https:\/\/graziamagazine.com\/es\/wp-content\/uploads\/sites\/12\/2026\/03\/02_Approach-copia.jpg\" alt=\"\" width=\"1600\" height=\"900\" srcset=\"https:\/\/graziamagazine.com\/es\/wp-content\/uploads\/sites\/12\/2026\/03\/02_Approach-copia.jpg 1600w, https:\/\/graziamagazine.com\/es\/wp-content\/uploads\/sites\/12\/2026\/03\/02_Approach-copia-300x169.jpg 300w, https:\/\/graziamagazine.com\/es\/wp-content\/uploads\/sites\/12\/2026\/03\/02_Approach-copia-1024x576.jpg 1024w, https:\/\/graziamagazine.com\/es\/wp-content\/uploads\/sites\/12\/2026\/03\/02_Approach-copia-768x432.jpg 768w, https:\/\/graziamagazine.com\/es\/wp-content\/uploads\/sites\/12\/2026\/03\/02_Approach-copia-1536x864.jpg 1536w, https:\/\/graziamagazine.com\/es\/wp-content\/uploads\/sites\/12\/2026\/03\/02_Approach-copia-400x225.jpg 400w, https:\/\/graziamagazine.com\/es\/wp-content\/uploads\/sites\/12\/2026\/03\/02_Approach-copia-155x87.jpg 155w\" sizes=\"(max-width: 1600px) 100vw, 1600px\" \/><\/p>\n<p>Si algo explica la magnitud de este proyecto es la relaci\u00f3n de Shakira con su audiencia. Tras a\u00f1os alejada de los escenarios europeos, su regreso ha generado una respuesta emocional dif\u00edcil de replicar. No es solo expectaci\u00f3n, es una necesidad colectiva de vivir ese momento. La artista ha respondido ampliando fechas para evitar que sus seguidores se queden fuera y, al mismo tiempo, para frenar la especulaci\u00f3n en la reventa.<\/p>\n<p data-start=\"3716\" data-end=\"3839\">Una decisi\u00f3n que refuerza su posici\u00f3n no solo como icono global, sino como figura profundamente conectada con su comunidad.<\/p>\n<p data-start=\"3716\" data-end=\"3839\"><img loading=\"lazy\" decoding=\"async\" class=\"aligncenter size-full wp-image-193499\" src=\"https:\/\/graziamagazine.com\/es\/wp-content\/uploads\/sites\/12\/2026\/03\/View04_PLAYGROUND_creditBIG-copia.jpg\" alt=\"\" width=\"1376\" height=\"768\" srcset=\"https:\/\/graziamagazine.com\/es\/wp-content\/uploads\/sites\/12\/2026\/03\/View04_PLAYGROUND_creditBIG-copia.jpg 1376w, https:\/\/graziamagazine.com\/es\/wp-content\/uploads\/sites\/12\/2026\/03\/View04_PLAYGROUND_creditBIG-copia-300x167.jpg 300w, https:\/\/graziamagazine.com\/es\/wp-content\/uploads\/sites\/12\/2026\/03\/View04_PLAYGROUND_creditBIG-copia-1024x572.jpg 1024w, https:\/\/graziamagazine.com\/es\/wp-content\/uploads\/sites\/12\/2026\/03\/View04_PLAYGROUND_creditBIG-copia-768x429.jpg 768w, https:\/\/graziamagazine.com\/es\/wp-content\/uploads\/sites\/12\/2026\/03\/View04_PLAYGROUND_creditBIG-copia-400x223.jpg 400w, https:\/\/graziamagazine.com\/es\/wp-content\/uploads\/sites\/12\/2026\/03\/View04_PLAYGROUND_creditBIG-copia-155x87.jpg 155w\" sizes=\"(max-width: 1376px) 100vw, 1376px\" \/><\/p>\n<h3 data-section-id=\"hrylq0\" data-start=\"4380\" data-end=\"4401\">El momento Shakira<\/h3>\n<div class=\"no-scrollbar flex min-h-36 flex-nowrap gap-0.5 overflow-auto sm:gap-1 sm:overflow-hidden xl:min-h-44 mt-1 mb-5 [&amp;:not(:first-child)]:mt-4\">\n<div class=\"border-token-border-default relative w-32 shrink-0 overflow-hidden rounded-xl border-[0.5px] md:shrink max-h-64 sm:w-[calc((100%-0.5rem)\/3)] rounded-s-xl\">\n<p class=\"group\/search-image @container\/search-image relative rounded-[inherit] h-full w-full\">Despu\u00e9s de una gira que ya ha arrasado en Am\u00e9rica \u2014con cifras millonarias y estadios llenos\u2014 Europa se prepara para vivir su propio cap\u00edtulo. Y Madrid ser\u00e1 el centro. M\u00e1s que un regreso, lo que estamos viendo es una reafirmaci\u00f3n: una artista que convierte su historia en espect\u00e1culo, su m\u00fasica en narrativa y sus conciertos en experiencias que trascienden el escenario.<\/p>\n<p><img loading=\"lazy\" decoding=\"async\" class=\"aligncenter size-full wp-image-193503\" src=\"https:\/\/graziamagazine.com\/es\/wp-content\/uploads\/sites\/12\/2026\/03\/shakira-mujeres-lloran-world-tour_97-copia.jpg\" alt=\"\" width=\"1600\" height=\"900\" srcset=\"https:\/\/graziamagazine.com\/es\/wp-content\/uploads\/sites\/12\/2026\/03\/shakira-mujeres-lloran-world-tour_97-copia.jpg 1600w, https:\/\/graziamagazine.com\/es\/wp-content\/uploads\/sites\/12\/2026\/03\/shakira-mujeres-lloran-world-tour_97-copia-300x169.jpg 300w, https:\/\/graziamagazine.com\/es\/wp-content\/uploads\/sites\/12\/2026\/03\/shakira-mujeres-lloran-world-tour_97-copia-1024x576.jpg 1024w, https:\/\/graziamagazine.com\/es\/wp-content\/uploads\/sites\/12\/2026\/03\/shakira-mujeres-lloran-world-tour_97-copia-768x432.jpg 768w, https:\/\/graziamagazine.com\/es\/wp-content\/uploads\/sites\/12\/2026\/03\/shakira-mujeres-lloran-world-tour_97-copia-1536x864.jpg 1536w, https:\/\/graziamagazine.com\/es\/wp-content\/uploads\/sites\/12\/2026\/03\/shakira-mujeres-lloran-world-tour_97-copia-400x225.jpg 400w, https:\/\/graziamagazine.com\/es\/wp-content\/uploads\/sites\/12\/2026\/03\/shakira-mujeres-lloran-world-tour_97-copia-155x87.jpg 155w\" sizes=\"(max-width: 1600px) 100vw, 1600px\" \/><\/p>\n<div class=\"group\/search-image @container\/search-image relative rounded-[inherit] h-full w-full\">El \u201cEstadio Shakira\u201d no es solo una infraestructura temporal, es un s\u00edmbolo de hacia d\u00f3nde se dirige la m\u00fasica en directo: m\u00e1s inmersiva, m\u00e1s emocional y m\u00e1s conectada con la cultura. Y, sobre todo, m\u00e1s capaz de transformar una ciudad entera en un escenario. Porque cuando Shakira act\u00faa, el espect\u00e1culo no ocurre solo sobre el escenario, ocurre alrededor.<\/div>\n<\/div>\n<\/div>\n<p data-start=\"5031\" data-end=\"5105\"><em>*Im\u00e1genes: Getty Images y cortes\u00eda<\/em><\/p>\n<p>&nbsp;<\/p>\n","protected":false},"author":11653,"featured_media":193500,"template":"","format":"standard","categories":[2971],"acf":{"banner":""},"yoast_head":"<!-- This site is optimized with the Yoast SEO Premium plugin v18.5 (Yoast SEO v20.4) - https:\/\/yoast.com\/wordpress\/plugins\/seo\/ -->\n<title>Macondo Park, as\u00ed ser\u00e1 el &#039;Estadio Shakira&#039; en Madrid | Grazia<\/title>\n<meta name=\"description\" content=\"Shakira levantar\u00e1 en Madrid un estadio con capacidad para m\u00e1s de 50.000 acompa\u00f1ado de un parque cultural\" \/>\n<meta name=\"robots\" content=\"index, follow, max-snippet:-1, max-image-preview:large, max-video-preview:-1\" \/>\n<link rel=\"canonical\" href=\"https:\/\/graziamagazine.com\/es\/articles\/macondo-park-asi-sera-el-estadio-shakira-en-madrid\/\" \/>\n<meta property=\"og:locale\" content=\"es_ES\" \/>\n<meta property=\"og:type\" content=\"article\" \/>\n<meta property=\"og:title\" content=\"Macondo Park, as\u00ed ser\u00e1 el &#039;Estadio Shakira&#039; en Madrid\" \/>\n<meta property=\"og:description\" content=\"Shakira levantar\u00e1 en Madrid un estadio con capacidad para m\u00e1s de 50.000 acompa\u00f1ado de un parque cultural\" \/>\n<meta property=\"og:url\" content=\"https:\/\/graziamagazine.com\/es\/articles\/macondo-park-asi-sera-el-estadio-shakira-en-madrid\/\" \/>\n<meta property=\"og:site_name\" content=\"Grazia\" \/>\n<meta property=\"og:image\" content=\"https:\/\/graziamagazine.com\/es\/wp-content\/uploads\/sites\/12\/2026\/03\/260319_View01_Overall_EstadioShakira_creditBIG-copia.jpg\" \/>\n\t<meta property=\"og:image:width\" content=\"1600\" \/>\n\t<meta property=\"og:image:height\" content=\"900\" \/>\n\t<meta property=\"og:image:type\" content=\"image\/jpeg\" \/>\n<meta name=\"twitter:card\" content=\"summary_large_image\" \/>\n<meta name=\"twitter:label1\" content=\"Est. reading time\" \/>\n\t<meta name=\"twitter:data1\" content=\"5 minutos\" \/>\n<script type=\"application\/ld+json\" class=\"yoast-schema-graph\">{\"@context\":\"https:\/\/schema.org\",\"@graph\":[{\"@type\":\"WebPage\",\"@id\":\"https:\/\/graziamagazine.com\/es\/articles\/macondo-park-asi-sera-el-estadio-shakira-en-madrid\/\",\"url\":\"https:\/\/graziamagazine.com\/es\/articles\/macondo-park-asi-sera-el-estadio-shakira-en-madrid\/\",\"name\":\"Macondo Park, as\u00ed ser\u00e1 el 'Estadio Shakira' en Madrid | Grazia\",\"isPartOf\":{\"@id\":\"https:\/\/graziamagazine.com\/es\/#website\"},\"datePublished\":\"2026-03-30T15:06:19+00:00\",\"dateModified\":\"2026-03-30T15:06:19+00:00\",\"description\":\"Shakira levantar\u00e1 en Madrid un estadio con capacidad para m\u00e1s de 50.000 acompa\u00f1ado de un parque cultural\",\"breadcrumb\":{\"@id\":\"https:\/\/graziamagazine.com\/es\/articles\/macondo-park-asi-sera-el-estadio-shakira-en-madrid\/#breadcrumb\"},\"inLanguage\":\"es\",\"potentialAction\":[{\"@type\":\"ReadAction\",\"target\":[\"https:\/\/graziamagazine.com\/es\/articles\/macondo-park-asi-sera-el-estadio-shakira-en-madrid\/\"]}]},{\"@type\":\"BreadcrumbList\",\"@id\":\"https:\/\/graziamagazine.com\/es\/articles\/macondo-park-asi-sera-el-estadio-shakira-en-madrid\/#breadcrumb\",\"itemListElement\":[{\"@type\":\"ListItem\",\"position\":1,\"name\":\"Portada\",\"item\":\"https:\/\/graziamagazine.com\/es\/\"},{\"@type\":\"ListItem\",\"position\":2,\"name\":\"Macondo Park, as\u00ed ser\u00e1 el &#8216;Estadio Shakira&#8217; en Madrid\"}]},{\"@type\":\"WebSite\",\"@id\":\"https:\/\/graziamagazine.com\/es\/#website\",\"url\":\"https:\/\/graziamagazine.com\/es\/\",\"name\":\"Grazia\",\"description\":\"Moda, belleza, celebrities, estilo de vida...\",\"potentialAction\":[{\"@type\":\"SearchAction\",\"target\":{\"@type\":\"EntryPoint\",\"urlTemplate\":\"https:\/\/graziamagazine.com\/es\/?s={search_term_string}\"},\"query-input\":\"required name=search_term_string\"}],\"inLanguage\":\"es\"}]}<\/script>\n<!-- \/ Yoast SEO Premium plugin. -->","yoast_head_json":{"title":"Macondo Park, as\u00ed ser\u00e1 el 'Estadio Shakira' en Madrid | Grazia","description":"Shakira levantar\u00e1 en Madrid un estadio con capacidad para m\u00e1s de 50.000 acompa\u00f1ado de un parque cultural","robots":{"index":"index","follow":"follow","max-snippet":"max-snippet:-1","max-image-preview":"max-image-preview:large","max-video-preview":"max-video-preview:-1"},"canonical":"https:\/\/graziamagazine.com\/es\/articles\/macondo-park-asi-sera-el-estadio-shakira-en-madrid\/","og_locale":"es_ES","og_type":"article","og_title":"Macondo Park, as\u00ed ser\u00e1 el 'Estadio Shakira' en Madrid","og_description":"Shakira levantar\u00e1 en Madrid un estadio con capacidad para m\u00e1s de 50.000 acompa\u00f1ado de un parque cultural","og_url":"https:\/\/graziamagazine.com\/es\/articles\/macondo-park-asi-sera-el-estadio-shakira-en-madrid\/","og_site_name":"Grazia","og_image":[{"width":1600,"height":900,"url":"https:\/\/graziamagazine.com\/es\/wp-content\/uploads\/sites\/12\/2026\/03\/260319_View01_Overall_EstadioShakira_creditBIG-copia.jpg","type":"image\/jpeg"}],"twitter_card":"summary_large_image","twitter_misc":{"Est. reading time":"5 minutos"},"schema":{"@context":"https:\/\/schema.org","@graph":[{"@type":"WebPage","@id":"https:\/\/graziamagazine.com\/es\/articles\/macondo-park-asi-sera-el-estadio-shakira-en-madrid\/","url":"https:\/\/graziamagazine.com\/es\/articles\/macondo-park-asi-sera-el-estadio-shakira-en-madrid\/","name":"Macondo Park, as\u00ed ser\u00e1 el 'Estadio Shakira' en Madrid | Grazia","isPartOf":{"@id":"https:\/\/graziamagazine.com\/es\/#website"},"datePublished":"2026-03-30T15:06:19+00:00","dateModified":"2026-03-30T15:06:19+00:00","description":"Shakira levantar\u00e1 en Madrid un estadio con capacidad para m\u00e1s de 50.000 acompa\u00f1ado de un parque cultural","breadcrumb":{"@id":"https:\/\/graziamagazine.com\/es\/articles\/macondo-park-asi-sera-el-estadio-shakira-en-madrid\/#breadcrumb"},"inLanguage":"es","potentialAction":[{"@type":"ReadAction","target":["https:\/\/graziamagazine.com\/es\/articles\/macondo-park-asi-sera-el-estadio-shakira-en-madrid\/"]}]},{"@type":"BreadcrumbList","@id":"https:\/\/graziamagazine.com\/es\/articles\/macondo-park-asi-sera-el-estadio-shakira-en-madrid\/#breadcrumb","itemListElement":[{"@type":"ListItem","position":1,"name":"Portada","item":"https:\/\/graziamagazine.com\/es\/"},{"@type":"ListItem","position":2,"name":"Macondo Park, as\u00ed ser\u00e1 el &#8216;Estadio Shakira&#8217; en Madrid"}]},{"@type":"WebSite","@id":"https:\/\/graziamagazine.com\/es\/#website","url":"https:\/\/graziamagazine.com\/es\/","name":"Grazia","description":"Moda, belleza, celebrities, estilo de vida...","potentialAction":[{"@type":"SearchAction","target":{"@type":"EntryPoint","urlTemplate":"https:\/\/graziamagazine.com\/es\/?s={search_term_string}"},"query-input":"required name=search_term_string"}],"inLanguage":"es"}]}},"jetpack_sharing_enabled":true,"distributor_meta":false,"distributor_terms":false,"distributor_media":false,"distributor_original_site_name":"Grazia","distributor_original_site_url":"https:\/\/graziamagazine.com\/es","push-errors":false,"_links":{"self":[{"href":"https:\/\/graziamagazine.com\/es\/wp-json\/wp\/v2\/articles\/193497"}],"collection":[{"href":"https:\/\/graziamagazine.com\/es\/wp-json\/wp\/v2\/articles"}],"about":[{"href":"https:\/\/graziamagazine.com\/es\/wp-json\/wp\/v2\/types\/articles"}],"author":[{"embeddable":true,"href":"https:\/\/graziamagazine.com\/es\/wp-json\/wp\/v2\/users\/11653"}],"wp:featuredmedia":[{"embeddable":true,"href":"https:\/\/graziamagazine.com\/es\/wp-json\/wp\/v2\/media\/193500"}],"wp:attachment":[{"href":"https:\/\/graziamagazine.com\/es\/wp-json\/wp\/v2\/media?parent=193497"}],"wp:term":[{"taxonomy":"category","embeddable":true,"href":"https:\/\/graziamagazine.com\/es\/wp-json\/wp\/v2\/categories?post=193497"}],"curies":[{"name":"wp","href":"https:\/\/api.w.org\/{rel}","templated":true}]}}