{"id":193083,"date":"2026-03-17T08:00:41","date_gmt":"2026-03-17T07:00:41","guid":{"rendered":"https:\/\/graziamagazine.com\/es\/?post_type=articles&#038;p=193083"},"modified":"2026-03-16T23:33:11","modified_gmt":"2026-03-16T22:33:11","slug":"las-tendencias-de-cejas-para-esta-primavera","status":"publish","type":"articles","link":"https:\/\/graziamagazine.com\/es\/articles\/las-tendencias-de-cejas-para-esta-primavera\/","title":{"rendered":"Las tendencias de cejas para esta primavera"},"content":{"rendered":"<p data-path-to-node=\"5\">No es necesario ser una experta en cosmetolog\u00eda para notar que la frase que afirma que las cejas pueden cambiar por completo nuestra expresi\u00f3n es totalmente cierta. Al igual que los cortes de cabello o los tonos de esmalte, su lugar dentro de las tendencias de cada ciclo es innegable.<\/p>\n<p data-path-to-node=\"5\">Para este periodo de Primavera-Verano 2026, la mirada se convierte en el lienzo principal de la industria. Desde las pasarelas de Mil\u00e1n hasta el street style m\u00e1s audaz, las cejas en tendencia dictan una nueva regla: la experimentaci\u00f3n sin l\u00edmites. En esta entrega, exploramos las siluetas y t\u00e9cnicas que dominar\u00e1n el panorama est\u00e9tico, invit\u00e1ndote a redescubrir el poder de tu arco facial.<\/p>\n<h3 data-path-to-node=\"6\">El regreso de las cejas al natural<\/h3>\n<div class=\"content-gallery\">\n<div class=\"gallery-placeholder\">\n<div class=\"spinner\"><\/div>\n<\/div>\n<p>&nbsp;<\/p>\n<div id=\"gallery-1\" class=\"gallery galleryid- gallery-columns- gallery-size-\">\n<figure class=\"gallery-item\">\n<div class=\"gallery-icon landscape\"><img loading=\"lazy\" decoding=\"async\" class=\"lazy\" src=\"https:\/\/graziamagazine.com\/mx\/wp-content\/uploads\/sites\/13\/2026\/03\/9d17278ca237ec26a28f1eaee28ad5ee.jpg\" alt=\"\" width=\"640\" height=\"796\" \/><\/div>\n<\/figure>\n<figure class=\"gallery-item\">\n<div class=\"gallery-icon landscape\"><img loading=\"lazy\" decoding=\"async\" class=\"lazy\" src=\"https:\/\/graziamagazine.com\/mx\/wp-content\/uploads\/sites\/13\/2026\/03\/65dd971490666968e1f1f88543518cb8.jpg\" alt=\"\" width=\"736\" height=\"1030\" \/><\/div>\n<\/figure>\n<\/div>\n<\/div>\n<p data-path-to-node=\"7\">Firmas como Off-White y N\u00b021 proponen llevar las cejas en su forma y color original. Tras a\u00f1os de delineados intensos, esta temporada sugiere saltarse el paso del maquillaje en esta zona. El resultado es un look que suaviza los rasgos y cede todo el protagonismo al resto del beauty look, facilitando una rutina de belleza mucho m\u00e1s vers\u00e1til y org\u00e1nica.<\/p>\n<h3 data-path-to-node=\"8\">El impacto editorial de las bleached brows<\/h3>\n<div class=\"content-gallery\">\n<div class=\"gallery-placeholder\">\n<div class=\"spinner\"><\/div>\n<\/div>\n<p>&nbsp;<\/p>\n<div id=\"gallery-2\" class=\"gallery galleryid- gallery-columns- gallery-size-\">\n<figure class=\"gallery-item\">\n<div class=\"gallery-icon landscape\"><img loading=\"lazy\" decoding=\"async\" class=\"lazy\" src=\"https:\/\/graziamagazine.com\/mx\/wp-content\/uploads\/sites\/13\/2026\/03\/Captura-de-Pantalla-2026-03-11-a-las-13.24.43.png\" alt=\"\" width=\"960\" height=\"1438\" \/><\/div>\n<\/figure>\n<figure class=\"gallery-item\">\n<div class=\"gallery-icon landscape\"><img loading=\"lazy\" decoding=\"async\" class=\"lazy\" src=\"https:\/\/graziamagazine.com\/mx\/wp-content\/uploads\/sites\/13\/2026\/03\/e7f70d47dab2c929c6c6a59b996cfc5d.jpg\" alt=\"\" width=\"500\" height=\"750\" \/><\/div>\n<\/figure>\n<\/div>\n<\/div>\n<p data-path-to-node=\"9\">Las cejas decoloradas siguen siendo una de las apuestas m\u00e1s fuertes seg\u00fan marcas como Fendi y Dolce &amp; Gabbana. Esta t\u00e9cnica aporta una luminosidad inmediata al rostro y alarga visualmente la frente. Celebridades internacionales han validado este estilo que otorga un aire de model off-duty, ideal para quienes buscan una transformaci\u00f3n radical y sofisticada que destaque en cualquier evento.<\/p>\n<h3 data-path-to-node=\"10\">La audacia de las cejas casi invisibles<\/h3>\n<div class=\"content-gallery\">\n<div class=\"gallery-placeholder\">\n<div class=\"spinner\"><\/div>\n<\/div>\n<p>&nbsp;<\/p>\n<div id=\"gallery-3\" class=\"gallery galleryid- gallery-columns- gallery-size-\">\n<figure class=\"gallery-item\">\n<div class=\"gallery-icon landscape\"><img loading=\"lazy\" decoding=\"async\" class=\"lazy\" src=\"https:\/\/graziamagazine.com\/mx\/wp-content\/uploads\/sites\/13\/2026\/03\/Captura-de-Pantalla-2026-03-11-a-las-13.24.38.png\" alt=\"\" width=\"958\" height=\"1430\" \/><\/div>\n<\/figure>\n<figure class=\"gallery-item\">\n<div class=\"gallery-icon landscape\"><img loading=\"lazy\" decoding=\"async\" class=\"lazy\" src=\"https:\/\/graziamagazine.com\/mx\/wp-content\/uploads\/sites\/13\/2026\/03\/Captura-de-Pantalla-2026-03-11-a-las-13.24.34.png\" alt=\"\" width=\"942\" height=\"1430\" \/><\/div>\n<\/figure>\n<\/div>\n<\/div>\n<p data-path-to-node=\"11\">Dries Van Noten lleva la decoloraci\u00f3n al extremo con versiones casi imperceptibles. Esta tendencia es perfecta para lograr un aura de misterio sin necesidad de tintes permanentes, ya que puede recrearse utilizando gel y polvo sellador. Es la opci\u00f3n predilecta para momentos donde se busca un impacto visual de alta moda, eliminando la estructura tradicional del arco para abrir la mirada.<\/p>\n<h3 data-path-to-node=\"12\">Cejas pobladas y de efecto esponjoso<\/h3>\n<div class=\"content-gallery\">\n<div class=\"gallery-placeholder\">\n<div class=\"spinner\"><\/div>\n<\/div>\n<p>&nbsp;<\/p>\n<div id=\"gallery-4\" class=\"gallery galleryid- gallery-columns- gallery-size-\">\n<figure class=\"gallery-item\">\n<div class=\"gallery-icon landscape\"><img loading=\"lazy\" decoding=\"async\" class=\"lazy\" src=\"https:\/\/graziamagazine.com\/mx\/wp-content\/uploads\/sites\/13\/2026\/03\/f2c60c778f44b2431455075162330f3e.jpg\" alt=\"\" width=\"750\" height=\"1123\" \/><\/div>\n<\/figure>\n<figure class=\"gallery-item\">\n<div class=\"gallery-icon landscape\"><img loading=\"lazy\" decoding=\"async\" class=\"lazy\" src=\"https:\/\/graziamagazine.com\/mx\/wp-content\/uploads\/sites\/13\/2026\/03\/dbb2ee63dc3b4992f529f156cda001c2.jpg\" alt=\"\" width=\"497\" height=\"745\" \/><\/div>\n<\/figure>\n<\/div>\n<\/div>\n<p data-path-to-node=\"13\">Para quienes prefieren el volumen, Sergio Hudson apuesta por un acabado desenfadado y tupido. No se requiere de pinzas, sino de geles transparentes que ayuden a desordenar el vello estrat\u00e9gicamente. Este estilo favorece a todos los tipos de rostro, aportando una frescura inmediata que equilibra las facciones con un aire juvenil y rebelde que es sumamente favorecedor.<\/p>\n<h3 data-path-to-node=\"14\">Intensidad el\u00e9ctrica y siluetas estructurales<\/h3>\n<div class=\"content-gallery\">\n<div class=\"gallery-placeholder\">\n<div class=\"spinner\"><\/div>\n<\/div>\n<p>&nbsp;<\/p>\n<div id=\"gallery-5\" class=\"gallery galleryid- gallery-columns- gallery-size-\">\n<figure class=\"gallery-item\">\n<div class=\"gallery-icon landscape\"><img loading=\"lazy\" decoding=\"async\" class=\"lazy\" src=\"https:\/\/graziamagazine.com\/mx\/wp-content\/uploads\/sites\/13\/2026\/03\/1209b0d3af19fe3ca83b0967ae943686.jpg\" alt=\"\" width=\"960\" height=\"1440\" \/><\/div>\n<\/figure>\n<figure class=\"gallery-item\">\n<div class=\"gallery-icon landscape\"><img loading=\"lazy\" decoding=\"async\" class=\"lazy\" src=\"https:\/\/graziamagazine.com\/mx\/wp-content\/uploads\/sites\/13\/2026\/03\/43125d3a579a40ed7a17d49610f0c2ea.jpg\" alt=\"\" width=\"1200\" height=\"1500\" \/><\/div>\n<\/figure>\n<\/div>\n<\/div>\n<p data-path-to-node=\"15\">Finalmente, la temporada cierra con propuestas arriesgadas como las cejas te\u00f1idas en fucsia o la adopci\u00f3n de formas rectas inspiradas en Giambattista Valli. Estas opciones demuestran que el maquillaje es, ante todo, una forma de expresi\u00f3n art\u00edstica. Ya sea mediante colores vibrantes o eliminando el arco natural para crear l\u00edneas horizontales, las cejas de 2026 invitan a romper moldes y celebrar la diversidad est\u00e9tica con absoluta confianza.<\/p>\n<p data-path-to-node=\"15\"><em>*Im\u00e1genes: Getty Images<\/em><\/p>\n","protected":false},"author":16349,"featured_media":193127,"template":"","format":"standard","categories":[7],"acf":[],"yoast_head":"<!-- This site is optimized with the Yoast SEO Premium plugin v18.5 (Yoast SEO v20.4) - https:\/\/yoast.com\/wordpress\/plugins\/seo\/ -->\n<title>Las tendencias de cejas para esta primavera<\/title>\n<meta name=\"description\" content=\"Toma nota porque estos siete estilos se convertir\u00e1n en la clave para transformar tu mirada esta temporada estival.\" \/>\n<meta name=\"robots\" content=\"index, follow, max-snippet:-1, max-image-preview:large, max-video-preview:-1\" \/>\n<link rel=\"canonical\" href=\"https:\/\/graziamagazine.com\/es\/articles\/las-tendencias-de-cejas-para-esta-primavera\/\" \/>\n<meta property=\"og:locale\" content=\"es_ES\" \/>\n<meta property=\"og:type\" content=\"article\" \/>\n<meta property=\"og:title\" content=\"Las tendencias de cejas para esta primavera\" \/>\n<meta property=\"og:description\" content=\"Toma nota porque estos siete estilos se convertir\u00e1n en la clave para transformar tu mirada esta temporada estival.\" \/>\n<meta property=\"og:url\" content=\"https:\/\/graziamagazine.com\/es\/articles\/las-tendencias-de-cejas-para-esta-primavera\/\" \/>\n<meta property=\"og:site_name\" content=\"Grazia\" \/>\n<meta property=\"article:modified_time\" content=\"2026-03-16T22:33:11+00:00\" \/>\n<meta property=\"og:image\" content=\"https:\/\/graziamagazine.com\/es\/wp-content\/uploads\/sites\/12\/2026\/03\/610d8ad99104-gettyimages-2263747354-copia-e1773700344701.jpg\" \/>\n\t<meta property=\"og:image:width\" content=\"674\" \/>\n\t<meta property=\"og:image:height\" content=\"612\" \/>\n\t<meta property=\"og:image:type\" content=\"image\/jpeg\" \/>\n<meta name=\"twitter:card\" content=\"summary_large_image\" \/>\n<meta name=\"twitter:label1\" content=\"Est. reading time\" \/>\n\t<meta name=\"twitter:data1\" content=\"5 minutos\" \/>\n<script type=\"application\/ld+json\" class=\"yoast-schema-graph\">{\"@context\":\"https:\/\/schema.org\",\"@graph\":[{\"@type\":\"WebPage\",\"@id\":\"https:\/\/graziamagazine.com\/es\/articles\/las-tendencias-de-cejas-para-esta-primavera\/\",\"url\":\"https:\/\/graziamagazine.com\/es\/articles\/las-tendencias-de-cejas-para-esta-primavera\/\",\"name\":\"Las tendencias de cejas para esta primavera\",\"isPartOf\":{\"@id\":\"https:\/\/graziamagazine.com\/es\/#website\"},\"datePublished\":\"2026-03-17T07:00:41+00:00\",\"dateModified\":\"2026-03-16T22:33:11+00:00\",\"description\":\"Toma nota porque estos siete estilos se convertir\u00e1n en la clave para transformar tu mirada esta temporada estival.\",\"breadcrumb\":{\"@id\":\"https:\/\/graziamagazine.com\/es\/articles\/las-tendencias-de-cejas-para-esta-primavera\/#breadcrumb\"},\"inLanguage\":\"es\",\"potentialAction\":[{\"@type\":\"ReadAction\",\"target\":[\"https:\/\/graziamagazine.com\/es\/articles\/las-tendencias-de-cejas-para-esta-primavera\/\"]}]},{\"@type\":\"BreadcrumbList\",\"@id\":\"https:\/\/graziamagazine.com\/es\/articles\/las-tendencias-de-cejas-para-esta-primavera\/#breadcrumb\",\"itemListElement\":[{\"@type\":\"ListItem\",\"position\":1,\"name\":\"Portada\",\"item\":\"https:\/\/graziamagazine.com\/es\/\"},{\"@type\":\"ListItem\",\"position\":2,\"name\":\"Las tendencias de cejas para esta primavera\"}]},{\"@type\":\"WebSite\",\"@id\":\"https:\/\/graziamagazine.com\/es\/#website\",\"url\":\"https:\/\/graziamagazine.com\/es\/\",\"name\":\"Grazia\",\"description\":\"Moda, belleza, celebrities, estilo de vida...\",\"potentialAction\":[{\"@type\":\"SearchAction\",\"target\":{\"@type\":\"EntryPoint\",\"urlTemplate\":\"https:\/\/graziamagazine.com\/es\/?s={search_term_string}\"},\"query-input\":\"required name=search_term_string\"}],\"inLanguage\":\"es\"}]}<\/script>\n<!-- \/ Yoast SEO Premium plugin. -->","yoast_head_json":{"title":"Las tendencias de cejas para esta primavera","description":"Toma nota porque estos siete estilos se convertir\u00e1n en la clave para transformar tu mirada esta temporada estival.","robots":{"index":"index","follow":"follow","max-snippet":"max-snippet:-1","max-image-preview":"max-image-preview:large","max-video-preview":"max-video-preview:-1"},"canonical":"https:\/\/graziamagazine.com\/es\/articles\/las-tendencias-de-cejas-para-esta-primavera\/","og_locale":"es_ES","og_type":"article","og_title":"Las tendencias de cejas para esta primavera","og_description":"Toma nota porque estos siete estilos se convertir\u00e1n en la clave para transformar tu mirada esta temporada estival.","og_url":"https:\/\/graziamagazine.com\/es\/articles\/las-tendencias-de-cejas-para-esta-primavera\/","og_site_name":"Grazia","article_modified_time":"2026-03-16T22:33:11+00:00","og_image":[{"width":674,"height":612,"url":"https:\/\/graziamagazine.com\/es\/wp-content\/uploads\/sites\/12\/2026\/03\/610d8ad99104-gettyimages-2263747354-copia-e1773700344701.jpg","type":"image\/jpeg"}],"twitter_card":"summary_large_image","twitter_misc":{"Est. reading time":"5 minutos"},"schema":{"@context":"https:\/\/schema.org","@graph":[{"@type":"WebPage","@id":"https:\/\/graziamagazine.com\/es\/articles\/las-tendencias-de-cejas-para-esta-primavera\/","url":"https:\/\/graziamagazine.com\/es\/articles\/las-tendencias-de-cejas-para-esta-primavera\/","name":"Las tendencias de cejas para esta primavera","isPartOf":{"@id":"https:\/\/graziamagazine.com\/es\/#website"},"datePublished":"2026-03-17T07:00:41+00:00","dateModified":"2026-03-16T22:33:11+00:00","description":"Toma nota porque estos siete estilos se convertir\u00e1n en la clave para transformar tu mirada esta temporada estival.","breadcrumb":{"@id":"https:\/\/graziamagazine.com\/es\/articles\/las-tendencias-de-cejas-para-esta-primavera\/#breadcrumb"},"inLanguage":"es","potentialAction":[{"@type":"ReadAction","target":["https:\/\/graziamagazine.com\/es\/articles\/las-tendencias-de-cejas-para-esta-primavera\/"]}]},{"@type":"BreadcrumbList","@id":"https:\/\/graziamagazine.com\/es\/articles\/las-tendencias-de-cejas-para-esta-primavera\/#breadcrumb","itemListElement":[{"@type":"ListItem","position":1,"name":"Portada","item":"https:\/\/graziamagazine.com\/es\/"},{"@type":"ListItem","position":2,"name":"Las tendencias de cejas para esta primavera"}]},{"@type":"WebSite","@id":"https:\/\/graziamagazine.com\/es\/#website","url":"https:\/\/graziamagazine.com\/es\/","name":"Grazia","description":"Moda, belleza, celebrities, estilo de vida...","potentialAction":[{"@type":"SearchAction","target":{"@type":"EntryPoint","urlTemplate":"https:\/\/graziamagazine.com\/es\/?s={search_term_string}"},"query-input":"required name=search_term_string"}],"inLanguage":"es"}]}},"jetpack_sharing_enabled":true,"distributor_meta":false,"distributor_terms":false,"distributor_media":false,"distributor_original_site_name":"Grazia","distributor_original_site_url":"https:\/\/graziamagazine.com\/es","push-errors":false,"_links":{"self":[{"href":"https:\/\/graziamagazine.com\/es\/wp-json\/wp\/v2\/articles\/193083"}],"collection":[{"href":"https:\/\/graziamagazine.com\/es\/wp-json\/wp\/v2\/articles"}],"about":[{"href":"https:\/\/graziamagazine.com\/es\/wp-json\/wp\/v2\/types\/articles"}],"author":[{"embeddable":true,"href":"https:\/\/graziamagazine.com\/es\/wp-json\/wp\/v2\/users\/16349"}],"wp:featuredmedia":[{"embeddable":true,"href":"https:\/\/graziamagazine.com\/es\/wp-json\/wp\/v2\/media\/193127"}],"wp:attachment":[{"href":"https:\/\/graziamagazine.com\/es\/wp-json\/wp\/v2\/media?parent=193083"}],"wp:term":[{"taxonomy":"category","embeddable":true,"href":"https:\/\/graziamagazine.com\/es\/wp-json\/wp\/v2\/categories?post=193083"}],"curies":[{"name":"wp","href":"https:\/\/api.w.org\/{rel}","templated":true}]}}