{"id":193044,"date":"2026-03-15T22:17:15","date_gmt":"2026-03-15T21:17:15","guid":{"rendered":"https:\/\/graziamagazine.com\/es\/?post_type=articles&#038;p=193044"},"modified":"2026-03-16T09:37:36","modified_gmt":"2026-03-16T08:37:36","slug":"oscar-2026-todos-los-looks-de-la-alfombra-roja","status":"publish","type":"articles","link":"https:\/\/graziamagazine.com\/es\/articles\/oscar-2026-todos-los-looks-de-la-alfombra-roja\/","title":{"rendered":"Oscar 2026: todos los looks de la alfombra roja"},"content":{"rendered":"<p>La noche m\u00e1s esperada del cine de Hollywood ya est\u00e1 aqu\u00ed y uno de los momentos cada a\u00f1o en los Premios Oscar es sin duda su alfombra roja por la que desfilan numerosos rostros conocidos de la Academia y del cine internacional.<\/p>\n<div class=\"css-1img917 e1f1sunr6\">\n<p>Nos traslados al m\u00edtico Dolby Theatre de Los \u00c1ngeles, donde cada a\u00f1o se entregan las ansiadas estatuillas, pero antes de que comience la gala nos sentamos en primera fila de la alfombra roja para descubrir con Grazia Espa\u00f1a todos los looks de la alfombra roja de los Oscar 2026. Desde las nominadas a Mejor Actriz, Emma Stone, Rose Byrne,\u00a0Jessie Buckley, Renate Reinsve y Kate Hudson, a nuestros looks favoritos.<\/p>\n<h3>Anne Hathaway, de valentino<\/h3>\n<p><img decoding=\"async\" src=\"https:\/\/media.vogue.es\/photos\/69b73a676c2e67fddffde9d2\/master\/w_1024%2Cc_limit\/2266702649\" alt=\"Oscar 2026 alfombra roja Anne Hathaway\" \/><\/p>\n<h3>Gwyneth Paltrow, Armani Priv\u00e9<\/h3>\n<p><img loading=\"lazy\" decoding=\"async\" class=\"aligncenter size-full wp-image-193062\" src=\"https:\/\/graziamagazine.com\/es\/wp-content\/uploads\/sites\/12\/2026\/03\/Foto-del-perfil-de-grazia_magazin-17.jpg\" alt=\"\" width=\"1440\" height=\"1920\" srcset=\"https:\/\/graziamagazine.com\/es\/wp-content\/uploads\/sites\/12\/2026\/03\/Foto-del-perfil-de-grazia_magazin-17.jpg 1440w, https:\/\/graziamagazine.com\/es\/wp-content\/uploads\/sites\/12\/2026\/03\/Foto-del-perfil-de-grazia_magazin-17-225x300.jpg 225w, https:\/\/graziamagazine.com\/es\/wp-content\/uploads\/sites\/12\/2026\/03\/Foto-del-perfil-de-grazia_magazin-17-768x1024.jpg 768w, https:\/\/graziamagazine.com\/es\/wp-content\/uploads\/sites\/12\/2026\/03\/Foto-del-perfil-de-grazia_magazin-17-1152x1536.jpg 1152w, https:\/\/graziamagazine.com\/es\/wp-content\/uploads\/sites\/12\/2026\/03\/Foto-del-perfil-de-grazia_magazin-17-400x533.jpg 400w, https:\/\/graziamagazine.com\/es\/wp-content\/uploads\/sites\/12\/2026\/03\/Foto-del-perfil-de-grazia_magazin-17-155x207.jpg 155w\" sizes=\"(max-width: 1440px) 100vw, 1440px\" \/><\/p>\n<h3>Mikey Madison, de Dior<\/h3>\n<p>Con joyas Tiffany &amp; Co.<\/p>\n<\/div>\n<p><img decoding=\"async\" src=\"https:\/\/media.vogue.es\/photos\/69b741b67b673a8c438ef2b1\/master\/w_1024%2Cc_limit\/2266703925\" alt=\"Oscar 2026 alfombra roja Mikey Madison\" \/><\/p>\n<div class=\"css-1img917 e1f1sunr6\">\n<h3>kate hudson, de armani priv\u00e9<\/h3>\n<p><img loading=\"lazy\" decoding=\"async\" class=\"aligncenter size-full wp-image-193057\" src=\"https:\/\/graziamagazine.com\/es\/wp-content\/uploads\/sites\/12\/2026\/03\/whowhatwear-6.jpg\" alt=\"\" width=\"1440\" height=\"1920\" srcset=\"https:\/\/graziamagazine.com\/es\/wp-content\/uploads\/sites\/12\/2026\/03\/whowhatwear-6.jpg 1440w, https:\/\/graziamagazine.com\/es\/wp-content\/uploads\/sites\/12\/2026\/03\/whowhatwear-6-225x300.jpg 225w, https:\/\/graziamagazine.com\/es\/wp-content\/uploads\/sites\/12\/2026\/03\/whowhatwear-6-768x1024.jpg 768w, https:\/\/graziamagazine.com\/es\/wp-content\/uploads\/sites\/12\/2026\/03\/whowhatwear-6-1152x1536.jpg 1152w, https:\/\/graziamagazine.com\/es\/wp-content\/uploads\/sites\/12\/2026\/03\/whowhatwear-6-400x533.jpg 400w, https:\/\/graziamagazine.com\/es\/wp-content\/uploads\/sites\/12\/2026\/03\/whowhatwear-6-155x207.jpg 155w\" sizes=\"(max-width: 1440px) 100vw, 1440px\" \/><\/p>\n<h3>Teyana Taylor, de Chanel<\/h3>\n<p>Con joyas Tiffany &amp; Co.<\/p>\n<p><img loading=\"lazy\" decoding=\"async\" class=\"aligncenter size-full wp-image-193055\" src=\"https:\/\/graziamagazine.com\/es\/wp-content\/uploads\/sites\/12\/2026\/03\/whowhatwear-2-2.jpg\" alt=\"\" width=\"1440\" height=\"1920\" srcset=\"https:\/\/graziamagazine.com\/es\/wp-content\/uploads\/sites\/12\/2026\/03\/whowhatwear-2-2.jpg 1440w, https:\/\/graziamagazine.com\/es\/wp-content\/uploads\/sites\/12\/2026\/03\/whowhatwear-2-2-225x300.jpg 225w, https:\/\/graziamagazine.com\/es\/wp-content\/uploads\/sites\/12\/2026\/03\/whowhatwear-2-2-768x1024.jpg 768w, https:\/\/graziamagazine.com\/es\/wp-content\/uploads\/sites\/12\/2026\/03\/whowhatwear-2-2-1152x1536.jpg 1152w, https:\/\/graziamagazine.com\/es\/wp-content\/uploads\/sites\/12\/2026\/03\/whowhatwear-2-2-400x533.jpg 400w, https:\/\/graziamagazine.com\/es\/wp-content\/uploads\/sites\/12\/2026\/03\/whowhatwear-2-2-155x207.jpg 155w\" sizes=\"(max-width: 1440px) 100vw, 1440px\" \/><\/p>\n<h3>Nicole Kidman, Chanel<\/h3>\n<p><img loading=\"lazy\" decoding=\"async\" class=\"aligncenter size-full wp-image-193056\" src=\"https:\/\/graziamagazine.com\/es\/wp-content\/uploads\/sites\/12\/2026\/03\/whowhatwear-5.jpg\" alt=\"\" width=\"1440\" height=\"1920\" srcset=\"https:\/\/graziamagazine.com\/es\/wp-content\/uploads\/sites\/12\/2026\/03\/whowhatwear-5.jpg 1440w, https:\/\/graziamagazine.com\/es\/wp-content\/uploads\/sites\/12\/2026\/03\/whowhatwear-5-225x300.jpg 225w, https:\/\/graziamagazine.com\/es\/wp-content\/uploads\/sites\/12\/2026\/03\/whowhatwear-5-768x1024.jpg 768w, https:\/\/graziamagazine.com\/es\/wp-content\/uploads\/sites\/12\/2026\/03\/whowhatwear-5-1152x1536.jpg 1152w, https:\/\/graziamagazine.com\/es\/wp-content\/uploads\/sites\/12\/2026\/03\/whowhatwear-5-400x533.jpg 400w, https:\/\/graziamagazine.com\/es\/wp-content\/uploads\/sites\/12\/2026\/03\/whowhatwear-5-155x207.jpg 155w\" sizes=\"(max-width: 1440px) 100vw, 1440px\" \/><\/p>\n<h3>Mia Goth, de dior<\/h3>\n<p><img decoding=\"async\" src=\"https:\/\/graziamagazine.com\/mx\/wp-content\/uploads\/sites\/13\/2026\/03\/GettyImages-2266701221-683x1024.jpg\" \/><\/p>\n<h3>Elle Fanning, de Givenchy vintage<\/h3>\n<p>Con un collar Cartier de 1903.<\/p>\n<p><img loading=\"lazy\" decoding=\"async\" class=\"aligncenter size-full wp-image-193054\" src=\"https:\/\/graziamagazine.com\/es\/wp-content\/uploads\/sites\/12\/2026\/03\/whowhatwear-1-1.jpg\" alt=\"\" width=\"1440\" height=\"1920\" srcset=\"https:\/\/graziamagazine.com\/es\/wp-content\/uploads\/sites\/12\/2026\/03\/whowhatwear-1-1.jpg 1440w, https:\/\/graziamagazine.com\/es\/wp-content\/uploads\/sites\/12\/2026\/03\/whowhatwear-1-1-225x300.jpg 225w, https:\/\/graziamagazine.com\/es\/wp-content\/uploads\/sites\/12\/2026\/03\/whowhatwear-1-1-768x1024.jpg 768w, https:\/\/graziamagazine.com\/es\/wp-content\/uploads\/sites\/12\/2026\/03\/whowhatwear-1-1-1152x1536.jpg 1152w, https:\/\/graziamagazine.com\/es\/wp-content\/uploads\/sites\/12\/2026\/03\/whowhatwear-1-1-400x533.jpg 400w, https:\/\/graziamagazine.com\/es\/wp-content\/uploads\/sites\/12\/2026\/03\/whowhatwear-1-1-155x207.jpg 155w\" sizes=\"(max-width: 1440px) 100vw, 1440px\" \/><\/p>\n<h3>Jacob Elordi, de custom Bottega Venetta<\/h3>\n<p><img decoding=\"async\" src=\"https:\/\/media.vogue.es\/photos\/69b73a676c2e67fddffde9da\/master\/w_1024%2Cc_limit\/2266701215\" alt=\"Oscar 2026 alfombra roja Jacob Elordi\" \/><\/p>\n<h3>Gracie Abrams, de chanel<\/h3>\n<\/div>\n<p><img decoding=\"async\" src=\"https:\/\/media.vogue.es\/photos\/69b73a676c2e67fddffde9d8\/master\/w_1024%2Cc_limit\/2266702442\" alt=\"Oscar 2026 alfombra roja Gracie Abrams\" \/><\/p>\n<h3>Paul Mescal, de celine<\/h3>\n<p><img decoding=\"async\" src=\"https:\/\/media.vogue.es\/photos\/69b73a676c2e67fddffde9db\/master\/w_1024%2Cc_limit\/2266701860\" alt=\"Oscar 2026 alfombra roja Paul Mescal\" \/><\/p>\n<div class=\"css-1img917 e1f1sunr6\">\n<h3>DEMI MOORE, DE CUSTOM GUCCI<\/h3>\n<p><img decoding=\"async\" src=\"https:\/\/media.vogue.es\/photos\/69b72ecf8deb0b91d81354c2\/master\/w_1024%2Cc_limit\/2266694370\" alt=\"Oscar 2026 alfombra roja Demi Moore\" \/><\/p>\n<h3>Michael B. Jordan. de Louis Vuitton<\/h3>\n<p><img decoding=\"async\" src=\"https:\/\/press.louisvuitton.com\/celebrities\/wp-content\/uploads\/2026\/03\/2a7529efdb3082152fd2e51bbb3969e9-1500x2250-1.jpg\" \/><\/p>\n<h3>Emma Stone, de Louis Vuitton<\/h3>\n<p><img loading=\"lazy\" decoding=\"async\" class=\"aligncenter size-full wp-image-193053\" src=\"https:\/\/graziamagazine.com\/es\/wp-content\/uploads\/sites\/12\/2026\/03\/PHOTO-2026-03-15-23-33-10.jpg\" alt=\"\" width=\"1150\" height=\"1600\" srcset=\"https:\/\/graziamagazine.com\/es\/wp-content\/uploads\/sites\/12\/2026\/03\/PHOTO-2026-03-15-23-33-10.jpg 1150w, https:\/\/graziamagazine.com\/es\/wp-content\/uploads\/sites\/12\/2026\/03\/PHOTO-2026-03-15-23-33-10-216x300.jpg 216w, https:\/\/graziamagazine.com\/es\/wp-content\/uploads\/sites\/12\/2026\/03\/PHOTO-2026-03-15-23-33-10-736x1024.jpg 736w, https:\/\/graziamagazine.com\/es\/wp-content\/uploads\/sites\/12\/2026\/03\/PHOTO-2026-03-15-23-33-10-768x1069.jpg 768w, https:\/\/graziamagazine.com\/es\/wp-content\/uploads\/sites\/12\/2026\/03\/PHOTO-2026-03-15-23-33-10-1104x1536.jpg 1104w, https:\/\/graziamagazine.com\/es\/wp-content\/uploads\/sites\/12\/2026\/03\/PHOTO-2026-03-15-23-33-10-400x557.jpg 400w, https:\/\/graziamagazine.com\/es\/wp-content\/uploads\/sites\/12\/2026\/03\/PHOTO-2026-03-15-23-33-10-155x215.jpg 155w\" sizes=\"(max-width: 1150px) 100vw, 1150px\" \/><\/p>\n<h3>ZOE SALDA\u00d1A, de saint laurent<\/h3>\n<p><img decoding=\"async\" src=\"https:\/\/media.vogue.es\/photos\/69b72ecf8deb0b91d81354c3\/master\/w_1024%2Cc_limit\/2266694373\" alt=\"Oscar 2026 alfombra roja Zoe Salda\u00f1a\" \/><\/p>\n<h3>Jessie Buckley, de Chanel<\/h3>\n<p>Inspirado en Grace Kelly.<\/p>\n<p><img decoding=\"async\" src=\"https:\/\/media.vogue.es\/photos\/69b72b4e7f7252e11b246081\/master\/w_1024%2Cc_limit\/2266690786\" alt=\"Oscar 2026 alfombra roja Jessie Buckley\" \/><\/p>\n<h3>Pedro Pascal, de Saint Laurent<\/h3>\n<p><img decoding=\"async\" src=\"https:\/\/graziamagazine.com\/mx\/wp-content\/uploads\/sites\/13\/2026\/03\/GettyImages-2266703581-682x1024.jpg\" \/><\/p>\n<div class=\"GallerySlideWrapper-ddGDmf ipGquF\" data-event-boundary=\"click\" data-in-view=\"{&quot;pattern&quot;:&quot;GallerySlide&quot;}\" data-event-click=\"{&quot;pattern&quot;:&quot;GallerySlide&quot;}\" data-item=\"{&quot;dangerousHed&quot;:&quot;Odessa A&amp;apos;zion&quot;,&quot;brand&quot;:{&quot;name&quot;:&quot;&quot;},&quot;id&quot;:&quot;69b728267e2577e8c1f027bf&quot;,&quot;index&quot;:4,&quot;contentType&quot;:&quot;photo&quot;,&quot;offers&quot;:[],&quot;offersLength&quot;:0,&quot;component&quot;:&quot;gallery_slide_component&quot;,&quot;image&quot;:{&quot;altText&quot;:&quot;Oscar 2026 alfombra roja Odessa A'zion&quot;,&quot;caption&quot;:&quot;&quot;,&quot;contentType&quot;:&quot;photo&quot;,&quot;credit&quot;:&quot;Getty Images&quot;,&quot;segmentedSources&quot;:{&quot;sm&quot;:[{&quot;height&quot;:437,&quot;width&quot;:320,&quot;url&quot;:&quot;https:\/\/media.vogue.es\/photos\/69b728267e2577e8c1f027bf\/master\/w_320,c_limit\/2266690141&quot;},{&quot;height&quot;:874,&quot;width&quot;:640,&quot;url&quot;:&quot;https:\/\/media.vogue.es\/photos\/69b728267e2577e8c1f027bf\/master\/w_640,c_limit\/2266690141&quot;}],&quot;md&quot;:[{&quot;height&quot;:874,&quot;width&quot;:640,&quot;url&quot;:&quot;https:\/\/media.vogue.es\/photos\/69b728267e2577e8c1f027bf\/master\/w_640,c_limit\/2266690141&quot;},{&quot;height&quot;:1749,&quot;width&quot;:1280,&quot;url&quot;:&quot;https:\/\/media.vogue.es\/photos\/69b728267e2577e8c1f027bf\/master\/w_1280,c_limit\/2266690141&quot;}],&quot;lg&quot;:[{&quot;height&quot;:1399,&quot;width&quot;:1024,&quot;url&quot;:&quot;https:\/\/media.vogue.es\/photos\/69b728267e2577e8c1f027bf\/master\/w_1024,c_limit\/2266690141&quot;},{&quot;height&quot;:2798,&quot;width&quot;:2048,&quot;url&quot;:&quot;https:\/\/media.vogue.es\/photos\/69b728267e2577e8c1f027bf\/master\/w_2048,c_limit\/2266690141&quot;}],&quot;xl&quot;:[{&quot;height&quot;:1749,&quot;width&quot;:1280,&quot;url&quot;:&quot;https:\/\/media.vogue.es\/photos\/69b728267e2577e8c1f027bf\/master\/w_1280,c_limit\/2266690141&quot;}],&quot;xxl&quot;:[{&quot;height&quot;:1749,&quot;width&quot;:1280,&quot;url&quot;:&quot;https:\/\/media.vogue.es\/photos\/69b728267e2577e8c1f027bf\/master\/w_1280,c_limit\/2266690141&quot;}]}}}\" data-testid=\"GallerySlideWrapper\" data-include-experiments=\"true\">\n<figure class=\"GallerySlideFigure-hzEfdW fdlcVw\"><figcaption class=\"GallerySlideFigCaptionWrapper-ilgTBx gxbFHI GallerySlideCaptionWrapper-eUXXEd cjXpcS\">\n<div class=\"GallerySlideFigCaption-hoDXOa gSBnuc\">\n<h3><span class=\"GallerySlideCaptionHedText-daKJBG kOPTDD\">Odessa A&#8217;zion, de vaLENTINO COUTURE<\/span><\/h3>\n<\/div>\n<\/figcaption><\/figure>\n<\/div>\n<\/div>\n<p><img decoding=\"async\" src=\"https:\/\/media.vogue.es\/photos\/69b728267e2577e8c1f027bf\/master\/w_1024%2Cc_limit\/2266690141\" alt=\"Oscar 2026 alfombra roja Odessa A'zion\" \/><\/p>\n<h3>Timoth\u00e9e Chalamet, de Givenchy<\/h3>\n<p><img decoding=\"async\" src=\"https:\/\/media.vogue.es\/photos\/69b73a676c2e67fddffde9dc\/master\/w_1024%2Cc_limit\/2266700854\" alt=\"Oscar 2026 alfombra roja Timothe Chalamet\" \/><\/p>\n<h3>Oliver Laxe, en total black<\/h3>\n<p><img decoding=\"async\" src=\"https:\/\/media.vogue.es\/photos\/69b722e47b673a8c438eefde\/master\/w_1024%2Cc_limit\/GettyImages-2266259093.jpg\" alt=\"Oscar 2026 alfombra roja Oliver Laxe\" \/><\/p>\n<div class=\"css-1img917 e1f1sunr6\">\n<h3>Manu R\u00edos, de Saint Laurent<\/h3>\n<p>Y joyas de Cartier.<\/p>\n<p><img decoding=\"async\" src=\"https:\/\/media.vogue.es\/photos\/69b71cad7f7252e11b245f93\/master\/w_1024%2Cc_limit\/GettyImages-2266682427.jpg\" alt=\"Oscar 2026 alfombra roja Manu R\u00edos\" \/><\/p>\n<h3>Ar\u00f3n Piper, CON ESMOQUIN DIOR<\/h3>\n<p>Con joyas Tyffany &amp; Co.<\/p>\n<\/div>\n<p><img decoding=\"async\" src=\"https:\/\/media.vogue.es\/photos\/69b71ecc72a95ed0b4a791e8\/master\/w_1024%2Cc_limit\/GettyImages-2266683989.jpg\" alt=\"HOLLYWOOD CALIFORNIA MARCH 15 Ar\u00f3n Piper attends the 98th Oscars at Dolby Theatre on March 15 2026 in Hollywood California.\" \/><\/p>\n<h3>Kirsten Dunst, de Celine<\/h3>\n<p><img decoding=\"async\" src=\"https:\/\/media.vogue.es\/photos\/69b73a676c2e67fddffde9e1\/master\/w_1024%2Cc_limit\/2266700478\" alt=\"Oscar 2026 alfombra roja Kirsten Dunst\" \/><\/p>\n<h3>ejae, dior<\/h3>\n<p><img decoding=\"async\" src=\"https:\/\/media.vogue.es\/photos\/69b728267e2577e8c1f027c0\/master\/w_1024%2Cc_limit\/2266688897\" alt=\"Oscar 2026 alfombra roja EJAE\" \/><\/p>\n<h3>Audrey Nuna, rei ami<\/h3>\n<p><img decoding=\"async\" src=\"https:\/\/media.vogue.es\/photos\/69b728267e2577e8c1f027c1\/master\/w_1024%2Cc_limit\/2266688825\" alt=\"Oscar 2026 alfombra roja Audrey Nuna\" \/><\/p>\n<div class=\"css-1img917 e1f1sunr6\">\n<h3>Renate Reinsve, de Louis Vuitton<\/h3>\n<p><img loading=\"lazy\" decoding=\"async\" class=\"aligncenter size-full wp-image-193051\" src=\"https:\/\/graziamagazine.com\/es\/wp-content\/uploads\/sites\/12\/2026\/03\/WhatsApp-Image-2026-03-15-at-22.30.38.jpeg\" alt=\"\" width=\"1066\" height=\"1600\" srcset=\"https:\/\/graziamagazine.com\/es\/wp-content\/uploads\/sites\/12\/2026\/03\/WhatsApp-Image-2026-03-15-at-22.30.38.jpeg 1066w, https:\/\/graziamagazine.com\/es\/wp-content\/uploads\/sites\/12\/2026\/03\/WhatsApp-Image-2026-03-15-at-22.30.38-200x300.jpeg 200w, https:\/\/graziamagazine.com\/es\/wp-content\/uploads\/sites\/12\/2026\/03\/WhatsApp-Image-2026-03-15-at-22.30.38-682x1024.jpeg 682w, https:\/\/graziamagazine.com\/es\/wp-content\/uploads\/sites\/12\/2026\/03\/WhatsApp-Image-2026-03-15-at-22.30.38-768x1153.jpeg 768w, https:\/\/graziamagazine.com\/es\/wp-content\/uploads\/sites\/12\/2026\/03\/WhatsApp-Image-2026-03-15-at-22.30.38-1023x1536.jpeg 1023w, https:\/\/graziamagazine.com\/es\/wp-content\/uploads\/sites\/12\/2026\/03\/WhatsApp-Image-2026-03-15-at-22.30.38-400x600.jpeg 400w, https:\/\/graziamagazine.com\/es\/wp-content\/uploads\/sites\/12\/2026\/03\/WhatsApp-Image-2026-03-15-at-22.30.38-143x215.jpeg 143w\" sizes=\"(max-width: 1066px) 100vw, 1066px\" \/><\/p>\n<\/div>\n<h3>Rose\u00a0 Byrne, de dior<\/h3>\n<p><img decoding=\"async\" src=\"https:\/\/media.vogue.es\/photos\/69b71b7e62a91496330fedb3\/master\/w_1024%2Cc_limit\/2266679926\" alt=\"Oscar 2026 alfombra roja Rose Byrne\" \/><\/p>\n<h3>WUNMI MOSAKU, de louis vuitton<\/h3>\n<p><img decoding=\"async\" src=\"https:\/\/media.vogue.es\/photos\/69b72b4e7f7252e11b246080\/master\/w_1024%2Cc_limit\/2266691055\" alt=\"Oscar 2026 alfombra roja Wunmi Mosaku\" \/><\/p>\n<h3>Felicity Jones, de Prada<\/h3>\n<p><img loading=\"lazy\" decoding=\"async\" class=\"aligncenter size-full wp-image-193047\" src=\"https:\/\/graziamagazine.com\/es\/wp-content\/uploads\/sites\/12\/2026\/03\/whowhatwear-2.jpg\" alt=\"\" width=\"1440\" height=\"1800\" srcset=\"https:\/\/graziamagazine.com\/es\/wp-content\/uploads\/sites\/12\/2026\/03\/whowhatwear-2.jpg 1440w, https:\/\/graziamagazine.com\/es\/wp-content\/uploads\/sites\/12\/2026\/03\/whowhatwear-2-240x300.jpg 240w, https:\/\/graziamagazine.com\/es\/wp-content\/uploads\/sites\/12\/2026\/03\/whowhatwear-2-819x1024.jpg 819w, https:\/\/graziamagazine.com\/es\/wp-content\/uploads\/sites\/12\/2026\/03\/whowhatwear-2-768x960.jpg 768w, https:\/\/graziamagazine.com\/es\/wp-content\/uploads\/sites\/12\/2026\/03\/whowhatwear-2-1229x1536.jpg 1229w, https:\/\/graziamagazine.com\/es\/wp-content\/uploads\/sites\/12\/2026\/03\/whowhatwear-2-400x500.jpg 400w, https:\/\/graziamagazine.com\/es\/wp-content\/uploads\/sites\/12\/2026\/03\/whowhatwear-2-155x194.jpg 155w\" sizes=\"(max-width: 1440px) 100vw, 1440px\" \/><\/p>\n<h3>Chase Infiniti, de Louis Vuitton<\/h3>\n<p><img decoding=\"async\" src=\"https:\/\/press.louisvuitton.com\/celebrities\/wp-content\/uploads\/2026\/03\/a5a9c997c47d4e650efc607c313ec191-1500x1019-1.jpg\" \/><\/p>\n<h3>ALICIA SILVERSTONE<\/h3>\n<p><img decoding=\"async\" src=\"https:\/\/media.vogue.es\/photos\/69b7174b6ab03b413cbf5e43\/master\/w_1024%2Cc_limit\/2266676249\" alt=\"Oscar 2026 alfombra roja Alicia Silverstone\" \/><\/p>\n<h3>Barbie Ferreira, de custom Gap by Zac Posen<\/h3>\n<p><img loading=\"lazy\" decoding=\"async\" class=\"aligncenter size-full wp-image-193052\" src=\"https:\/\/graziamagazine.com\/es\/wp-content\/uploads\/sites\/12\/2026\/03\/whowhatwear-3.jpg\" alt=\"\" width=\"1440\" height=\"1920\" srcset=\"https:\/\/graziamagazine.com\/es\/wp-content\/uploads\/sites\/12\/2026\/03\/whowhatwear-3.jpg 1440w, https:\/\/graziamagazine.com\/es\/wp-content\/uploads\/sites\/12\/2026\/03\/whowhatwear-3-225x300.jpg 225w, https:\/\/graziamagazine.com\/es\/wp-content\/uploads\/sites\/12\/2026\/03\/whowhatwear-3-768x1024.jpg 768w, https:\/\/graziamagazine.com\/es\/wp-content\/uploads\/sites\/12\/2026\/03\/whowhatwear-3-1152x1536.jpg 1152w, https:\/\/graziamagazine.com\/es\/wp-content\/uploads\/sites\/12\/2026\/03\/whowhatwear-3-400x533.jpg 400w, https:\/\/graziamagazine.com\/es\/wp-content\/uploads\/sites\/12\/2026\/03\/whowhatwear-3-155x207.jpg 155w\" sizes=\"(max-width: 1440px) 100vw, 1440px\" \/><\/p>\n<h3>HEIDI KLUM<\/h3>\n<p><img decoding=\"async\" src=\"https:\/\/media.vogue.es\/photos\/69b7213d7fbee4550a40f082\/master\/w_1024%2Cc_limit\/2266685734\" alt=\"Oscar 2026 alfombra roja Heidi Klum\" \/><\/p>\n<h3>Mckenna Grace, de vera Wang<\/h3>\n<p>Con un vestido inspirado en el que luci\u00f3 Gwyneth Paltrow en la ceremonia de los Oscars en 1999.<\/p>\n<p><img loading=\"lazy\" decoding=\"async\" class=\"aligncenter size-full wp-image-193048\" src=\"https:\/\/graziamagazine.com\/es\/wp-content\/uploads\/sites\/12\/2026\/03\/whowhatwear-1.jpg\" alt=\"\" width=\"1440\" height=\"1800\" srcset=\"https:\/\/graziamagazine.com\/es\/wp-content\/uploads\/sites\/12\/2026\/03\/whowhatwear-1.jpg 1440w, https:\/\/graziamagazine.com\/es\/wp-content\/uploads\/sites\/12\/2026\/03\/whowhatwear-1-240x300.jpg 240w, https:\/\/graziamagazine.com\/es\/wp-content\/uploads\/sites\/12\/2026\/03\/whowhatwear-1-819x1024.jpg 819w, https:\/\/graziamagazine.com\/es\/wp-content\/uploads\/sites\/12\/2026\/03\/whowhatwear-1-768x960.jpg 768w, https:\/\/graziamagazine.com\/es\/wp-content\/uploads\/sites\/12\/2026\/03\/whowhatwear-1-1229x1536.jpg 1229w, https:\/\/graziamagazine.com\/es\/wp-content\/uploads\/sites\/12\/2026\/03\/whowhatwear-1-400x500.jpg 400w, https:\/\/graziamagazine.com\/es\/wp-content\/uploads\/sites\/12\/2026\/03\/whowhatwear-1-155x194.jpg 155w\" sizes=\"(max-width: 1440px) 100vw, 1440px\" \/><\/p>\n<h3>GINNIFER GOODWIN, CON VESTIDO WRAP<\/h3>\n<p><img decoding=\"async\" src=\"https:\/\/media.vogue.es\/photos\/69b72b4e7f7252e11b24607f\/master\/w_1024%2Cc_limit\/2266692594\" alt=\"Oscar 2026 alfombra roja Ginnifer Goodwin\" \/><\/p>\n<h3>Vicky Krieps, con escote arquitect\u00f3nico<\/h3>\n<p><img decoding=\"async\" src=\"https:\/\/media.vogue.es\/photos\/69b713a06ab03b413cbf5d81\/master\/w_1024%2Cc_limit\/2266235336\" alt=\"Oscar 2026 alfombra roja Vicky Krieps\" \/><\/p>\n<h3>MISTY COPELAND<\/h3>\n<p><img decoding=\"async\" src=\"https:\/\/media.vogue.es\/photos\/69b71de4e0038d60d3a313c4\/master\/w_1024%2Cc_limit\/2266256204\" alt=\"Oscar 2026 alfombra roja Misty Copeland\" \/><\/p>\n<p>*Art\u00edculo en desarrollo<\/p>\n<p><em>*Im\u00e1genes: Getty Images<\/em><\/p>\n<div class=\"css-1vejrn4 e1f1sunr5\"><\/div>\n<p>&nbsp;<\/p>\n","protected":false},"author":11653,"featured_media":193061,"template":"","format":"standard","categories":[2971,13],"acf":{"banner":""},"yoast_head":"<!-- This site is optimized with the Yoast SEO Premium plugin v18.5 (Yoast SEO v20.4) - https:\/\/yoast.com\/wordpress\/plugins\/seo\/ -->\n<title>Oscar 2026: todos los looks de la alfombra roja | Grazia<\/title>\n<meta name=\"description\" content=\"La noche m\u00e1s esperada del cine de Hollywood ya est\u00e1 aqu\u00ed y uno de los momentos cada a\u00f1o en los Premios Oscar es sin duda su alfombra roja por la que\" \/>\n<meta name=\"robots\" content=\"index, follow, max-snippet:-1, max-image-preview:large, max-video-preview:-1\" \/>\n<link rel=\"canonical\" href=\"https:\/\/graziamagazine.com\/es\/articles\/oscar-2026-todos-los-looks-de-la-alfombra-roja\/\" \/>\n<meta property=\"og:locale\" content=\"es_ES\" \/>\n<meta property=\"og:type\" content=\"article\" \/>\n<meta property=\"og:title\" content=\"Oscar 2026: todos los looks de la alfombra roja\" \/>\n<meta property=\"og:description\" content=\"La noche m\u00e1s esperada del cine de Hollywood ya est\u00e1 aqu\u00ed y uno de los momentos cada a\u00f1o en los Premios Oscar es sin duda su alfombra roja por la que\" \/>\n<meta property=\"og:url\" content=\"https:\/\/graziamagazine.com\/es\/articles\/oscar-2026-todos-los-looks-de-la-alfombra-roja\/\" \/>\n<meta property=\"og:site_name\" content=\"Grazia\" \/>\n<meta property=\"article:modified_time\" content=\"2026-03-16T08:37:36+00:00\" \/>\n<meta property=\"og:image\" content=\"https:\/\/graziamagazine.com\/es\/wp-content\/uploads\/sites\/12\/2026\/03\/17736131558783-copia-scaled-e1773617781399.jpeg\" \/>\n\t<meta property=\"og:image:width\" content=\"1745\" \/>\n\t<meta property=\"og:image:height\" content=\"1309\" \/>\n\t<meta property=\"og:image:type\" content=\"image\/jpeg\" \/>\n<meta name=\"twitter:card\" content=\"summary_large_image\" \/>\n<meta name=\"twitter:label1\" content=\"Est. reading time\" \/>\n\t<meta name=\"twitter:data1\" content=\"9 minutos\" \/>\n<script type=\"application\/ld+json\" class=\"yoast-schema-graph\">{\"@context\":\"https:\/\/schema.org\",\"@graph\":[{\"@type\":\"WebPage\",\"@id\":\"https:\/\/graziamagazine.com\/es\/articles\/oscar-2026-todos-los-looks-de-la-alfombra-roja\/\",\"url\":\"https:\/\/graziamagazine.com\/es\/articles\/oscar-2026-todos-los-looks-de-la-alfombra-roja\/\",\"name\":\"Oscar 2026: todos los looks de la alfombra roja | Grazia\",\"isPartOf\":{\"@id\":\"https:\/\/graziamagazine.com\/es\/#website\"},\"datePublished\":\"2026-03-15T21:17:15+00:00\",\"dateModified\":\"2026-03-16T08:37:36+00:00\",\"description\":\"La noche m\u00e1s esperada del cine de Hollywood ya est\u00e1 aqu\u00ed y uno de los momentos cada a\u00f1o en los Premios Oscar es sin duda su alfombra roja por la que\",\"breadcrumb\":{\"@id\":\"https:\/\/graziamagazine.com\/es\/articles\/oscar-2026-todos-los-looks-de-la-alfombra-roja\/#breadcrumb\"},\"inLanguage\":\"es\",\"potentialAction\":[{\"@type\":\"ReadAction\",\"target\":[\"https:\/\/graziamagazine.com\/es\/articles\/oscar-2026-todos-los-looks-de-la-alfombra-roja\/\"]}]},{\"@type\":\"BreadcrumbList\",\"@id\":\"https:\/\/graziamagazine.com\/es\/articles\/oscar-2026-todos-los-looks-de-la-alfombra-roja\/#breadcrumb\",\"itemListElement\":[{\"@type\":\"ListItem\",\"position\":1,\"name\":\"Portada\",\"item\":\"https:\/\/graziamagazine.com\/es\/\"},{\"@type\":\"ListItem\",\"position\":2,\"name\":\"Oscar 2026: todos los looks de la alfombra roja\"}]},{\"@type\":\"WebSite\",\"@id\":\"https:\/\/graziamagazine.com\/es\/#website\",\"url\":\"https:\/\/graziamagazine.com\/es\/\",\"name\":\"Grazia\",\"description\":\"Moda, belleza, celebrities, estilo de vida...\",\"potentialAction\":[{\"@type\":\"SearchAction\",\"target\":{\"@type\":\"EntryPoint\",\"urlTemplate\":\"https:\/\/graziamagazine.com\/es\/?s={search_term_string}\"},\"query-input\":\"required name=search_term_string\"}],\"inLanguage\":\"es\"}]}<\/script>\n<!-- \/ Yoast SEO Premium plugin. -->","yoast_head_json":{"title":"Oscar 2026: todos los looks de la alfombra roja | Grazia","description":"La noche m\u00e1s esperada del cine de Hollywood ya est\u00e1 aqu\u00ed y uno de los momentos cada a\u00f1o en los Premios Oscar es sin duda su alfombra roja por la que","robots":{"index":"index","follow":"follow","max-snippet":"max-snippet:-1","max-image-preview":"max-image-preview:large","max-video-preview":"max-video-preview:-1"},"canonical":"https:\/\/graziamagazine.com\/es\/articles\/oscar-2026-todos-los-looks-de-la-alfombra-roja\/","og_locale":"es_ES","og_type":"article","og_title":"Oscar 2026: todos los looks de la alfombra roja","og_description":"La noche m\u00e1s esperada del cine de Hollywood ya est\u00e1 aqu\u00ed y uno de los momentos cada a\u00f1o en los Premios Oscar es sin duda su alfombra roja por la que","og_url":"https:\/\/graziamagazine.com\/es\/articles\/oscar-2026-todos-los-looks-de-la-alfombra-roja\/","og_site_name":"Grazia","article_modified_time":"2026-03-16T08:37:36+00:00","og_image":[{"width":1745,"height":1309,"url":"https:\/\/graziamagazine.com\/es\/wp-content\/uploads\/sites\/12\/2026\/03\/17736131558783-copia-scaled-e1773617781399.jpeg","type":"image\/jpeg"}],"twitter_card":"summary_large_image","twitter_misc":{"Est. reading time":"9 minutos"},"schema":{"@context":"https:\/\/schema.org","@graph":[{"@type":"WebPage","@id":"https:\/\/graziamagazine.com\/es\/articles\/oscar-2026-todos-los-looks-de-la-alfombra-roja\/","url":"https:\/\/graziamagazine.com\/es\/articles\/oscar-2026-todos-los-looks-de-la-alfombra-roja\/","name":"Oscar 2026: todos los looks de la alfombra roja | Grazia","isPartOf":{"@id":"https:\/\/graziamagazine.com\/es\/#website"},"datePublished":"2026-03-15T21:17:15+00:00","dateModified":"2026-03-16T08:37:36+00:00","description":"La noche m\u00e1s esperada del cine de Hollywood ya est\u00e1 aqu\u00ed y uno de los momentos cada a\u00f1o en los Premios Oscar es sin duda su alfombra roja por la que","breadcrumb":{"@id":"https:\/\/graziamagazine.com\/es\/articles\/oscar-2026-todos-los-looks-de-la-alfombra-roja\/#breadcrumb"},"inLanguage":"es","potentialAction":[{"@type":"ReadAction","target":["https:\/\/graziamagazine.com\/es\/articles\/oscar-2026-todos-los-looks-de-la-alfombra-roja\/"]}]},{"@type":"BreadcrumbList","@id":"https:\/\/graziamagazine.com\/es\/articles\/oscar-2026-todos-los-looks-de-la-alfombra-roja\/#breadcrumb","itemListElement":[{"@type":"ListItem","position":1,"name":"Portada","item":"https:\/\/graziamagazine.com\/es\/"},{"@type":"ListItem","position":2,"name":"Oscar 2026: todos los looks de la alfombra roja"}]},{"@type":"WebSite","@id":"https:\/\/graziamagazine.com\/es\/#website","url":"https:\/\/graziamagazine.com\/es\/","name":"Grazia","description":"Moda, belleza, celebrities, estilo de vida...","potentialAction":[{"@type":"SearchAction","target":{"@type":"EntryPoint","urlTemplate":"https:\/\/graziamagazine.com\/es\/?s={search_term_string}"},"query-input":"required name=search_term_string"}],"inLanguage":"es"}]}},"jetpack_sharing_enabled":true,"distributor_meta":false,"distributor_terms":false,"distributor_media":false,"distributor_original_site_name":"Grazia","distributor_original_site_url":"https:\/\/graziamagazine.com\/es","push-errors":false,"_links":{"self":[{"href":"https:\/\/graziamagazine.com\/es\/wp-json\/wp\/v2\/articles\/193044"}],"collection":[{"href":"https:\/\/graziamagazine.com\/es\/wp-json\/wp\/v2\/articles"}],"about":[{"href":"https:\/\/graziamagazine.com\/es\/wp-json\/wp\/v2\/types\/articles"}],"author":[{"embeddable":true,"href":"https:\/\/graziamagazine.com\/es\/wp-json\/wp\/v2\/users\/11653"}],"wp:featuredmedia":[{"embeddable":true,"href":"https:\/\/graziamagazine.com\/es\/wp-json\/wp\/v2\/media\/193061"}],"wp:attachment":[{"href":"https:\/\/graziamagazine.com\/es\/wp-json\/wp\/v2\/media?parent=193044"}],"wp:term":[{"taxonomy":"category","embeddable":true,"href":"https:\/\/graziamagazine.com\/es\/wp-json\/wp\/v2\/categories?post=193044"}],"curies":[{"name":"wp","href":"https:\/\/api.w.org\/{rel}","templated":true}]}}