{"id":192997,"date":"2026-03-13T08:00:20","date_gmt":"2026-03-13T07:00:20","guid":{"rendered":"https:\/\/graziamagazine.com\/es\/?post_type=articles&#038;p=192997"},"modified":"2026-03-13T10:08:30","modified_gmt":"2026-03-13T09:08:30","slug":"mercedes-gallego-la-creadora-detras-de-la-espanola-mercules","status":"publish","type":"articles","link":"https:\/\/graziamagazine.com\/es\/articles\/mercedes-gallego-la-creadora-detras-de-la-espanola-mercules\/","title":{"rendered":"Mercedes Gallego, la creadora detr\u00e1s de la espa\u00f1ola Mercules"},"content":{"rendered":"<p>Con el expertise y el <em>savoir faire<\/em> de grandes firmas como Loewe, Dior o Massimo Dutti, Mercedes Gallego ha creado una de las marcas espa\u00f1olas con los bolsos m\u00e1s deseados del momento, que no pasan de moda y que resultan perfectos para configurar un fondo de armario que no falla: \u201c<em>apostamos por dise\u00f1os que no caducan, evitando modas pasajeras. Y, en ocasiones, modelos que nos encantan pero que llevan mucho tiempo en la marca, los transformamos creando otro modelo nuevo, como puede ser el bucket fringes y el bucket trip<\/em>\u201d, nos cuenta Mercedes. La clave: procesos artesanales, las mejores materias primas y una filosof\u00eda clara: \u201c<em>nuestra filosof\u00eda de marca es pasarlo bien y ser felices con lo que hacemos, respetando siempre los procesos de fabricaci\u00f3n que engloban nuestros productos, y todo ello siendo lo m\u00e1s sostenibles posible<\/em>\u201d, asegura. Adem\u00e1s, el equilibrio entre lo funcional y lo est\u00e9tico es clave para ella: \u201c<em>dise\u00f1o lo que yo misma querr\u00eda llevar, es decir, piezas que pueda usar a diario y que tengan un sello est\u00e9tico reconocible. Mi intenci\u00f3n es combinar utilidad y personalidad en cada bolso, que no solo sea pr\u00e1ctico, sino que tambi\u00e9n cuente algo de quien lo lleva<\/em>\u201d, afirma.<\/p>\n<p>Este concepto de marca se traslada al armario de una mujer cosmopolita, que busca piezas para siempre y \u201cque buscan ese dise\u00f1o con personalidad y encanto; aprecia el producto\u00a0<em>Made in Spain<\/em>\u00a0y busca piezas con car\u00e1cter pero funcionales\u201d, nos comenta Gallego.<\/p>\n<p><a href=\"https:\/\/www.instagram.com\/merculesrocks\/\" target=\"_blank\">Mercules<\/a> crece a su ritmo, poco a poco (aunque ya triunfa en Estados Unidos, Francia o Inglaterra), con un gran equipo, manteniendo la producci\u00f3n en Espa\u00f1a y cuidando la relaci\u00f3n con los talleres y proveedores.<\/p>\n<p><img loading=\"lazy\" decoding=\"async\" class=\"aligncenter size-full wp-image-193003\" src=\"https:\/\/graziamagazine.com\/es\/wp-content\/uploads\/sites\/12\/2026\/03\/Cre\u0301dito-Leticia-Di\u0301az-de-la-MorenaMer_Mercules_926.jpg\" alt=\"\" width=\"5464\" height=\"8192\" srcset=\"https:\/\/graziamagazine.com\/es\/wp-content\/uploads\/sites\/12\/2026\/03\/Cre\u0301dito-Leticia-Di\u0301az-de-la-MorenaMer_Mercules_926.jpg 5464w, https:\/\/graziamagazine.com\/es\/wp-content\/uploads\/sites\/12\/2026\/03\/Cre\u0301dito-Leticia-Di\u0301az-de-la-MorenaMer_Mercules_926-200x300.jpg 200w, https:\/\/graziamagazine.com\/es\/wp-content\/uploads\/sites\/12\/2026\/03\/Cre\u0301dito-Leticia-Di\u0301az-de-la-MorenaMer_Mercules_926-683x1024.jpg 683w, https:\/\/graziamagazine.com\/es\/wp-content\/uploads\/sites\/12\/2026\/03\/Cre\u0301dito-Leticia-Di\u0301az-de-la-MorenaMer_Mercules_926-768x1151.jpg 768w, https:\/\/graziamagazine.com\/es\/wp-content\/uploads\/sites\/12\/2026\/03\/Cre\u0301dito-Leticia-Di\u0301az-de-la-MorenaMer_Mercules_926-1025x1536.jpg 1025w, https:\/\/graziamagazine.com\/es\/wp-content\/uploads\/sites\/12\/2026\/03\/Cre\u0301dito-Leticia-Di\u0301az-de-la-MorenaMer_Mercules_926-400x600.jpg 400w, https:\/\/graziamagazine.com\/es\/wp-content\/uploads\/sites\/12\/2026\/03\/Cre\u0301dito-Leticia-Di\u0301az-de-la-MorenaMer_Mercules_926-143x215.jpg 143w\" sizes=\"(max-width: 5464px) 100vw, 5464px\" \/><\/p>\n<p>En este particular universo en el que el cuidado por los detalles es la clave, la tienda online hace que sus piezas lleguen un p\u00fablico m\u00e1s amplio, pero en el que la tienda f\u00edsica ofrece un espacio de experiencia y contacto directo con la marca donde poder ver, tocar, probarse los bolsos y transmitir el universo Mercules. Es una aut\u00e9ntica experiencia que refleja a la perfecci\u00f3n el saber hacer a la espa\u00f1ola.<\/p>\n<p><strong>Mercedes, \u00bfpuedes contarnos c\u00f3mo surgi\u00f3 la idea de crear Mercules? \u00bfQu\u00e9 momento da el pistoletazo de salida?<\/strong><\/p>\n<p>La idea de Mercules surgi\u00f3 por una necesidad creativa. Ya hab\u00eda trabajado en grandes firmas como Dior y Loewe, y quer\u00eda crear una marca propia con una identidad clara y aut\u00e9ntica. El pistoletazo de salida fue la decisi\u00f3n de apostar por bolsos y complementos hechos en Espa\u00f1a, con un enfoque artesanal y una est\u00e9tica personal.<\/p>\n<p><strong>\u00bfQu\u00e9 significa el nombre \u201cMercules\u201d y la flecha del logo? <\/strong><\/p>\n<p>El nombre nace de la uni\u00f3n de \u201cMercedes\u201d y \u201cH\u00e9rcules\u201d, simbolizando fuerza y car\u00e1cter, adem\u00e1s de darle un toque personal y distintivo a la marca. La flecha es un s\u00edmbolo de enfoque y determinaci\u00f3n. Esa flecha, afilada y brillante, representa la capacidad para dirigir nuestra energ\u00eda hacia un objetivo claro, lanzarse con precisi\u00f3n hacia nuestras metas, apuntando siempre hacia el horizonte y el futuro.<\/p>\n<p><img loading=\"lazy\" decoding=\"async\" class=\"aligncenter size-full wp-image-192998\" src=\"https:\/\/graziamagazine.com\/es\/wp-content\/uploads\/sites\/12\/2026\/03\/2025_Mercules_AW2551048-scaled.jpg\" alt=\"\" width=\"2560\" height=\"1707\" srcset=\"https:\/\/graziamagazine.com\/es\/wp-content\/uploads\/sites\/12\/2026\/03\/2025_Mercules_AW2551048-scaled.jpg 2560w, https:\/\/graziamagazine.com\/es\/wp-content\/uploads\/sites\/12\/2026\/03\/2025_Mercules_AW2551048-300x200.jpg 300w, https:\/\/graziamagazine.com\/es\/wp-content\/uploads\/sites\/12\/2026\/03\/2025_Mercules_AW2551048-1024x683.jpg 1024w, https:\/\/graziamagazine.com\/es\/wp-content\/uploads\/sites\/12\/2026\/03\/2025_Mercules_AW2551048-768x512.jpg 768w, https:\/\/graziamagazine.com\/es\/wp-content\/uploads\/sites\/12\/2026\/03\/2025_Mercules_AW2551048-1536x1024.jpg 1536w, https:\/\/graziamagazine.com\/es\/wp-content\/uploads\/sites\/12\/2026\/03\/2025_Mercules_AW2551048-2048x1365.jpg 2048w, https:\/\/graziamagazine.com\/es\/wp-content\/uploads\/sites\/12\/2026\/03\/2025_Mercules_AW2551048-400x267.jpg 400w, https:\/\/graziamagazine.com\/es\/wp-content\/uploads\/sites\/12\/2026\/03\/2025_Mercules_AW2551048-155x103.jpg 155w\" sizes=\"(max-width: 2560px) 100vw, 2560px\" \/><\/p>\n<p><strong>Tu trayectoria incluye etapas trabajando con Dior, Loewe, John Galliano, Massimo Dutti\u2026 \u00bfqu\u00e9 aprendiste de esas casas y que luego quisiste traer a Mercules?<\/strong><\/p>\n<p>De mi experiencia en Dior, con Galiano, me llevo la parte creativa y sin l\u00edmites. En Loewe me enamor\u00e9 del mundo de los accesorios y de la artesan\u00eda. En Massimo Dutti aprend\u00ed sobre b\u00fasqueda\u00a0de proveedores y la importancia de las demandas del cliente. En general, podr\u00eda decir que traje la importancia de los detalles, el respeto por el oficio artesanal y la calidad por encima de todo.<\/p>\n<p><strong>\u00bfCu\u00e1l crees que fue el punto de inflexi\u00f3n en tu carrera que hizo que realmente decidieras apostar por una marca propia?<\/strong><\/p>\n<p>Desde el momento que puse un pie en Massimo Dutti supe que eso no era para m\u00ed. El lado creativo no era primordial y necesitaba hacer algo con alma. As\u00ed que un d\u00eda lo dej\u00e9 y apost\u00e9 por m\u00ed, por Mercules.<\/p>\n<p><strong>\u00bfC\u00f3mo es vuestro proceso creativo? \u00bfC\u00f3mo surge una colecci\u00f3n: inspiraci\u00f3n, bocetado, elecci\u00f3n de materiales, colorido, producci\u00f3n\u2026?<\/strong><\/p>\n<p>La inspiraci\u00f3n de cada colecci\u00f3n me llega de todas partes: del arte, la m\u00fasica, los viajes\u2026 todo lo que veo, siento o experimento. Luego me pongo a bocetar, aunque lo que m\u00e1s me gusta es jugar con las pieles, los materiales, los colores y los apliques. Desarrollamos prototipos con nuestros talleres, pero nada de procesos largos ni r\u00edgidos: todo es super improvisado, creativo y divertido.<\/p>\n<p><img loading=\"lazy\" decoding=\"async\" class=\"aligncenter size-full wp-image-193004\" src=\"https:\/\/graziamagazine.com\/es\/wp-content\/uploads\/sites\/12\/2026\/03\/MERCULES-BARQUILLO-3-scaled.jpg\" alt=\"\" width=\"1978\" height=\"2560\" srcset=\"https:\/\/graziamagazine.com\/es\/wp-content\/uploads\/sites\/12\/2026\/03\/MERCULES-BARQUILLO-3-scaled.jpg 1978w, https:\/\/graziamagazine.com\/es\/wp-content\/uploads\/sites\/12\/2026\/03\/MERCULES-BARQUILLO-3-232x300.jpg 232w, https:\/\/graziamagazine.com\/es\/wp-content\/uploads\/sites\/12\/2026\/03\/MERCULES-BARQUILLO-3-791x1024.jpg 791w, https:\/\/graziamagazine.com\/es\/wp-content\/uploads\/sites\/12\/2026\/03\/MERCULES-BARQUILLO-3-768x994.jpg 768w, https:\/\/graziamagazine.com\/es\/wp-content\/uploads\/sites\/12\/2026\/03\/MERCULES-BARQUILLO-3-1187x1536.jpg 1187w, https:\/\/graziamagazine.com\/es\/wp-content\/uploads\/sites\/12\/2026\/03\/MERCULES-BARQUILLO-3-1582x2048.jpg 1582w, https:\/\/graziamagazine.com\/es\/wp-content\/uploads\/sites\/12\/2026\/03\/MERCULES-BARQUILLO-3-400x518.jpg 400w, https:\/\/graziamagazine.com\/es\/wp-content\/uploads\/sites\/12\/2026\/03\/MERCULES-BARQUILLO-3-155x201.jpg 155w\" sizes=\"(max-width: 1978px) 100vw, 1978px\" \/><\/p>\n<p><strong>Producci\u00f3n artesanal: \u00bfqu\u00e9 significa \u201checho a mano\u201d para Mercules? \u00bfD\u00f3nde se producen los bolsos y otros productos, y qu\u00e9 importancia tiene trabajar con talleres locales?<\/strong><\/p>\n<p>\u201cHecho a mano\u201d significa que cada bolso pasa por las manos de artesanos expertos. Antes solo fabric\u00e1bamos en Vic, pero desde hace poco hemos ampliado dos talleres m\u00e1s: Makle y Veta. Todos ellos garantizan la tradici\u00f3n y calidad de nuestros productos.<\/p>\n<p><strong>Sostenibilidad: \u00bfc\u00f3mo la incorpor\u00e1is en los materiales, en los procesos y en la elecci\u00f3n de proveedores?<\/strong><\/p>\n<p>Para nosotros la sostenibilidad no es una campa\u00f1a de marketing, sino una forma de trabajar desde el principio. Apostamos por pieles de curtici\u00f3n vegetal, trabajamos con talleres locales en Espa\u00f1a y reducimos al m\u00e1ximo los transportes innecesarios.<\/p>\n<p>No producimos en grandes vol\u00famenes, sino en series peque\u00f1as para evitar el sobrestock y fomentar el consumo responsable. Adem\u00e1s, intentamos que cada bolso o accesorio sea un producto atemporal, que dure y que no dependa de las modas de una temporada.<\/p>\n<p>En la elecci\u00f3n de proveedores, priorizamos los que tienen certificaciones de buenas pr\u00e1cticas medioambientales y laborales, y con quienes podemos construir relaciones duraderas y de confianza.<\/p>\n<p>Adem\u00e1s, desde el principio hemos trabajado con los mejores proveedores porque la calidad es nuestra base de marca. Con el tiempo, hemos perfeccionado una piel que fabrican en Italia en exclusiva para Mercules, con el grosor, acabado y brillo que necesitamos.<\/p>\n<p><img loading=\"lazy\" decoding=\"async\" class=\"aligncenter wp-image-193002 size-full\" src=\"https:\/\/graziamagazine.com\/es\/wp-content\/uploads\/sites\/12\/2026\/03\/2025_Mercules_AW2551750-scaled-e1773355407695.jpg\" alt=\"\" width=\"1638\" height=\"1962\" srcset=\"https:\/\/graziamagazine.com\/es\/wp-content\/uploads\/sites\/12\/2026\/03\/2025_Mercules_AW2551750-scaled-e1773355407695.jpg 1638w, https:\/\/graziamagazine.com\/es\/wp-content\/uploads\/sites\/12\/2026\/03\/2025_Mercules_AW2551750-scaled-e1773355407695-250x300.jpg 250w, https:\/\/graziamagazine.com\/es\/wp-content\/uploads\/sites\/12\/2026\/03\/2025_Mercules_AW2551750-scaled-e1773355407695-855x1024.jpg 855w, https:\/\/graziamagazine.com\/es\/wp-content\/uploads\/sites\/12\/2026\/03\/2025_Mercules_AW2551750-scaled-e1773355407695-768x920.jpg 768w, https:\/\/graziamagazine.com\/es\/wp-content\/uploads\/sites\/12\/2026\/03\/2025_Mercules_AW2551750-scaled-e1773355407695-1282x1536.jpg 1282w, https:\/\/graziamagazine.com\/es\/wp-content\/uploads\/sites\/12\/2026\/03\/2025_Mercules_AW2551750-scaled-e1773355407695-400x479.jpg 400w, https:\/\/graziamagazine.com\/es\/wp-content\/uploads\/sites\/12\/2026\/03\/2025_Mercules_AW2551750-scaled-e1773355407695-155x186.jpg 155w\" sizes=\"(max-width: 1638px) 100vw, 1638px\" \/><br \/>\n<strong>\u00bfY tu mejor momento hasta ahora con Mercules? Alg\u00fan logro que recuerdes con especial orgullo.<\/strong><\/p>\n<p>Cuando naci\u00f3 la marca tuve la suerte de que uno de los talleres con los que hab\u00eda trabajado en mis empleos anteriores me ayud\u00f3 fabricando para m\u00ed sin pedido m\u00ednimo. Mercules era el \u00faltimo cliente de su lista, creo que era m\u00e1s un estorbo que otra cosa jajaja. Hace un par de a\u00f1os nos confirm\u00f3 que ya no iba a fabricar para ninguna otra marca, solo para nosotras, y me ech\u00e9 a llorar. De repente pasaron por mi cabeza todos los a\u00f1os de esfuerzo y me di cuenta de que lo hab\u00edamos hecho bien.<\/p>\n<p><strong>Para alguien que descubre Mercules por primera vez, \u00bfqu\u00e9 tres cosas crees que debe conocer para entender qu\u00e9 hace especial a tu marca?<\/strong><br \/>\nSi alguien descubre Mercules por primera vez, hay tres cosas que creo que debe saber para entender realmente lo que hacemos.<\/p>\n<p>Primero, que\u00a0todo lo producimos artesanalmente en Espa\u00f1a; cada bolso pasa por talleres locales donde se cuida cada detalle. Es un trabajo que tiene alma, que respeta la tradici\u00f3n y la artesan\u00eda.<\/p>\n<p>Segundo, que\u00a0nuestras piezas tienen una est\u00e9tica propia y atemporal, con un sello reconocible que combina utilidad y personalidad.<\/p>\n<p>Y tercero, que\u00a0<strong>Mercules es una marca con alma<\/strong>: cada pieza est\u00e1 hecha con cuidado y pasi\u00f3n, y busca transmitir algo m\u00e1s que funcionalidad. Queremos que quien lleve un bolso Mercules sienta que tiene algo especial, que cada detalle refleje el cari\u00f1o y la dedicaci\u00f3n con la que lo hemos creado.<\/p>\n<p><img loading=\"lazy\" decoding=\"async\" class=\"aligncenter wp-image-192999 size-full\" src=\"https:\/\/graziamagazine.com\/es\/wp-content\/uploads\/sites\/12\/2026\/03\/2025_Mercules_AW2551324-scaled-e1773355433707.jpg\" alt=\"\" width=\"1796\" height=\"1736\" srcset=\"https:\/\/graziamagazine.com\/es\/wp-content\/uploads\/sites\/12\/2026\/03\/2025_Mercules_AW2551324-scaled-e1773355433707.jpg 1796w, https:\/\/graziamagazine.com\/es\/wp-content\/uploads\/sites\/12\/2026\/03\/2025_Mercules_AW2551324-scaled-e1773355433707-300x290.jpg 300w, https:\/\/graziamagazine.com\/es\/wp-content\/uploads\/sites\/12\/2026\/03\/2025_Mercules_AW2551324-scaled-e1773355433707-1024x990.jpg 1024w, https:\/\/graziamagazine.com\/es\/wp-content\/uploads\/sites\/12\/2026\/03\/2025_Mercules_AW2551324-scaled-e1773355433707-768x742.jpg 768w, https:\/\/graziamagazine.com\/es\/wp-content\/uploads\/sites\/12\/2026\/03\/2025_Mercules_AW2551324-scaled-e1773355433707-1536x1485.jpg 1536w, https:\/\/graziamagazine.com\/es\/wp-content\/uploads\/sites\/12\/2026\/03\/2025_Mercules_AW2551324-scaled-e1773355433707-400x387.jpg 400w, https:\/\/graziamagazine.com\/es\/wp-content\/uploads\/sites\/12\/2026\/03\/2025_Mercules_AW2551324-scaled-e1773355433707-155x150.jpg 155w\" sizes=\"(max-width: 1796px) 100vw, 1796px\" \/><\/p>\n<p><strong>Por \u00faltimo, \u00bfc\u00f3mo ves Mercules dentro de cinco a\u00f1os? \u00bfCu\u00e1l ser\u00eda la marca ideal en ese futuro para ti, en dise\u00f1o, reconocimiento, valores, producto?<\/strong><\/p>\n<p>Cuando pienso en Mercules dentro de cinco a\u00f1os, me gustar\u00eda verla\u00a0consolidada como una marca internacional\u00a0que sigue fiel a sus or\u00edgenes. Nuestro objetivo no es crecer a cualquier precio, sino hacerlo de una manera\u00a0s\u00f3lida, coherente y sostenible.<\/p>\n<p>En cuanto al dise\u00f1o, me imagino colecciones que sigan siendo atemporales, con ese equilibrio entre funcionalidad y estilo que siempre buscamos, y que se reconozcan f\u00e1cilmente por su identidad propia. En reconocimiento, me encantar\u00eda que Mercules fuera vista tambi\u00e9n fuera de Espa\u00f1a como una marca de confianza, con alma y como un producto honesto, hecho para durar. En valores, espero que sigamos profundizando en la sostenibilidad como hemos hecho hasta ahora. Y en producto, siempre trabajar bajo la misma filosof\u00eda de crear piezas vers\u00e1tiles, duraderas y con car\u00e1cter.<\/p>\n<p><img loading=\"lazy\" decoding=\"async\" class=\"aligncenter size-full wp-image-193000\" src=\"https:\/\/graziamagazine.com\/es\/wp-content\/uploads\/sites\/12\/2026\/03\/2025_Mercules_AW2551585-scaled.jpg\" alt=\"\" width=\"1707\" height=\"2560\" srcset=\"https:\/\/graziamagazine.com\/es\/wp-content\/uploads\/sites\/12\/2026\/03\/2025_Mercules_AW2551585-scaled.jpg 1707w, https:\/\/graziamagazine.com\/es\/wp-content\/uploads\/sites\/12\/2026\/03\/2025_Mercules_AW2551585-200x300.jpg 200w, https:\/\/graziamagazine.com\/es\/wp-content\/uploads\/sites\/12\/2026\/03\/2025_Mercules_AW2551585-683x1024.jpg 683w, https:\/\/graziamagazine.com\/es\/wp-content\/uploads\/sites\/12\/2026\/03\/2025_Mercules_AW2551585-768x1152.jpg 768w, https:\/\/graziamagazine.com\/es\/wp-content\/uploads\/sites\/12\/2026\/03\/2025_Mercules_AW2551585-1024x1536.jpg 1024w, https:\/\/graziamagazine.com\/es\/wp-content\/uploads\/sites\/12\/2026\/03\/2025_Mercules_AW2551585-1365x2048.jpg 1365w, https:\/\/graziamagazine.com\/es\/wp-content\/uploads\/sites\/12\/2026\/03\/2025_Mercules_AW2551585-400x600.jpg 400w, https:\/\/graziamagazine.com\/es\/wp-content\/uploads\/sites\/12\/2026\/03\/2025_Mercules_AW2551585-143x215.jpg 143w\" sizes=\"(max-width: 1707px) 100vw, 1707px\" \/><\/p>\n<p>En definitiva, dentro de cinco a\u00f1os me gustar\u00eda mirar atr\u00e1s y ver que Mercules ha crecido, s\u00ed, pero\u00a0sin perder el alma con la que nac\u00ed.<\/p>\n<p><em>*Im\u00e1genes: cortes\u00eda<\/em><\/p>\n","protected":false},"author":42702,"featured_media":193005,"template":"","format":"standard","categories":[2971,11738],"acf":{"banner":""},"yoast_head":"<!-- This site is optimized with the Yoast SEO Premium plugin v18.5 (Yoast SEO v20.4) - https:\/\/yoast.com\/wordpress\/plugins\/seo\/ -->\n<title>Mercedes Gallego, la creadora detr\u00e1s de la espa\u00f1ola Mercules<\/title>\n<meta name=\"description\" content=\"Con el expertise y el savoir faire de grandes firmas como Loewe, Dior o Massimo Dutti, Mercedes Gallego ha creado una de las marcas espa\u00f1olas con los\" \/>\n<meta name=\"robots\" content=\"index, follow, max-snippet:-1, max-image-preview:large, max-video-preview:-1\" \/>\n<link rel=\"canonical\" href=\"https:\/\/graziamagazine.com\/es\/articles\/mercedes-gallego-la-creadora-detras-de-la-espanola-mercules\/\" \/>\n<meta property=\"og:locale\" content=\"es_ES\" \/>\n<meta property=\"og:type\" content=\"article\" \/>\n<meta property=\"og:title\" content=\"Mercedes Gallego, la creadora detr\u00e1s de la espa\u00f1ola Mercules\" \/>\n<meta property=\"og:description\" content=\"Con el expertise y el savoir faire de grandes firmas como Loewe, Dior o Massimo Dutti, Mercedes Gallego ha creado una de las marcas espa\u00f1olas con los\" \/>\n<meta property=\"og:url\" content=\"https:\/\/graziamagazine.com\/es\/articles\/mercedes-gallego-la-creadora-detras-de-la-espanola-mercules\/\" \/>\n<meta property=\"og:site_name\" content=\"Grazia\" \/>\n<meta property=\"article:modified_time\" content=\"2026-03-13T09:08:30+00:00\" \/>\n<meta property=\"og:image\" content=\"https:\/\/graziamagazine.com\/es\/wp-content\/uploads\/sites\/12\/2026\/03\/merculesrocks-2-e1773355950609.jpg\" \/>\n\t<meta property=\"og:image:width\" content=\"1400\" \/>\n\t<meta property=\"og:image:height\" content=\"1072\" \/>\n\t<meta property=\"og:image:type\" content=\"image\/jpeg\" \/>\n<meta name=\"twitter:card\" content=\"summary_large_image\" \/>\n<meta name=\"twitter:label1\" content=\"Est. reading time\" \/>\n\t<meta name=\"twitter:data1\" content=\"8 minutos\" \/>\n<script type=\"application\/ld+json\" class=\"yoast-schema-graph\">{\"@context\":\"https:\/\/schema.org\",\"@graph\":[{\"@type\":\"WebPage\",\"@id\":\"https:\/\/graziamagazine.com\/es\/articles\/mercedes-gallego-la-creadora-detras-de-la-espanola-mercules\/\",\"url\":\"https:\/\/graziamagazine.com\/es\/articles\/mercedes-gallego-la-creadora-detras-de-la-espanola-mercules\/\",\"name\":\"Mercedes Gallego, la creadora detr\u00e1s de la espa\u00f1ola Mercules\",\"isPartOf\":{\"@id\":\"https:\/\/graziamagazine.com\/es\/#website\"},\"datePublished\":\"2026-03-13T07:00:20+00:00\",\"dateModified\":\"2026-03-13T09:08:30+00:00\",\"description\":\"Con el expertise y el savoir faire de grandes firmas como Loewe, Dior o Massimo Dutti, Mercedes Gallego ha creado una de las marcas espa\u00f1olas con los\",\"breadcrumb\":{\"@id\":\"https:\/\/graziamagazine.com\/es\/articles\/mercedes-gallego-la-creadora-detras-de-la-espanola-mercules\/#breadcrumb\"},\"inLanguage\":\"es\",\"potentialAction\":[{\"@type\":\"ReadAction\",\"target\":[\"https:\/\/graziamagazine.com\/es\/articles\/mercedes-gallego-la-creadora-detras-de-la-espanola-mercules\/\"]}]},{\"@type\":\"BreadcrumbList\",\"@id\":\"https:\/\/graziamagazine.com\/es\/articles\/mercedes-gallego-la-creadora-detras-de-la-espanola-mercules\/#breadcrumb\",\"itemListElement\":[{\"@type\":\"ListItem\",\"position\":1,\"name\":\"Portada\",\"item\":\"https:\/\/graziamagazine.com\/es\/\"},{\"@type\":\"ListItem\",\"position\":2,\"name\":\"Mercedes Gallego, la creadora detr\u00e1s de la espa\u00f1ola Mercules\"}]},{\"@type\":\"WebSite\",\"@id\":\"https:\/\/graziamagazine.com\/es\/#website\",\"url\":\"https:\/\/graziamagazine.com\/es\/\",\"name\":\"Grazia\",\"description\":\"Moda, belleza, celebrities, estilo de vida...\",\"potentialAction\":[{\"@type\":\"SearchAction\",\"target\":{\"@type\":\"EntryPoint\",\"urlTemplate\":\"https:\/\/graziamagazine.com\/es\/?s={search_term_string}\"},\"query-input\":\"required name=search_term_string\"}],\"inLanguage\":\"es\"}]}<\/script>\n<!-- \/ Yoast SEO Premium plugin. -->","yoast_head_json":{"title":"Mercedes Gallego, la creadora detr\u00e1s de la espa\u00f1ola Mercules","description":"Con el expertise y el savoir faire de grandes firmas como Loewe, Dior o Massimo Dutti, Mercedes Gallego ha creado una de las marcas espa\u00f1olas con los","robots":{"index":"index","follow":"follow","max-snippet":"max-snippet:-1","max-image-preview":"max-image-preview:large","max-video-preview":"max-video-preview:-1"},"canonical":"https:\/\/graziamagazine.com\/es\/articles\/mercedes-gallego-la-creadora-detras-de-la-espanola-mercules\/","og_locale":"es_ES","og_type":"article","og_title":"Mercedes Gallego, la creadora detr\u00e1s de la espa\u00f1ola Mercules","og_description":"Con el expertise y el savoir faire de grandes firmas como Loewe, Dior o Massimo Dutti, Mercedes Gallego ha creado una de las marcas espa\u00f1olas con los","og_url":"https:\/\/graziamagazine.com\/es\/articles\/mercedes-gallego-la-creadora-detras-de-la-espanola-mercules\/","og_site_name":"Grazia","article_modified_time":"2026-03-13T09:08:30+00:00","og_image":[{"width":1400,"height":1072,"url":"https:\/\/graziamagazine.com\/es\/wp-content\/uploads\/sites\/12\/2026\/03\/merculesrocks-2-e1773355950609.jpg","type":"image\/jpeg"}],"twitter_card":"summary_large_image","twitter_misc":{"Est. reading time":"8 minutos"},"schema":{"@context":"https:\/\/schema.org","@graph":[{"@type":"WebPage","@id":"https:\/\/graziamagazine.com\/es\/articles\/mercedes-gallego-la-creadora-detras-de-la-espanola-mercules\/","url":"https:\/\/graziamagazine.com\/es\/articles\/mercedes-gallego-la-creadora-detras-de-la-espanola-mercules\/","name":"Mercedes Gallego, la creadora detr\u00e1s de la espa\u00f1ola Mercules","isPartOf":{"@id":"https:\/\/graziamagazine.com\/es\/#website"},"datePublished":"2026-03-13T07:00:20+00:00","dateModified":"2026-03-13T09:08:30+00:00","description":"Con el expertise y el savoir faire de grandes firmas como Loewe, Dior o Massimo Dutti, Mercedes Gallego ha creado una de las marcas espa\u00f1olas con los","breadcrumb":{"@id":"https:\/\/graziamagazine.com\/es\/articles\/mercedes-gallego-la-creadora-detras-de-la-espanola-mercules\/#breadcrumb"},"inLanguage":"es","potentialAction":[{"@type":"ReadAction","target":["https:\/\/graziamagazine.com\/es\/articles\/mercedes-gallego-la-creadora-detras-de-la-espanola-mercules\/"]}]},{"@type":"BreadcrumbList","@id":"https:\/\/graziamagazine.com\/es\/articles\/mercedes-gallego-la-creadora-detras-de-la-espanola-mercules\/#breadcrumb","itemListElement":[{"@type":"ListItem","position":1,"name":"Portada","item":"https:\/\/graziamagazine.com\/es\/"},{"@type":"ListItem","position":2,"name":"Mercedes Gallego, la creadora detr\u00e1s de la espa\u00f1ola Mercules"}]},{"@type":"WebSite","@id":"https:\/\/graziamagazine.com\/es\/#website","url":"https:\/\/graziamagazine.com\/es\/","name":"Grazia","description":"Moda, belleza, celebrities, estilo de vida...","potentialAction":[{"@type":"SearchAction","target":{"@type":"EntryPoint","urlTemplate":"https:\/\/graziamagazine.com\/es\/?s={search_term_string}"},"query-input":"required name=search_term_string"}],"inLanguage":"es"}]}},"jetpack_sharing_enabled":true,"distributor_meta":false,"distributor_terms":false,"distributor_media":false,"distributor_original_site_name":"Grazia","distributor_original_site_url":"https:\/\/graziamagazine.com\/es","push-errors":false,"_links":{"self":[{"href":"https:\/\/graziamagazine.com\/es\/wp-json\/wp\/v2\/articles\/192997"}],"collection":[{"href":"https:\/\/graziamagazine.com\/es\/wp-json\/wp\/v2\/articles"}],"about":[{"href":"https:\/\/graziamagazine.com\/es\/wp-json\/wp\/v2\/types\/articles"}],"author":[{"embeddable":true,"href":"https:\/\/graziamagazine.com\/es\/wp-json\/wp\/v2\/users\/42702"}],"wp:featuredmedia":[{"embeddable":true,"href":"https:\/\/graziamagazine.com\/es\/wp-json\/wp\/v2\/media\/193005"}],"wp:attachment":[{"href":"https:\/\/graziamagazine.com\/es\/wp-json\/wp\/v2\/media?parent=192997"}],"wp:term":[{"taxonomy":"category","embeddable":true,"href":"https:\/\/graziamagazine.com\/es\/wp-json\/wp\/v2\/categories?post=192997"}],"curies":[{"name":"wp","href":"https:\/\/api.w.org\/{rel}","templated":true}]}}