{"id":192981,"date":"2026-03-12T18:30:08","date_gmt":"2026-03-12T17:30:08","guid":{"rendered":"https:\/\/graziamagazine.com\/es\/?post_type=articles&#038;p=192981"},"modified":"2026-03-12T18:30:08","modified_gmt":"2026-03-12T17:30:08","slug":"asi-ha-sido-el-desfile-inaugural-de-omoda-madrid-es-moda","status":"publish","type":"articles","link":"https:\/\/graziamagazine.com\/es\/articles\/asi-ha-sido-el-desfile-inaugural-de-omoda-madrid-es-moda\/","title":{"rendered":"As\u00ed ha sido el desfile inaugural de OMODA Madrid es Moda"},"content":{"rendered":"<p class=\"x_MsoNormal\"><span lang=\"NL\" data-olk-copy-source=\"MessageBody\">Esta ma\u00f1ana, OMODA Madrid es Moda ha arrancado su nueva edici\u00f3n con un gran desfile en la ic\u00f3nica\u00a0<b>Plaza de Espa\u00f1a\u00a0<\/b>de la capital. Un evento organizado junto al Ayuntamiento de Madrid que inaugura la Semana de la Moda.<\/span><span lang=\"NL\">\u00a0<\/span><\/p>\n<p class=\"x_MsoNormal\"><span lang=\"ES-TRAD\">Una pasarela urbana escoltada por la Torre de Madrid y el Edificio Espa\u00f1a, dos de los rascacielos m\u00e1s simb\u00f3licos de la ciudad, y la fuente dedicada a Miguel de Cervantes y a sus universales Don Quijote y Sancho Panza.<\/span><\/p>\n<p class=\"x_MsoNormal\"><span lang=\"ES-TRAD\">En este marco incomparable han mostrado sus colecciones\u00a0<b>Adlib Ibiza, Candelas y Felipa, Daniel Chong, Devota &amp; Lomba, Dominnico, Duyos, E.R.A.X., Eduardo Navarrete, Evade House, F\u00e9lix Ramiro, Garc\u00eda Madrid, It-Spain, Javier Delafuente, Juana Mart\u00edn, Luis Berrendero, Luis Infantes, Miguel Marinero, Mirto, Pe\u00f1alver Brand, Paloma Su\u00e1rez, Pilar Dalbat, Roberto Torretta, Roberto Verino, The Extreme Collection\u00a0<\/b>y<b>\u00a0WE ARE SPASTOR<\/b>. 25 destacados dise\u00f1adores y 40 modelos unidos para celebrar la moda de autor espa\u00f1ola y reivindicar los oficios y la artesan\u00eda que la<\/span><span lang=\"ES-TRAD\"> hacen posible.<\/span><\/p>\n<p><img loading=\"lazy\" decoding=\"async\" class=\"aligncenter size-full wp-image-192990\" src=\"https:\/\/graziamagazine.com\/es\/wp-content\/uploads\/sites\/12\/2026\/03\/web-desfile-evento-inaugural-omoda-madrid-es-moda-0326-express-pablo-paniagua-0007.jpg\" alt=\"\" width=\"718\" height=\"1080\" srcset=\"https:\/\/graziamagazine.com\/es\/wp-content\/uploads\/sites\/12\/2026\/03\/web-desfile-evento-inaugural-omoda-madrid-es-moda-0326-express-pablo-paniagua-0007.jpg 718w, https:\/\/graziamagazine.com\/es\/wp-content\/uploads\/sites\/12\/2026\/03\/web-desfile-evento-inaugural-omoda-madrid-es-moda-0326-express-pablo-paniagua-0007-199x300.jpg 199w, https:\/\/graziamagazine.com\/es\/wp-content\/uploads\/sites\/12\/2026\/03\/web-desfile-evento-inaugural-omoda-madrid-es-moda-0326-express-pablo-paniagua-0007-681x1024.jpg 681w, https:\/\/graziamagazine.com\/es\/wp-content\/uploads\/sites\/12\/2026\/03\/web-desfile-evento-inaugural-omoda-madrid-es-moda-0326-express-pablo-paniagua-0007-400x602.jpg 400w, https:\/\/graziamagazine.com\/es\/wp-content\/uploads\/sites\/12\/2026\/03\/web-desfile-evento-inaugural-omoda-madrid-es-moda-0326-express-pablo-paniagua-0007-143x215.jpg 143w\" sizes=\"(max-width: 718px) 100vw, 718px\" \/><\/p>\n<p><img loading=\"lazy\" decoding=\"async\" class=\"aligncenter size-full wp-image-192991\" src=\"https:\/\/graziamagazine.com\/es\/wp-content\/uploads\/sites\/12\/2026\/03\/web-desfile-evento-inaugural-omoda-madrid-es-moda-0326-express-pablo-paniagua-0016.jpg\" alt=\"\" width=\"718\" height=\"1080\" srcset=\"https:\/\/graziamagazine.com\/es\/wp-content\/uploads\/sites\/12\/2026\/03\/web-desfile-evento-inaugural-omoda-madrid-es-moda-0326-express-pablo-paniagua-0016.jpg 718w, https:\/\/graziamagazine.com\/es\/wp-content\/uploads\/sites\/12\/2026\/03\/web-desfile-evento-inaugural-omoda-madrid-es-moda-0326-express-pablo-paniagua-0016-199x300.jpg 199w, https:\/\/graziamagazine.com\/es\/wp-content\/uploads\/sites\/12\/2026\/03\/web-desfile-evento-inaugural-omoda-madrid-es-moda-0326-express-pablo-paniagua-0016-681x1024.jpg 681w, https:\/\/graziamagazine.com\/es\/wp-content\/uploads\/sites\/12\/2026\/03\/web-desfile-evento-inaugural-omoda-madrid-es-moda-0326-express-pablo-paniagua-0016-400x602.jpg 400w, https:\/\/graziamagazine.com\/es\/wp-content\/uploads\/sites\/12\/2026\/03\/web-desfile-evento-inaugural-omoda-madrid-es-moda-0326-express-pablo-paniagua-0016-143x215.jpg 143w\" sizes=\"(max-width: 718px) 100vw, 718px\" \/><\/p>\n<p><img loading=\"lazy\" decoding=\"async\" class=\"aligncenter size-full wp-image-192988\" src=\"https:\/\/graziamagazine.com\/es\/wp-content\/uploads\/sites\/12\/2026\/03\/web-desfile-evento-inaugural-omoda-madrid-es-moda-0326-express-pablo-paniagua-0040.jpg\" alt=\"\" width=\"718\" height=\"1080\" srcset=\"https:\/\/graziamagazine.com\/es\/wp-content\/uploads\/sites\/12\/2026\/03\/web-desfile-evento-inaugural-omoda-madrid-es-moda-0326-express-pablo-paniagua-0040.jpg 718w, https:\/\/graziamagazine.com\/es\/wp-content\/uploads\/sites\/12\/2026\/03\/web-desfile-evento-inaugural-omoda-madrid-es-moda-0326-express-pablo-paniagua-0040-199x300.jpg 199w, https:\/\/graziamagazine.com\/es\/wp-content\/uploads\/sites\/12\/2026\/03\/web-desfile-evento-inaugural-omoda-madrid-es-moda-0326-express-pablo-paniagua-0040-681x1024.jpg 681w, https:\/\/graziamagazine.com\/es\/wp-content\/uploads\/sites\/12\/2026\/03\/web-desfile-evento-inaugural-omoda-madrid-es-moda-0326-express-pablo-paniagua-0040-400x602.jpg 400w, https:\/\/graziamagazine.com\/es\/wp-content\/uploads\/sites\/12\/2026\/03\/web-desfile-evento-inaugural-omoda-madrid-es-moda-0326-express-pablo-paniagua-0040-143x215.jpg 143w\" sizes=\"(max-width: 718px) 100vw, 718px\" \/><\/p>\n<p class=\"x_MsoNormal\"><span lang=\"ES-TRAD\">Se han sumado a la cita numerosos invitados, entre ellos,\u00a0<b>Pelayo D\u00edaz, Mishel Gerzig, Beatriz Espejel, Mar\u00eda Monfort, Cristina Lora, Melissa Villarreal, Ane Rot, Marta L\u00f3pez \u00c1lamo<\/b>\u00a0y\u00a0<b>Susana Megan.\u00a0<\/b>As\u00ed como\u00a0<b>Mayo, Asha y The Quinquis<\/b>, participantes de\u00a0<b>Benidorm Fest<\/b>.<\/span><\/p>\n<p><img loading=\"lazy\" decoding=\"async\" class=\"aligncenter size-full wp-image-192985\" src=\"https:\/\/graziamagazine.com\/es\/wp-content\/uploads\/sites\/12\/2026\/03\/desfile-MEMIMG_3212_H.jpg\" alt=\"\" width=\"2096\" height=\"1398\" srcset=\"https:\/\/graziamagazine.com\/es\/wp-content\/uploads\/sites\/12\/2026\/03\/desfile-MEMIMG_3212_H.jpg 2096w, https:\/\/graziamagazine.com\/es\/wp-content\/uploads\/sites\/12\/2026\/03\/desfile-MEMIMG_3212_H-300x200.jpg 300w, https:\/\/graziamagazine.com\/es\/wp-content\/uploads\/sites\/12\/2026\/03\/desfile-MEMIMG_3212_H-1024x683.jpg 1024w, https:\/\/graziamagazine.com\/es\/wp-content\/uploads\/sites\/12\/2026\/03\/desfile-MEMIMG_3212_H-768x512.jpg 768w, https:\/\/graziamagazine.com\/es\/wp-content\/uploads\/sites\/12\/2026\/03\/desfile-MEMIMG_3212_H-1536x1024.jpg 1536w, https:\/\/graziamagazine.com\/es\/wp-content\/uploads\/sites\/12\/2026\/03\/desfile-MEMIMG_3212_H-2048x1366.jpg 2048w, https:\/\/graziamagazine.com\/es\/wp-content\/uploads\/sites\/12\/2026\/03\/desfile-MEMIMG_3212_H-400x267.jpg 400w, https:\/\/graziamagazine.com\/es\/wp-content\/uploads\/sites\/12\/2026\/03\/desfile-MEMIMG_3212_H-155x103.jpg 155w\" sizes=\"(max-width: 2096px) 100vw, 2096px\" \/><\/p>\n<p><img loading=\"lazy\" decoding=\"async\" class=\"aligncenter size-full wp-image-192984\" src=\"https:\/\/graziamagazine.com\/es\/wp-content\/uploads\/sites\/12\/2026\/03\/desfile-MEMIMG_3270_H.jpg\" alt=\"\" width=\"2096\" height=\"1398\" srcset=\"https:\/\/graziamagazine.com\/es\/wp-content\/uploads\/sites\/12\/2026\/03\/desfile-MEMIMG_3270_H.jpg 2096w, https:\/\/graziamagazine.com\/es\/wp-content\/uploads\/sites\/12\/2026\/03\/desfile-MEMIMG_3270_H-300x200.jpg 300w, https:\/\/graziamagazine.com\/es\/wp-content\/uploads\/sites\/12\/2026\/03\/desfile-MEMIMG_3270_H-1024x683.jpg 1024w, https:\/\/graziamagazine.com\/es\/wp-content\/uploads\/sites\/12\/2026\/03\/desfile-MEMIMG_3270_H-768x512.jpg 768w, https:\/\/graziamagazine.com\/es\/wp-content\/uploads\/sites\/12\/2026\/03\/desfile-MEMIMG_3270_H-1536x1024.jpg 1536w, https:\/\/graziamagazine.com\/es\/wp-content\/uploads\/sites\/12\/2026\/03\/desfile-MEMIMG_3270_H-2048x1366.jpg 2048w, https:\/\/graziamagazine.com\/es\/wp-content\/uploads\/sites\/12\/2026\/03\/desfile-MEMIMG_3270_H-400x267.jpg 400w, https:\/\/graziamagazine.com\/es\/wp-content\/uploads\/sites\/12\/2026\/03\/desfile-MEMIMG_3270_H-155x103.jpg 155w\" sizes=\"(max-width: 2096px) 100vw, 2096px\" \/><\/p>\n<p class=\"x_MsoNormal\"><span lang=\"ES-TRAD\" data-olk-copy-source=\"MessageBody\">Pioneros en unir la moda con el patrimonio cultural de Madrid, OMODA Madrid es Moda dar\u00e1 as\u00ed el pistoletazo de salida a un amplio calendario que del 12 al 17 de marzo programar\u00e1\u00a0<b>m\u00e1s de 30 desfiles, presentaciones,<i>\u00a0performances<\/i>, exposiciones y coloquios<\/b>\u00a0en todos los rincones la ciudad. La Casa de la Arquitectura, el Instituto Cervantes, Pabell\u00f3n Sat\u00e9lite Madrid Arena, el Museo de San Isidro, la Real Academia de Bellas Artes de San Fernando, el atrio del Cuartel General de la Armada, el Espacio Cultural Serrer\u00eda Belga o el Teatro Magno son algunos de los lugares emblem\u00e1ticos donde los principales dise\u00f1adores espa\u00f1oles acercar\u00e1n sus propuestas.\u00a0<\/span><\/p>\n<p><img loading=\"lazy\" decoding=\"async\" class=\"aligncenter size-full wp-image-192982\" src=\"https:\/\/graziamagazine.com\/es\/wp-content\/uploads\/sites\/12\/2026\/03\/descarga.png\" alt=\"\" width=\"1920\" height=\"1080\" srcset=\"https:\/\/graziamagazine.com\/es\/wp-content\/uploads\/sites\/12\/2026\/03\/descarga.png 1920w, https:\/\/graziamagazine.com\/es\/wp-content\/uploads\/sites\/12\/2026\/03\/descarga-300x169.png 300w, https:\/\/graziamagazine.com\/es\/wp-content\/uploads\/sites\/12\/2026\/03\/descarga-1024x576.png 1024w, https:\/\/graziamagazine.com\/es\/wp-content\/uploads\/sites\/12\/2026\/03\/descarga-768x432.png 768w, https:\/\/graziamagazine.com\/es\/wp-content\/uploads\/sites\/12\/2026\/03\/descarga-1536x864.png 1536w, https:\/\/graziamagazine.com\/es\/wp-content\/uploads\/sites\/12\/2026\/03\/descarga-400x225.png 400w, https:\/\/graziamagazine.com\/es\/wp-content\/uploads\/sites\/12\/2026\/03\/descarga-155x87.png 155w\" sizes=\"(max-width: 1920px) 100vw, 1920px\" \/><\/p>\n<p class=\"x_MsoNormal\"><span lang=\"ES-TRAD\"><a href=\"https:\/\/madridesmoda.com\/\"title=\"https:\/\/madridesmoda.com\/\"  target=\"_blank\" rel=\"noopener noreferrer\" data-auth=\"NotApplicable\" data-linkindex=\"1\" target=\"_blank\"><span lang=\"NL\">OMODA Madrid es Moda<\/span><\/a><\/span><span lang=\"NL\">\u00a0es un\u00a0<\/span>proyecto creado en 2015 por la Asociaci\u00f3n Creadores de Moda de Espa\u00f1a (ACME) y cuenta con el apoyo del Ayuntamiento de Madrid a trav\u00e9s de la iniciativa municipal\u00a0<span lang=\"ES-TRAD\"><a href=\"https:\/\/www.madridcapitaldemoda.com\/\"title=\"https:\/\/www.madridcapitaldemoda.com\/\"  target=\"_blank\" rel=\"noopener noreferrer\" data-auth=\"NotApplicable\" data-linkindex=\"2\" target=\"_blank\"><span lang=\"NL\">Madrid Capital de Moda<\/span><\/a><\/span>, liderada por el \u00c1rea de Gobierno de Econom\u00eda, Innovaci\u00f3n y Hacienda.<\/p>\n<p><img loading=\"lazy\" decoding=\"async\" class=\"aligncenter size-full wp-image-192986\" src=\"https:\/\/graziamagazine.com\/es\/wp-content\/uploads\/sites\/12\/2026\/03\/desfile-MEMIMG_3193_H.jpg\" alt=\"\" width=\"932\" height=\"1398\" srcset=\"https:\/\/graziamagazine.com\/es\/wp-content\/uploads\/sites\/12\/2026\/03\/desfile-MEMIMG_3193_H.jpg 932w, https:\/\/graziamagazine.com\/es\/wp-content\/uploads\/sites\/12\/2026\/03\/desfile-MEMIMG_3193_H-200x300.jpg 200w, https:\/\/graziamagazine.com\/es\/wp-content\/uploads\/sites\/12\/2026\/03\/desfile-MEMIMG_3193_H-683x1024.jpg 683w, https:\/\/graziamagazine.com\/es\/wp-content\/uploads\/sites\/12\/2026\/03\/desfile-MEMIMG_3193_H-768x1152.jpg 768w, https:\/\/graziamagazine.com\/es\/wp-content\/uploads\/sites\/12\/2026\/03\/desfile-MEMIMG_3193_H-400x600.jpg 400w, https:\/\/graziamagazine.com\/es\/wp-content\/uploads\/sites\/12\/2026\/03\/desfile-MEMIMG_3193_H-143x215.jpg 143w\" sizes=\"(max-width: 932px) 100vw, 932px\" \/><\/p>\n<p class=\"x_MsoNormal\"><span lang=\"ES-TRAD\">OMODA Madrid es Moda es tambi\u00e9n posible gracias al patrocinio de\u00a0<b>OMODA<\/b>\u2015Global Partner de la plataforma\u2015,<b>\u00a0Sol\u00e1n de Cabras<\/b>,\u00a0<b>Keune Haircosmetics, glo\u2122, Ancient + Brave<\/b>\u00a0y\u00a0<b>Unisa<\/b>. Asimismo, agradece el apoyo especial del\u00a0<b>Espacio Cultural Serrer\u00eda Belga<\/b>, localizaci\u00f3n de una parte de las actividades y centro de operaciones del evento, y de\u00a0<b>Barcel\u00f3 Torre de Madrid<\/b>, hotel oficial de la edici\u00f3n.<\/span><\/p>\n<p><img loading=\"lazy\" decoding=\"async\" class=\"aligncenter size-full wp-image-192983\" src=\"https:\/\/graziamagazine.com\/es\/wp-content\/uploads\/sites\/12\/2026\/03\/99ac7d3e-abe4-41f2-b943-47cd576e7d82.jpeg\" alt=\"\" width=\"1080\" height=\"720\" srcset=\"https:\/\/graziamagazine.com\/es\/wp-content\/uploads\/sites\/12\/2026\/03\/99ac7d3e-abe4-41f2-b943-47cd576e7d82.jpeg 1080w, https:\/\/graziamagazine.com\/es\/wp-content\/uploads\/sites\/12\/2026\/03\/99ac7d3e-abe4-41f2-b943-47cd576e7d82-300x200.jpeg 300w, https:\/\/graziamagazine.com\/es\/wp-content\/uploads\/sites\/12\/2026\/03\/99ac7d3e-abe4-41f2-b943-47cd576e7d82-1024x683.jpeg 1024w, https:\/\/graziamagazine.com\/es\/wp-content\/uploads\/sites\/12\/2026\/03\/99ac7d3e-abe4-41f2-b943-47cd576e7d82-768x512.jpeg 768w, https:\/\/graziamagazine.com\/es\/wp-content\/uploads\/sites\/12\/2026\/03\/99ac7d3e-abe4-41f2-b943-47cd576e7d82-400x267.jpeg 400w, https:\/\/graziamagazine.com\/es\/wp-content\/uploads\/sites\/12\/2026\/03\/99ac7d3e-abe4-41f2-b943-47cd576e7d82-155x103.jpeg 155w\" sizes=\"(max-width: 1080px) 100vw, 1080px\" \/><\/p>\n<p><em>*Im\u00e1genes: cortes\u00eda OMODA Madrid es Moda<\/em><\/p>\n<p class=\"x_MsoNormal\"><span lang=\"ES-TRAD\">\u00a0<\/span><\/p>\n","protected":false},"author":11653,"featured_media":192987,"template":"","format":"standard","categories":[2971,11738],"acf":{"banner":""},"yoast_head":"<!-- This site is optimized with the Yoast SEO Premium plugin v18.5 (Yoast SEO v20.4) - https:\/\/yoast.com\/wordpress\/plugins\/seo\/ -->\n<title>As\u00ed ha sido el desfile inaugural de OMODA Madrid es Moda<\/title>\n<meta name=\"description\" content=\"25 destacados dise\u00f1adores y 40 modelos unidos para celebrar la moda de autor y reivindicar los oficios y la artesan\u00eda que la hacen posible.\" \/>\n<meta name=\"robots\" content=\"index, follow, max-snippet:-1, max-image-preview:large, max-video-preview:-1\" \/>\n<link rel=\"canonical\" href=\"https:\/\/graziamagazine.com\/es\/articles\/asi-ha-sido-el-desfile-inaugural-de-omoda-madrid-es-moda\/\" \/>\n<meta property=\"og:locale\" content=\"es_ES\" \/>\n<meta property=\"og:type\" content=\"article\" \/>\n<meta property=\"og:title\" content=\"As\u00ed ha sido el desfile inaugural de OMODA Madrid es Moda\" \/>\n<meta property=\"og:description\" content=\"25 destacados dise\u00f1adores y 40 modelos unidos para celebrar la moda de autor y reivindicar los oficios y la artesan\u00eda que la hacen posible.\" \/>\n<meta property=\"og:url\" content=\"https:\/\/graziamagazine.com\/es\/articles\/asi-ha-sido-el-desfile-inaugural-de-omoda-madrid-es-moda\/\" \/>\n<meta property=\"og:site_name\" content=\"Grazia\" \/>\n<meta property=\"og:image\" content=\"https:\/\/graziamagazine.com\/es\/wp-content\/uploads\/sites\/12\/2026\/03\/desfile-MEMIMG_3078_H.jpg\" \/>\n\t<meta property=\"og:image:width\" content=\"2096\" \/>\n\t<meta property=\"og:image:height\" content=\"1398\" \/>\n\t<meta property=\"og:image:type\" content=\"image\/jpeg\" \/>\n<meta name=\"twitter:card\" content=\"summary_large_image\" \/>\n<script type=\"application\/ld+json\" class=\"yoast-schema-graph\">{\"@context\":\"https:\/\/schema.org\",\"@graph\":[{\"@type\":\"WebPage\",\"@id\":\"https:\/\/graziamagazine.com\/es\/articles\/asi-ha-sido-el-desfile-inaugural-de-omoda-madrid-es-moda\/\",\"url\":\"https:\/\/graziamagazine.com\/es\/articles\/asi-ha-sido-el-desfile-inaugural-de-omoda-madrid-es-moda\/\",\"name\":\"As\u00ed ha sido el desfile inaugural de OMODA Madrid es Moda\",\"isPartOf\":{\"@id\":\"https:\/\/graziamagazine.com\/es\/#website\"},\"datePublished\":\"2026-03-12T17:30:08+00:00\",\"dateModified\":\"2026-03-12T17:30:08+00:00\",\"description\":\"25 destacados dise\u00f1adores y 40 modelos unidos para celebrar la moda de autor y reivindicar los oficios y la artesan\u00eda que la hacen posible.\",\"breadcrumb\":{\"@id\":\"https:\/\/graziamagazine.com\/es\/articles\/asi-ha-sido-el-desfile-inaugural-de-omoda-madrid-es-moda\/#breadcrumb\"},\"inLanguage\":\"es\",\"potentialAction\":[{\"@type\":\"ReadAction\",\"target\":[\"https:\/\/graziamagazine.com\/es\/articles\/asi-ha-sido-el-desfile-inaugural-de-omoda-madrid-es-moda\/\"]}]},{\"@type\":\"BreadcrumbList\",\"@id\":\"https:\/\/graziamagazine.com\/es\/articles\/asi-ha-sido-el-desfile-inaugural-de-omoda-madrid-es-moda\/#breadcrumb\",\"itemListElement\":[{\"@type\":\"ListItem\",\"position\":1,\"name\":\"Portada\",\"item\":\"https:\/\/graziamagazine.com\/es\/\"},{\"@type\":\"ListItem\",\"position\":2,\"name\":\"As\u00ed ha sido el desfile inaugural de OMODA Madrid es Moda\"}]},{\"@type\":\"WebSite\",\"@id\":\"https:\/\/graziamagazine.com\/es\/#website\",\"url\":\"https:\/\/graziamagazine.com\/es\/\",\"name\":\"Grazia\",\"description\":\"Moda, belleza, celebrities, estilo de vida...\",\"potentialAction\":[{\"@type\":\"SearchAction\",\"target\":{\"@type\":\"EntryPoint\",\"urlTemplate\":\"https:\/\/graziamagazine.com\/es\/?s={search_term_string}\"},\"query-input\":\"required name=search_term_string\"}],\"inLanguage\":\"es\"}]}<\/script>\n<!-- \/ Yoast SEO Premium plugin. -->","yoast_head_json":{"title":"As\u00ed ha sido el desfile inaugural de OMODA Madrid es Moda","description":"25 destacados dise\u00f1adores y 40 modelos unidos para celebrar la moda de autor y reivindicar los oficios y la artesan\u00eda que la hacen posible.","robots":{"index":"index","follow":"follow","max-snippet":"max-snippet:-1","max-image-preview":"max-image-preview:large","max-video-preview":"max-video-preview:-1"},"canonical":"https:\/\/graziamagazine.com\/es\/articles\/asi-ha-sido-el-desfile-inaugural-de-omoda-madrid-es-moda\/","og_locale":"es_ES","og_type":"article","og_title":"As\u00ed ha sido el desfile inaugural de OMODA Madrid es Moda","og_description":"25 destacados dise\u00f1adores y 40 modelos unidos para celebrar la moda de autor y reivindicar los oficios y la artesan\u00eda que la hacen posible.","og_url":"https:\/\/graziamagazine.com\/es\/articles\/asi-ha-sido-el-desfile-inaugural-de-omoda-madrid-es-moda\/","og_site_name":"Grazia","og_image":[{"width":2096,"height":1398,"url":"https:\/\/graziamagazine.com\/es\/wp-content\/uploads\/sites\/12\/2026\/03\/desfile-MEMIMG_3078_H.jpg","type":"image\/jpeg"}],"twitter_card":"summary_large_image","schema":{"@context":"https:\/\/schema.org","@graph":[{"@type":"WebPage","@id":"https:\/\/graziamagazine.com\/es\/articles\/asi-ha-sido-el-desfile-inaugural-de-omoda-madrid-es-moda\/","url":"https:\/\/graziamagazine.com\/es\/articles\/asi-ha-sido-el-desfile-inaugural-de-omoda-madrid-es-moda\/","name":"As\u00ed ha sido el desfile inaugural de OMODA Madrid es Moda","isPartOf":{"@id":"https:\/\/graziamagazine.com\/es\/#website"},"datePublished":"2026-03-12T17:30:08+00:00","dateModified":"2026-03-12T17:30:08+00:00","description":"25 destacados dise\u00f1adores y 40 modelos unidos para celebrar la moda de autor y reivindicar los oficios y la artesan\u00eda que la hacen posible.","breadcrumb":{"@id":"https:\/\/graziamagazine.com\/es\/articles\/asi-ha-sido-el-desfile-inaugural-de-omoda-madrid-es-moda\/#breadcrumb"},"inLanguage":"es","potentialAction":[{"@type":"ReadAction","target":["https:\/\/graziamagazine.com\/es\/articles\/asi-ha-sido-el-desfile-inaugural-de-omoda-madrid-es-moda\/"]}]},{"@type":"BreadcrumbList","@id":"https:\/\/graziamagazine.com\/es\/articles\/asi-ha-sido-el-desfile-inaugural-de-omoda-madrid-es-moda\/#breadcrumb","itemListElement":[{"@type":"ListItem","position":1,"name":"Portada","item":"https:\/\/graziamagazine.com\/es\/"},{"@type":"ListItem","position":2,"name":"As\u00ed ha sido el desfile inaugural de OMODA Madrid es Moda"}]},{"@type":"WebSite","@id":"https:\/\/graziamagazine.com\/es\/#website","url":"https:\/\/graziamagazine.com\/es\/","name":"Grazia","description":"Moda, belleza, celebrities, estilo de vida...","potentialAction":[{"@type":"SearchAction","target":{"@type":"EntryPoint","urlTemplate":"https:\/\/graziamagazine.com\/es\/?s={search_term_string}"},"query-input":"required name=search_term_string"}],"inLanguage":"es"}]}},"jetpack_sharing_enabled":true,"distributor_meta":false,"distributor_terms":false,"distributor_media":false,"distributor_original_site_name":"Grazia","distributor_original_site_url":"https:\/\/graziamagazine.com\/es","push-errors":false,"_links":{"self":[{"href":"https:\/\/graziamagazine.com\/es\/wp-json\/wp\/v2\/articles\/192981"}],"collection":[{"href":"https:\/\/graziamagazine.com\/es\/wp-json\/wp\/v2\/articles"}],"about":[{"href":"https:\/\/graziamagazine.com\/es\/wp-json\/wp\/v2\/types\/articles"}],"author":[{"embeddable":true,"href":"https:\/\/graziamagazine.com\/es\/wp-json\/wp\/v2\/users\/11653"}],"wp:featuredmedia":[{"embeddable":true,"href":"https:\/\/graziamagazine.com\/es\/wp-json\/wp\/v2\/media\/192987"}],"wp:attachment":[{"href":"https:\/\/graziamagazine.com\/es\/wp-json\/wp\/v2\/media?parent=192981"}],"wp:term":[{"taxonomy":"category","embeddable":true,"href":"https:\/\/graziamagazine.com\/es\/wp-json\/wp\/v2\/categories?post=192981"}],"curies":[{"name":"wp","href":"https:\/\/api.w.org\/{rel}","templated":true}]}}