{"id":192945,"date":"2026-03-12T08:00:21","date_gmt":"2026-03-12T07:00:21","guid":{"rendered":"https:\/\/graziamagazine.com\/es\/?post_type=articles&#038;p=192945"},"modified":"2026-03-11T23:26:28","modified_gmt":"2026-03-11T22:26:28","slug":"mercedes-benz-premiara-la-mejor-coleccion-de-la-mbfwmadrid","status":"publish","type":"articles","link":"https:\/\/graziamagazine.com\/es\/articles\/mercedes-benz-premiara-la-mejor-coleccion-de-la-mbfwmadrid\/","title":{"rendered":"Mercedes-Benz premiar\u00e1 la Mejor Colecci\u00f3n de la MBFWMadrid"},"content":{"rendered":"<p>Madrid volver\u00e1 a convertirse en el epicentro de la moda espa\u00f1ola con la celebraci\u00f3n de Mercedes-Benz Fashion Week Madrid, que cuenta un a\u00f1o m\u00e1s con Mercedes-Benz como patrocinador principal. En esta edici\u00f3n, la marca da un paso m\u00e1s en su compromiso con el dise\u00f1o y el talento de la pasarela con la creaci\u00f3n del Premio Mercedes-Benz a la Mejor Colecci\u00f3n, un nuevo reconocimiento destinado a destacar la propuesta m\u00e1s sobresaliente de la temporada.<\/p>\n<p>Este nuevo galard\u00f3n nace para poner en valor la excelencia creativa de las 28 firmas consagradas que presentar\u00e1n sus colecciones de mi\u00e9rcoles 17 al s\u00e1bado 21 de marzo. Desde su formato OFF, en enclaves tan ic\u00f3nicos como el Palacio de Cibeles, el Teatro Infanta Isabel o el Palacio de Fern\u00e1n N\u00fa\u00f1ez, as\u00ed como el escenario habitual de este evento: el Pabell\u00f3n 14.1 de IFEMA MADRID.<\/p>\n<p>Un jurado integrado por reconocidos profesionales del sector analizar\u00e1 cada propuesta teniendo en cuenta criterios como el patronaje, la calidad y acabados de las prendas, la solidez del concepto creativo, la narrativa de la colecci\u00f3n o la puesta en escena sobre la pasarela.<\/p>\n<p>La colecci\u00f3n ganadora se anunciar\u00e1 durante la noche del s\u00e1bado 21 de marzo como broche final de la \u00faltima jornada de desfiles de los dise\u00f1adores consagrados. Una ceremonia donde se celebrar\u00e1 el Premio Mercedes-Benz a la Mejor Colecci\u00f3n, reconociendo la propuesta que haya destacado en la que ser\u00e1 su primera edici\u00f3n.<\/p>\n<h3>Las 28 firmas consagradas en pasarela<\/h3>\n<p>Un total de 28 firmas consagradas, distribuidas a lo largo de cuatro jornadas y ubicadas en distintos enclaves de la ciudad, aspirar\u00e1n a llevarse a casa el ansiado premio:<\/p>\n<p><strong>Mi\u00e9rcoles, 18 y jueves, 19 de marzo (Desfiles OFF)<\/strong><\/p>\n<p>El mi\u00e9rcoles, 18 de marzo, la Galer\u00eda de Cristal del Palacio de Cibeles acoger\u00e1 los primeros desfiles de las firmas consagradas:<\/p>\n<ul>\n<li>SEV (10:00h): la colecci\u00f3n parte de un origen \u00edntimo y aut\u00e9ntico de dos a\u00f1os de reflexi\u00f3n profunda, como la evoluci\u00f3n natural de una visi\u00f3n est\u00e9tica personal que concibe la moda como cultura y lenguaje.<\/li>\n<li>Juan Vidal (11:30h): su propuesta nace de un viaje rel\u00e1mpago a Estambul, de apenas 72 horas que se transformaron en un punto de inflexi\u00f3n con la granada como fuente de inspiraci\u00f3n.<\/li>\n<li>Pedro Del Hierro (13:30h): la marca de moda espa\u00f1ola, perteneciente a Tendam desde 1992, volver\u00e1 a mostrar en Mercedes-Benz Fashion Week Madrid una clase magistral de calidad, elegancia y funcionalidad.<\/li>\n<li>Isabel Sanchis (16:00h): tecnolog\u00eda, artesan\u00eda y costura se dar\u00e1n la mano con el objetivo de conseguir un resultado m\u00e1s rompedor y actual.<\/li>\n<li>Claro Couture (17:30h): la colecci\u00f3n se presentar\u00e1 como un renacer, un viaje desde la tierra hasta la luz, desde lo org\u00e1nico hasta lo sublime, desde lo artesanal hasta lo escult\u00f3rico.<\/li>\n<\/ul>\n<figure id=\"attachment_192946\" aria-describedby=\"caption-attachment-192946\" style=\"width: 1080px\" class=\"wp-caption aligncenter\"><img loading=\"lazy\" decoding=\"async\" class=\"size-full wp-image-192946\" src=\"https:\/\/graziamagazine.com\/es\/wp-content\/uploads\/sites\/12\/2026\/03\/mbfwmadrid-3.jpg\" alt=\"\" width=\"1080\" height=\"1350\" srcset=\"https:\/\/graziamagazine.com\/es\/wp-content\/uploads\/sites\/12\/2026\/03\/mbfwmadrid-3.jpg 1080w, https:\/\/graziamagazine.com\/es\/wp-content\/uploads\/sites\/12\/2026\/03\/mbfwmadrid-3-240x300.jpg 240w, https:\/\/graziamagazine.com\/es\/wp-content\/uploads\/sites\/12\/2026\/03\/mbfwmadrid-3-819x1024.jpg 819w, https:\/\/graziamagazine.com\/es\/wp-content\/uploads\/sites\/12\/2026\/03\/mbfwmadrid-3-768x960.jpg 768w, https:\/\/graziamagazine.com\/es\/wp-content\/uploads\/sites\/12\/2026\/03\/mbfwmadrid-3-400x500.jpg 400w, https:\/\/graziamagazine.com\/es\/wp-content\/uploads\/sites\/12\/2026\/03\/mbfwmadrid-3-155x194.jpg 155w\" sizes=\"(max-width: 1080px) 100vw, 1080px\" \/><figcaption id=\"caption-attachment-192946\" class=\"wp-caption-text\">Look de Teresa Helbig<\/figcaption><\/figure>\n<p>Asimismo, la tarde del mi\u00e9rcoles, a las 20:00h, el Teatro Infanta Isabel acoger\u00e1 el desfile de Teresa Helbig, cuya propuesta se inspira en los cisnes salvajes de Hans Christian Andersen, reinterpretando la delicadeza y la fortaleza del cuento a trav\u00e9s de tejidos et\u00e9reos y detalles artesanales.<\/p>\n<p>Por su parte, durante la jornada del jueves, 19 de marzo, el Palacio de Fern\u00e1n N\u00fa\u00f1ez ser\u00e1 el escenario para las propuestas de:<\/p>\n<ul>\n<li>Man\u00e9Man\u00e9 (10:30h): un profundo estudio sobre la materia, la gravedad y la vulnerabilidad humana. El eje central que articula todo el proyecto se resume en un concepto fundamental: \u00abel instante en que el cuerpo deja de pesar\u00bb.<\/li>\n<li>Ernesto Naranjo (12:00h): \u201cThe Return \u2013 The Celebration\u201d marca el regreso del dise\u00f1ador a Mercedes-Benz Fashion Week Madrid en formato desfile, donde comenz\u00f3 en 2014 con su desfile en EGO, la pasarela dedicada a la moda emergente. La coleccio\u0301n del dise\u00f1ador sevillano nace de un di\u00e1logo entre el cuerpo, la materia y el gesto.<\/li>\n<li>Mans (13:30h): la colecci\u00f3n explora el encuentro entre las mariposas de Van Gogh y la precisi\u00f3n de la sastrer\u00eda, donde cada pieza se transforma en un ejercicio de metamorfosis.<\/li>\n<li>Ynesuelves (15:00h): las estrellas, la luna, el coraz\u00f3n y la mariposa imperial van a ser los s\u00edmbolos que van a liderar esta colecci\u00f3n, que marcar\u00e1 el comienzo de una etapa m\u00e1s atrevida, m\u00e1s exclusiva y m\u00e1s alta costura que nunca para la firma.<\/li>\n<li>Baro Lucas (16:00h): las piezas de esta propuesta para mujer y hombre cobran volumen con cada pliegue, relieve o color como una met\u00e1fora de la emoci\u00f3n y la expresi\u00f3n, como una relaci\u00f3n entre el ruido y el silencio, entre la intensidad y la sutileza.<\/li>\n<li>The Label Edition (17:30h): un viaje \u00edntimo y sensorial inspirado en el universo personal, creativo y eterno de Loulou de la Falaise. Una reinterpretaci\u00f3n de su esp\u00edritu libre, sofisticado y despreocupado, que rinde homenaje a su legado como musa indomable, dise\u00f1adora de joyas e icono bohemio.<\/li>\n<li>JCPajares (19:00h): presenta una colecci\u00f3n m\u00e1s madura que reafirma su identidad a trav\u00e9s del azul, desde el marino al oscuro y el Klein, y una paleta mucho m\u00e1s sobria de lo habitual, donde dialogan la moda contempor\u00e1nea y la artesan\u00eda.<\/li>\n<li>Acromatyx (20:30h): un trabajo que habita ese territorio intermedio entre lo masculino y lo femenino, un lugar de tensi\u00f3n y belleza donde los c\u00f3digos se desdibujan.<\/li>\n<\/ul>\n<figure id=\"attachment_192947\" aria-describedby=\"caption-attachment-192947\" style=\"width: 1080px\" class=\"wp-caption aligncenter\"><img loading=\"lazy\" decoding=\"async\" class=\"size-full wp-image-192947\" src=\"https:\/\/graziamagazine.com\/es\/wp-content\/uploads\/sites\/12\/2026\/03\/mbfwmadrid-4.jpg\" alt=\"\" width=\"1080\" height=\"1350\" srcset=\"https:\/\/graziamagazine.com\/es\/wp-content\/uploads\/sites\/12\/2026\/03\/mbfwmadrid-4.jpg 1080w, https:\/\/graziamagazine.com\/es\/wp-content\/uploads\/sites\/12\/2026\/03\/mbfwmadrid-4-240x300.jpg 240w, https:\/\/graziamagazine.com\/es\/wp-content\/uploads\/sites\/12\/2026\/03\/mbfwmadrid-4-819x1024.jpg 819w, https:\/\/graziamagazine.com\/es\/wp-content\/uploads\/sites\/12\/2026\/03\/mbfwmadrid-4-768x960.jpg 768w, https:\/\/graziamagazine.com\/es\/wp-content\/uploads\/sites\/12\/2026\/03\/mbfwmadrid-4-400x500.jpg 400w, https:\/\/graziamagazine.com\/es\/wp-content\/uploads\/sites\/12\/2026\/03\/mbfwmadrid-4-155x194.jpg 155w\" sizes=\"(max-width: 1080px) 100vw, 1080px\" \/><figcaption id=\"caption-attachment-192947\" class=\"wp-caption-text\">Look de Baro Lucas.<\/figcaption><\/figure>\n<p>Los desfiles continuar\u00e1n el viernes 20 y s\u00e1bado 21 de marzo en la Sala Mercedes-Benz, ubicada dentro del Recinto Ferial de IFEMA, sede habitual de Mercedes-Benz Fashion Week Madrid, donde se presentar\u00e1n las colecciones del resto de firmas consagradas de esta edici\u00f3n:<\/p>\n<p><strong>Viernes, 20 de marzo (Sala Mercedes-Benz \u2013 IFEMA Madrid)<\/strong><\/p>\n<ul>\n<li>Coosy x Miguel Palacio (10:30h): reivindica una elegancia atemporal, ajena a la prisa y el ruido, sostenida \u00fanicamente por la presencia. Una colecci\u00f3n que interpreta a la mujer contempor\u00e1nea a trav\u00e9s de un lenguaje profundamente artesanal.<\/li>\n<li>Simorra (12:00h): centra su propuesta en la arquitectura de materiales y formas como base de un dise\u00f1o funcional de alto valor creativo.<\/li>\n<li>Agatha Ruiz de la Prada (13:30h): la dise\u00f1adora se inspira en s\u00ed misma y se reinventa utilizando sus ic\u00f3nicas formas y ayud\u00e1ndose de la Inteligencia Artificial.<\/li>\n<li>Hannibal Laguna (15:00h): bajo el nombre de \u201cBlacknoir\u201d, se sumerge en la profunda elegancia del color negro, explorando sus matices y su capacidad para evocar misterio y sofisticaci\u00f3n.<\/li>\n<li>Erroz (16:30h): \u201cThe Residence\u201d se inspira en la idea de la residencia de artistas como ese espacio vivo donde nacen la creatividad, las conexiones interdisciplinarias y la uni\u00f3n del talento que convierte lo diferente en legado.<\/li>\n<li>Custo (18:00h): su propuesta reivindica la luz como s\u00edmbolo de energ\u00eda, identidad y fuerza creativa y explora la sensualidad arquitect\u00f3nica, los contrastes crom\u00e1ticos y las texturas experimentales.<\/li>\n<li>Malne (19:00h): rinde homenaje a la cl\u00e1sica silueta Malne con variaciones a lo largo de sus diez a\u00f1os de su hostoria, con tejidos en colores s\u00f3lidos, en mikado, lana cashmere o terciopelo.<\/li>\n<li>Maison Mesa (20:30h): presenta su colecci\u00f3n de hombre y mujer dise\u00f1ada para fortalecer el autoconocimiento, con prendas tan tradicionales como transgresoras al tiempo, siluetas confortables que trabajan desde patrones de geometr\u00eda puras y holgadas a las m\u00e1s anat\u00f3micas y ajustadas.<\/li>\n<\/ul>\n<p><strong>S\u00e1bado, 21 de marzo (Sala Mercedes-Benz \u2013 IFEMA Madrid)<\/strong><\/p>\n<ul>\n<li>Angel Schlesser (11:00h): el dise\u00f1ador hace un llamamiento a lo esencial, la ausencia de elementos sobrantes, enfoque en la funcionalidad. El negro se convierte en el protagonista, enfatizando la estructura de las prendas.<\/li>\n<li>Menchen Tomas (12:30h): la propuesta destaca por detalles artesanales que conversan con la tradici\u00f3n reinterpretada en clave moderna para subrayar la atemporalidad de la marca.<\/li>\n<li>Fely Campo (14:00h): la colecci\u00f3n celebra la riqueza de los tejidos y la elegancia de sus combinaciones, desde la suavidad y el brillo del sat\u00e9n hasta la textura envolvente del tweed y los brocados.<\/li>\n<li>Odette \u00c1lvarez (16:00h): la propuesta para el pr\u00f3ximo invierno parte del lujo artesanal y el aire bohemio propio de la firma para recrear prendas que vibran con ritmo propio.<\/li>\n<li>Yolancris (17:30h): una celebraci\u00f3n del trabajo artesanal, la precisi\u00f3n del patronaje y la creaci\u00f3n de piezas \u00fanicas como n\u00facleo del universo de la firma.<\/li>\n<li>Lola Casademunt by Maite (19:00h): su colecci\u00f3n nace en el coraz\u00f3n del Nueva York de los setenta, en ese punto entre lo bohemio, lo ecl\u00e9ctico y lo sofisticado.<\/li>\n<\/ul>\n<figure id=\"attachment_192950\" aria-describedby=\"caption-attachment-192950\" style=\"width: 1440px\" class=\"wp-caption aligncenter\"><img loading=\"lazy\" decoding=\"async\" class=\"size-full wp-image-192950\" src=\"https:\/\/graziamagazine.com\/es\/wp-content\/uploads\/sites\/12\/2026\/03\/mbfwmadrid-5.jpg\" alt=\"\" width=\"1440\" height=\"1920\" srcset=\"https:\/\/graziamagazine.com\/es\/wp-content\/uploads\/sites\/12\/2026\/03\/mbfwmadrid-5.jpg 1440w, https:\/\/graziamagazine.com\/es\/wp-content\/uploads\/sites\/12\/2026\/03\/mbfwmadrid-5-225x300.jpg 225w, https:\/\/graziamagazine.com\/es\/wp-content\/uploads\/sites\/12\/2026\/03\/mbfwmadrid-5-768x1024.jpg 768w, https:\/\/graziamagazine.com\/es\/wp-content\/uploads\/sites\/12\/2026\/03\/mbfwmadrid-5-1152x1536.jpg 1152w, https:\/\/graziamagazine.com\/es\/wp-content\/uploads\/sites\/12\/2026\/03\/mbfwmadrid-5-400x533.jpg 400w, https:\/\/graziamagazine.com\/es\/wp-content\/uploads\/sites\/12\/2026\/03\/mbfwmadrid-5-155x207.jpg 155w\" sizes=\"(max-width: 1440px) 100vw, 1440px\" \/><figcaption id=\"caption-attachment-192950\" class=\"wp-caption-text\">Look de Juan Vidal.<\/figcaption><\/figure>\n<p>La creaci\u00f3n del Premio Mercedes-Benz a la Mejor Colecci\u00f3n abre un nuevo cap\u00edtulo en la historia de apoyo y mecenazgo de la marca de motor y el mundo de la moda. Con este nuevo reconocimiento, se cierra tambi\u00e9n una etapa marcada por el premio Mercedes-Benz Fashion Talent, un certamen que durante 26 ediciones ha impulsado la visibilidad y proyecci\u00f3n de las nuevas generaciones de dise\u00f1adores.<\/p>\n<p>El dise\u00f1ador Guillermo D\u00e9cimo fue el galardonado en su \u00faltima edici\u00f3n y, gracias al programa internacional de intercambio de talentos, presentar\u00e1 en abril su colecci\u00f3n \u201cIn Tempo\u201d en la pasarela Mercedes-Benz Prague Fashion Week, una oportunidad que le permitir\u00e1 mostrar su trabajo en el \u00e1mbito internacional.<\/p>\n<p>Este nuevo galard\u00f3n refleja la evoluci\u00f3n natural del compromiso de Mercedes-Benz con la pasarela de moda m\u00e1s importante del pa\u00eds. Tras a\u00f1os apoyando a los creadores emergentes, la marca contin\u00faa reforzando su v\u00ednculo con Mercedes-Benz Fashion Week Madrid poniendo ahora el foco en reconocer la excelencia creativa de las firmas consagradas que, temporada tras temporada, definen la identidad y la proyecci\u00f3n de este sector dentro y fuera de nuestras fronteras.<\/p>\n<p><em>*Im\u00e1genes: cortes\u00eda<\/em><\/p>\n","protected":false},"author":11653,"featured_media":192948,"template":"","format":"standard","categories":[2971,11738],"acf":{"banner":""},"yoast_head":"<!-- This site is optimized with the Yoast SEO Premium plugin v18.5 (Yoast SEO v20.4) - https:\/\/yoast.com\/wordpress\/plugins\/seo\/ -->\n<title>Mercedes-Benz premiar\u00e1 la Mejor Colecci\u00f3n de la MBFWMadrid<\/title>\n<meta name=\"description\" content=\"Un nuevo reconocimiento que pondr\u00e1 el foco en la excelencia creativa y la colecci\u00f3n m\u00e1s destacada entre las 28 firmas consagradas.\" \/>\n<meta name=\"robots\" content=\"index, follow, max-snippet:-1, max-image-preview:large, max-video-preview:-1\" \/>\n<link rel=\"canonical\" href=\"https:\/\/graziamagazine.com\/es\/articles\/mercedes-benz-premiara-la-mejor-coleccion-de-la-mbfwmadrid\/\" \/>\n<meta property=\"og:locale\" content=\"es_ES\" \/>\n<meta property=\"og:type\" content=\"article\" \/>\n<meta property=\"og:title\" content=\"Mercedes-Benz premiar\u00e1 la Mejor Colecci\u00f3n de la MBFWMadrid\" \/>\n<meta property=\"og:description\" content=\"Un nuevo reconocimiento que pondr\u00e1 el foco en la excelencia creativa y la colecci\u00f3n m\u00e1s destacada entre las 28 firmas consagradas.\" \/>\n<meta property=\"og:url\" content=\"https:\/\/graziamagazine.com\/es\/articles\/mercedes-benz-premiara-la-mejor-coleccion-de-la-mbfwmadrid\/\" \/>\n<meta property=\"og:site_name\" content=\"Grazia\" \/>\n<meta property=\"article:modified_time\" content=\"2026-03-11T22:26:28+00:00\" \/>\n<meta property=\"og:image\" content=\"https:\/\/graziamagazine.com\/es\/wp-content\/uploads\/sites\/12\/2026\/03\/PS25_Pedro_del_Hierro_1808-copia-scaled.jpeg\" \/>\n\t<meta property=\"og:image:width\" content=\"2560\" \/>\n\t<meta property=\"og:image:height\" content=\"1707\" \/>\n\t<meta property=\"og:image:type\" content=\"image\/jpeg\" \/>\n<meta name=\"twitter:card\" content=\"summary_large_image\" \/>\n<meta name=\"twitter:label1\" content=\"Est. reading time\" \/>\n\t<meta name=\"twitter:data1\" content=\"8 minutos\" \/>\n<script type=\"application\/ld+json\" class=\"yoast-schema-graph\">{\"@context\":\"https:\/\/schema.org\",\"@graph\":[{\"@type\":\"WebPage\",\"@id\":\"https:\/\/graziamagazine.com\/es\/articles\/mercedes-benz-premiara-la-mejor-coleccion-de-la-mbfwmadrid\/\",\"url\":\"https:\/\/graziamagazine.com\/es\/articles\/mercedes-benz-premiara-la-mejor-coleccion-de-la-mbfwmadrid\/\",\"name\":\"Mercedes-Benz premiar\u00e1 la Mejor Colecci\u00f3n de la MBFWMadrid\",\"isPartOf\":{\"@id\":\"https:\/\/graziamagazine.com\/es\/#website\"},\"datePublished\":\"2026-03-12T07:00:21+00:00\",\"dateModified\":\"2026-03-11T22:26:28+00:00\",\"description\":\"Un nuevo reconocimiento que pondr\u00e1 el foco en la excelencia creativa y la colecci\u00f3n m\u00e1s destacada entre las 28 firmas consagradas.\",\"breadcrumb\":{\"@id\":\"https:\/\/graziamagazine.com\/es\/articles\/mercedes-benz-premiara-la-mejor-coleccion-de-la-mbfwmadrid\/#breadcrumb\"},\"inLanguage\":\"es\",\"potentialAction\":[{\"@type\":\"ReadAction\",\"target\":[\"https:\/\/graziamagazine.com\/es\/articles\/mercedes-benz-premiara-la-mejor-coleccion-de-la-mbfwmadrid\/\"]}]},{\"@type\":\"BreadcrumbList\",\"@id\":\"https:\/\/graziamagazine.com\/es\/articles\/mercedes-benz-premiara-la-mejor-coleccion-de-la-mbfwmadrid\/#breadcrumb\",\"itemListElement\":[{\"@type\":\"ListItem\",\"position\":1,\"name\":\"Portada\",\"item\":\"https:\/\/graziamagazine.com\/es\/\"},{\"@type\":\"ListItem\",\"position\":2,\"name\":\"Mercedes-Benz premiar\u00e1 la Mejor Colecci\u00f3n de la MBFWMadrid\"}]},{\"@type\":\"WebSite\",\"@id\":\"https:\/\/graziamagazine.com\/es\/#website\",\"url\":\"https:\/\/graziamagazine.com\/es\/\",\"name\":\"Grazia\",\"description\":\"Moda, belleza, celebrities, estilo de vida...\",\"potentialAction\":[{\"@type\":\"SearchAction\",\"target\":{\"@type\":\"EntryPoint\",\"urlTemplate\":\"https:\/\/graziamagazine.com\/es\/?s={search_term_string}\"},\"query-input\":\"required name=search_term_string\"}],\"inLanguage\":\"es\"}]}<\/script>\n<!-- \/ Yoast SEO Premium plugin. -->","yoast_head_json":{"title":"Mercedes-Benz premiar\u00e1 la Mejor Colecci\u00f3n de la MBFWMadrid","description":"Un nuevo reconocimiento que pondr\u00e1 el foco en la excelencia creativa y la colecci\u00f3n m\u00e1s destacada entre las 28 firmas consagradas.","robots":{"index":"index","follow":"follow","max-snippet":"max-snippet:-1","max-image-preview":"max-image-preview:large","max-video-preview":"max-video-preview:-1"},"canonical":"https:\/\/graziamagazine.com\/es\/articles\/mercedes-benz-premiara-la-mejor-coleccion-de-la-mbfwmadrid\/","og_locale":"es_ES","og_type":"article","og_title":"Mercedes-Benz premiar\u00e1 la Mejor Colecci\u00f3n de la MBFWMadrid","og_description":"Un nuevo reconocimiento que pondr\u00e1 el foco en la excelencia creativa y la colecci\u00f3n m\u00e1s destacada entre las 28 firmas consagradas.","og_url":"https:\/\/graziamagazine.com\/es\/articles\/mercedes-benz-premiara-la-mejor-coleccion-de-la-mbfwmadrid\/","og_site_name":"Grazia","article_modified_time":"2026-03-11T22:26:28+00:00","og_image":[{"width":2560,"height":1707,"url":"https:\/\/graziamagazine.com\/es\/wp-content\/uploads\/sites\/12\/2026\/03\/PS25_Pedro_del_Hierro_1808-copia-scaled.jpeg","type":"image\/jpeg"}],"twitter_card":"summary_large_image","twitter_misc":{"Est. reading time":"8 minutos"},"schema":{"@context":"https:\/\/schema.org","@graph":[{"@type":"WebPage","@id":"https:\/\/graziamagazine.com\/es\/articles\/mercedes-benz-premiara-la-mejor-coleccion-de-la-mbfwmadrid\/","url":"https:\/\/graziamagazine.com\/es\/articles\/mercedes-benz-premiara-la-mejor-coleccion-de-la-mbfwmadrid\/","name":"Mercedes-Benz premiar\u00e1 la Mejor Colecci\u00f3n de la MBFWMadrid","isPartOf":{"@id":"https:\/\/graziamagazine.com\/es\/#website"},"datePublished":"2026-03-12T07:00:21+00:00","dateModified":"2026-03-11T22:26:28+00:00","description":"Un nuevo reconocimiento que pondr\u00e1 el foco en la excelencia creativa y la colecci\u00f3n m\u00e1s destacada entre las 28 firmas consagradas.","breadcrumb":{"@id":"https:\/\/graziamagazine.com\/es\/articles\/mercedes-benz-premiara-la-mejor-coleccion-de-la-mbfwmadrid\/#breadcrumb"},"inLanguage":"es","potentialAction":[{"@type":"ReadAction","target":["https:\/\/graziamagazine.com\/es\/articles\/mercedes-benz-premiara-la-mejor-coleccion-de-la-mbfwmadrid\/"]}]},{"@type":"BreadcrumbList","@id":"https:\/\/graziamagazine.com\/es\/articles\/mercedes-benz-premiara-la-mejor-coleccion-de-la-mbfwmadrid\/#breadcrumb","itemListElement":[{"@type":"ListItem","position":1,"name":"Portada","item":"https:\/\/graziamagazine.com\/es\/"},{"@type":"ListItem","position":2,"name":"Mercedes-Benz premiar\u00e1 la Mejor Colecci\u00f3n de la MBFWMadrid"}]},{"@type":"WebSite","@id":"https:\/\/graziamagazine.com\/es\/#website","url":"https:\/\/graziamagazine.com\/es\/","name":"Grazia","description":"Moda, belleza, celebrities, estilo de vida...","potentialAction":[{"@type":"SearchAction","target":{"@type":"EntryPoint","urlTemplate":"https:\/\/graziamagazine.com\/es\/?s={search_term_string}"},"query-input":"required name=search_term_string"}],"inLanguage":"es"}]}},"jetpack_sharing_enabled":true,"distributor_meta":false,"distributor_terms":false,"distributor_media":false,"distributor_original_site_name":"Grazia","distributor_original_site_url":"https:\/\/graziamagazine.com\/es","push-errors":false,"_links":{"self":[{"href":"https:\/\/graziamagazine.com\/es\/wp-json\/wp\/v2\/articles\/192945"}],"collection":[{"href":"https:\/\/graziamagazine.com\/es\/wp-json\/wp\/v2\/articles"}],"about":[{"href":"https:\/\/graziamagazine.com\/es\/wp-json\/wp\/v2\/types\/articles"}],"author":[{"embeddable":true,"href":"https:\/\/graziamagazine.com\/es\/wp-json\/wp\/v2\/users\/11653"}],"wp:featuredmedia":[{"embeddable":true,"href":"https:\/\/graziamagazine.com\/es\/wp-json\/wp\/v2\/media\/192948"}],"wp:attachment":[{"href":"https:\/\/graziamagazine.com\/es\/wp-json\/wp\/v2\/media?parent=192945"}],"wp:term":[{"taxonomy":"category","embeddable":true,"href":"https:\/\/graziamagazine.com\/es\/wp-json\/wp\/v2\/categories?post=192945"}],"curies":[{"name":"wp","href":"https:\/\/api.w.org\/{rel}","templated":true}]}}