{"id":192824,"date":"2026-03-09T13:41:33","date_gmt":"2026-03-09T12:41:33","guid":{"rendered":"https:\/\/graziamagazine.com\/es\/?post_type=articles&#038;p=192824"},"modified":"2026-03-09T13:41:33","modified_gmt":"2026-03-09T12:41:33","slug":"el-desfile-de-los-estudiantes-de-udit-abre-la-83a-edicion-de-la-mbfwmadrid","status":"publish","type":"articles","link":"https:\/\/graziamagazine.com\/es\/articles\/el-desfile-de-los-estudiantes-de-udit-abre-la-83a-edicion-de-la-mbfwmadrid\/","title":{"rendered":"El desfile de los estudiantes de UDIT abre la 83\u00aa edici\u00f3n de la MBFWMadrid"},"content":{"rendered":"<p><b data-olk-copy-source=\"MessageBody\">Mercedes-Benz Fashion Week Madrid<\/b>, la pasarela organizada por\u00a0<b>IFEMA MADRID\u00a0<\/b>con el apoyo del<b>\u00a0Ayuntamiento de Madrid<\/b>,\u00a0contar\u00e1 con el desfile de UDIT para comenzar su pr\u00f3xima edici\u00f3n.<\/p>\n<p>Un total de 34 estudiantes del Grado Universitario Oficial en Dise\u00f1o de Moda de UDIT, Universidad de Dise\u00f1o, Innovaci\u00f3n y Tecnolog\u00eda, junto a 3 estudiantes de CENTRO (M\u00e9xico), presentan, en el marco de la 83\u00aa edici\u00f3n de la pasarela Mercedes-Benz Fashion Week Madrid, la colecci\u00f3n El Renacer para la pr\u00f3xima temporada Fall-Winter 2026.<\/p>\n<p>De esta forma, UDIT renueva su compromiso con\u00a0<span class=\"mark2pdcx2n6r\" data-markjs=\"true\" data-ogac=\"\" data-ogab=\"\" data-ogsc=\"\" data-ogsb=\"\">MBFWMadrid<\/span>\u00a0convirti\u00e9ndose, por und\u00e9cimo a\u00f1o consecutivo, en la \u00fanica Universidad con desfile propio dentro del calendario oficial de la pasarela.<\/p>\n<p><span data-olk-copy-source=\"MessageBody\">Esta colecci\u00f3n parte del concepto del renacer, una invitaci\u00f3n a celebrar la transformaci\u00f3n, la fuerza que surge tras la ruptura y la belleza de reconstruirse. Los estudiantes han explorado esta idea desde perspectivas espirituales, emocionales y personales, creando propuestas \u00edntimas y, al mismo tiempo, universales.\u00a0<\/span><\/p>\n<blockquote><p>UDIT, Universidad de Dise\u00f1o, Innovaci\u00f3n y Tecnolog\u00eda es la \u00fanica Universidad con desfile propio en el calendario oficial de\u00a0<span class=\"markyuoceup5u\" data-markjs=\"true\" data-ogac=\"\" data-ogab=\"\" data-ogsc=\"\" data-ogsb=\"\">MBFWMadrid<\/span><\/p><\/blockquote>\n<p>Desde la delicadeza que precede al cambio hasta la energ\u00eda que impulsa la evoluci\u00f3n interior, cada dise\u00f1o traduce vivencias en siluetas que oscilan entre lo org\u00e1nico y lo arquitect\u00f3nico. Texturas que evocan cicatrices, capas que se desprenden, materiales que sugieren luz, crecimiento y apertura, y colores que recorren el viaje de la sombra a la claridad, componiendo una narrativa visual que celebra la resiliencia y el florecimiento.<\/p>\n<p>El resultado es una colecci\u00f3n que se convierte en met\u00e1fora del proceso humano: un trayecto que abraza el error como motor, la ca\u00edda como impulso y el renacer como afirmaci\u00f3n de identidad.<\/p>\n<p>Los dise\u00f1adores de El Renacer son Sof\u00eda Manuela Adon, Cristina Aguiar, Atina Bojovic, Ana Mar\u00eda Cardozo, Ver\u00f3nica Luisana Cicconetti, Sara Cubillo, Gonzalo Di Paola, Mar\u00eda D\u00f3niga, Julia Escribano, Tom\u00e1s Escribano, Aitana Gonz\u00e1lez, Ana Gonz\u00e1lez, Alba Gordillo, Adriana Gracia, Alba Izaguirre, Daniela Manchay, Marta Mart\u00ednez, Judith Masip, Nerea Mesonero, Carmen Mar\u00eda Morales, Clara Mu\u00f1oz, Luc\u00eda Mu\u00f1oz, Mariana N\u00fa\u00f1ez, Marta Pereira, Ic\u00edar Portol\u00e9s, Mar\u00eda P\u00e9rez, Mar\u00eda Teresa Rodr\u00edguez-Hesles, Leire Ruiz, Eva Sanju\u00e1n, Marta Su\u00e1rez, Isabel S\u00e1nchez, Leire Tejedor, Mar\u00eda Paula Trigueros y Hugo Vega; todos ellos estudiantes de UDIT.<\/p>\n<p>Asimismo, en esta ocasi\u00f3n, tambi\u00e9n desfilar\u00e1n Sara Garc\u00eda, Daniela Larios y Sof\u00eda Mayoral, estudiantes de CENTRO, instituci\u00f3n educativa mexicana especializada en Dise\u00f1o, Cine y Televisi\u00f3n, que han trabajado en sus colecciones siguiendo la misma l\u00ednea que sus hom\u00f3logos espa\u00f1oles.<\/p>\n<p><em>*Imagen: cortes\u00eda<\/em><\/p>\n","protected":false},"author":11653,"featured_media":192825,"template":"","format":"standard","categories":[2971,11738,1],"acf":{"banner":""},"yoast_head":"<!-- This site is optimized with the Yoast SEO Premium plugin v18.5 (Yoast SEO v20.4) - https:\/\/yoast.com\/wordpress\/plugins\/seo\/ -->\n<title>Los estudiantes de UDIT abrir\u00e1n la 83\u00aa edici\u00f3n de la MBFWMadrid<\/title>\n<meta name=\"description\" content=\"34 estudiantes presentar\u00e1n El Renacer, su colecci\u00f3n Fall-Winter 2026\/2027 en la 83\u00aa edici\u00f3n de la pasarela madrile\u00f1a.\" \/>\n<meta name=\"robots\" content=\"index, follow, max-snippet:-1, max-image-preview:large, max-video-preview:-1\" \/>\n<link rel=\"canonical\" href=\"https:\/\/graziamagazine.com\/es\/articles\/el-desfile-de-los-estudiantes-de-udit-abre-la-83a-edicion-de-la-mbfwmadrid\/\" \/>\n<meta property=\"og:locale\" content=\"es_ES\" \/>\n<meta property=\"og:type\" content=\"article\" \/>\n<meta property=\"og:title\" content=\"El desfile de los estudiantes de UDIT abre la 83\u00aa edici\u00f3n de la MBFWMadrid\" \/>\n<meta property=\"og:description\" content=\"34 estudiantes presentar\u00e1n El Renacer, su colecci\u00f3n Fall-Winter 2026\/2027 en la 83\u00aa edici\u00f3n de la pasarela madrile\u00f1a.\" \/>\n<meta property=\"og:url\" content=\"https:\/\/graziamagazine.com\/es\/articles\/el-desfile-de-los-estudiantes-de-udit-abre-la-83a-edicion-de-la-mbfwmadrid\/\" \/>\n<meta property=\"og:site_name\" content=\"Grazia\" \/>\n<meta property=\"og:image\" content=\"https:\/\/graziamagazine.com\/es\/wp-content\/uploads\/sites\/12\/2026\/03\/3a5db878-2055-4e49-a794-997073099e8e.jpeg\" \/>\n\t<meta property=\"og:image:width\" content=\"1275\" \/>\n\t<meta property=\"og:image:height\" content=\"850\" \/>\n\t<meta property=\"og:image:type\" content=\"image\/jpeg\" \/>\n<meta name=\"twitter:card\" content=\"summary_large_image\" \/>\n<meta name=\"twitter:label1\" content=\"Est. reading time\" \/>\n\t<meta name=\"twitter:data1\" content=\"2 minutos\" \/>\n<script type=\"application\/ld+json\" class=\"yoast-schema-graph\">{\"@context\":\"https:\/\/schema.org\",\"@graph\":[{\"@type\":\"WebPage\",\"@id\":\"https:\/\/graziamagazine.com\/es\/articles\/el-desfile-de-los-estudiantes-de-udit-abre-la-83a-edicion-de-la-mbfwmadrid\/\",\"url\":\"https:\/\/graziamagazine.com\/es\/articles\/el-desfile-de-los-estudiantes-de-udit-abre-la-83a-edicion-de-la-mbfwmadrid\/\",\"name\":\"Los estudiantes de UDIT abrir\u00e1n la 83\u00aa edici\u00f3n de la MBFWMadrid\",\"isPartOf\":{\"@id\":\"https:\/\/graziamagazine.com\/es\/#website\"},\"datePublished\":\"2026-03-09T12:41:33+00:00\",\"dateModified\":\"2026-03-09T12:41:33+00:00\",\"description\":\"34 estudiantes presentar\u00e1n El Renacer, su colecci\u00f3n Fall-Winter 2026\/2027 en la 83\u00aa edici\u00f3n de la pasarela madrile\u00f1a.\",\"breadcrumb\":{\"@id\":\"https:\/\/graziamagazine.com\/es\/articles\/el-desfile-de-los-estudiantes-de-udit-abre-la-83a-edicion-de-la-mbfwmadrid\/#breadcrumb\"},\"inLanguage\":\"es\",\"potentialAction\":[{\"@type\":\"ReadAction\",\"target\":[\"https:\/\/graziamagazine.com\/es\/articles\/el-desfile-de-los-estudiantes-de-udit-abre-la-83a-edicion-de-la-mbfwmadrid\/\"]}]},{\"@type\":\"BreadcrumbList\",\"@id\":\"https:\/\/graziamagazine.com\/es\/articles\/el-desfile-de-los-estudiantes-de-udit-abre-la-83a-edicion-de-la-mbfwmadrid\/#breadcrumb\",\"itemListElement\":[{\"@type\":\"ListItem\",\"position\":1,\"name\":\"Portada\",\"item\":\"https:\/\/graziamagazine.com\/es\/\"},{\"@type\":\"ListItem\",\"position\":2,\"name\":\"El desfile de los estudiantes de UDIT abre la 83\u00aa edici\u00f3n de la MBFWMadrid\"}]},{\"@type\":\"WebSite\",\"@id\":\"https:\/\/graziamagazine.com\/es\/#website\",\"url\":\"https:\/\/graziamagazine.com\/es\/\",\"name\":\"Grazia\",\"description\":\"Moda, belleza, celebrities, estilo de vida...\",\"potentialAction\":[{\"@type\":\"SearchAction\",\"target\":{\"@type\":\"EntryPoint\",\"urlTemplate\":\"https:\/\/graziamagazine.com\/es\/?s={search_term_string}\"},\"query-input\":\"required name=search_term_string\"}],\"inLanguage\":\"es\"}]}<\/script>\n<!-- \/ Yoast SEO Premium plugin. -->","yoast_head_json":{"title":"Los estudiantes de UDIT abrir\u00e1n la 83\u00aa edici\u00f3n de la MBFWMadrid","description":"34 estudiantes presentar\u00e1n El Renacer, su colecci\u00f3n Fall-Winter 2026\/2027 en la 83\u00aa edici\u00f3n de la pasarela madrile\u00f1a.","robots":{"index":"index","follow":"follow","max-snippet":"max-snippet:-1","max-image-preview":"max-image-preview:large","max-video-preview":"max-video-preview:-1"},"canonical":"https:\/\/graziamagazine.com\/es\/articles\/el-desfile-de-los-estudiantes-de-udit-abre-la-83a-edicion-de-la-mbfwmadrid\/","og_locale":"es_ES","og_type":"article","og_title":"El desfile de los estudiantes de UDIT abre la 83\u00aa edici\u00f3n de la MBFWMadrid","og_description":"34 estudiantes presentar\u00e1n El Renacer, su colecci\u00f3n Fall-Winter 2026\/2027 en la 83\u00aa edici\u00f3n de la pasarela madrile\u00f1a.","og_url":"https:\/\/graziamagazine.com\/es\/articles\/el-desfile-de-los-estudiantes-de-udit-abre-la-83a-edicion-de-la-mbfwmadrid\/","og_site_name":"Grazia","og_image":[{"width":1275,"height":850,"url":"https:\/\/graziamagazine.com\/es\/wp-content\/uploads\/sites\/12\/2026\/03\/3a5db878-2055-4e49-a794-997073099e8e.jpeg","type":"image\/jpeg"}],"twitter_card":"summary_large_image","twitter_misc":{"Est. reading time":"2 minutos"},"schema":{"@context":"https:\/\/schema.org","@graph":[{"@type":"WebPage","@id":"https:\/\/graziamagazine.com\/es\/articles\/el-desfile-de-los-estudiantes-de-udit-abre-la-83a-edicion-de-la-mbfwmadrid\/","url":"https:\/\/graziamagazine.com\/es\/articles\/el-desfile-de-los-estudiantes-de-udit-abre-la-83a-edicion-de-la-mbfwmadrid\/","name":"Los estudiantes de UDIT abrir\u00e1n la 83\u00aa edici\u00f3n de la MBFWMadrid","isPartOf":{"@id":"https:\/\/graziamagazine.com\/es\/#website"},"datePublished":"2026-03-09T12:41:33+00:00","dateModified":"2026-03-09T12:41:33+00:00","description":"34 estudiantes presentar\u00e1n El Renacer, su colecci\u00f3n Fall-Winter 2026\/2027 en la 83\u00aa edici\u00f3n de la pasarela madrile\u00f1a.","breadcrumb":{"@id":"https:\/\/graziamagazine.com\/es\/articles\/el-desfile-de-los-estudiantes-de-udit-abre-la-83a-edicion-de-la-mbfwmadrid\/#breadcrumb"},"inLanguage":"es","potentialAction":[{"@type":"ReadAction","target":["https:\/\/graziamagazine.com\/es\/articles\/el-desfile-de-los-estudiantes-de-udit-abre-la-83a-edicion-de-la-mbfwmadrid\/"]}]},{"@type":"BreadcrumbList","@id":"https:\/\/graziamagazine.com\/es\/articles\/el-desfile-de-los-estudiantes-de-udit-abre-la-83a-edicion-de-la-mbfwmadrid\/#breadcrumb","itemListElement":[{"@type":"ListItem","position":1,"name":"Portada","item":"https:\/\/graziamagazine.com\/es\/"},{"@type":"ListItem","position":2,"name":"El desfile de los estudiantes de UDIT abre la 83\u00aa edici\u00f3n de la MBFWMadrid"}]},{"@type":"WebSite","@id":"https:\/\/graziamagazine.com\/es\/#website","url":"https:\/\/graziamagazine.com\/es\/","name":"Grazia","description":"Moda, belleza, celebrities, estilo de vida...","potentialAction":[{"@type":"SearchAction","target":{"@type":"EntryPoint","urlTemplate":"https:\/\/graziamagazine.com\/es\/?s={search_term_string}"},"query-input":"required name=search_term_string"}],"inLanguage":"es"}]}},"jetpack_sharing_enabled":true,"distributor_meta":false,"distributor_terms":false,"distributor_media":false,"distributor_original_site_name":"Grazia","distributor_original_site_url":"https:\/\/graziamagazine.com\/es","push-errors":false,"_links":{"self":[{"href":"https:\/\/graziamagazine.com\/es\/wp-json\/wp\/v2\/articles\/192824"}],"collection":[{"href":"https:\/\/graziamagazine.com\/es\/wp-json\/wp\/v2\/articles"}],"about":[{"href":"https:\/\/graziamagazine.com\/es\/wp-json\/wp\/v2\/types\/articles"}],"author":[{"embeddable":true,"href":"https:\/\/graziamagazine.com\/es\/wp-json\/wp\/v2\/users\/11653"}],"wp:featuredmedia":[{"embeddable":true,"href":"https:\/\/graziamagazine.com\/es\/wp-json\/wp\/v2\/media\/192825"}],"wp:attachment":[{"href":"https:\/\/graziamagazine.com\/es\/wp-json\/wp\/v2\/media?parent=192824"}],"wp:term":[{"taxonomy":"category","embeddable":true,"href":"https:\/\/graziamagazine.com\/es\/wp-json\/wp\/v2\/categories?post=192824"}],"curies":[{"name":"wp","href":"https:\/\/api.w.org\/{rel}","templated":true}]}}