{"id":192099,"date":"2026-02-16T14:03:34","date_gmt":"2026-02-16T13:03:34","guid":{"rendered":"https:\/\/graziamagazine.com\/es\/?post_type=articles&#038;p=192099"},"modified":"2026-02-16T14:05:57","modified_gmt":"2026-02-16T13:05:57","slug":"el-corte-hibrido-que-es-de-los-mas-populares-en-los-salones","status":"publish","type":"articles","link":"https:\/\/graziamagazine.com\/es\/articles\/el-corte-hibrido-que-es-de-los-mas-populares-en-los-salones\/","title":{"rendered":"El corte h\u00edbrido que es de los m\u00e1s populares en los salones"},"content":{"rendered":"<p>Muchas veces, queremos renovar nuestra imagen en la peluquer\u00eda pero, o no nos atrevemos con un <span class=\"markkqps87o8y\" data-markjs=\"true\" data-ogac=\"\" data-ogab=\"\" data-ogsc=\"\" data-ogsb=\"\">corte<\/span> porque tal vez es demasiado arriesgado, o tenemos dudas entre dos porque cada uno tiene matices que nos van a favorecer. Es aqu\u00ed donde entran en juego los <span class=\"markkqps87o8y\" data-markjs=\"true\" data-ogac=\"\" data-ogab=\"\" data-ogsc=\"\" data-ogsb=\"\">corte<\/span>s h\u00edbridos, fusiones modernas que combinan, en un solo peinado, la estructura, la textura <span class=\"markhpcvf5q9c\" data-markjs=\"true\" data-ogac=\"\" data-ogab=\"\" data-ogsc=\"\" data-ogsb=\"\">y<\/span> las formas de dos <span class=\"markkqps87o8y\" data-markjs=\"true\" data-ogac=\"\" data-ogab=\"\" data-ogsc=\"\" data-ogsb=\"\">corte<\/span>s de pelo diferentes. <span class=\"markxjg34d840\" data-markjs=\"true\" data-ogac=\"\" data-ogab=\"\" data-ogsc=\"\" data-ogsb=\"\">El<\/span> shullet, <span class=\"markxjg34d840\" data-markjs=\"true\" data-ogac=\"\" data-ogab=\"\" data-ogsc=\"\" data-ogsb=\"\">el<\/span> mixie o <span class=\"markxjg34d840\" data-markjs=\"true\" data-ogac=\"\" data-ogab=\"\" data-ogsc=\"\" data-ogsb=\"\">el<\/span> bixie son los m\u00e1s conocidos gracias a su <span class=\"mark0v805x2ju\" data-markjs=\"true\" data-ogac=\"\" data-ogab=\"\" data-ogsc=\"\" data-ogsb=\"\">versatil<\/span>idad pero, especialmente <span class=\"markxjg34d840\" data-markjs=\"true\" data-ogac=\"\" data-ogab=\"\" data-ogsc=\"\" data-ogsb=\"\">el<\/span> \u00faltimo, es <span class=\"markxjg34d840\" data-markjs=\"true\" data-ogac=\"\" data-ogab=\"\" data-ogsc=\"\" data-ogsb=\"\">el<\/span> que m\u00e1s piden las clientas en los salones de Jean Louis David.<\/p>\n<p><img decoding=\"async\" src=\"https:\/\/www.primor.eu\/blog\/wp-content\/uploads\/2024\/07\/CORTE-PELO-MIXIE.jpg\" alt=\"Inspiraci\u00f3n para corte de pelo mixie\" \/><\/p>\n<p dir=\"ltr\">A medio camino entre <span class=\"markxjg34d840\" data-markjs=\"true\" data-ogac=\"\" data-ogab=\"\" data-ogsc=\"\" data-ogsb=\"\">el<\/span> <span class=\"markkqps87o8y\" data-markjs=\"true\" data-ogac=\"\" data-ogab=\"\" data-ogsc=\"\" data-ogsb=\"\">corte<\/span> de pelo pixie <span class=\"markhpcvf5q9c\" data-markjs=\"true\" data-ogac=\"\" data-ogab=\"\" data-ogsc=\"\" data-ogsb=\"\">y<\/span> <span class=\"markxjg34d840\" data-markjs=\"true\" data-ogac=\"\" data-ogab=\"\" data-ogsc=\"\" data-ogsb=\"\">el<\/span> bob, este peinado que se populariz\u00f3 en los 90 <span class=\"markhpcvf5q9c\" data-markjs=\"true\" data-ogac=\"\" data-ogab=\"\" data-ogsc=\"\" data-ogsb=\"\">y<\/span> ahora es tendencia, es perfecto para crear un look contempor\u00e1neo, con capas desfiladas <span class=\"markhpcvf5q9c\" data-markjs=\"true\" data-ogac=\"\" data-ogab=\"\" data-ogsc=\"\" data-ogsb=\"\">y<\/span> un acabado tan moderno como vers\u00e1til <span class=\"markhpcvf5q9c\" data-markjs=\"true\" data-ogac=\"\" data-ogab=\"\" data-ogsc=\"\" data-ogsb=\"\">y<\/span> f\u00e1cil de mantener. \u201c<span class=\"markxjg34d840\" data-markjs=\"true\" data-ogac=\"\" data-ogab=\"\" data-ogsc=\"\" data-ogsb=\"\">El<\/span> <span class=\"markkqps87o8y\" data-markjs=\"true\" data-ogac=\"\" data-ogab=\"\" data-ogsc=\"\" data-ogsb=\"\">corte<\/span> de pelo m\u00e1s demandado en los salones actualmente es <span class=\"markxjg34d840\" data-markjs=\"true\" data-ogac=\"\" data-ogab=\"\" data-ogsc=\"\" data-ogsb=\"\">el<\/span> Bixie, una mezcla entre pixie <span class=\"markhpcvf5q9c\" data-markjs=\"true\" data-ogac=\"\" data-ogab=\"\" data-ogsc=\"\" data-ogsb=\"\">y<\/span> bob\u201d, cuentan los expertos de Jean Louis David.<\/p>\n<blockquote>\n<p dir=\"ltr\"><span class=\"markxjg34d840\" data-markjs=\"true\" data-ogac=\"\" data-ogab=\"\" data-ogsc=\"\" data-ogsb=\"\">El<\/span> shullet, <span class=\"markxjg34d840\" data-markjs=\"true\" data-ogac=\"\" data-ogab=\"\" data-ogsc=\"\" data-ogsb=\"\">el<\/span> mixie o <span class=\"markxjg34d840\" data-markjs=\"true\" data-ogac=\"\" data-ogab=\"\" data-ogsc=\"\" data-ogsb=\"\">el<\/span> bixie son los m\u00e1s conocidos gracias a su <span class=\"mark0v805x2ju\" data-markjs=\"true\" data-ogac=\"\" data-ogab=\"\" data-ogsc=\"\" data-ogsb=\"\">versatil<\/span>idad pero, especialmente <span class=\"markxjg34d840\" data-markjs=\"true\" data-ogac=\"\" data-ogab=\"\" data-ogsc=\"\" data-ogsb=\"\">el<\/span> \u00faltimo, es <span class=\"markxjg34d840\" data-markjs=\"true\" data-ogac=\"\" data-ogab=\"\" data-ogsc=\"\" data-ogsb=\"\">el<\/span> que m\u00e1s piden las clientas en los salones de Jean Louis David.<\/p>\n<\/blockquote>\n<p dir=\"ltr\"><img decoding=\"async\" src=\"https:\/\/content.instyle.es\/medio\/2024\/05\/30\/corte-bixie-01_1c5323cf_240530123530_1080x1347.webp\" alt=\"Con permiso del pixie, este corte de pelo corto ser\u00e1 el m\u00e1s pedido de 2025: efecto buena cara y antiedad\" \/><\/p>\n<p dir=\"ltr\">Un peinado muy favorecedor, que se ajusta sin esfuerzo a cualquier estilo de mujer \u201cHa ganado mucha popularidad porque es un <span class=\"markkqps87o8y\" data-markjs=\"true\" data-ogac=\"\" data-ogab=\"\" data-ogsc=\"\" data-ogsb=\"\">corte<\/span> muy vers\u00e1til, c\u00f3modo de llevar <span class=\"markhpcvf5q9c\" data-markjs=\"true\" data-ogac=\"\" data-ogab=\"\" data-ogsc=\"\" data-ogsb=\"\">y<\/span> con un punto moderno que se adapta f\u00e1cilmente a todo tipo de rostros <span class=\"markhpcvf5q9c\" data-markjs=\"true\" data-ogac=\"\" data-ogab=\"\" data-ogsc=\"\" data-ogsb=\"\">y<\/span> texturas de cabello\u201d, explican.<\/p>\n<p dir=\"ltr\">Adem\u00e1s, es un peinado muy vers\u00e1til, que podremos llevar con flequillo o sin \u00e9l, para darle un toque m\u00e1s rom\u00e1ntico, peinar con las puntas hacia fuera o hacia dentro\u2026 \u201cPermite jugar con distintos largos <span class=\"markhpcvf5q9c\" data-markjs=\"true\" data-ogac=\"\" data-ogab=\"\" data-ogsc=\"\" data-ogsb=\"\">y<\/span> acabados, desde m\u00e1s pulidos hasta estilos m\u00e1s desenfadados, por eso es de los favoritos en sal\u00f3n\u201d, afirman desde Jean Louis David.<\/p>\n<p dir=\"ltr\"><img decoding=\"async\" src=\"https:\/\/media.vogue.mx\/photos\/67520390301bf66e037cb1b1\/2:3\/w_2560%2Cc_limit\/corte-de-cabello-bixie-moda-invierno-2024.jpg\" alt=\"Corte de cabello Bixie, bob con pixie de los 90, que te rejuvenecer\u00e1 antes de 2025 | Vogue\" \/><\/p>\n<p dir=\"ltr\"><span class=\"markhpcvf5q9c\" data-markjs=\"true\" data-ogac=\"\" data-ogab=\"\" data-ogsc=\"\" data-ogsb=\"\">Y<\/span> es que, esta temporada <span class=\"markxjg34d840\" data-markjs=\"true\" data-ogac=\"\" data-ogab=\"\" data-ogsc=\"\" data-ogsb=\"\">el<\/span> <span class=\"markkqps87o8y\" data-markjs=\"true\" data-ogac=\"\" data-ogab=\"\" data-ogsc=\"\" data-ogsb=\"\">corte<\/span> de pelo bixie se presenta como uno de los claros favoritos en peluquer\u00edas, dispuesto a convertirse en <span class=\"markxjg34d840\" data-markjs=\"true\" data-ogac=\"\" data-ogab=\"\" data-ogsc=\"\" data-ogsb=\"\">el<\/span> preferido de cualquier mujer.<\/p>\n<p dir=\"ltr\"><em>*Im\u00e1genes: Instagram y Getty Images<\/em><\/p>\n<p>&nbsp;<\/p>\n","protected":false},"author":11653,"featured_media":192150,"template":"","format":"standard","categories":[7],"acf":[],"yoast_head":"<!-- This site is optimized with the Yoast SEO Premium plugin v18.5 (Yoast SEO v20.4) - https:\/\/yoast.com\/wordpress\/plugins\/seo\/ -->\n<title>El corte h\u00edbrido que es uno de los m\u00e1s populares en los salones<\/title>\n<meta name=\"description\" content=\"A medio camino entre el corte de pelo bob y el pixie, el corte de pelo bixie es el favorito de las clientas de Jean Louis David.\" \/>\n<meta name=\"robots\" content=\"index, follow, max-snippet:-1, max-image-preview:large, max-video-preview:-1\" \/>\n<link rel=\"canonical\" href=\"https:\/\/graziamagazine.com\/es\/articles\/el-corte-hibrido-que-es-de-los-mas-populares-en-los-salones\/\" \/>\n<meta property=\"og:locale\" content=\"es_ES\" \/>\n<meta property=\"og:type\" content=\"article\" \/>\n<meta property=\"og:title\" content=\"El corte h\u00edbrido que es de los m\u00e1s populares en los salones\" \/>\n<meta property=\"og:description\" content=\"A medio camino entre el corte de pelo bob y el pixie, el corte de pelo bixie es el favorito de las clientas de Jean Louis David.\" \/>\n<meta property=\"og:url\" content=\"https:\/\/graziamagazine.com\/es\/articles\/el-corte-hibrido-que-es-de-los-mas-populares-en-los-salones\/\" \/>\n<meta property=\"og:site_name\" content=\"Grazia\" \/>\n<meta property=\"article:modified_time\" content=\"2026-02-16T13:05:57+00:00\" \/>\n<meta property=\"og:image\" content=\"https:\/\/graziamagazine.com\/es\/wp-content\/uploads\/sites\/12\/2026\/02\/NdP_IMAGEN_PORTADA_33.png\" \/>\n\t<meta property=\"og:image:width\" content=\"1500\" \/>\n\t<meta property=\"og:image:height\" content=\"1000\" \/>\n\t<meta property=\"og:image:type\" content=\"image\/png\" \/>\n<meta name=\"twitter:card\" content=\"summary_large_image\" \/>\n<meta name=\"twitter:label1\" content=\"Est. reading time\" \/>\n\t<meta name=\"twitter:data1\" content=\"3 minutos\" \/>\n<script type=\"application\/ld+json\" class=\"yoast-schema-graph\">{\"@context\":\"https:\/\/schema.org\",\"@graph\":[{\"@type\":\"WebPage\",\"@id\":\"https:\/\/graziamagazine.com\/es\/articles\/el-corte-hibrido-que-es-de-los-mas-populares-en-los-salones\/\",\"url\":\"https:\/\/graziamagazine.com\/es\/articles\/el-corte-hibrido-que-es-de-los-mas-populares-en-los-salones\/\",\"name\":\"El corte h\u00edbrido que es uno de los m\u00e1s populares en los salones\",\"isPartOf\":{\"@id\":\"https:\/\/graziamagazine.com\/es\/#website\"},\"datePublished\":\"2026-02-16T13:03:34+00:00\",\"dateModified\":\"2026-02-16T13:05:57+00:00\",\"description\":\"A medio camino entre el corte de pelo bob y el pixie, el corte de pelo bixie es el favorito de las clientas de Jean Louis David.\",\"breadcrumb\":{\"@id\":\"https:\/\/graziamagazine.com\/es\/articles\/el-corte-hibrido-que-es-de-los-mas-populares-en-los-salones\/#breadcrumb\"},\"inLanguage\":\"es\",\"potentialAction\":[{\"@type\":\"ReadAction\",\"target\":[\"https:\/\/graziamagazine.com\/es\/articles\/el-corte-hibrido-que-es-de-los-mas-populares-en-los-salones\/\"]}]},{\"@type\":\"BreadcrumbList\",\"@id\":\"https:\/\/graziamagazine.com\/es\/articles\/el-corte-hibrido-que-es-de-los-mas-populares-en-los-salones\/#breadcrumb\",\"itemListElement\":[{\"@type\":\"ListItem\",\"position\":1,\"name\":\"Portada\",\"item\":\"https:\/\/graziamagazine.com\/es\/\"},{\"@type\":\"ListItem\",\"position\":2,\"name\":\"El corte h\u00edbrido que es de los m\u00e1s populares en los salones\"}]},{\"@type\":\"WebSite\",\"@id\":\"https:\/\/graziamagazine.com\/es\/#website\",\"url\":\"https:\/\/graziamagazine.com\/es\/\",\"name\":\"Grazia\",\"description\":\"Moda, belleza, celebrities, estilo de vida...\",\"potentialAction\":[{\"@type\":\"SearchAction\",\"target\":{\"@type\":\"EntryPoint\",\"urlTemplate\":\"https:\/\/graziamagazine.com\/es\/?s={search_term_string}\"},\"query-input\":\"required name=search_term_string\"}],\"inLanguage\":\"es\"}]}<\/script>\n<!-- \/ Yoast SEO Premium plugin. -->","yoast_head_json":{"title":"El corte h\u00edbrido que es uno de los m\u00e1s populares en los salones","description":"A medio camino entre el corte de pelo bob y el pixie, el corte de pelo bixie es el favorito de las clientas de Jean Louis David.","robots":{"index":"index","follow":"follow","max-snippet":"max-snippet:-1","max-image-preview":"max-image-preview:large","max-video-preview":"max-video-preview:-1"},"canonical":"https:\/\/graziamagazine.com\/es\/articles\/el-corte-hibrido-que-es-de-los-mas-populares-en-los-salones\/","og_locale":"es_ES","og_type":"article","og_title":"El corte h\u00edbrido que es de los m\u00e1s populares en los salones","og_description":"A medio camino entre el corte de pelo bob y el pixie, el corte de pelo bixie es el favorito de las clientas de Jean Louis David.","og_url":"https:\/\/graziamagazine.com\/es\/articles\/el-corte-hibrido-que-es-de-los-mas-populares-en-los-salones\/","og_site_name":"Grazia","article_modified_time":"2026-02-16T13:05:57+00:00","og_image":[{"width":1500,"height":1000,"url":"https:\/\/graziamagazine.com\/es\/wp-content\/uploads\/sites\/12\/2026\/02\/NdP_IMAGEN_PORTADA_33.png","type":"image\/png"}],"twitter_card":"summary_large_image","twitter_misc":{"Est. reading time":"3 minutos"},"schema":{"@context":"https:\/\/schema.org","@graph":[{"@type":"WebPage","@id":"https:\/\/graziamagazine.com\/es\/articles\/el-corte-hibrido-que-es-de-los-mas-populares-en-los-salones\/","url":"https:\/\/graziamagazine.com\/es\/articles\/el-corte-hibrido-que-es-de-los-mas-populares-en-los-salones\/","name":"El corte h\u00edbrido que es uno de los m\u00e1s populares en los salones","isPartOf":{"@id":"https:\/\/graziamagazine.com\/es\/#website"},"datePublished":"2026-02-16T13:03:34+00:00","dateModified":"2026-02-16T13:05:57+00:00","description":"A medio camino entre el corte de pelo bob y el pixie, el corte de pelo bixie es el favorito de las clientas de Jean Louis David.","breadcrumb":{"@id":"https:\/\/graziamagazine.com\/es\/articles\/el-corte-hibrido-que-es-de-los-mas-populares-en-los-salones\/#breadcrumb"},"inLanguage":"es","potentialAction":[{"@type":"ReadAction","target":["https:\/\/graziamagazine.com\/es\/articles\/el-corte-hibrido-que-es-de-los-mas-populares-en-los-salones\/"]}]},{"@type":"BreadcrumbList","@id":"https:\/\/graziamagazine.com\/es\/articles\/el-corte-hibrido-que-es-de-los-mas-populares-en-los-salones\/#breadcrumb","itemListElement":[{"@type":"ListItem","position":1,"name":"Portada","item":"https:\/\/graziamagazine.com\/es\/"},{"@type":"ListItem","position":2,"name":"El corte h\u00edbrido que es de los m\u00e1s populares en los salones"}]},{"@type":"WebSite","@id":"https:\/\/graziamagazine.com\/es\/#website","url":"https:\/\/graziamagazine.com\/es\/","name":"Grazia","description":"Moda, belleza, celebrities, estilo de vida...","potentialAction":[{"@type":"SearchAction","target":{"@type":"EntryPoint","urlTemplate":"https:\/\/graziamagazine.com\/es\/?s={search_term_string}"},"query-input":"required name=search_term_string"}],"inLanguage":"es"}]}},"jetpack_sharing_enabled":true,"distributor_meta":false,"distributor_terms":false,"distributor_media":false,"distributor_original_site_name":"Grazia","distributor_original_site_url":"https:\/\/graziamagazine.com\/es","push-errors":false,"_links":{"self":[{"href":"https:\/\/graziamagazine.com\/es\/wp-json\/wp\/v2\/articles\/192099"}],"collection":[{"href":"https:\/\/graziamagazine.com\/es\/wp-json\/wp\/v2\/articles"}],"about":[{"href":"https:\/\/graziamagazine.com\/es\/wp-json\/wp\/v2\/types\/articles"}],"author":[{"embeddable":true,"href":"https:\/\/graziamagazine.com\/es\/wp-json\/wp\/v2\/users\/11653"}],"wp:featuredmedia":[{"embeddable":true,"href":"https:\/\/graziamagazine.com\/es\/wp-json\/wp\/v2\/media\/192150"}],"wp:attachment":[{"href":"https:\/\/graziamagazine.com\/es\/wp-json\/wp\/v2\/media?parent=192099"}],"wp:term":[{"taxonomy":"category","embeddable":true,"href":"https:\/\/graziamagazine.com\/es\/wp-json\/wp\/v2\/categories?post=192099"}],"curies":[{"name":"wp","href":"https:\/\/api.w.org\/{rel}","templated":true}]}}