{"id":191582,"date":"2026-01-30T12:17:09","date_gmt":"2026-01-30T11:17:09","guid":{"rendered":"https:\/\/graziamagazine.com\/es\/?post_type=articles&#038;p=191582"},"modified":"2026-01-30T12:32:34","modified_gmt":"2026-01-30T11:32:34","slug":"soft-glam-y-ondas-pulidas-dos-tendencias-para-largas-melenas","status":"publish","type":"articles","link":"https:\/\/graziamagazine.com\/es\/articles\/soft-glam-y-ondas-pulidas-dos-tendencias-para-largas-melenas\/","title":{"rendered":"&#8216;Soft glam&#8217; y ondas pulidas, dos tendencias para largas melenas"},"content":{"rendered":"<p>Las ondas siguen marcando el pulso de los grandes eventos y se confirman un a\u00f1o m\u00e1s como uno de los peinados clave de 2026. Vers\u00e1tiles, favorecedoras y capaces de adaptarse a distintos estilos, las ondas evolucionan hacia acabados m\u00e1s pulidos, naturales y con movimiento real, alej\u00e1ndose de la rigidez y apostando por texturas trabajadas.<\/p>\n<p>Hace unos d\u00edas pudimos ver dos interpretaciones similares, pero de distinto estilo: el <em>soft glam<\/em> relajado de Bego\u00f1a Vargas y la onda cepillada, elegante y depurada de Edurne. Dos looks que demuestran que las ondas no entienden de un \u00fanico estilo.<\/p>\n<h3>soft glam<\/h3>\n<p>Bego\u00f1a Vargas apost\u00f3 por una melena con volumen controlado y ondas amplias, una versi\u00f3n moderna del glamour natural que prioriza la textura y el movimiento. Tal y como explica Jes\u00fas de Paula, estilista de <span class=\"mark35nvql1k7\" data-markjs=\"true\" data-ogac=\"\" data-ogab=\"\" data-ogsc=\"\" data-ogsb=\"\">ghd<\/span>: \u201cBego\u00f1a luce una melena protagonizada por unas ondas <em>soft glam<\/em> realizadas con la tenacilla <span class=\"mark35nvql1k7\" data-markjs=\"true\" data-ogac=\"\" data-ogab=\"\" data-ogsc=\"\" data-ogsb=\"\">ghd<\/span> chronos curve grand. Esta textura en el cabello se ha logrado gracias a la aplicaci\u00f3n del texturizador Curly sever After\u201d. Un acabado que aporta cuerpo sin rigidez y consigue un look sofisticado pero relajado, perfecto para una alfombra roja contempor\u00e1nea.<\/p>\n<p><img loading=\"lazy\" decoding=\"async\" class=\"size-full wp-image-191583\" src=\"https:\/\/graziamagazine.com\/es\/wp-content\/uploads\/sites\/12\/2026\/01\/U599131_130.jpg\" alt=\"\" width=\"1280\" height=\"1920\" srcset=\"https:\/\/graziamagazine.com\/es\/wp-content\/uploads\/sites\/12\/2026\/01\/U599131_130.jpg 1280w, https:\/\/graziamagazine.com\/es\/wp-content\/uploads\/sites\/12\/2026\/01\/U599131_130-200x300.jpg 200w, https:\/\/graziamagazine.com\/es\/wp-content\/uploads\/sites\/12\/2026\/01\/U599131_130-683x1024.jpg 683w, https:\/\/graziamagazine.com\/es\/wp-content\/uploads\/sites\/12\/2026\/01\/U599131_130-768x1152.jpg 768w, https:\/\/graziamagazine.com\/es\/wp-content\/uploads\/sites\/12\/2026\/01\/U599131_130-1024x1536.jpg 1024w, https:\/\/graziamagazine.com\/es\/wp-content\/uploads\/sites\/12\/2026\/01\/U599131_130-400x600.jpg 400w, https:\/\/graziamagazine.com\/es\/wp-content\/uploads\/sites\/12\/2026\/01\/U599131_130-143x215.jpg 143w\" sizes=\"(max-width: 1280px) 100vw, 1280px\" \/><\/p>\n<p>La actriz apost\u00f3 por una melena con volumen controlado y ondas amplias, una versi\u00f3n moderna del glamour natural que prioriza la textura y el movimiento. Tal y como explica Jes\u00fas de Paula, estilista de <span class=\"mark35nvql1k7\" data-markjs=\"true\" data-ogac=\"\" data-ogab=\"\" data-ogsc=\"\" data-ogsb=\"\">ghd<\/span>: \u201cBego\u00f1a luce una melena protagonizada por unas ondas soft glam realizadas con la tenacilla <span class=\"mark35nvql1k7\" data-markjs=\"true\" data-ogac=\"\" data-ogab=\"\" data-ogsc=\"\" data-ogsb=\"\">ghd<\/span> chronos curve grand. Esta textura en el cabello se ha logrado gracias a la aplicaci\u00f3n del texturizador Curly sever After\u201d. Un acabado que aporta cuerpo sin rigidez y consigue un look sofisticado pero relajado, perfecto para una alfombra roja contempor\u00e1nea.<\/p>\n<h3>ondas pulidas<\/h3>\n<p>Por su parte, Edurne llev\u00f3 las ondas a un terreno m\u00e1s pulido y elegante, con una melena estructurada que realza el brillo y la uniformidad del cabello. Mateo P\u00e9rez, estilista de <span class=\"mark35nvql1k7\" data-markjs=\"true\" data-ogac=\"\" data-ogab=\"\" data-ogsc=\"\" data-ogsb=\"\">ghd<\/span>, detalla el proceso: \u201cEdurne lleva una onda cepillada con raya al medio, preparada con protector t\u00e9rmico para pelo te\u00f1ido, ondas marcadas con tenacilla chronos curve grand hacia una misma direcci\u00f3n, y, finalmente, muy cepilladas para que queden suaves y sutiles\u201d. El resultado es un peinado con car\u00e1cter, sofisticado y atemporal, que encaja a la perfecci\u00f3n con las nuevas claves de la alfombra roja.<\/p>\n<p><img loading=\"lazy\" decoding=\"async\" class=\"size-full wp-image-191584\" src=\"https:\/\/graziamagazine.com\/es\/wp-content\/uploads\/sites\/12\/2026\/01\/U599131_247.jpg\" alt=\"\" width=\"1280\" height=\"1920\" srcset=\"https:\/\/graziamagazine.com\/es\/wp-content\/uploads\/sites\/12\/2026\/01\/U599131_247.jpg 1280w, https:\/\/graziamagazine.com\/es\/wp-content\/uploads\/sites\/12\/2026\/01\/U599131_247-200x300.jpg 200w, https:\/\/graziamagazine.com\/es\/wp-content\/uploads\/sites\/12\/2026\/01\/U599131_247-683x1024.jpg 683w, https:\/\/graziamagazine.com\/es\/wp-content\/uploads\/sites\/12\/2026\/01\/U599131_247-768x1152.jpg 768w, https:\/\/graziamagazine.com\/es\/wp-content\/uploads\/sites\/12\/2026\/01\/U599131_247-1024x1536.jpg 1024w, https:\/\/graziamagazine.com\/es\/wp-content\/uploads\/sites\/12\/2026\/01\/U599131_247-400x600.jpg 400w, https:\/\/graziamagazine.com\/es\/wp-content\/uploads\/sites\/12\/2026\/01\/U599131_247-143x215.jpg 143w\" sizes=\"(max-width: 1280px) 100vw, 1280px\" \/><\/p>\n<p><img loading=\"lazy\" decoding=\"async\" class=\"aligncenter size-full wp-image-191585\" src=\"https:\/\/graziamagazine.com\/es\/wp-content\/uploads\/sites\/12\/2026\/01\/705_Primary_Image_1_Global-copia-e1769771674156.jpg\" alt=\"\" width=\"700\" height=\"502\" \/><\/p>\n<p><a href=\"https:\/\/www.ghdhair.com\/es\/tenacillas-de-pelo\/tenacilla-ghd-chronos-curve-grand-p-705\" target=\"_blank\"><span class=\"mark35nvql1k7\" data-markjs=\"true\" data-ogac=\"\" data-ogab=\"\" data-ogsc=\"\" data-ogsb=\"\">Tenacilla ghd<\/span> Chronos Curve Grand: su precio ahora es de 209 euros<\/a><\/p>\n<p>Dos maneras de entender una misma tendencia que, en 2026, se aleja de lo excesivamente elaborado para centrarse en ondas bien trabajadas, con t\u00e9cnica, brillo y movimiento. Naturalidad bien construida.<\/p>\n<p><em>*Im\u00e1genes: cortes\u00eda<\/em><\/p>\n<p>&nbsp;<\/p>\n","protected":false},"author":11653,"featured_media":191586,"template":"","format":"standard","categories":[7],"acf":[],"yoast_head":"<!-- This site is optimized with the Yoast SEO Premium plugin v18.5 (Yoast SEO v20.4) - https:\/\/yoast.com\/wordpress\/plugins\/seo\/ -->\n<title>&#039;Soft glam&#039; y ondas pulidas, dos tendencias para largas melenas<\/title>\n<meta name=\"description\" content=\"ghd lo tiene claro, esta temporada las texturas &#039;soft glam&#039; y ondas cepilladas protagonizan los looks primaverales.\" \/>\n<meta name=\"robots\" content=\"index, follow, max-snippet:-1, max-image-preview:large, max-video-preview:-1\" \/>\n<link rel=\"canonical\" href=\"https:\/\/graziamagazine.com\/es\/articles\/soft-glam-y-ondas-pulidas-dos-tendencias-para-largas-melenas\/\" \/>\n<meta property=\"og:locale\" content=\"es_ES\" \/>\n<meta property=\"og:type\" content=\"article\" \/>\n<meta property=\"og:title\" content=\"&#039;Soft glam&#039; y ondas pulidas, dos tendencias para largas melenas\" \/>\n<meta property=\"og:description\" content=\"ghd lo tiene claro, esta temporada las texturas &#039;soft glam&#039; y ondas cepilladas protagonizan los looks primaverales.\" \/>\n<meta property=\"og:url\" content=\"https:\/\/graziamagazine.com\/es\/articles\/soft-glam-y-ondas-pulidas-dos-tendencias-para-largas-melenas\/\" \/>\n<meta property=\"og:site_name\" content=\"Grazia\" \/>\n<meta property=\"article:modified_time\" content=\"2026-01-30T11:32:34+00:00\" \/>\n<meta property=\"og:image\" content=\"https:\/\/graziamagazine.com\/es\/wp-content\/uploads\/sites\/12\/2026\/01\/U599131_246.jpg\" \/>\n\t<meta property=\"og:image:width\" content=\"1920\" \/>\n\t<meta property=\"og:image:height\" content=\"1280\" \/>\n\t<meta property=\"og:image:type\" content=\"image\/jpeg\" \/>\n<meta name=\"twitter:card\" content=\"summary_large_image\" \/>\n<meta name=\"twitter:label1\" content=\"Est. reading time\" \/>\n\t<meta name=\"twitter:data1\" content=\"3 minutos\" \/>\n<script type=\"application\/ld+json\" class=\"yoast-schema-graph\">{\"@context\":\"https:\/\/schema.org\",\"@graph\":[{\"@type\":\"WebPage\",\"@id\":\"https:\/\/graziamagazine.com\/es\/articles\/soft-glam-y-ondas-pulidas-dos-tendencias-para-largas-melenas\/\",\"url\":\"https:\/\/graziamagazine.com\/es\/articles\/soft-glam-y-ondas-pulidas-dos-tendencias-para-largas-melenas\/\",\"name\":\"'Soft glam' y ondas pulidas, dos tendencias para largas melenas\",\"isPartOf\":{\"@id\":\"https:\/\/graziamagazine.com\/es\/#website\"},\"datePublished\":\"2026-01-30T11:17:09+00:00\",\"dateModified\":\"2026-01-30T11:32:34+00:00\",\"description\":\"ghd lo tiene claro, esta temporada las texturas 'soft glam' y ondas cepilladas protagonizan los looks primaverales.\",\"breadcrumb\":{\"@id\":\"https:\/\/graziamagazine.com\/es\/articles\/soft-glam-y-ondas-pulidas-dos-tendencias-para-largas-melenas\/#breadcrumb\"},\"inLanguage\":\"es\",\"potentialAction\":[{\"@type\":\"ReadAction\",\"target\":[\"https:\/\/graziamagazine.com\/es\/articles\/soft-glam-y-ondas-pulidas-dos-tendencias-para-largas-melenas\/\"]}]},{\"@type\":\"BreadcrumbList\",\"@id\":\"https:\/\/graziamagazine.com\/es\/articles\/soft-glam-y-ondas-pulidas-dos-tendencias-para-largas-melenas\/#breadcrumb\",\"itemListElement\":[{\"@type\":\"ListItem\",\"position\":1,\"name\":\"Portada\",\"item\":\"https:\/\/graziamagazine.com\/es\/\"},{\"@type\":\"ListItem\",\"position\":2,\"name\":\"&#8216;Soft glam&#8217; y ondas pulidas, dos tendencias para largas melenas\"}]},{\"@type\":\"WebSite\",\"@id\":\"https:\/\/graziamagazine.com\/es\/#website\",\"url\":\"https:\/\/graziamagazine.com\/es\/\",\"name\":\"Grazia\",\"description\":\"Moda, belleza, celebrities, estilo de vida...\",\"potentialAction\":[{\"@type\":\"SearchAction\",\"target\":{\"@type\":\"EntryPoint\",\"urlTemplate\":\"https:\/\/graziamagazine.com\/es\/?s={search_term_string}\"},\"query-input\":\"required name=search_term_string\"}],\"inLanguage\":\"es\"}]}<\/script>\n<!-- \/ Yoast SEO Premium plugin. -->","yoast_head_json":{"title":"'Soft glam' y ondas pulidas, dos tendencias para largas melenas","description":"ghd lo tiene claro, esta temporada las texturas 'soft glam' y ondas cepilladas protagonizan los looks primaverales.","robots":{"index":"index","follow":"follow","max-snippet":"max-snippet:-1","max-image-preview":"max-image-preview:large","max-video-preview":"max-video-preview:-1"},"canonical":"https:\/\/graziamagazine.com\/es\/articles\/soft-glam-y-ondas-pulidas-dos-tendencias-para-largas-melenas\/","og_locale":"es_ES","og_type":"article","og_title":"'Soft glam' y ondas pulidas, dos tendencias para largas melenas","og_description":"ghd lo tiene claro, esta temporada las texturas 'soft glam' y ondas cepilladas protagonizan los looks primaverales.","og_url":"https:\/\/graziamagazine.com\/es\/articles\/soft-glam-y-ondas-pulidas-dos-tendencias-para-largas-melenas\/","og_site_name":"Grazia","article_modified_time":"2026-01-30T11:32:34+00:00","og_image":[{"width":1920,"height":1280,"url":"https:\/\/graziamagazine.com\/es\/wp-content\/uploads\/sites\/12\/2026\/01\/U599131_246.jpg","type":"image\/jpeg"}],"twitter_card":"summary_large_image","twitter_misc":{"Est. reading time":"3 minutos"},"schema":{"@context":"https:\/\/schema.org","@graph":[{"@type":"WebPage","@id":"https:\/\/graziamagazine.com\/es\/articles\/soft-glam-y-ondas-pulidas-dos-tendencias-para-largas-melenas\/","url":"https:\/\/graziamagazine.com\/es\/articles\/soft-glam-y-ondas-pulidas-dos-tendencias-para-largas-melenas\/","name":"'Soft glam' y ondas pulidas, dos tendencias para largas melenas","isPartOf":{"@id":"https:\/\/graziamagazine.com\/es\/#website"},"datePublished":"2026-01-30T11:17:09+00:00","dateModified":"2026-01-30T11:32:34+00:00","description":"ghd lo tiene claro, esta temporada las texturas 'soft glam' y ondas cepilladas protagonizan los looks primaverales.","breadcrumb":{"@id":"https:\/\/graziamagazine.com\/es\/articles\/soft-glam-y-ondas-pulidas-dos-tendencias-para-largas-melenas\/#breadcrumb"},"inLanguage":"es","potentialAction":[{"@type":"ReadAction","target":["https:\/\/graziamagazine.com\/es\/articles\/soft-glam-y-ondas-pulidas-dos-tendencias-para-largas-melenas\/"]}]},{"@type":"BreadcrumbList","@id":"https:\/\/graziamagazine.com\/es\/articles\/soft-glam-y-ondas-pulidas-dos-tendencias-para-largas-melenas\/#breadcrumb","itemListElement":[{"@type":"ListItem","position":1,"name":"Portada","item":"https:\/\/graziamagazine.com\/es\/"},{"@type":"ListItem","position":2,"name":"&#8216;Soft glam&#8217; y ondas pulidas, dos tendencias para largas melenas"}]},{"@type":"WebSite","@id":"https:\/\/graziamagazine.com\/es\/#website","url":"https:\/\/graziamagazine.com\/es\/","name":"Grazia","description":"Moda, belleza, celebrities, estilo de vida...","potentialAction":[{"@type":"SearchAction","target":{"@type":"EntryPoint","urlTemplate":"https:\/\/graziamagazine.com\/es\/?s={search_term_string}"},"query-input":"required name=search_term_string"}],"inLanguage":"es"}]}},"jetpack_sharing_enabled":true,"distributor_meta":false,"distributor_terms":false,"distributor_media":false,"distributor_original_site_name":"Grazia","distributor_original_site_url":"https:\/\/graziamagazine.com\/es","push-errors":false,"_links":{"self":[{"href":"https:\/\/graziamagazine.com\/es\/wp-json\/wp\/v2\/articles\/191582"}],"collection":[{"href":"https:\/\/graziamagazine.com\/es\/wp-json\/wp\/v2\/articles"}],"about":[{"href":"https:\/\/graziamagazine.com\/es\/wp-json\/wp\/v2\/types\/articles"}],"author":[{"embeddable":true,"href":"https:\/\/graziamagazine.com\/es\/wp-json\/wp\/v2\/users\/11653"}],"wp:featuredmedia":[{"embeddable":true,"href":"https:\/\/graziamagazine.com\/es\/wp-json\/wp\/v2\/media\/191586"}],"wp:attachment":[{"href":"https:\/\/graziamagazine.com\/es\/wp-json\/wp\/v2\/media?parent=191582"}],"wp:term":[{"taxonomy":"category","embeddable":true,"href":"https:\/\/graziamagazine.com\/es\/wp-json\/wp\/v2\/categories?post=191582"}],"curies":[{"name":"wp","href":"https:\/\/api.w.org\/{rel}","templated":true}]}}