{"id":191489,"date":"2026-01-28T12:14:09","date_gmt":"2026-01-28T11:14:09","guid":{"rendered":"https:\/\/graziamagazine.com\/es\/?post_type=articles&#038;p=191489"},"modified":"2026-01-28T12:14:09","modified_gmt":"2026-01-28T11:14:09","slug":"pharrell-williams-nuevo-caballero-de-la-legion-de-honor-francesa","status":"publish","type":"articles","link":"https:\/\/graziamagazine.com\/es\/articles\/pharrell-williams-nuevo-caballero-de-la-legion-de-honor-francesa\/","title":{"rendered":"Pharrell Williams, nuevo Caballero de la Legi\u00f3n de Honor francesa"},"content":{"rendered":"<p><span style=\"font-weight: 400\">Pharrell Williams tiene una docena de premios Grammy en su colecci\u00f3n, pero el viernes 23 de enero, el productor nominado al Oscar y director creativo de la l\u00ednea masculina de Louis Vuitton, recibi\u00f3 un nuevo reconocimiento de manos del presidente franc\u00e9s Emmanuel Macron.<\/span><\/p>\n<p><span style=\"font-weight: 400\">Tras el lanzamiento a principios de semana de su colecci\u00f3n de oto\u00f1o de 2026 para Louis Vuitton, Pharrell visit\u00f3 el Palacio del El\u00edseo en Par\u00eds. All\u00ed, Macron entreg\u00f3 al m\u00fasico y dise\u00f1ador de moda la distinci\u00f3n de \u201cCaballero de la Legi\u00f3n de Honor\u201d y la insignia de la orden \u2013 una medalla con una cinta roja \u2013 durante una ceremonia privada en reconocimiento a las contribuciones de Williams a la cultura y las industrias creativas.<\/span><\/p>\n<p><img loading=\"lazy\" decoding=\"async\" class=\"alignnone wp-image-165307 size-full\" src=\"https:\/\/graziamagazine.com\/mx\/wp-content\/uploads\/sites\/13\/2026\/01\/20260123_-_Pharrell_Williams_-_Legion_D_Honneur_-_Paris_-_Photo_Credit_Bolade_Banjo_-_001-scaled.jpg\" alt=\"\" width=\"2560\" height=\"1707\" \/><\/p>\n<p><span style=\"font-weight: 400\">\u201cCaballero de la Legi\u00f3n de Honor. Agradecido y bendecido\u201d, escribi\u00f3 Pharrell en Instagram en una publicaci\u00f3n que inclu\u00eda una imagen suya estrechando la mano de Macron y celebrando con Pusha T, de Clipse, as\u00ed como con la primera dama francesa, Brigitte Macron, quien pos\u00f3 junto a \u00e9l en una foto donde aparec\u00eda la esposa de Williams, Helen Lasichanh, y los cuatro hijos de la pareja.\u00a0<\/span><\/p>\n<p><span style=\"font-weight: 400\">Williams tambi\u00e9n pos\u00f3 para fotos con personalidades como Bernard Arnault, presidente y director ejecutivo de LVMH Mo\u00ebt Hennessy Louis Vuitton y Pietro Beccari, presidente y director ejecutivo de Louis Vuitton y presidente y director ejecutivo de LVMH Fashion Group.<\/span><\/p>\n<p><span style=\"font-weight: 400\">El artista estadounidense se ha convertido en una figura clave de la moda mundial desde que asumi\u00f3 la direcci\u00f3n creativa de la l\u00ednea masculina de Vuitton en 2023, donde ha combinado su singular combinaci\u00f3n de streetwear, lujo, entretenimiento y el poder de las celebridades.<\/span><\/p>\n<figure id=\"attachment_165305\" class=\"wp-caption alignnone\" style=\"width: 2560px\" aria-describedby=\"caption-attachment-165305\"><img loading=\"lazy\" decoding=\"async\" class=\"wp-image-165305 size-full\" src=\"https:\/\/graziamagazine.com\/mx\/wp-content\/uploads\/sites\/13\/2026\/01\/20260123_-_Pharrell_Williams_-_Legion_D_Honneur_-_Paris_-_Photo_Credit_Laurent_Blevennec_-_Thibault_Durand___Presidence_de_la_Republique_-_009-scaled.jpg\" alt=\"\" width=\"2560\" height=\"1707\" \/><\/figure>\n<p><span style=\"font-weight: 400\">Tambi\u00e9n ha colaborado con otras marcas de LVMH en proyectos como una botella de edici\u00f3n limitada para Mo\u00ebt &amp; Chandon y joyas para la casa Tiffany.<\/span><\/p>\n<p><span style=\"font-weight: 400\">Otras figuras de la moda que han recibido este reconocimiento incluyen a Jean Paul Gaultier y Christian Lacroix. Hist\u00f3ricamente, Yves Saint Laurent fue nombrado Gran Oficial en 2007, mientras que Karl Lagerfeld y Pierre Cardin fueron nombrados Comandantes en 1997 y 2001 respectivamente.<\/span><\/p>\n<figure id=\"attachment_165306\" class=\"wp-caption alignnone\" style=\"width: 2560px\" aria-describedby=\"caption-attachment-165306\"><img loading=\"lazy\" decoding=\"async\" class=\"wp-image-165306 size-full\" src=\"https:\/\/graziamagazine.com\/mx\/wp-content\/uploads\/sites\/13\/2026\/01\/Pharrell_Williams_-_Helen_-_Emmanuel_et_Brigitte_Macron_-Legion_D_Honneur_-_Paris_-_Photo_Credit_Laurent_Blevennec_-_Thibault_Durand___Presidence_de_la_Republique_-_003-scaled.jpg\" alt=\"\" width=\"2560\" height=\"1707\" \/><figcaption id=\"caption-attachment-165306\" class=\"wp-caption-text\"><\/figcaption><\/figure>\n","protected":false},"author":16349,"featured_media":191490,"template":"","format":"standard","categories":[2971,13],"acf":{"banner":""},"yoast_head":"<!-- This site is optimized with the Yoast SEO Premium plugin v18.5 (Yoast SEO v20.4) - https:\/\/yoast.com\/wordpress\/plugins\/seo\/ -->\n<title>Pharrell Williams, nuevo Caballero de la Legi\u00f3n de Honor francesa<\/title>\n<meta name=\"description\" content=\"El dise\u00f1ador recibi\u00f3 este reconocimiento, uno de los m\u00e1s importantes en Francia, de manos del presidente Emmanuel Macron.\" \/>\n<meta name=\"robots\" content=\"index, follow, max-snippet:-1, max-image-preview:large, max-video-preview:-1\" \/>\n<link rel=\"canonical\" href=\"https:\/\/graziamagazine.com\/es\/articles\/pharrell-williams-nuevo-caballero-de-la-legion-de-honor-francesa\/\" \/>\n<meta property=\"og:locale\" content=\"es_ES\" \/>\n<meta property=\"og:type\" content=\"article\" \/>\n<meta property=\"og:title\" content=\"Pharrell Williams, nuevo Caballero de la Legi\u00f3n de Honor francesa\" \/>\n<meta property=\"og:description\" content=\"El dise\u00f1ador recibi\u00f3 este reconocimiento, uno de los m\u00e1s importantes en Francia, de manos del presidente Emmanuel Macron.\" \/>\n<meta property=\"og:url\" content=\"https:\/\/graziamagazine.com\/es\/articles\/pharrell-williams-nuevo-caballero-de-la-legion-de-honor-francesa\/\" \/>\n<meta property=\"og:site_name\" content=\"Grazia\" \/>\n<meta property=\"og:image\" content=\"https:\/\/graziamagazine.com\/es\/wp-content\/uploads\/sites\/12\/2026\/01\/20260123_-_Pharrell_Williams_-_Legion_D_Honneur_-_Paris_-_Photo_Credit_Laurent_Blevennec_-_Thibault_Durand___Presidence_de_la_Republique_-_001-scaled-1.jpg\" \/>\n\t<meta property=\"og:image:width\" content=\"2560\" \/>\n\t<meta property=\"og:image:height\" content=\"1707\" \/>\n\t<meta property=\"og:image:type\" content=\"image\/jpeg\" \/>\n<meta name=\"twitter:card\" content=\"summary_large_image\" \/>\n<meta name=\"twitter:label1\" content=\"Est. reading time\" \/>\n\t<meta name=\"twitter:data1\" content=\"3 minutos\" \/>\n<script type=\"application\/ld+json\" class=\"yoast-schema-graph\">{\"@context\":\"https:\/\/schema.org\",\"@graph\":[{\"@type\":\"WebPage\",\"@id\":\"https:\/\/graziamagazine.com\/es\/articles\/pharrell-williams-nuevo-caballero-de-la-legion-de-honor-francesa\/\",\"url\":\"https:\/\/graziamagazine.com\/es\/articles\/pharrell-williams-nuevo-caballero-de-la-legion-de-honor-francesa\/\",\"name\":\"Pharrell Williams, nuevo Caballero de la Legi\u00f3n de Honor francesa\",\"isPartOf\":{\"@id\":\"https:\/\/graziamagazine.com\/es\/#website\"},\"datePublished\":\"2026-01-28T11:14:09+00:00\",\"dateModified\":\"2026-01-28T11:14:09+00:00\",\"description\":\"El dise\u00f1ador recibi\u00f3 este reconocimiento, uno de los m\u00e1s importantes en Francia, de manos del presidente Emmanuel Macron.\",\"breadcrumb\":{\"@id\":\"https:\/\/graziamagazine.com\/es\/articles\/pharrell-williams-nuevo-caballero-de-la-legion-de-honor-francesa\/#breadcrumb\"},\"inLanguage\":\"es\",\"potentialAction\":[{\"@type\":\"ReadAction\",\"target\":[\"https:\/\/graziamagazine.com\/es\/articles\/pharrell-williams-nuevo-caballero-de-la-legion-de-honor-francesa\/\"]}]},{\"@type\":\"BreadcrumbList\",\"@id\":\"https:\/\/graziamagazine.com\/es\/articles\/pharrell-williams-nuevo-caballero-de-la-legion-de-honor-francesa\/#breadcrumb\",\"itemListElement\":[{\"@type\":\"ListItem\",\"position\":1,\"name\":\"Portada\",\"item\":\"https:\/\/graziamagazine.com\/es\/\"},{\"@type\":\"ListItem\",\"position\":2,\"name\":\"Pharrell Williams, nuevo Caballero de la Legi\u00f3n de Honor francesa\"}]},{\"@type\":\"WebSite\",\"@id\":\"https:\/\/graziamagazine.com\/es\/#website\",\"url\":\"https:\/\/graziamagazine.com\/es\/\",\"name\":\"Grazia\",\"description\":\"Moda, belleza, celebrities, estilo de vida...\",\"potentialAction\":[{\"@type\":\"SearchAction\",\"target\":{\"@type\":\"EntryPoint\",\"urlTemplate\":\"https:\/\/graziamagazine.com\/es\/?s={search_term_string}\"},\"query-input\":\"required name=search_term_string\"}],\"inLanguage\":\"es\"}]}<\/script>\n<!-- \/ Yoast SEO Premium plugin. -->","yoast_head_json":{"title":"Pharrell Williams, nuevo Caballero de la Legi\u00f3n de Honor francesa","description":"El dise\u00f1ador recibi\u00f3 este reconocimiento, uno de los m\u00e1s importantes en Francia, de manos del presidente Emmanuel Macron.","robots":{"index":"index","follow":"follow","max-snippet":"max-snippet:-1","max-image-preview":"max-image-preview:large","max-video-preview":"max-video-preview:-1"},"canonical":"https:\/\/graziamagazine.com\/es\/articles\/pharrell-williams-nuevo-caballero-de-la-legion-de-honor-francesa\/","og_locale":"es_ES","og_type":"article","og_title":"Pharrell Williams, nuevo Caballero de la Legi\u00f3n de Honor francesa","og_description":"El dise\u00f1ador recibi\u00f3 este reconocimiento, uno de los m\u00e1s importantes en Francia, de manos del presidente Emmanuel Macron.","og_url":"https:\/\/graziamagazine.com\/es\/articles\/pharrell-williams-nuevo-caballero-de-la-legion-de-honor-francesa\/","og_site_name":"Grazia","og_image":[{"width":2560,"height":1707,"url":"https:\/\/graziamagazine.com\/es\/wp-content\/uploads\/sites\/12\/2026\/01\/20260123_-_Pharrell_Williams_-_Legion_D_Honneur_-_Paris_-_Photo_Credit_Laurent_Blevennec_-_Thibault_Durand___Presidence_de_la_Republique_-_001-scaled-1.jpg","type":"image\/jpeg"}],"twitter_card":"summary_large_image","twitter_misc":{"Est. reading time":"3 minutos"},"schema":{"@context":"https:\/\/schema.org","@graph":[{"@type":"WebPage","@id":"https:\/\/graziamagazine.com\/es\/articles\/pharrell-williams-nuevo-caballero-de-la-legion-de-honor-francesa\/","url":"https:\/\/graziamagazine.com\/es\/articles\/pharrell-williams-nuevo-caballero-de-la-legion-de-honor-francesa\/","name":"Pharrell Williams, nuevo Caballero de la Legi\u00f3n de Honor francesa","isPartOf":{"@id":"https:\/\/graziamagazine.com\/es\/#website"},"datePublished":"2026-01-28T11:14:09+00:00","dateModified":"2026-01-28T11:14:09+00:00","description":"El dise\u00f1ador recibi\u00f3 este reconocimiento, uno de los m\u00e1s importantes en Francia, de manos del presidente Emmanuel Macron.","breadcrumb":{"@id":"https:\/\/graziamagazine.com\/es\/articles\/pharrell-williams-nuevo-caballero-de-la-legion-de-honor-francesa\/#breadcrumb"},"inLanguage":"es","potentialAction":[{"@type":"ReadAction","target":["https:\/\/graziamagazine.com\/es\/articles\/pharrell-williams-nuevo-caballero-de-la-legion-de-honor-francesa\/"]}]},{"@type":"BreadcrumbList","@id":"https:\/\/graziamagazine.com\/es\/articles\/pharrell-williams-nuevo-caballero-de-la-legion-de-honor-francesa\/#breadcrumb","itemListElement":[{"@type":"ListItem","position":1,"name":"Portada","item":"https:\/\/graziamagazine.com\/es\/"},{"@type":"ListItem","position":2,"name":"Pharrell Williams, nuevo Caballero de la Legi\u00f3n de Honor francesa"}]},{"@type":"WebSite","@id":"https:\/\/graziamagazine.com\/es\/#website","url":"https:\/\/graziamagazine.com\/es\/","name":"Grazia","description":"Moda, belleza, celebrities, estilo de vida...","potentialAction":[{"@type":"SearchAction","target":{"@type":"EntryPoint","urlTemplate":"https:\/\/graziamagazine.com\/es\/?s={search_term_string}"},"query-input":"required name=search_term_string"}],"inLanguage":"es"}]}},"jetpack_sharing_enabled":true,"distributor_meta":false,"distributor_terms":false,"distributor_media":false,"distributor_original_site_name":"Grazia","distributor_original_site_url":"https:\/\/graziamagazine.com\/es","push-errors":false,"_links":{"self":[{"href":"https:\/\/graziamagazine.com\/es\/wp-json\/wp\/v2\/articles\/191489"}],"collection":[{"href":"https:\/\/graziamagazine.com\/es\/wp-json\/wp\/v2\/articles"}],"about":[{"href":"https:\/\/graziamagazine.com\/es\/wp-json\/wp\/v2\/types\/articles"}],"author":[{"embeddable":true,"href":"https:\/\/graziamagazine.com\/es\/wp-json\/wp\/v2\/users\/16349"}],"wp:featuredmedia":[{"embeddable":true,"href":"https:\/\/graziamagazine.com\/es\/wp-json\/wp\/v2\/media\/191490"}],"wp:attachment":[{"href":"https:\/\/graziamagazine.com\/es\/wp-json\/wp\/v2\/media?parent=191489"}],"wp:term":[{"taxonomy":"category","embeddable":true,"href":"https:\/\/graziamagazine.com\/es\/wp-json\/wp\/v2\/categories?post=191489"}],"curies":[{"name":"wp","href":"https:\/\/api.w.org\/{rel}","templated":true}]}}