{"id":191418,"date":"2026-01-27T08:00:50","date_gmt":"2026-01-27T07:00:50","guid":{"rendered":"https:\/\/graziamagazine.com\/es\/?post_type=articles&#038;p=191418"},"modified":"2026-01-27T02:14:46","modified_gmt":"2026-01-27T01:14:46","slug":"los-invitados-al-desfile-de-alta-costura-de-dior","status":"publish","type":"articles","link":"https:\/\/graziamagazine.com\/es\/articles\/los-invitados-al-desfile-de-alta-costura-de-dior\/","title":{"rendered":"Los invitados al desfile de Alta Costura de Dior"},"content":{"rendered":"<p>Tras una larga espera, Jonathan Anderson present\u00f3 su primera colecci\u00f3n de Dior Haute Couture. Esta edici\u00f3n Spring\/Summer 2026 fue un jard\u00edn con aires de Renacimiento, donde gobernaron los cuellos escult\u00f3ricos, las capas y las l\u00edneas envolventes \u2014con modelos usando bolsos realzados en textiles raros y zapatos de punta cuadrada dise\u00f1ados originalmente para la casa por Roger Vivier\u2014. Anderson describi\u00f3 su proyecto como \u00abun laboratorio\u00bb, con sede en el Mus\u00e9e Rodin y donde la primera fila la ocupaban figuras VIP como Jennifer Lawrence y Rihanna.<\/p>\n<p>En la Alta Costura de Anderson hubo mucha inspiraci\u00f3n floral: la narrativa se construye a partir de textiles con distintas texturas y pesos, con p\u00e9talos de las flores reinterpretados a partir de capas de seda, organza, gasa y tul. Esta Haute Couture se presenta como un di\u00e1logo entre la naturaleza y el cuerpo humano, misma que disfrutaron todos los invitados que se sentaron en el front row en el Museo Rodin.<\/p>\n<h3>Rihanna<\/h3>\n<p>La artista luci\u00f3 un abrigo de lana negro de Dior sobre un vestido negro de rejilla y tul. Tambi\u00e9n luci\u00f3 accesorios de Dior.<\/p>\n<p><img loading=\"lazy\" decoding=\"async\" class=\"aligncenter size-full wp-image-191419\" src=\"https:\/\/graziamagazine.com\/es\/wp-content\/uploads\/sites\/12\/2026\/01\/RIHANNA_DIOR.jpg\" alt=\"\" width=\"1920\" height=\"2399\" srcset=\"https:\/\/graziamagazine.com\/es\/wp-content\/uploads\/sites\/12\/2026\/01\/RIHANNA_DIOR.jpg 1920w, https:\/\/graziamagazine.com\/es\/wp-content\/uploads\/sites\/12\/2026\/01\/RIHANNA_DIOR-240x300.jpg 240w, https:\/\/graziamagazine.com\/es\/wp-content\/uploads\/sites\/12\/2026\/01\/RIHANNA_DIOR-820x1024.jpg 820w, https:\/\/graziamagazine.com\/es\/wp-content\/uploads\/sites\/12\/2026\/01\/RIHANNA_DIOR-768x960.jpg 768w, https:\/\/graziamagazine.com\/es\/wp-content\/uploads\/sites\/12\/2026\/01\/RIHANNA_DIOR-1229x1536.jpg 1229w, https:\/\/graziamagazine.com\/es\/wp-content\/uploads\/sites\/12\/2026\/01\/RIHANNA_DIOR-1639x2048.jpg 1639w, https:\/\/graziamagazine.com\/es\/wp-content\/uploads\/sites\/12\/2026\/01\/RIHANNA_DIOR-400x500.jpg 400w, https:\/\/graziamagazine.com\/es\/wp-content\/uploads\/sites\/12\/2026\/01\/RIHANNA_DIOR-155x194.jpg 155w\" sizes=\"(max-width: 1920px) 100vw, 1920px\" \/><\/p>\n<h3>Jennifer Lawrence<\/h3>\n<p>La actriz luci\u00f3 un abrigo marr\u00f3n de lana y seda de Dior Oto\u00f1o 2026 con detalles de pelo en las mangas, una blusa blanca de algod\u00f3n y vaqueros bootcut azul claro. Complet\u00f3 el estilismo con accesorios de Dior.<\/p>\n<p><img loading=\"lazy\" decoding=\"async\" class=\"aligncenter size-full wp-image-191420\" src=\"https:\/\/graziamagazine.com\/es\/wp-content\/uploads\/sites\/12\/2026\/01\/JENNIFER-LAWRENCE_01_4x5.jpg\" alt=\"\" width=\"1920\" height=\"2400\" srcset=\"https:\/\/graziamagazine.com\/es\/wp-content\/uploads\/sites\/12\/2026\/01\/JENNIFER-LAWRENCE_01_4x5.jpg 1920w, https:\/\/graziamagazine.com\/es\/wp-content\/uploads\/sites\/12\/2026\/01\/JENNIFER-LAWRENCE_01_4x5-240x300.jpg 240w, https:\/\/graziamagazine.com\/es\/wp-content\/uploads\/sites\/12\/2026\/01\/JENNIFER-LAWRENCE_01_4x5-819x1024.jpg 819w, https:\/\/graziamagazine.com\/es\/wp-content\/uploads\/sites\/12\/2026\/01\/JENNIFER-LAWRENCE_01_4x5-768x960.jpg 768w, https:\/\/graziamagazine.com\/es\/wp-content\/uploads\/sites\/12\/2026\/01\/JENNIFER-LAWRENCE_01_4x5-1229x1536.jpg 1229w, https:\/\/graziamagazine.com\/es\/wp-content\/uploads\/sites\/12\/2026\/01\/JENNIFER-LAWRENCE_01_4x5-1638x2048.jpg 1638w, https:\/\/graziamagazine.com\/es\/wp-content\/uploads\/sites\/12\/2026\/01\/JENNIFER-LAWRENCE_01_4x5-400x500.jpg 400w, https:\/\/graziamagazine.com\/es\/wp-content\/uploads\/sites\/12\/2026\/01\/JENNIFER-LAWRENCE_01_4x5-155x194.jpg 155w\" sizes=\"(max-width: 1920px) 100vw, 1920px\" \/><\/p>\n<h3>Anya Taylor-Joy<\/h3>\n<p>Luci\u00f3 un abrigo beige de lana y seda de Dior con detalles de pelo en los extremos de las mangas, que acompa\u00f1\u00f3 con accesorios de Dior.<\/p>\n<p><img loading=\"lazy\" decoding=\"async\" class=\"aligncenter size-full wp-image-191421\" src=\"https:\/\/graziamagazine.com\/es\/wp-content\/uploads\/sites\/12\/2026\/01\/ANYA-TAYLOR-JOY_01_4x5.jpg\" alt=\"\" width=\"1920\" height=\"2400\" srcset=\"https:\/\/graziamagazine.com\/es\/wp-content\/uploads\/sites\/12\/2026\/01\/ANYA-TAYLOR-JOY_01_4x5.jpg 1920w, https:\/\/graziamagazine.com\/es\/wp-content\/uploads\/sites\/12\/2026\/01\/ANYA-TAYLOR-JOY_01_4x5-240x300.jpg 240w, https:\/\/graziamagazine.com\/es\/wp-content\/uploads\/sites\/12\/2026\/01\/ANYA-TAYLOR-JOY_01_4x5-819x1024.jpg 819w, https:\/\/graziamagazine.com\/es\/wp-content\/uploads\/sites\/12\/2026\/01\/ANYA-TAYLOR-JOY_01_4x5-768x960.jpg 768w, https:\/\/graziamagazine.com\/es\/wp-content\/uploads\/sites\/12\/2026\/01\/ANYA-TAYLOR-JOY_01_4x5-1229x1536.jpg 1229w, https:\/\/graziamagazine.com\/es\/wp-content\/uploads\/sites\/12\/2026\/01\/ANYA-TAYLOR-JOY_01_4x5-1638x2048.jpg 1638w, https:\/\/graziamagazine.com\/es\/wp-content\/uploads\/sites\/12\/2026\/01\/ANYA-TAYLOR-JOY_01_4x5-400x500.jpg 400w, https:\/\/graziamagazine.com\/es\/wp-content\/uploads\/sites\/12\/2026\/01\/ANYA-TAYLOR-JOY_01_4x5-155x194.jpg 155w\" sizes=\"(max-width: 1920px) 100vw, 1920px\" \/><\/p>\n<h3>Greta Lee<\/h3>\n<p>La actriz eligi\u00f3 un top verde de lentejuelas de Dior con pantalones blancos de algod\u00f3n y\u00a0accesorios de Dior.<\/p>\n<p><img loading=\"lazy\" decoding=\"async\" class=\"aligncenter size-full wp-image-191422\" src=\"https:\/\/graziamagazine.com\/es\/wp-content\/uploads\/sites\/12\/2026\/01\/GRETA-LEE_4x5.jpg\" alt=\"\" width=\"1920\" height=\"2400\" srcset=\"https:\/\/graziamagazine.com\/es\/wp-content\/uploads\/sites\/12\/2026\/01\/GRETA-LEE_4x5.jpg 1920w, https:\/\/graziamagazine.com\/es\/wp-content\/uploads\/sites\/12\/2026\/01\/GRETA-LEE_4x5-240x300.jpg 240w, https:\/\/graziamagazine.com\/es\/wp-content\/uploads\/sites\/12\/2026\/01\/GRETA-LEE_4x5-819x1024.jpg 819w, https:\/\/graziamagazine.com\/es\/wp-content\/uploads\/sites\/12\/2026\/01\/GRETA-LEE_4x5-768x960.jpg 768w, https:\/\/graziamagazine.com\/es\/wp-content\/uploads\/sites\/12\/2026\/01\/GRETA-LEE_4x5-1229x1536.jpg 1229w, https:\/\/graziamagazine.com\/es\/wp-content\/uploads\/sites\/12\/2026\/01\/GRETA-LEE_4x5-1638x2048.jpg 1638w, https:\/\/graziamagazine.com\/es\/wp-content\/uploads\/sites\/12\/2026\/01\/GRETA-LEE_4x5-400x500.jpg 400w, https:\/\/graziamagazine.com\/es\/wp-content\/uploads\/sites\/12\/2026\/01\/GRETA-LEE_4x5-155x194.jpg 155w\" sizes=\"(max-width: 1920px) 100vw, 1920px\" \/><\/p>\n<h3>Taylor Russell<\/h3>\n<p>Taylor Russell luci\u00f3 un vestido de seda blanco bordado de Dior Oto\u00f1o 2026 con accesorios de la maison.<\/p>\n<p><img loading=\"lazy\" decoding=\"async\" class=\"aligncenter size-full wp-image-191423\" src=\"https:\/\/graziamagazine.com\/es\/wp-content\/uploads\/sites\/12\/2026\/01\/TAYLOR-RUSSEL_4x5.jpg\" alt=\"\" width=\"1920\" height=\"2400\" srcset=\"https:\/\/graziamagazine.com\/es\/wp-content\/uploads\/sites\/12\/2026\/01\/TAYLOR-RUSSEL_4x5.jpg 1920w, https:\/\/graziamagazine.com\/es\/wp-content\/uploads\/sites\/12\/2026\/01\/TAYLOR-RUSSEL_4x5-240x300.jpg 240w, https:\/\/graziamagazine.com\/es\/wp-content\/uploads\/sites\/12\/2026\/01\/TAYLOR-RUSSEL_4x5-819x1024.jpg 819w, https:\/\/graziamagazine.com\/es\/wp-content\/uploads\/sites\/12\/2026\/01\/TAYLOR-RUSSEL_4x5-768x960.jpg 768w, https:\/\/graziamagazine.com\/es\/wp-content\/uploads\/sites\/12\/2026\/01\/TAYLOR-RUSSEL_4x5-1229x1536.jpg 1229w, https:\/\/graziamagazine.com\/es\/wp-content\/uploads\/sites\/12\/2026\/01\/TAYLOR-RUSSEL_4x5-1638x2048.jpg 1638w, https:\/\/graziamagazine.com\/es\/wp-content\/uploads\/sites\/12\/2026\/01\/TAYLOR-RUSSEL_4x5-400x500.jpg 400w, https:\/\/graziamagazine.com\/es\/wp-content\/uploads\/sites\/12\/2026\/01\/TAYLOR-RUSSEL_4x5-155x194.jpg 155w\" sizes=\"(max-width: 1920px) 100vw, 1920px\" \/><\/p>\n<h3>Monica Barbaro<\/h3>\n<p>La actriz apost\u00f3 por un vestido de seda negro de Dior bordado con flores rojas y accesorios de la maison. Tambi\u00e9n acompa\u00f1\u00f3 el look con anillos y pendientes Rose Dior Bagatelle de oro blanco y diamantes de Dior Joaillerie.<\/p>\n<p><img loading=\"lazy\" decoding=\"async\" class=\"aligncenter size-full wp-image-191425\" src=\"https:\/\/graziamagazine.com\/es\/wp-content\/uploads\/sites\/12\/2026\/01\/MONICA-BARBARO_4x5.jpg\" alt=\"\" width=\"1920\" height=\"2399\" srcset=\"https:\/\/graziamagazine.com\/es\/wp-content\/uploads\/sites\/12\/2026\/01\/MONICA-BARBARO_4x5.jpg 1920w, https:\/\/graziamagazine.com\/es\/wp-content\/uploads\/sites\/12\/2026\/01\/MONICA-BARBARO_4x5-240x300.jpg 240w, https:\/\/graziamagazine.com\/es\/wp-content\/uploads\/sites\/12\/2026\/01\/MONICA-BARBARO_4x5-820x1024.jpg 820w, https:\/\/graziamagazine.com\/es\/wp-content\/uploads\/sites\/12\/2026\/01\/MONICA-BARBARO_4x5-768x960.jpg 768w, https:\/\/graziamagazine.com\/es\/wp-content\/uploads\/sites\/12\/2026\/01\/MONICA-BARBARO_4x5-1229x1536.jpg 1229w, https:\/\/graziamagazine.com\/es\/wp-content\/uploads\/sites\/12\/2026\/01\/MONICA-BARBARO_4x5-1639x2048.jpg 1639w, https:\/\/graziamagazine.com\/es\/wp-content\/uploads\/sites\/12\/2026\/01\/MONICA-BARBARO_4x5-400x500.jpg 400w, https:\/\/graziamagazine.com\/es\/wp-content\/uploads\/sites\/12\/2026\/01\/MONICA-BARBARO_4x5-155x194.jpg 155w\" sizes=\"(max-width: 1920px) 100vw, 1920px\" \/><\/p>\n<h3>Zhou Ye<\/h3>\n<p>Zhou Ye luci\u00f3 una bufanda blanca de piel sint\u00e9tica de Dior Oto\u00f1o 2026 con un c\u00e1rdigan de lana blanco, una camisa de algod\u00f3n blanca y una falda de seda blanca. Tambi\u00e9n eligi\u00f3 accesorios de Dior y\u00a0collar, anillo y pendientes Rose Dior Pr\u00e9 Catelan en oro rosa, diamantes y cuarzo rosa de Dior Joaillerie.<\/p>\n<p><img loading=\"lazy\" decoding=\"async\" class=\"aligncenter size-full wp-image-191426\" src=\"https:\/\/graziamagazine.com\/es\/wp-content\/uploads\/sites\/12\/2026\/01\/ZHOU-YE-PHOTOCALL-1_4x5.jpg\" alt=\"\" width=\"1920\" height=\"2399\" srcset=\"https:\/\/graziamagazine.com\/es\/wp-content\/uploads\/sites\/12\/2026\/01\/ZHOU-YE-PHOTOCALL-1_4x5.jpg 1920w, https:\/\/graziamagazine.com\/es\/wp-content\/uploads\/sites\/12\/2026\/01\/ZHOU-YE-PHOTOCALL-1_4x5-240x300.jpg 240w, https:\/\/graziamagazine.com\/es\/wp-content\/uploads\/sites\/12\/2026\/01\/ZHOU-YE-PHOTOCALL-1_4x5-820x1024.jpg 820w, https:\/\/graziamagazine.com\/es\/wp-content\/uploads\/sites\/12\/2026\/01\/ZHOU-YE-PHOTOCALL-1_4x5-768x960.jpg 768w, https:\/\/graziamagazine.com\/es\/wp-content\/uploads\/sites\/12\/2026\/01\/ZHOU-YE-PHOTOCALL-1_4x5-1229x1536.jpg 1229w, https:\/\/graziamagazine.com\/es\/wp-content\/uploads\/sites\/12\/2026\/01\/ZHOU-YE-PHOTOCALL-1_4x5-1639x2048.jpg 1639w, https:\/\/graziamagazine.com\/es\/wp-content\/uploads\/sites\/12\/2026\/01\/ZHOU-YE-PHOTOCALL-1_4x5-400x500.jpg 400w, https:\/\/graziamagazine.com\/es\/wp-content\/uploads\/sites\/12\/2026\/01\/ZHOU-YE-PHOTOCALL-1_4x5-155x194.jpg 155w\" sizes=\"(max-width: 1920px) 100vw, 1920px\" \/><\/p>\n<h3>Alexa Chung<\/h3>\n<p>Alexa Chung luci\u00f3 una gorra de seda bordada azul y negra de Dior Verano 2026 sobre una camisa de seda bicolor y pantalones de algod\u00f3n azul y accesorios de Dior.<\/p>\n<p><img loading=\"lazy\" decoding=\"async\" class=\"aligncenter size-full wp-image-191427\" src=\"https:\/\/graziamagazine.com\/es\/wp-content\/uploads\/sites\/12\/2026\/01\/ALEXA-CHUNG_4x5.jpg\" alt=\"\" width=\"1920\" height=\"2400\" srcset=\"https:\/\/graziamagazine.com\/es\/wp-content\/uploads\/sites\/12\/2026\/01\/ALEXA-CHUNG_4x5.jpg 1920w, https:\/\/graziamagazine.com\/es\/wp-content\/uploads\/sites\/12\/2026\/01\/ALEXA-CHUNG_4x5-240x300.jpg 240w, https:\/\/graziamagazine.com\/es\/wp-content\/uploads\/sites\/12\/2026\/01\/ALEXA-CHUNG_4x5-819x1024.jpg 819w, https:\/\/graziamagazine.com\/es\/wp-content\/uploads\/sites\/12\/2026\/01\/ALEXA-CHUNG_4x5-768x960.jpg 768w, https:\/\/graziamagazine.com\/es\/wp-content\/uploads\/sites\/12\/2026\/01\/ALEXA-CHUNG_4x5-1229x1536.jpg 1229w, https:\/\/graziamagazine.com\/es\/wp-content\/uploads\/sites\/12\/2026\/01\/ALEXA-CHUNG_4x5-1638x2048.jpg 1638w, https:\/\/graziamagazine.com\/es\/wp-content\/uploads\/sites\/12\/2026\/01\/ALEXA-CHUNG_4x5-400x500.jpg 400w, https:\/\/graziamagazine.com\/es\/wp-content\/uploads\/sites\/12\/2026\/01\/ALEXA-CHUNG_4x5-155x194.jpg 155w\" sizes=\"(max-width: 1920px) 100vw, 1920px\" \/><\/p>\n<h3>B\u00e9atrice Borromeo<\/h3>\n<p>La arist\u00f3crata luci\u00f3 una chaqueta negra de lana y seda con bordados de Dior y vaqueros azules de algod\u00f3n. Tambi\u00e9n luci\u00f3 accesorios de Dior.<\/p>\n<p><img loading=\"lazy\" decoding=\"async\" class=\"aligncenter size-full wp-image-191428\" src=\"https:\/\/graziamagazine.com\/es\/wp-content\/uploads\/sites\/12\/2026\/01\/BEATRICE-BORROMEO_4x5.jpg\" alt=\"\" width=\"1920\" height=\"2399\" srcset=\"https:\/\/graziamagazine.com\/es\/wp-content\/uploads\/sites\/12\/2026\/01\/BEATRICE-BORROMEO_4x5.jpg 1920w, https:\/\/graziamagazine.com\/es\/wp-content\/uploads\/sites\/12\/2026\/01\/BEATRICE-BORROMEO_4x5-240x300.jpg 240w, https:\/\/graziamagazine.com\/es\/wp-content\/uploads\/sites\/12\/2026\/01\/BEATRICE-BORROMEO_4x5-820x1024.jpg 820w, https:\/\/graziamagazine.com\/es\/wp-content\/uploads\/sites\/12\/2026\/01\/BEATRICE-BORROMEO_4x5-768x960.jpg 768w, https:\/\/graziamagazine.com\/es\/wp-content\/uploads\/sites\/12\/2026\/01\/BEATRICE-BORROMEO_4x5-1229x1536.jpg 1229w, https:\/\/graziamagazine.com\/es\/wp-content\/uploads\/sites\/12\/2026\/01\/BEATRICE-BORROMEO_4x5-1639x2048.jpg 1639w, https:\/\/graziamagazine.com\/es\/wp-content\/uploads\/sites\/12\/2026\/01\/BEATRICE-BORROMEO_4x5-400x500.jpg 400w, https:\/\/graziamagazine.com\/es\/wp-content\/uploads\/sites\/12\/2026\/01\/BEATRICE-BORROMEO_4x5-155x194.jpg 155w\" sizes=\"(max-width: 1920px) 100vw, 1920px\" \/><\/p>\n<h3>Deva Cassel<\/h3>\n<p>Deva Cassel luci\u00f3 un c\u00e1rdigan sin mangas multicolor de Dior sobre una camisa de algod\u00f3n azul y pantalones de algod\u00f3n beige. Tambi\u00e9n calz\u00f3 zapatos Dior.<\/p>\n<p><img loading=\"lazy\" decoding=\"async\" class=\"aligncenter size-full wp-image-191429\" src=\"https:\/\/graziamagazine.com\/es\/wp-content\/uploads\/sites\/12\/2026\/01\/DEVA-CASSEL5_4x5.jpg\" alt=\"\" width=\"1920\" height=\"2399\" srcset=\"https:\/\/graziamagazine.com\/es\/wp-content\/uploads\/sites\/12\/2026\/01\/DEVA-CASSEL5_4x5.jpg 1920w, https:\/\/graziamagazine.com\/es\/wp-content\/uploads\/sites\/12\/2026\/01\/DEVA-CASSEL5_4x5-240x300.jpg 240w, https:\/\/graziamagazine.com\/es\/wp-content\/uploads\/sites\/12\/2026\/01\/DEVA-CASSEL5_4x5-820x1024.jpg 820w, https:\/\/graziamagazine.com\/es\/wp-content\/uploads\/sites\/12\/2026\/01\/DEVA-CASSEL5_4x5-768x960.jpg 768w, https:\/\/graziamagazine.com\/es\/wp-content\/uploads\/sites\/12\/2026\/01\/DEVA-CASSEL5_4x5-1229x1536.jpg 1229w, https:\/\/graziamagazine.com\/es\/wp-content\/uploads\/sites\/12\/2026\/01\/DEVA-CASSEL5_4x5-1639x2048.jpg 1639w, https:\/\/graziamagazine.com\/es\/wp-content\/uploads\/sites\/12\/2026\/01\/DEVA-CASSEL5_4x5-400x500.jpg 400w, https:\/\/graziamagazine.com\/es\/wp-content\/uploads\/sites\/12\/2026\/01\/DEVA-CASSEL5_4x5-155x194.jpg 155w\" sizes=\"(max-width: 1920px) 100vw, 1920px\" \/><\/p>\n<h3>Karlie Kloss<\/h3>\n<p>La modelo luci\u00f3 un vestido de seda negro de Dior Oto\u00f1o 2026. Tambi\u00e9n luci\u00f3 accesorios de Dior. Llev\u00f3 tambi\u00e9n un anillo y un pendiente Rose C\u00e9leste en oro amarillo, oro blanco, diamante, n\u00e1car y \u00f3nix de Dior Joaillerie.<\/p>\n<p><img loading=\"lazy\" decoding=\"async\" class=\"aligncenter size-full wp-image-191430\" src=\"https:\/\/graziamagazine.com\/es\/wp-content\/uploads\/sites\/12\/2026\/01\/KARLIE-KLOSS_4x5.jpg\" alt=\"\" width=\"1920\" height=\"2400\" srcset=\"https:\/\/graziamagazine.com\/es\/wp-content\/uploads\/sites\/12\/2026\/01\/KARLIE-KLOSS_4x5.jpg 1920w, https:\/\/graziamagazine.com\/es\/wp-content\/uploads\/sites\/12\/2026\/01\/KARLIE-KLOSS_4x5-240x300.jpg 240w, https:\/\/graziamagazine.com\/es\/wp-content\/uploads\/sites\/12\/2026\/01\/KARLIE-KLOSS_4x5-819x1024.jpg 819w, https:\/\/graziamagazine.com\/es\/wp-content\/uploads\/sites\/12\/2026\/01\/KARLIE-KLOSS_4x5-768x960.jpg 768w, https:\/\/graziamagazine.com\/es\/wp-content\/uploads\/sites\/12\/2026\/01\/KARLIE-KLOSS_4x5-1229x1536.jpg 1229w, https:\/\/graziamagazine.com\/es\/wp-content\/uploads\/sites\/12\/2026\/01\/KARLIE-KLOSS_4x5-1638x2048.jpg 1638w, https:\/\/graziamagazine.com\/es\/wp-content\/uploads\/sites\/12\/2026\/01\/KARLIE-KLOSS_4x5-400x500.jpg 400w, https:\/\/graziamagazine.com\/es\/wp-content\/uploads\/sites\/12\/2026\/01\/KARLIE-KLOSS_4x5-155x194.jpg 155w\" sizes=\"(max-width: 1920px) 100vw, 1920px\" \/><\/p>\n<h3>Laetitia Casta<\/h3>\n<p>La top model luci\u00f3 una bufanda negra de piel sint\u00e9tica de Dior Oto\u00f1o 2026 con un vestido bustier de seda negro. Tambi\u00e9n luci\u00f3 accesorios de Dior.<\/p>\n<p><img loading=\"lazy\" decoding=\"async\" class=\"aligncenter size-full wp-image-191431\" src=\"https:\/\/graziamagazine.com\/es\/wp-content\/uploads\/sites\/12\/2026\/01\/LAETITIA-CASTA-1_4x5.jpg\" alt=\"\" width=\"1920\" height=\"2399\" srcset=\"https:\/\/graziamagazine.com\/es\/wp-content\/uploads\/sites\/12\/2026\/01\/LAETITIA-CASTA-1_4x5.jpg 1920w, https:\/\/graziamagazine.com\/es\/wp-content\/uploads\/sites\/12\/2026\/01\/LAETITIA-CASTA-1_4x5-240x300.jpg 240w, https:\/\/graziamagazine.com\/es\/wp-content\/uploads\/sites\/12\/2026\/01\/LAETITIA-CASTA-1_4x5-820x1024.jpg 820w, https:\/\/graziamagazine.com\/es\/wp-content\/uploads\/sites\/12\/2026\/01\/LAETITIA-CASTA-1_4x5-768x960.jpg 768w, https:\/\/graziamagazine.com\/es\/wp-content\/uploads\/sites\/12\/2026\/01\/LAETITIA-CASTA-1_4x5-1229x1536.jpg 1229w, https:\/\/graziamagazine.com\/es\/wp-content\/uploads\/sites\/12\/2026\/01\/LAETITIA-CASTA-1_4x5-1639x2048.jpg 1639w, https:\/\/graziamagazine.com\/es\/wp-content\/uploads\/sites\/12\/2026\/01\/LAETITIA-CASTA-1_4x5-400x500.jpg 400w, https:\/\/graziamagazine.com\/es\/wp-content\/uploads\/sites\/12\/2026\/01\/LAETITIA-CASTA-1_4x5-155x194.jpg 155w\" sizes=\"(max-width: 1920px) 100vw, 1920px\" \/><\/p>\n<h3>Natalia Vodianova<\/h3>\n<p>Eligi\u00f3 una chaqueta gris de lana y seda de Dior Verano 2026, adornada con un lazo, sobre una camisa blanca de encaje y una falda negra de seda. Tambi\u00e9n luci\u00f3 accesorios de Dior.<\/p>\n<p><img loading=\"lazy\" decoding=\"async\" class=\"aligncenter size-full wp-image-191432\" src=\"https:\/\/graziamagazine.com\/es\/wp-content\/uploads\/sites\/12\/2026\/01\/NATALIA-VODIANOVA_4x5.jpg\" alt=\"\" width=\"1920\" height=\"2399\" srcset=\"https:\/\/graziamagazine.com\/es\/wp-content\/uploads\/sites\/12\/2026\/01\/NATALIA-VODIANOVA_4x5.jpg 1920w, https:\/\/graziamagazine.com\/es\/wp-content\/uploads\/sites\/12\/2026\/01\/NATALIA-VODIANOVA_4x5-240x300.jpg 240w, https:\/\/graziamagazine.com\/es\/wp-content\/uploads\/sites\/12\/2026\/01\/NATALIA-VODIANOVA_4x5-820x1024.jpg 820w, https:\/\/graziamagazine.com\/es\/wp-content\/uploads\/sites\/12\/2026\/01\/NATALIA-VODIANOVA_4x5-768x960.jpg 768w, https:\/\/graziamagazine.com\/es\/wp-content\/uploads\/sites\/12\/2026\/01\/NATALIA-VODIANOVA_4x5-1229x1536.jpg 1229w, https:\/\/graziamagazine.com\/es\/wp-content\/uploads\/sites\/12\/2026\/01\/NATALIA-VODIANOVA_4x5-1639x2048.jpg 1639w, https:\/\/graziamagazine.com\/es\/wp-content\/uploads\/sites\/12\/2026\/01\/NATALIA-VODIANOVA_4x5-400x500.jpg 400w, https:\/\/graziamagazine.com\/es\/wp-content\/uploads\/sites\/12\/2026\/01\/NATALIA-VODIANOVA_4x5-155x194.jpg 155w\" sizes=\"(max-width: 1920px) 100vw, 1920px\" \/><\/p>\n<h3>Adot Gak<\/h3>\n<p>Luci\u00f3 un vestido de crep\u00e9 de seda blanco de Dior Oto\u00f1o 2026 con detalles bordados en negro. Tambi\u00e9n luci\u00f3 accesorios de Dior.<\/p>\n<p><img loading=\"lazy\" decoding=\"async\" class=\"aligncenter size-full wp-image-191433\" src=\"https:\/\/graziamagazine.com\/es\/wp-content\/uploads\/sites\/12\/2026\/01\/ADOT-GAK_4x5.jpg\" alt=\"\" width=\"1920\" height=\"2400\" srcset=\"https:\/\/graziamagazine.com\/es\/wp-content\/uploads\/sites\/12\/2026\/01\/ADOT-GAK_4x5.jpg 1920w, https:\/\/graziamagazine.com\/es\/wp-content\/uploads\/sites\/12\/2026\/01\/ADOT-GAK_4x5-240x300.jpg 240w, https:\/\/graziamagazine.com\/es\/wp-content\/uploads\/sites\/12\/2026\/01\/ADOT-GAK_4x5-819x1024.jpg 819w, https:\/\/graziamagazine.com\/es\/wp-content\/uploads\/sites\/12\/2026\/01\/ADOT-GAK_4x5-768x960.jpg 768w, https:\/\/graziamagazine.com\/es\/wp-content\/uploads\/sites\/12\/2026\/01\/ADOT-GAK_4x5-1229x1536.jpg 1229w, https:\/\/graziamagazine.com\/es\/wp-content\/uploads\/sites\/12\/2026\/01\/ADOT-GAK_4x5-1638x2048.jpg 1638w, https:\/\/graziamagazine.com\/es\/wp-content\/uploads\/sites\/12\/2026\/01\/ADOT-GAK_4x5-400x500.jpg 400w, https:\/\/graziamagazine.com\/es\/wp-content\/uploads\/sites\/12\/2026\/01\/ADOT-GAK_4x5-155x194.jpg 155w\" sizes=\"(max-width: 1920px) 100vw, 1920px\" \/><\/p>\n<h3>Camille Cottin<\/h3>\n<p>La actriz apost\u00f3 por un traje negro de lana y seda de Dior con cuello a cuadros beige. Tambi\u00e9n luci\u00f3 accesorios de Dior.<\/p>\n<p><img loading=\"lazy\" decoding=\"async\" class=\"aligncenter size-full wp-image-191434\" src=\"https:\/\/graziamagazine.com\/es\/wp-content\/uploads\/sites\/12\/2026\/01\/CAMILLE-COTTIN_4x5.jpg\" alt=\"\" width=\"1920\" height=\"2400\" srcset=\"https:\/\/graziamagazine.com\/es\/wp-content\/uploads\/sites\/12\/2026\/01\/CAMILLE-COTTIN_4x5.jpg 1920w, https:\/\/graziamagazine.com\/es\/wp-content\/uploads\/sites\/12\/2026\/01\/CAMILLE-COTTIN_4x5-240x300.jpg 240w, https:\/\/graziamagazine.com\/es\/wp-content\/uploads\/sites\/12\/2026\/01\/CAMILLE-COTTIN_4x5-819x1024.jpg 819w, https:\/\/graziamagazine.com\/es\/wp-content\/uploads\/sites\/12\/2026\/01\/CAMILLE-COTTIN_4x5-768x960.jpg 768w, https:\/\/graziamagazine.com\/es\/wp-content\/uploads\/sites\/12\/2026\/01\/CAMILLE-COTTIN_4x5-1229x1536.jpg 1229w, https:\/\/graziamagazine.com\/es\/wp-content\/uploads\/sites\/12\/2026\/01\/CAMILLE-COTTIN_4x5-1638x2048.jpg 1638w, https:\/\/graziamagazine.com\/es\/wp-content\/uploads\/sites\/12\/2026\/01\/CAMILLE-COTTIN_4x5-400x500.jpg 400w, https:\/\/graziamagazine.com\/es\/wp-content\/uploads\/sites\/12\/2026\/01\/CAMILLE-COTTIN_4x5-155x194.jpg 155w\" sizes=\"(max-width: 1920px) 100vw, 1920px\" \/><\/p>\n<h3>Parker Posey<\/h3>\n<p>Luci\u00f3 una gabardina de algod\u00f3n beige de Dior con accesorios de Dior.<\/p>\n<p><img loading=\"lazy\" decoding=\"async\" class=\"aligncenter size-full wp-image-191435\" src=\"https:\/\/graziamagazine.com\/es\/wp-content\/uploads\/sites\/12\/2026\/01\/PARKER-POSEY_4x5.jpg\" alt=\"\" width=\"1920\" height=\"2399\" srcset=\"https:\/\/graziamagazine.com\/es\/wp-content\/uploads\/sites\/12\/2026\/01\/PARKER-POSEY_4x5.jpg 1920w, https:\/\/graziamagazine.com\/es\/wp-content\/uploads\/sites\/12\/2026\/01\/PARKER-POSEY_4x5-240x300.jpg 240w, https:\/\/graziamagazine.com\/es\/wp-content\/uploads\/sites\/12\/2026\/01\/PARKER-POSEY_4x5-820x1024.jpg 820w, https:\/\/graziamagazine.com\/es\/wp-content\/uploads\/sites\/12\/2026\/01\/PARKER-POSEY_4x5-768x960.jpg 768w, https:\/\/graziamagazine.com\/es\/wp-content\/uploads\/sites\/12\/2026\/01\/PARKER-POSEY_4x5-1229x1536.jpg 1229w, https:\/\/graziamagazine.com\/es\/wp-content\/uploads\/sites\/12\/2026\/01\/PARKER-POSEY_4x5-1639x2048.jpg 1639w, https:\/\/graziamagazine.com\/es\/wp-content\/uploads\/sites\/12\/2026\/01\/PARKER-POSEY_4x5-400x500.jpg 400w, https:\/\/graziamagazine.com\/es\/wp-content\/uploads\/sites\/12\/2026\/01\/PARKER-POSEY_4x5-155x194.jpg 155w\" sizes=\"(max-width: 1920px) 100vw, 1920px\" \/><\/p>\n<h3>Rebecca Marder<\/h3>\n<p>Eligi\u00f3 un abrigo de lana marr\u00f3n de Dior Verano 2026. Tambi\u00e9n luci\u00f3 accesorios de Dior.<\/p>\n<p><img loading=\"lazy\" decoding=\"async\" class=\"aligncenter size-full wp-image-191436\" src=\"https:\/\/graziamagazine.com\/es\/wp-content\/uploads\/sites\/12\/2026\/01\/Rebecca-Marder_4x5.jpg\" alt=\"\" width=\"1920\" height=\"2400\" srcset=\"https:\/\/graziamagazine.com\/es\/wp-content\/uploads\/sites\/12\/2026\/01\/Rebecca-Marder_4x5.jpg 1920w, https:\/\/graziamagazine.com\/es\/wp-content\/uploads\/sites\/12\/2026\/01\/Rebecca-Marder_4x5-240x300.jpg 240w, https:\/\/graziamagazine.com\/es\/wp-content\/uploads\/sites\/12\/2026\/01\/Rebecca-Marder_4x5-819x1024.jpg 819w, https:\/\/graziamagazine.com\/es\/wp-content\/uploads\/sites\/12\/2026\/01\/Rebecca-Marder_4x5-768x960.jpg 768w, https:\/\/graziamagazine.com\/es\/wp-content\/uploads\/sites\/12\/2026\/01\/Rebecca-Marder_4x5-1229x1536.jpg 1229w, https:\/\/graziamagazine.com\/es\/wp-content\/uploads\/sites\/12\/2026\/01\/Rebecca-Marder_4x5-1638x2048.jpg 1638w, https:\/\/graziamagazine.com\/es\/wp-content\/uploads\/sites\/12\/2026\/01\/Rebecca-Marder_4x5-400x500.jpg 400w, https:\/\/graziamagazine.com\/es\/wp-content\/uploads\/sites\/12\/2026\/01\/Rebecca-Marder_4x5-155x194.jpg 155w\" sizes=\"(max-width: 1920px) 100vw, 1920px\" \/><\/p>\n<h3>Rikako Yagi<\/h3>\n<p>Luci\u00f3 una chaqueta negra de lana y seda de Dior Oto\u00f1o 2026 sobre una camisa blanca de algod\u00f3n y pantalones grises de algod\u00f3n. Tambi\u00e9n luci\u00f3 accesorios de Dior. Llev\u00f3 tambi\u00e9n un anillo My Dior de oro blanco y diamantes de Dior Joaillerie.<\/p>\n<p><img loading=\"lazy\" decoding=\"async\" class=\"aligncenter size-full wp-image-191438\" src=\"https:\/\/graziamagazine.com\/es\/wp-content\/uploads\/sites\/12\/2026\/01\/RIKAKO-YAGI-1_4x5.jpg\" alt=\"\" width=\"1920\" height=\"2399\" srcset=\"https:\/\/graziamagazine.com\/es\/wp-content\/uploads\/sites\/12\/2026\/01\/RIKAKO-YAGI-1_4x5.jpg 1920w, https:\/\/graziamagazine.com\/es\/wp-content\/uploads\/sites\/12\/2026\/01\/RIKAKO-YAGI-1_4x5-240x300.jpg 240w, https:\/\/graziamagazine.com\/es\/wp-content\/uploads\/sites\/12\/2026\/01\/RIKAKO-YAGI-1_4x5-820x1024.jpg 820w, https:\/\/graziamagazine.com\/es\/wp-content\/uploads\/sites\/12\/2026\/01\/RIKAKO-YAGI-1_4x5-768x960.jpg 768w, https:\/\/graziamagazine.com\/es\/wp-content\/uploads\/sites\/12\/2026\/01\/RIKAKO-YAGI-1_4x5-1229x1536.jpg 1229w, https:\/\/graziamagazine.com\/es\/wp-content\/uploads\/sites\/12\/2026\/01\/RIKAKO-YAGI-1_4x5-1639x2048.jpg 1639w, https:\/\/graziamagazine.com\/es\/wp-content\/uploads\/sites\/12\/2026\/01\/RIKAKO-YAGI-1_4x5-400x500.jpg 400w, https:\/\/graziamagazine.com\/es\/wp-content\/uploads\/sites\/12\/2026\/01\/RIKAKO-YAGI-1_4x5-155x194.jpg 155w\" sizes=\"(max-width: 1920px) 100vw, 1920px\" \/><\/p>\n<h3>Ethel Cain<\/h3>\n<p>Apost\u00f3 por un Dior Oto\u00f1o 2026 con bordados de cinta de seda marr\u00f3n y pantalones de seda beige. Tambi\u00e9n luci\u00f3 accesorios de Dior.<\/p>\n<p><img loading=\"lazy\" decoding=\"async\" class=\"aligncenter size-full wp-image-191439\" src=\"https:\/\/graziamagazine.com\/es\/wp-content\/uploads\/sites\/12\/2026\/01\/ETHEL-CAIN-2_4x5.jpg\" alt=\"\" width=\"1920\" height=\"2400\" srcset=\"https:\/\/graziamagazine.com\/es\/wp-content\/uploads\/sites\/12\/2026\/01\/ETHEL-CAIN-2_4x5.jpg 1920w, https:\/\/graziamagazine.com\/es\/wp-content\/uploads\/sites\/12\/2026\/01\/ETHEL-CAIN-2_4x5-240x300.jpg 240w, https:\/\/graziamagazine.com\/es\/wp-content\/uploads\/sites\/12\/2026\/01\/ETHEL-CAIN-2_4x5-819x1024.jpg 819w, https:\/\/graziamagazine.com\/es\/wp-content\/uploads\/sites\/12\/2026\/01\/ETHEL-CAIN-2_4x5-768x960.jpg 768w, https:\/\/graziamagazine.com\/es\/wp-content\/uploads\/sites\/12\/2026\/01\/ETHEL-CAIN-2_4x5-1229x1536.jpg 1229w, https:\/\/graziamagazine.com\/es\/wp-content\/uploads\/sites\/12\/2026\/01\/ETHEL-CAIN-2_4x5-1638x2048.jpg 1638w, https:\/\/graziamagazine.com\/es\/wp-content\/uploads\/sites\/12\/2026\/01\/ETHEL-CAIN-2_4x5-400x500.jpg 400w, https:\/\/graziamagazine.com\/es\/wp-content\/uploads\/sites\/12\/2026\/01\/ETHEL-CAIN-2_4x5-155x194.jpg 155w\" sizes=\"(max-width: 1920px) 100vw, 1920px\" \/><\/p>\n<h3>Wang Yuwen<\/h3>\n<p>Visti\u00f3 una blusa de seda blanca de Dior Oto\u00f1o 2026 con bermudas de crep\u00e9 de seda. Tambi\u00e9n luci\u00f3 accesorios de Dior. Llev\u00f3 tambi\u00e9n pulsera, collar, anillo y pendientes Bois de Rose en oro rosa y diamantes, y pulsera Bois de Rose en oro blanco y diamantes de Dior Joaillerie.<\/p>\n<p><img loading=\"lazy\" decoding=\"async\" class=\"aligncenter size-full wp-image-191440\" src=\"https:\/\/graziamagazine.com\/es\/wp-content\/uploads\/sites\/12\/2026\/01\/WANG-YUWEN-PHOTOCALL_4x5.jpg\" alt=\"\" width=\"1920\" height=\"2399\" srcset=\"https:\/\/graziamagazine.com\/es\/wp-content\/uploads\/sites\/12\/2026\/01\/WANG-YUWEN-PHOTOCALL_4x5.jpg 1920w, https:\/\/graziamagazine.com\/es\/wp-content\/uploads\/sites\/12\/2026\/01\/WANG-YUWEN-PHOTOCALL_4x5-240x300.jpg 240w, https:\/\/graziamagazine.com\/es\/wp-content\/uploads\/sites\/12\/2026\/01\/WANG-YUWEN-PHOTOCALL_4x5-820x1024.jpg 820w, https:\/\/graziamagazine.com\/es\/wp-content\/uploads\/sites\/12\/2026\/01\/WANG-YUWEN-PHOTOCALL_4x5-768x960.jpg 768w, https:\/\/graziamagazine.com\/es\/wp-content\/uploads\/sites\/12\/2026\/01\/WANG-YUWEN-PHOTOCALL_4x5-1229x1536.jpg 1229w, https:\/\/graziamagazine.com\/es\/wp-content\/uploads\/sites\/12\/2026\/01\/WANG-YUWEN-PHOTOCALL_4x5-1639x2048.jpg 1639w, https:\/\/graziamagazine.com\/es\/wp-content\/uploads\/sites\/12\/2026\/01\/WANG-YUWEN-PHOTOCALL_4x5-400x500.jpg 400w, https:\/\/graziamagazine.com\/es\/wp-content\/uploads\/sites\/12\/2026\/01\/WANG-YUWEN-PHOTOCALL_4x5-155x194.jpg 155w\" sizes=\"(max-width: 1920px) 100vw, 1920px\" \/><\/p>\n<h3>Rashida Jones<\/h3>\n<p>Luci\u00f3 un abrigo de lana negro de Dior Oto\u00f1o 2026 sobre una camisa y pantalones de seda azul. Tambi\u00e9n luci\u00f3 accesorios de Dior. Llev\u00f3 tambi\u00e9n el anillo y los pendientes Rose Dior Bagatelle de oro blanco y diamantes, y el anillo y los pendientes Couture Dior Dentelle de oro rosa y diamantes de Dior Joaillerie.<\/p>\n<p><img loading=\"lazy\" decoding=\"async\" class=\"aligncenter size-full wp-image-191441\" src=\"https:\/\/graziamagazine.com\/es\/wp-content\/uploads\/sites\/12\/2026\/01\/RASHIDA-JONES_4x5.jpg\" alt=\"\" width=\"1920\" height=\"2400\" srcset=\"https:\/\/graziamagazine.com\/es\/wp-content\/uploads\/sites\/12\/2026\/01\/RASHIDA-JONES_4x5.jpg 1920w, https:\/\/graziamagazine.com\/es\/wp-content\/uploads\/sites\/12\/2026\/01\/RASHIDA-JONES_4x5-240x300.jpg 240w, https:\/\/graziamagazine.com\/es\/wp-content\/uploads\/sites\/12\/2026\/01\/RASHIDA-JONES_4x5-819x1024.jpg 819w, https:\/\/graziamagazine.com\/es\/wp-content\/uploads\/sites\/12\/2026\/01\/RASHIDA-JONES_4x5-768x960.jpg 768w, https:\/\/graziamagazine.com\/es\/wp-content\/uploads\/sites\/12\/2026\/01\/RASHIDA-JONES_4x5-1229x1536.jpg 1229w, https:\/\/graziamagazine.com\/es\/wp-content\/uploads\/sites\/12\/2026\/01\/RASHIDA-JONES_4x5-1638x2048.jpg 1638w, https:\/\/graziamagazine.com\/es\/wp-content\/uploads\/sites\/12\/2026\/01\/RASHIDA-JONES_4x5-400x500.jpg 400w, https:\/\/graziamagazine.com\/es\/wp-content\/uploads\/sites\/12\/2026\/01\/RASHIDA-JONES_4x5-155x194.jpg 155w\" sizes=\"(max-width: 1920px) 100vw, 1920px\" \/><\/p>\n<h3>Ruth Wilson<\/h3>\n<p>Luci\u00f3 un abrigo de lana y cachemira gris Dior Oto\u00f1o 2026 con accesorios Dior.<\/p>\n<p><img loading=\"lazy\" decoding=\"async\" class=\"aligncenter size-full wp-image-191442\" src=\"https:\/\/graziamagazine.com\/es\/wp-content\/uploads\/sites\/12\/2026\/01\/RUTH-WILSON_4x5.jpg\" alt=\"\" width=\"1920\" height=\"2400\" srcset=\"https:\/\/graziamagazine.com\/es\/wp-content\/uploads\/sites\/12\/2026\/01\/RUTH-WILSON_4x5.jpg 1920w, https:\/\/graziamagazine.com\/es\/wp-content\/uploads\/sites\/12\/2026\/01\/RUTH-WILSON_4x5-240x300.jpg 240w, https:\/\/graziamagazine.com\/es\/wp-content\/uploads\/sites\/12\/2026\/01\/RUTH-WILSON_4x5-819x1024.jpg 819w, https:\/\/graziamagazine.com\/es\/wp-content\/uploads\/sites\/12\/2026\/01\/RUTH-WILSON_4x5-768x960.jpg 768w, https:\/\/graziamagazine.com\/es\/wp-content\/uploads\/sites\/12\/2026\/01\/RUTH-WILSON_4x5-1229x1536.jpg 1229w, https:\/\/graziamagazine.com\/es\/wp-content\/uploads\/sites\/12\/2026\/01\/RUTH-WILSON_4x5-1638x2048.jpg 1638w, https:\/\/graziamagazine.com\/es\/wp-content\/uploads\/sites\/12\/2026\/01\/RUTH-WILSON_4x5-400x500.jpg 400w, https:\/\/graziamagazine.com\/es\/wp-content\/uploads\/sites\/12\/2026\/01\/RUTH-WILSON_4x5-155x194.jpg 155w\" sizes=\"(max-width: 1920px) 100vw, 1920px\" \/><\/p>\n<h3>Carina Lau<\/h3>\n<p>Luci\u00f3 un abrigo de seda blanco de Dior Oto\u00f1o 2026 sobre un top de algod\u00f3n blanco y vaqueros azules de algod\u00f3n. Tambi\u00e9n luci\u00f3 accesorios de Dior. Llev\u00f3 tambi\u00e9n una pulsera Rose des Vents de oro blanco, diamantes y n\u00e1car, un collar Rose des Vents de oro amarillo, diamantes y n\u00e1car, y un collar y pendientes Rose des Vents de oro rosa y diamantes de Dior Joaillerie.<\/p>\n<p><img loading=\"lazy\" decoding=\"async\" class=\"aligncenter size-full wp-image-191443\" src=\"https:\/\/graziamagazine.com\/es\/wp-content\/uploads\/sites\/12\/2026\/01\/CARINA-LAU-PHOTOCALL_4x5.jpg\" alt=\"\" width=\"1920\" height=\"2399\" srcset=\"https:\/\/graziamagazine.com\/es\/wp-content\/uploads\/sites\/12\/2026\/01\/CARINA-LAU-PHOTOCALL_4x5.jpg 1920w, https:\/\/graziamagazine.com\/es\/wp-content\/uploads\/sites\/12\/2026\/01\/CARINA-LAU-PHOTOCALL_4x5-240x300.jpg 240w, https:\/\/graziamagazine.com\/es\/wp-content\/uploads\/sites\/12\/2026\/01\/CARINA-LAU-PHOTOCALL_4x5-820x1024.jpg 820w, https:\/\/graziamagazine.com\/es\/wp-content\/uploads\/sites\/12\/2026\/01\/CARINA-LAU-PHOTOCALL_4x5-768x960.jpg 768w, https:\/\/graziamagazine.com\/es\/wp-content\/uploads\/sites\/12\/2026\/01\/CARINA-LAU-PHOTOCALL_4x5-1229x1536.jpg 1229w, https:\/\/graziamagazine.com\/es\/wp-content\/uploads\/sites\/12\/2026\/01\/CARINA-LAU-PHOTOCALL_4x5-1639x2048.jpg 1639w, https:\/\/graziamagazine.com\/es\/wp-content\/uploads\/sites\/12\/2026\/01\/CARINA-LAU-PHOTOCALL_4x5-400x500.jpg 400w, https:\/\/graziamagazine.com\/es\/wp-content\/uploads\/sites\/12\/2026\/01\/CARINA-LAU-PHOTOCALL_4x5-155x194.jpg 155w\" sizes=\"(max-width: 1920px) 100vw, 1920px\" \/><\/p>\n<h3>Gray Sorrenti<\/h3>\n<p>Luci\u00f3 un vestido bustier de seda negro de Dior y zapatos Dior.<\/p>\n<p><img loading=\"lazy\" decoding=\"async\" class=\"aligncenter size-full wp-image-191444\" src=\"https:\/\/graziamagazine.com\/es\/wp-content\/uploads\/sites\/12\/2026\/01\/GRAY-SORRENTI_4x5.jpg\" alt=\"\" width=\"1920\" height=\"2401\" srcset=\"https:\/\/graziamagazine.com\/es\/wp-content\/uploads\/sites\/12\/2026\/01\/GRAY-SORRENTI_4x5.jpg 1920w, https:\/\/graziamagazine.com\/es\/wp-content\/uploads\/sites\/12\/2026\/01\/GRAY-SORRENTI_4x5-240x300.jpg 240w, https:\/\/graziamagazine.com\/es\/wp-content\/uploads\/sites\/12\/2026\/01\/GRAY-SORRENTI_4x5-819x1024.jpg 819w, https:\/\/graziamagazine.com\/es\/wp-content\/uploads\/sites\/12\/2026\/01\/GRAY-SORRENTI_4x5-768x960.jpg 768w, https:\/\/graziamagazine.com\/es\/wp-content\/uploads\/sites\/12\/2026\/01\/GRAY-SORRENTI_4x5-1228x1536.jpg 1228w, https:\/\/graziamagazine.com\/es\/wp-content\/uploads\/sites\/12\/2026\/01\/GRAY-SORRENTI_4x5-1638x2048.jpg 1638w, https:\/\/graziamagazine.com\/es\/wp-content\/uploads\/sites\/12\/2026\/01\/GRAY-SORRENTI_4x5-400x500.jpg 400w, https:\/\/graziamagazine.com\/es\/wp-content\/uploads\/sites\/12\/2026\/01\/GRAY-SORRENTI_4x5-155x194.jpg 155w\" sizes=\"(max-width: 1920px) 100vw, 1920px\" \/><\/p>\n<h3>Hafsia Herzi<\/h3>\n<p>Eligi\u00f3 una bomber de cuero negro de Dior con pantalones negros de algod\u00f3n. Tambi\u00e9n luci\u00f3 accesorios de Dior.<\/p>\n<p><img loading=\"lazy\" decoding=\"async\" class=\"aligncenter size-full wp-image-191445\" src=\"https:\/\/graziamagazine.com\/es\/wp-content\/uploads\/sites\/12\/2026\/01\/HAFSIA-HERZI-2_4x5.jpg\" alt=\"\" width=\"1920\" height=\"2398\" srcset=\"https:\/\/graziamagazine.com\/es\/wp-content\/uploads\/sites\/12\/2026\/01\/HAFSIA-HERZI-2_4x5.jpg 1920w, https:\/\/graziamagazine.com\/es\/wp-content\/uploads\/sites\/12\/2026\/01\/HAFSIA-HERZI-2_4x5-240x300.jpg 240w, https:\/\/graziamagazine.com\/es\/wp-content\/uploads\/sites\/12\/2026\/01\/HAFSIA-HERZI-2_4x5-820x1024.jpg 820w, https:\/\/graziamagazine.com\/es\/wp-content\/uploads\/sites\/12\/2026\/01\/HAFSIA-HERZI-2_4x5-768x959.jpg 768w, https:\/\/graziamagazine.com\/es\/wp-content\/uploads\/sites\/12\/2026\/01\/HAFSIA-HERZI-2_4x5-1230x1536.jpg 1230w, https:\/\/graziamagazine.com\/es\/wp-content\/uploads\/sites\/12\/2026\/01\/HAFSIA-HERZI-2_4x5-1640x2048.jpg 1640w, https:\/\/graziamagazine.com\/es\/wp-content\/uploads\/sites\/12\/2026\/01\/HAFSIA-HERZI-2_4x5-400x500.jpg 400w, https:\/\/graziamagazine.com\/es\/wp-content\/uploads\/sites\/12\/2026\/01\/HAFSIA-HERZI-2_4x5-155x194.jpg 155w\" sizes=\"(max-width: 1920px) 100vw, 1920px\" \/><\/p>\n<h3>Vivian Bond<\/h3>\n<p>Opt\u00f3 por un abrigo de lana con estampado pata de gallo en blanco y negro de Dior Oto\u00f1o 2026 sobre una camisa de seda negra y pantalones de crep\u00e9 de seda negros. Tambi\u00e9n luci\u00f3 accesorios de Dior.<\/p>\n<p><img loading=\"lazy\" decoding=\"async\" class=\"aligncenter size-full wp-image-191446\" src=\"https:\/\/graziamagazine.com\/es\/wp-content\/uploads\/sites\/12\/2026\/01\/VIVIAN-BOND_4x5.jpg\" alt=\"\" width=\"1920\" height=\"2399\" srcset=\"https:\/\/graziamagazine.com\/es\/wp-content\/uploads\/sites\/12\/2026\/01\/VIVIAN-BOND_4x5.jpg 1920w, https:\/\/graziamagazine.com\/es\/wp-content\/uploads\/sites\/12\/2026\/01\/VIVIAN-BOND_4x5-240x300.jpg 240w, https:\/\/graziamagazine.com\/es\/wp-content\/uploads\/sites\/12\/2026\/01\/VIVIAN-BOND_4x5-820x1024.jpg 820w, https:\/\/graziamagazine.com\/es\/wp-content\/uploads\/sites\/12\/2026\/01\/VIVIAN-BOND_4x5-768x960.jpg 768w, https:\/\/graziamagazine.com\/es\/wp-content\/uploads\/sites\/12\/2026\/01\/VIVIAN-BOND_4x5-1229x1536.jpg 1229w, https:\/\/graziamagazine.com\/es\/wp-content\/uploads\/sites\/12\/2026\/01\/VIVIAN-BOND_4x5-1639x2048.jpg 1639w, https:\/\/graziamagazine.com\/es\/wp-content\/uploads\/sites\/12\/2026\/01\/VIVIAN-BOND_4x5-400x500.jpg 400w, https:\/\/graziamagazine.com\/es\/wp-content\/uploads\/sites\/12\/2026\/01\/VIVIAN-BOND_4x5-155x194.jpg 155w\" sizes=\"(max-width: 1920px) 100vw, 1920px\" \/><\/p>\n<h3>Yasmina El-Abd<\/h3>\n<p>Recuper\u00f3 la capa de lana bicolor de Dior Verano 2026 sobre una camisa blanca de algod\u00f3n y pantalones negros de lana y seda. Tambi\u00e9n luci\u00f3 accesorios de Dior.<\/p>\n<p><img loading=\"lazy\" decoding=\"async\" class=\"aligncenter size-full wp-image-191447\" src=\"https:\/\/graziamagazine.com\/es\/wp-content\/uploads\/sites\/12\/2026\/01\/YASMINA-EL-ABD_4x5.jpg\" alt=\"\" width=\"1920\" height=\"2400\" srcset=\"https:\/\/graziamagazine.com\/es\/wp-content\/uploads\/sites\/12\/2026\/01\/YASMINA-EL-ABD_4x5.jpg 1920w, https:\/\/graziamagazine.com\/es\/wp-content\/uploads\/sites\/12\/2026\/01\/YASMINA-EL-ABD_4x5-240x300.jpg 240w, https:\/\/graziamagazine.com\/es\/wp-content\/uploads\/sites\/12\/2026\/01\/YASMINA-EL-ABD_4x5-819x1024.jpg 819w, https:\/\/graziamagazine.com\/es\/wp-content\/uploads\/sites\/12\/2026\/01\/YASMINA-EL-ABD_4x5-768x960.jpg 768w, https:\/\/graziamagazine.com\/es\/wp-content\/uploads\/sites\/12\/2026\/01\/YASMINA-EL-ABD_4x5-1229x1536.jpg 1229w, https:\/\/graziamagazine.com\/es\/wp-content\/uploads\/sites\/12\/2026\/01\/YASMINA-EL-ABD_4x5-1638x2048.jpg 1638w, https:\/\/graziamagazine.com\/es\/wp-content\/uploads\/sites\/12\/2026\/01\/YASMINA-EL-ABD_4x5-400x500.jpg 400w, https:\/\/graziamagazine.com\/es\/wp-content\/uploads\/sites\/12\/2026\/01\/YASMINA-EL-ABD_4x5-155x194.jpg 155w\" sizes=\"(max-width: 1920px) 100vw, 1920px\" \/><\/p>\n<h3>Josh O&#8217;Connor<\/h3>\n<p>Llevaba un jersey de lana color burdeos de Dior, pantalones de lana negros y un par de mocasines de cuero negros.<\/p>\n<p><img loading=\"lazy\" decoding=\"async\" class=\"aligncenter size-full wp-image-191448\" src=\"https:\/\/graziamagazine.com\/es\/wp-content\/uploads\/sites\/12\/2026\/01\/JOSH-OCONNOR_01_4x5.jpg\" alt=\"\" width=\"1920\" height=\"2400\" srcset=\"https:\/\/graziamagazine.com\/es\/wp-content\/uploads\/sites\/12\/2026\/01\/JOSH-OCONNOR_01_4x5.jpg 1920w, https:\/\/graziamagazine.com\/es\/wp-content\/uploads\/sites\/12\/2026\/01\/JOSH-OCONNOR_01_4x5-240x300.jpg 240w, https:\/\/graziamagazine.com\/es\/wp-content\/uploads\/sites\/12\/2026\/01\/JOSH-OCONNOR_01_4x5-819x1024.jpg 819w, https:\/\/graziamagazine.com\/es\/wp-content\/uploads\/sites\/12\/2026\/01\/JOSH-OCONNOR_01_4x5-768x960.jpg 768w, https:\/\/graziamagazine.com\/es\/wp-content\/uploads\/sites\/12\/2026\/01\/JOSH-OCONNOR_01_4x5-1229x1536.jpg 1229w, https:\/\/graziamagazine.com\/es\/wp-content\/uploads\/sites\/12\/2026\/01\/JOSH-OCONNOR_01_4x5-1638x2048.jpg 1638w, https:\/\/graziamagazine.com\/es\/wp-content\/uploads\/sites\/12\/2026\/01\/JOSH-OCONNOR_01_4x5-400x500.jpg 400w, https:\/\/graziamagazine.com\/es\/wp-content\/uploads\/sites\/12\/2026\/01\/JOSH-OCONNOR_01_4x5-155x194.jpg 155w\" sizes=\"(max-width: 1920px) 100vw, 1920px\" \/><\/p>\n<h3>Aron Piper<\/h3>\n<p>Luci\u00f3 un abrigo Dior de lana marr\u00f3n con solapa de pico, un jersey de lana negro, una camisa blanca de algod\u00f3n con cuello de ala y vaqueros azules. Tambi\u00e9n calz\u00f3 unos mocasines beige de cuero estampado.<\/p>\n<p><img loading=\"lazy\" decoding=\"async\" class=\"aligncenter size-full wp-image-191449\" src=\"https:\/\/graziamagazine.com\/es\/wp-content\/uploads\/sites\/12\/2026\/01\/ARON-PIPER_4x5.jpg\" alt=\"\" width=\"1920\" height=\"2400\" srcset=\"https:\/\/graziamagazine.com\/es\/wp-content\/uploads\/sites\/12\/2026\/01\/ARON-PIPER_4x5.jpg 1920w, https:\/\/graziamagazine.com\/es\/wp-content\/uploads\/sites\/12\/2026\/01\/ARON-PIPER_4x5-240x300.jpg 240w, https:\/\/graziamagazine.com\/es\/wp-content\/uploads\/sites\/12\/2026\/01\/ARON-PIPER_4x5-819x1024.jpg 819w, https:\/\/graziamagazine.com\/es\/wp-content\/uploads\/sites\/12\/2026\/01\/ARON-PIPER_4x5-768x960.jpg 768w, https:\/\/graziamagazine.com\/es\/wp-content\/uploads\/sites\/12\/2026\/01\/ARON-PIPER_4x5-1229x1536.jpg 1229w, https:\/\/graziamagazine.com\/es\/wp-content\/uploads\/sites\/12\/2026\/01\/ARON-PIPER_4x5-1638x2048.jpg 1638w, https:\/\/graziamagazine.com\/es\/wp-content\/uploads\/sites\/12\/2026\/01\/ARON-PIPER_4x5-400x500.jpg 400w, https:\/\/graziamagazine.com\/es\/wp-content\/uploads\/sites\/12\/2026\/01\/ARON-PIPER_4x5-155x194.jpg 155w\" sizes=\"(max-width: 1920px) 100vw, 1920px\" \/><\/p>\n<h3>Damon Albarn<\/h3>\n<p>Llevaba un traje de solapa con muesca de lana negra de Dior, una camiseta de algod\u00f3n negra y un par de zapatos derbies de cuero negro.<\/p>\n<p><img loading=\"lazy\" decoding=\"async\" class=\"aligncenter size-full wp-image-191450\" src=\"https:\/\/graziamagazine.com\/es\/wp-content\/uploads\/sites\/12\/2026\/01\/DAMON-ALBARN_4x5.jpg\" alt=\"\" width=\"1920\" height=\"2400\" srcset=\"https:\/\/graziamagazine.com\/es\/wp-content\/uploads\/sites\/12\/2026\/01\/DAMON-ALBARN_4x5.jpg 1920w, https:\/\/graziamagazine.com\/es\/wp-content\/uploads\/sites\/12\/2026\/01\/DAMON-ALBARN_4x5-240x300.jpg 240w, https:\/\/graziamagazine.com\/es\/wp-content\/uploads\/sites\/12\/2026\/01\/DAMON-ALBARN_4x5-819x1024.jpg 819w, https:\/\/graziamagazine.com\/es\/wp-content\/uploads\/sites\/12\/2026\/01\/DAMON-ALBARN_4x5-768x960.jpg 768w, https:\/\/graziamagazine.com\/es\/wp-content\/uploads\/sites\/12\/2026\/01\/DAMON-ALBARN_4x5-1229x1536.jpg 1229w, https:\/\/graziamagazine.com\/es\/wp-content\/uploads\/sites\/12\/2026\/01\/DAMON-ALBARN_4x5-1638x2048.jpg 1638w, https:\/\/graziamagazine.com\/es\/wp-content\/uploads\/sites\/12\/2026\/01\/DAMON-ALBARN_4x5-400x500.jpg 400w, https:\/\/graziamagazine.com\/es\/wp-content\/uploads\/sites\/12\/2026\/01\/DAMON-ALBARN_4x5-155x194.jpg 155w\" sizes=\"(max-width: 1920px) 100vw, 1920px\" \/><\/p>\n<h3>Mike Faist<\/h3>\n<p>Llevaba un abrigo de lana negro de Dior, una camisa blanca de algod\u00f3n y seda con bordado Brandebourg, vaqueros azul oscuro y un par de derbies Archie de cuero negro.<\/p>\n<p><img loading=\"lazy\" decoding=\"async\" class=\"aligncenter size-full wp-image-191451\" src=\"https:\/\/graziamagazine.com\/es\/wp-content\/uploads\/sites\/12\/2026\/01\/MIKE-FAIST_4x5.jpg\" alt=\"\" width=\"1920\" height=\"2399\" srcset=\"https:\/\/graziamagazine.com\/es\/wp-content\/uploads\/sites\/12\/2026\/01\/MIKE-FAIST_4x5.jpg 1920w, https:\/\/graziamagazine.com\/es\/wp-content\/uploads\/sites\/12\/2026\/01\/MIKE-FAIST_4x5-240x300.jpg 240w, https:\/\/graziamagazine.com\/es\/wp-content\/uploads\/sites\/12\/2026\/01\/MIKE-FAIST_4x5-820x1024.jpg 820w, https:\/\/graziamagazine.com\/es\/wp-content\/uploads\/sites\/12\/2026\/01\/MIKE-FAIST_4x5-768x960.jpg 768w, https:\/\/graziamagazine.com\/es\/wp-content\/uploads\/sites\/12\/2026\/01\/MIKE-FAIST_4x5-1229x1536.jpg 1229w, https:\/\/graziamagazine.com\/es\/wp-content\/uploads\/sites\/12\/2026\/01\/MIKE-FAIST_4x5-1639x2048.jpg 1639w, https:\/\/graziamagazine.com\/es\/wp-content\/uploads\/sites\/12\/2026\/01\/MIKE-FAIST_4x5-400x500.jpg 400w, https:\/\/graziamagazine.com\/es\/wp-content\/uploads\/sites\/12\/2026\/01\/MIKE-FAIST_4x5-155x194.jpg 155w\" sizes=\"(max-width: 1920px) 100vw, 1920px\" \/><\/p>\n<h3>Dan Levy<\/h3>\n<p>Llevaba un abrigo de lana marr\u00f3n con cuello de cuero, una camiseta de algod\u00f3n blanca, pantalones de lana negros y un par de mocasines de cuero marr\u00f3n.<\/p>\n<p><img loading=\"lazy\" decoding=\"async\" class=\"aligncenter size-full wp-image-191452\" src=\"https:\/\/graziamagazine.com\/es\/wp-content\/uploads\/sites\/12\/2026\/01\/DAN-LEVY_4x5.jpg\" alt=\"\" width=\"1920\" height=\"2400\" srcset=\"https:\/\/graziamagazine.com\/es\/wp-content\/uploads\/sites\/12\/2026\/01\/DAN-LEVY_4x5.jpg 1920w, https:\/\/graziamagazine.com\/es\/wp-content\/uploads\/sites\/12\/2026\/01\/DAN-LEVY_4x5-240x300.jpg 240w, https:\/\/graziamagazine.com\/es\/wp-content\/uploads\/sites\/12\/2026\/01\/DAN-LEVY_4x5-819x1024.jpg 819w, https:\/\/graziamagazine.com\/es\/wp-content\/uploads\/sites\/12\/2026\/01\/DAN-LEVY_4x5-768x960.jpg 768w, https:\/\/graziamagazine.com\/es\/wp-content\/uploads\/sites\/12\/2026\/01\/DAN-LEVY_4x5-1229x1536.jpg 1229w, https:\/\/graziamagazine.com\/es\/wp-content\/uploads\/sites\/12\/2026\/01\/DAN-LEVY_4x5-1638x2048.jpg 1638w, https:\/\/graziamagazine.com\/es\/wp-content\/uploads\/sites\/12\/2026\/01\/DAN-LEVY_4x5-400x500.jpg 400w, https:\/\/graziamagazine.com\/es\/wp-content\/uploads\/sites\/12\/2026\/01\/DAN-LEVY_4x5-155x194.jpg 155w\" sizes=\"(max-width: 1920px) 100vw, 1920px\" \/><\/p>\n<p><em>*Im\u00e1genes: cortes\u00eda<\/em><\/p>\n","protected":false},"author":11653,"featured_media":191424,"template":"","format":"standard","categories":[13],"acf":[],"yoast_head":"<!-- This site is optimized with the Yoast SEO Premium plugin v18.5 (Yoast SEO v20.4) - https:\/\/yoast.com\/wordpress\/plugins\/seo\/ -->\n<title>Los invitados al desfile de Alta Costura de Dior<\/title>\n<meta name=\"description\" content=\"Tras una larga espera, Jonathan Anderson present\u00f3 su primera colecci\u00f3n de Dior Haute Couture. Esta edici\u00f3n Spring\/Summer 2026 fue un jard\u00edn con aires de\" \/>\n<meta name=\"robots\" content=\"index, follow, max-snippet:-1, max-image-preview:large, max-video-preview:-1\" \/>\n<link rel=\"canonical\" href=\"https:\/\/graziamagazine.com\/es\/articles\/los-invitados-al-desfile-de-alta-costura-de-dior\/\" \/>\n<meta property=\"og:locale\" content=\"es_ES\" \/>\n<meta property=\"og:type\" content=\"article\" \/>\n<meta property=\"og:title\" content=\"Los invitados al desfile de Alta Costura de Dior\" \/>\n<meta property=\"og:description\" content=\"Tras una larga espera, Jonathan Anderson present\u00f3 su primera colecci\u00f3n de Dior Haute Couture. Esta edici\u00f3n Spring\/Summer 2026 fue un jard\u00edn con aires de\" \/>\n<meta property=\"og:url\" content=\"https:\/\/graziamagazine.com\/es\/articles\/los-invitados-al-desfile-de-alta-costura-de-dior\/\" \/>\n<meta property=\"og:site_name\" content=\"Grazia\" \/>\n<meta property=\"article:modified_time\" content=\"2026-01-27T01:14:46+00:00\" \/>\n<meta property=\"og:image\" content=\"https:\/\/graziamagazine.com\/es\/wp-content\/uploads\/sites\/12\/2026\/01\/desfile-dior-paris-alta-costura-front-row-elle-6977a982e70a9-copia.jpg\" \/>\n\t<meta property=\"og:image:width\" content=\"1200\" \/>\n\t<meta property=\"og:image:height\" content=\"900\" \/>\n\t<meta property=\"og:image:type\" content=\"image\/jpeg\" \/>\n<meta name=\"twitter:card\" content=\"summary_large_image\" \/>\n<meta name=\"twitter:label1\" content=\"Est. reading time\" \/>\n\t<meta name=\"twitter:data1\" content=\"12 minutos\" \/>\n<script type=\"application\/ld+json\" class=\"yoast-schema-graph\">{\"@context\":\"https:\/\/schema.org\",\"@graph\":[{\"@type\":\"WebPage\",\"@id\":\"https:\/\/graziamagazine.com\/es\/articles\/los-invitados-al-desfile-de-alta-costura-de-dior\/\",\"url\":\"https:\/\/graziamagazine.com\/es\/articles\/los-invitados-al-desfile-de-alta-costura-de-dior\/\",\"name\":\"Los invitados al desfile de Alta Costura de Dior\",\"isPartOf\":{\"@id\":\"https:\/\/graziamagazine.com\/es\/#website\"},\"datePublished\":\"2026-01-27T07:00:50+00:00\",\"dateModified\":\"2026-01-27T01:14:46+00:00\",\"description\":\"Tras una larga espera, Jonathan Anderson present\u00f3 su primera colecci\u00f3n de Dior Haute Couture. Esta edici\u00f3n Spring\/Summer 2026 fue un jard\u00edn con aires de\",\"breadcrumb\":{\"@id\":\"https:\/\/graziamagazine.com\/es\/articles\/los-invitados-al-desfile-de-alta-costura-de-dior\/#breadcrumb\"},\"inLanguage\":\"es\",\"potentialAction\":[{\"@type\":\"ReadAction\",\"target\":[\"https:\/\/graziamagazine.com\/es\/articles\/los-invitados-al-desfile-de-alta-costura-de-dior\/\"]}]},{\"@type\":\"BreadcrumbList\",\"@id\":\"https:\/\/graziamagazine.com\/es\/articles\/los-invitados-al-desfile-de-alta-costura-de-dior\/#breadcrumb\",\"itemListElement\":[{\"@type\":\"ListItem\",\"position\":1,\"name\":\"Portada\",\"item\":\"https:\/\/graziamagazine.com\/es\/\"},{\"@type\":\"ListItem\",\"position\":2,\"name\":\"Los invitados al desfile de Alta Costura de Dior\"}]},{\"@type\":\"WebSite\",\"@id\":\"https:\/\/graziamagazine.com\/es\/#website\",\"url\":\"https:\/\/graziamagazine.com\/es\/\",\"name\":\"Grazia\",\"description\":\"Moda, belleza, celebrities, estilo de vida...\",\"potentialAction\":[{\"@type\":\"SearchAction\",\"target\":{\"@type\":\"EntryPoint\",\"urlTemplate\":\"https:\/\/graziamagazine.com\/es\/?s={search_term_string}\"},\"query-input\":\"required name=search_term_string\"}],\"inLanguage\":\"es\"}]}<\/script>\n<!-- \/ Yoast SEO Premium plugin. -->","yoast_head_json":{"title":"Los invitados al desfile de Alta Costura de Dior","description":"Tras una larga espera, Jonathan Anderson present\u00f3 su primera colecci\u00f3n de Dior Haute Couture. Esta edici\u00f3n Spring\/Summer 2026 fue un jard\u00edn con aires de","robots":{"index":"index","follow":"follow","max-snippet":"max-snippet:-1","max-image-preview":"max-image-preview:large","max-video-preview":"max-video-preview:-1"},"canonical":"https:\/\/graziamagazine.com\/es\/articles\/los-invitados-al-desfile-de-alta-costura-de-dior\/","og_locale":"es_ES","og_type":"article","og_title":"Los invitados al desfile de Alta Costura de Dior","og_description":"Tras una larga espera, Jonathan Anderson present\u00f3 su primera colecci\u00f3n de Dior Haute Couture. Esta edici\u00f3n Spring\/Summer 2026 fue un jard\u00edn con aires de","og_url":"https:\/\/graziamagazine.com\/es\/articles\/los-invitados-al-desfile-de-alta-costura-de-dior\/","og_site_name":"Grazia","article_modified_time":"2026-01-27T01:14:46+00:00","og_image":[{"width":1200,"height":900,"url":"https:\/\/graziamagazine.com\/es\/wp-content\/uploads\/sites\/12\/2026\/01\/desfile-dior-paris-alta-costura-front-row-elle-6977a982e70a9-copia.jpg","type":"image\/jpeg"}],"twitter_card":"summary_large_image","twitter_misc":{"Est. reading time":"12 minutos"},"schema":{"@context":"https:\/\/schema.org","@graph":[{"@type":"WebPage","@id":"https:\/\/graziamagazine.com\/es\/articles\/los-invitados-al-desfile-de-alta-costura-de-dior\/","url":"https:\/\/graziamagazine.com\/es\/articles\/los-invitados-al-desfile-de-alta-costura-de-dior\/","name":"Los invitados al desfile de Alta Costura de Dior","isPartOf":{"@id":"https:\/\/graziamagazine.com\/es\/#website"},"datePublished":"2026-01-27T07:00:50+00:00","dateModified":"2026-01-27T01:14:46+00:00","description":"Tras una larga espera, Jonathan Anderson present\u00f3 su primera colecci\u00f3n de Dior Haute Couture. Esta edici\u00f3n Spring\/Summer 2026 fue un jard\u00edn con aires de","breadcrumb":{"@id":"https:\/\/graziamagazine.com\/es\/articles\/los-invitados-al-desfile-de-alta-costura-de-dior\/#breadcrumb"},"inLanguage":"es","potentialAction":[{"@type":"ReadAction","target":["https:\/\/graziamagazine.com\/es\/articles\/los-invitados-al-desfile-de-alta-costura-de-dior\/"]}]},{"@type":"BreadcrumbList","@id":"https:\/\/graziamagazine.com\/es\/articles\/los-invitados-al-desfile-de-alta-costura-de-dior\/#breadcrumb","itemListElement":[{"@type":"ListItem","position":1,"name":"Portada","item":"https:\/\/graziamagazine.com\/es\/"},{"@type":"ListItem","position":2,"name":"Los invitados al desfile de Alta Costura de Dior"}]},{"@type":"WebSite","@id":"https:\/\/graziamagazine.com\/es\/#website","url":"https:\/\/graziamagazine.com\/es\/","name":"Grazia","description":"Moda, belleza, celebrities, estilo de vida...","potentialAction":[{"@type":"SearchAction","target":{"@type":"EntryPoint","urlTemplate":"https:\/\/graziamagazine.com\/es\/?s={search_term_string}"},"query-input":"required name=search_term_string"}],"inLanguage":"es"}]}},"jetpack_sharing_enabled":true,"distributor_meta":false,"distributor_terms":false,"distributor_media":false,"distributor_original_site_name":"Grazia","distributor_original_site_url":"https:\/\/graziamagazine.com\/es","push-errors":false,"_links":{"self":[{"href":"https:\/\/graziamagazine.com\/es\/wp-json\/wp\/v2\/articles\/191418"}],"collection":[{"href":"https:\/\/graziamagazine.com\/es\/wp-json\/wp\/v2\/articles"}],"about":[{"href":"https:\/\/graziamagazine.com\/es\/wp-json\/wp\/v2\/types\/articles"}],"author":[{"embeddable":true,"href":"https:\/\/graziamagazine.com\/es\/wp-json\/wp\/v2\/users\/11653"}],"wp:featuredmedia":[{"embeddable":true,"href":"https:\/\/graziamagazine.com\/es\/wp-json\/wp\/v2\/media\/191424"}],"wp:attachment":[{"href":"https:\/\/graziamagazine.com\/es\/wp-json\/wp\/v2\/media?parent=191418"}],"wp:term":[{"taxonomy":"category","embeddable":true,"href":"https:\/\/graziamagazine.com\/es\/wp-json\/wp\/v2\/categories?post=191418"}],"curies":[{"name":"wp","href":"https:\/\/api.w.org\/{rel}","templated":true}]}}