{"id":191372,"date":"2026-01-26T11:10:06","date_gmt":"2026-01-26T10:10:06","guid":{"rendered":"https:\/\/graziamagazine.com\/es\/?post_type=articles&#038;p=191372"},"modified":"2026-01-26T11:10:06","modified_gmt":"2026-01-26T10:10:06","slug":"sigue-en-directo-el-debut-de-jonathan-anderson-para-dior-alta-costura","status":"publish","type":"articles","link":"https:\/\/graziamagazine.com\/es\/articles\/sigue-en-directo-el-debut-de-jonathan-anderson-para-dior-alta-costura\/","title":{"rendered":"Sigue en directo el debut de Jonathan Anderson para Dior Alta Costura"},"content":{"rendered":"<p>Comienza la Semana de la Alta Costura y con ella tambi\u00e9n uno de los desfiles m\u00e1s esperados: el de Jonathan Anderson par Dior.<\/p>\n<p>Es cierto que y no vamos a ciegas, como en el primer grana debut que hizo el dise\u00f1ador con su colecci\u00f3n masculina para Primavera-Verano 2026en la Semana de la Moda Masculina de Par\u00eds, y despu\u00e9s la colecci\u00f3n femenina. Ya sabemos, m\u00e1s o menos, c\u00f3mo imagina el dise\u00f1ador las tendencias de hombre y mujer y los complementos. Pero el desfile de Alta Costura supone otro hito para el dise\u00f1ador y la maison, ya que desde Christian Dior ning\u00fan otro dise\u00f1ador se ha ocupado de crear todas las colecciones de la casa.<\/p>\n<figure id=\"attachment_191383\" aria-describedby=\"caption-attachment-191383\" style=\"width: 1440px\" class=\"wp-caption aligncenter\"><img loading=\"lazy\" decoding=\"async\" class=\"wp-image-191383 size-full\" src=\"https:\/\/graziamagazine.com\/es\/wp-content\/uploads\/sites\/12\/2026\/01\/dior-5.jpg\" alt=\"\" width=\"1440\" height=\"1918\" srcset=\"https:\/\/graziamagazine.com\/es\/wp-content\/uploads\/sites\/12\/2026\/01\/dior-5.jpg 1440w, https:\/\/graziamagazine.com\/es\/wp-content\/uploads\/sites\/12\/2026\/01\/dior-5-225x300.jpg 225w, https:\/\/graziamagazine.com\/es\/wp-content\/uploads\/sites\/12\/2026\/01\/dior-5-769x1024.jpg 769w, https:\/\/graziamagazine.com\/es\/wp-content\/uploads\/sites\/12\/2026\/01\/dior-5-768x1023.jpg 768w, https:\/\/graziamagazine.com\/es\/wp-content\/uploads\/sites\/12\/2026\/01\/dior-5-1153x1536.jpg 1153w, https:\/\/graziamagazine.com\/es\/wp-content\/uploads\/sites\/12\/2026\/01\/dior-5-400x533.jpg 400w, https:\/\/graziamagazine.com\/es\/wp-content\/uploads\/sites\/12\/2026\/01\/dior-5-155x206.jpg 155w\" sizes=\"(max-width: 1440px) 100vw, 1440px\" \/><figcaption id=\"caption-attachment-191383\" class=\"wp-caption-text\">Stylized Sculpture 154, Hiroshi Sugimoto, 2025. V\u00eda Dior Instagram<\/figcaption><\/figure>\n<div data-sfc-cp=\"\" data-hveid=\"CAEQAA\">No sabemos mucho, o m\u00e1s bien casi nada de c\u00f3mo ser\u00e1 esta primera colecci\u00f3n Haute Couture, pero por lo poquito que adelanta la casa francesa en su cuenta oficial de Instagram sabemos que habr\u00e1 l\u00edneas arquitect\u00f3nica, flores y elementos de la naturaleza como piedras preciosas y f\u00f3siles.<\/div>\n<div data-sfc-cp=\"\" data-hveid=\"CAEQAA\"><\/div>\n<figure id=\"attachment_191384\" aria-describedby=\"caption-attachment-191384\" style=\"width: 1440px\" class=\"wp-caption aligncenter\"><img loading=\"lazy\" decoding=\"async\" class=\"wp-image-191384 size-full\" src=\"https:\/\/graziamagazine.com\/es\/wp-content\/uploads\/sites\/12\/2026\/01\/dior-6.jpg\" alt=\"\" width=\"1440\" height=\"1919\" srcset=\"https:\/\/graziamagazine.com\/es\/wp-content\/uploads\/sites\/12\/2026\/01\/dior-6.jpg 1440w, https:\/\/graziamagazine.com\/es\/wp-content\/uploads\/sites\/12\/2026\/01\/dior-6-225x300.jpg 225w, https:\/\/graziamagazine.com\/es\/wp-content\/uploads\/sites\/12\/2026\/01\/dior-6-768x1023.jpg 768w, https:\/\/graziamagazine.com\/es\/wp-content\/uploads\/sites\/12\/2026\/01\/dior-6-1153x1536.jpg 1153w, https:\/\/graziamagazine.com\/es\/wp-content\/uploads\/sites\/12\/2026\/01\/dior-6-400x533.jpg 400w, https:\/\/graziamagazine.com\/es\/wp-content\/uploads\/sites\/12\/2026\/01\/dior-6-155x207.jpg 155w\" sizes=\"(max-width: 1440px) 100vw, 1440px\" \/><figcaption id=\"caption-attachment-191384\" class=\"wp-caption-text\">Labradoritas, ammonitos, \u00f3palo, azurita, aguamarina, meteorito de octahedrita de hierro. Encontrado: Madagascar, Etiop\u00eda, EE. UU., Brasil, Marruecos. Instagram Dior<\/figcaption><\/figure>\n<div class=\"Y3BBE\" data-sfc-cp=\"\" data-hveid=\"CAQQAA\">Mientras esperamos que lleguen las tres de la tarde (hora Par\u00eds), te invitamos a que te sientes junto a nosotros en primera fila.<\/div>\n<div data-sfc-cp=\"\" data-hveid=\"CAQQAA\"><\/div>\n<p><iframe loading=\"lazy\" title=\"Dior Spring-Summer 2026 Haute Couture show\" width=\"500\" height=\"375\" src=\"https:\/\/www.youtube.com\/embed\/Gvd5JyvYGXU?feature=oembed\" frameborder=\"0\" allow=\"accelerometer; autoplay; clipboard-write; encrypted-media; gyroscope; picture-in-picture; web-share\" referrerpolicy=\"strict-origin-when-cross-origin\" allowfullscreen><\/iframe><\/p>\n<p>Puedes seguir la conversaci\u00f3n digital en #DiorCouture.<\/p>\n<p><em>*Im\u00e1genes: Dior<\/em><\/p>\n","protected":false},"author":11653,"featured_media":191373,"template":"","format":"standard","categories":[2971,1],"acf":{"banner":""},"yoast_head":"<!-- This site is optimized with the Yoast SEO Premium plugin v18.5 (Yoast SEO v20.4) - https:\/\/yoast.com\/wordpress\/plugins\/seo\/ -->\n<title>Sigue en directo el debut de Jonathan Anderson para Dior Couture<\/title>\n<meta name=\"description\" content=\"La Semana de la Alta Costura comienza fuerte con uno de los desfiles m\u00e1s esperados que puedes ver desde la primera fila.\" \/>\n<meta name=\"robots\" content=\"index, follow, max-snippet:-1, max-image-preview:large, max-video-preview:-1\" \/>\n<link rel=\"canonical\" href=\"https:\/\/graziamagazine.com\/es\/articles\/sigue-en-directo-el-debut-de-jonathan-anderson-para-dior-alta-costura\/\" \/>\n<meta property=\"og:locale\" content=\"es_ES\" \/>\n<meta property=\"og:type\" content=\"article\" \/>\n<meta property=\"og:title\" content=\"Sigue en directo el debut de Jonathan Anderson para Dior Alta Costura\" \/>\n<meta property=\"og:description\" content=\"La Semana de la Alta Costura comienza fuerte con uno de los desfiles m\u00e1s esperados que puedes ver desde la primera fila.\" \/>\n<meta property=\"og:url\" content=\"https:\/\/graziamagazine.com\/es\/articles\/sigue-en-directo-el-debut-de-jonathan-anderson-para-dior-alta-costura\/\" \/>\n<meta property=\"og:site_name\" content=\"Grazia\" \/>\n<meta property=\"og:image\" content=\"https:\/\/graziamagazine.com\/es\/wp-content\/uploads\/sites\/12\/2026\/01\/dior-3-e1769388850389.jpg\" \/>\n\t<meta property=\"og:image:width\" content=\"1308\" \/>\n\t<meta property=\"og:image:height\" content=\"1040\" \/>\n\t<meta property=\"og:image:type\" content=\"image\/jpeg\" \/>\n<meta name=\"twitter:card\" content=\"summary_large_image\" \/>\n<meta name=\"twitter:label1\" content=\"Est. reading time\" \/>\n\t<meta name=\"twitter:data1\" content=\"2 minutos\" \/>\n<script type=\"application\/ld+json\" class=\"yoast-schema-graph\">{\"@context\":\"https:\/\/schema.org\",\"@graph\":[{\"@type\":\"WebPage\",\"@id\":\"https:\/\/graziamagazine.com\/es\/articles\/sigue-en-directo-el-debut-de-jonathan-anderson-para-dior-alta-costura\/\",\"url\":\"https:\/\/graziamagazine.com\/es\/articles\/sigue-en-directo-el-debut-de-jonathan-anderson-para-dior-alta-costura\/\",\"name\":\"Sigue en directo el debut de Jonathan Anderson para Dior Couture\",\"isPartOf\":{\"@id\":\"https:\/\/graziamagazine.com\/es\/#website\"},\"datePublished\":\"2026-01-26T10:10:06+00:00\",\"dateModified\":\"2026-01-26T10:10:06+00:00\",\"description\":\"La Semana de la Alta Costura comienza fuerte con uno de los desfiles m\u00e1s esperados que puedes ver desde la primera fila.\",\"breadcrumb\":{\"@id\":\"https:\/\/graziamagazine.com\/es\/articles\/sigue-en-directo-el-debut-de-jonathan-anderson-para-dior-alta-costura\/#breadcrumb\"},\"inLanguage\":\"es\",\"potentialAction\":[{\"@type\":\"ReadAction\",\"target\":[\"https:\/\/graziamagazine.com\/es\/articles\/sigue-en-directo-el-debut-de-jonathan-anderson-para-dior-alta-costura\/\"]}]},{\"@type\":\"BreadcrumbList\",\"@id\":\"https:\/\/graziamagazine.com\/es\/articles\/sigue-en-directo-el-debut-de-jonathan-anderson-para-dior-alta-costura\/#breadcrumb\",\"itemListElement\":[{\"@type\":\"ListItem\",\"position\":1,\"name\":\"Portada\",\"item\":\"https:\/\/graziamagazine.com\/es\/\"},{\"@type\":\"ListItem\",\"position\":2,\"name\":\"Sigue en directo el debut de Jonathan Anderson para Dior Alta Costura\"}]},{\"@type\":\"WebSite\",\"@id\":\"https:\/\/graziamagazine.com\/es\/#website\",\"url\":\"https:\/\/graziamagazine.com\/es\/\",\"name\":\"Grazia\",\"description\":\"Moda, belleza, celebrities, estilo de vida...\",\"potentialAction\":[{\"@type\":\"SearchAction\",\"target\":{\"@type\":\"EntryPoint\",\"urlTemplate\":\"https:\/\/graziamagazine.com\/es\/?s={search_term_string}\"},\"query-input\":\"required name=search_term_string\"}],\"inLanguage\":\"es\"}]}<\/script>\n<!-- \/ Yoast SEO Premium plugin. -->","yoast_head_json":{"title":"Sigue en directo el debut de Jonathan Anderson para Dior Couture","description":"La Semana de la Alta Costura comienza fuerte con uno de los desfiles m\u00e1s esperados que puedes ver desde la primera fila.","robots":{"index":"index","follow":"follow","max-snippet":"max-snippet:-1","max-image-preview":"max-image-preview:large","max-video-preview":"max-video-preview:-1"},"canonical":"https:\/\/graziamagazine.com\/es\/articles\/sigue-en-directo-el-debut-de-jonathan-anderson-para-dior-alta-costura\/","og_locale":"es_ES","og_type":"article","og_title":"Sigue en directo el debut de Jonathan Anderson para Dior Alta Costura","og_description":"La Semana de la Alta Costura comienza fuerte con uno de los desfiles m\u00e1s esperados que puedes ver desde la primera fila.","og_url":"https:\/\/graziamagazine.com\/es\/articles\/sigue-en-directo-el-debut-de-jonathan-anderson-para-dior-alta-costura\/","og_site_name":"Grazia","og_image":[{"width":1308,"height":1040,"url":"https:\/\/graziamagazine.com\/es\/wp-content\/uploads\/sites\/12\/2026\/01\/dior-3-e1769388850389.jpg","type":"image\/jpeg"}],"twitter_card":"summary_large_image","twitter_misc":{"Est. reading time":"2 minutos"},"schema":{"@context":"https:\/\/schema.org","@graph":[{"@type":"WebPage","@id":"https:\/\/graziamagazine.com\/es\/articles\/sigue-en-directo-el-debut-de-jonathan-anderson-para-dior-alta-costura\/","url":"https:\/\/graziamagazine.com\/es\/articles\/sigue-en-directo-el-debut-de-jonathan-anderson-para-dior-alta-costura\/","name":"Sigue en directo el debut de Jonathan Anderson para Dior Couture","isPartOf":{"@id":"https:\/\/graziamagazine.com\/es\/#website"},"datePublished":"2026-01-26T10:10:06+00:00","dateModified":"2026-01-26T10:10:06+00:00","description":"La Semana de la Alta Costura comienza fuerte con uno de los desfiles m\u00e1s esperados que puedes ver desde la primera fila.","breadcrumb":{"@id":"https:\/\/graziamagazine.com\/es\/articles\/sigue-en-directo-el-debut-de-jonathan-anderson-para-dior-alta-costura\/#breadcrumb"},"inLanguage":"es","potentialAction":[{"@type":"ReadAction","target":["https:\/\/graziamagazine.com\/es\/articles\/sigue-en-directo-el-debut-de-jonathan-anderson-para-dior-alta-costura\/"]}]},{"@type":"BreadcrumbList","@id":"https:\/\/graziamagazine.com\/es\/articles\/sigue-en-directo-el-debut-de-jonathan-anderson-para-dior-alta-costura\/#breadcrumb","itemListElement":[{"@type":"ListItem","position":1,"name":"Portada","item":"https:\/\/graziamagazine.com\/es\/"},{"@type":"ListItem","position":2,"name":"Sigue en directo el debut de Jonathan Anderson para Dior Alta Costura"}]},{"@type":"WebSite","@id":"https:\/\/graziamagazine.com\/es\/#website","url":"https:\/\/graziamagazine.com\/es\/","name":"Grazia","description":"Moda, belleza, celebrities, estilo de vida...","potentialAction":[{"@type":"SearchAction","target":{"@type":"EntryPoint","urlTemplate":"https:\/\/graziamagazine.com\/es\/?s={search_term_string}"},"query-input":"required name=search_term_string"}],"inLanguage":"es"}]}},"jetpack_sharing_enabled":true,"distributor_meta":false,"distributor_terms":false,"distributor_media":false,"distributor_original_site_name":"Grazia","distributor_original_site_url":"https:\/\/graziamagazine.com\/es","push-errors":false,"_links":{"self":[{"href":"https:\/\/graziamagazine.com\/es\/wp-json\/wp\/v2\/articles\/191372"}],"collection":[{"href":"https:\/\/graziamagazine.com\/es\/wp-json\/wp\/v2\/articles"}],"about":[{"href":"https:\/\/graziamagazine.com\/es\/wp-json\/wp\/v2\/types\/articles"}],"author":[{"embeddable":true,"href":"https:\/\/graziamagazine.com\/es\/wp-json\/wp\/v2\/users\/11653"}],"wp:featuredmedia":[{"embeddable":true,"href":"https:\/\/graziamagazine.com\/es\/wp-json\/wp\/v2\/media\/191373"}],"wp:attachment":[{"href":"https:\/\/graziamagazine.com\/es\/wp-json\/wp\/v2\/media?parent=191372"}],"wp:term":[{"taxonomy":"category","embeddable":true,"href":"https:\/\/graziamagazine.com\/es\/wp-json\/wp\/v2\/categories?post=191372"}],"curies":[{"name":"wp","href":"https:\/\/api.w.org\/{rel}","templated":true}]}}