{"id":191335,"date":"2026-01-23T12:44:22","date_gmt":"2026-01-23T11:44:22","guid":{"rendered":"https:\/\/graziamagazine.com\/es\/?post_type=articles&#038;p=191335"},"modified":"2026-01-23T12:44:22","modified_gmt":"2026-01-23T11:44:22","slug":"lo-que-sabemos-del-regreso-de-harry-styles-y-aperture","status":"publish","type":"articles","link":"https:\/\/graziamagazine.com\/es\/articles\/lo-que-sabemos-del-regreso-de-harry-styles-y-aperture\/","title":{"rendered":"Lo que sabemos del regreso de Harry Styles y &#8216;Aperture&#8217;"},"content":{"rendered":"<p>Cuando <strong>Harry Styles<\/strong> desaparece, no lo hace para descansar: lo hace para <strong>redefinirse<\/strong>. Y su regreso lo confirma. Tras meses de silencio estrat\u00e9gico, el artista brit\u00e1nico anuncia <em>Aperture<\/em>, su nuevo \u00e1lbum, previsto para marzo, y con \u00e9l inaugura una etapa que apunta a ser la m\u00e1s personal, contenida y madura de su carrera.<\/p>\n<p>No hay estridencias. No hay urgencia. Hay intenci\u00f3n.<\/p>\n<h3><em>Aperture<\/em>: abrir, mirar, sentir<\/h3>\n<p>El t\u00edtulo no es casual. <em>Aperture<\/em> \u2014apertura\u2014 funciona como met\u00e1fora perfecta del momento vital y creativo de Styles. Una invitaci\u00f3n a observar m\u00e1s de cerca, a dejar pasar la luz, a enfocar con calma. Lejos del maximalismo pop que marc\u00f3 etapas anteriores, todo apunta a un disco m\u00e1s introspectivo, casi cinematogr\u00e1fico, donde la emoci\u00f3n pesa m\u00e1s que el impacto inmediato.<\/p>\n<p>Harry no vuelve para ocupar titulares: vuelve para <strong>decir algo<\/strong>.<\/p>\n<p><img loading=\"lazy\" decoding=\"async\" class=\"aligncenter size-full wp-image-191337\" src=\"https:\/\/graziamagazine.com\/es\/wp-content\/uploads\/sites\/12\/2026\/01\/harrystyles-1.jpg\" alt=\"\" width=\"1440\" height=\"963\" srcset=\"https:\/\/graziamagazine.com\/es\/wp-content\/uploads\/sites\/12\/2026\/01\/harrystyles-1.jpg 1440w, https:\/\/graziamagazine.com\/es\/wp-content\/uploads\/sites\/12\/2026\/01\/harrystyles-1-300x201.jpg 300w, https:\/\/graziamagazine.com\/es\/wp-content\/uploads\/sites\/12\/2026\/01\/harrystyles-1-1024x685.jpg 1024w, https:\/\/graziamagazine.com\/es\/wp-content\/uploads\/sites\/12\/2026\/01\/harrystyles-1-768x514.jpg 768w, https:\/\/graziamagazine.com\/es\/wp-content\/uploads\/sites\/12\/2026\/01\/harrystyles-1-400x268.jpg 400w, https:\/\/graziamagazine.com\/es\/wp-content\/uploads\/sites\/12\/2026\/01\/harrystyles-1-155x104.jpg 155w\" sizes=\"(max-width: 1440px) 100vw, 1440px\" \/><\/p>\n<h3>El silencio como estrategia (y como mensaje)<\/h3>\n<p>En una industria marcada por la hiperpresencia, Styles ha optado por el gesto contrario: desaparecer. Sin giras constantes, sin sobreexposici\u00f3n, sin alimentar el ruido. Su ausencia ha funcionado como declaraci\u00f3n de principios y ha elevado la expectaci\u00f3n de este regreso.<\/p>\n<p>Porque cuando alguien sabe que el foco est\u00e1 garantizado, puede permitirse algo mucho m\u00e1s valioso: <strong>tiempo<\/strong>.<\/p>\n<h3>Moda, m\u00fasica y una narrativa coherente<\/h3>\n<p>Si algo ha definido a Harry Styles desde sus inicios es su capacidad para construir universos coherentes entre m\u00fasica, est\u00e9tica y actitud. Su regreso no es solo sonoro; tambi\u00e9n es visual y cultural.<\/p>\n<p>Esta nueva era se intuye m\u00e1s sobria, m\u00e1s elegante, menos performativa. Menos personaje, m\u00e1s persona. Un reflejo de un artista que ya no necesita demostrar nada y que entiende el estilo \u2014musical y personal\u2014 como una extensi\u00f3n natural de su identidad.<\/p>\n<h3>Un artista en plena madurez creativa<\/h3>\n<p><em>Aperture<\/em> llega en un momento clave: cuando Harry Styles deja definitivamente atr\u00e1s la etiqueta de \u00eddolo generacional para consolidarse como <strong>autor<\/strong>, como narrador emocional de su tiempo. Un m\u00fasico que ya no persigue tendencias, sino que las observa con distancia y las traduce a su propio lenguaje. Este regreso no es una vuelta al ruido, sino al <strong>centro<\/strong>.<\/p>\n<p>Y adem\u00e1s, a trav\u00e9s de su cuenta de Instagram ha compartido la peque\u00f1a gira de conciertos, &#8216;Together Together&#8217;, que dar\u00e1 en alguna de las principales ciudades del mundo: Amsterdam, Londes, Sao Paulo, Ciudad e M\u00e9xico, Nueva York, Melbourne y Sidney.<\/p>\n<p><img loading=\"lazy\" decoding=\"async\" class=\"aligncenter size-full wp-image-191338\" src=\"https:\/\/graziamagazine.com\/es\/wp-content\/uploads\/sites\/12\/2026\/01\/harrystyles.jpg\" alt=\"\" width=\"1440\" height=\"1800\" srcset=\"https:\/\/graziamagazine.com\/es\/wp-content\/uploads\/sites\/12\/2026\/01\/harrystyles.jpg 1440w, https:\/\/graziamagazine.com\/es\/wp-content\/uploads\/sites\/12\/2026\/01\/harrystyles-240x300.jpg 240w, https:\/\/graziamagazine.com\/es\/wp-content\/uploads\/sites\/12\/2026\/01\/harrystyles-819x1024.jpg 819w, https:\/\/graziamagazine.com\/es\/wp-content\/uploads\/sites\/12\/2026\/01\/harrystyles-768x960.jpg 768w, https:\/\/graziamagazine.com\/es\/wp-content\/uploads\/sites\/12\/2026\/01\/harrystyles-1229x1536.jpg 1229w, https:\/\/graziamagazine.com\/es\/wp-content\/uploads\/sites\/12\/2026\/01\/harrystyles-400x500.jpg 400w, https:\/\/graziamagazine.com\/es\/wp-content\/uploads\/sites\/12\/2026\/01\/harrystyles-155x194.jpg 155w\" sizes=\"(max-width: 1440px) 100vw, 1440px\" \/><\/p>\n<h3>Marzo marcar\u00e1 el tempo<\/h3>\n<p>Con lanzamiento previsto para marzo, <em>Aperture<\/em> se perfila como uno de los discos m\u00e1s esperados del a\u00f1o. No por lo que promete, sino por lo que sugiere: un Harry Styles m\u00e1s contenido, m\u00e1s reflexivo, m\u00e1s consciente de su lugar en la cultura pop contempor\u00e1nea.<\/p>\n<p>Mientras llega el momento, aqu\u00ed te dejamos &#8216;Aperture&#8217; para que abras boca:<\/p>\n<p><iframe title=\"Spotify Embed: Aperture\" style=\"border-radius: 12px\" width=\"100%\" height=\"352\" frameborder=\"0\" allowfullscreen allow=\"autoplay; clipboard-write; encrypted-media; fullscreen; picture-in-picture\" loading=\"lazy\" src=\"https:\/\/open.spotify.com\/embed\/album\/0pLJCdOvfghIEinnPXIqIx?utm_source=oembed\"><\/iframe><\/p>\n<p>Porque hay regresos que buscan impacto inmediato\u2026 y otros que buscan quedarse. Y este, claramente, pertenece a los segundos.<\/p>\n<p><em>*Im\u00e1genes: Instagram Harry Styles<\/em><\/p>\n","protected":false},"author":11653,"featured_media":191336,"template":"","format":"standard","categories":[2971,13],"acf":{"banner":""},"yoast_head":"<!-- This site is optimized with the Yoast SEO Premium plugin v18.5 (Yoast SEO v20.4) - https:\/\/yoast.com\/wordpress\/plugins\/seo\/ -->\n<title>Lo que sabemos del regreso de Harry Styles y &#039;Aperture&#039;<\/title>\n<meta name=\"description\" content=\"Cuando Harry Styles desaparece, no lo hace para descansar: lo hace para redefinirse. Y su regreso lo confirma. Tras meses de silencio estrat\u00e9gico, el\" \/>\n<meta name=\"robots\" content=\"index, follow, max-snippet:-1, max-image-preview:large, max-video-preview:-1\" \/>\n<link rel=\"canonical\" href=\"https:\/\/graziamagazine.com\/es\/articles\/lo-que-sabemos-del-regreso-de-harry-styles-y-aperture\/\" \/>\n<meta property=\"og:locale\" content=\"es_ES\" \/>\n<meta property=\"og:type\" content=\"article\" \/>\n<meta property=\"og:title\" content=\"Lo que sabemos del regreso de Harry Styles y &#039;Aperture&#039;\" \/>\n<meta property=\"og:description\" content=\"Cuando Harry Styles desaparece, no lo hace para descansar: lo hace para redefinirse. Y su regreso lo confirma. Tras meses de silencio estrat\u00e9gico, el\" \/>\n<meta property=\"og:url\" content=\"https:\/\/graziamagazine.com\/es\/articles\/lo-que-sabemos-del-regreso-de-harry-styles-y-aperture\/\" \/>\n<meta property=\"og:site_name\" content=\"Grazia\" \/>\n<meta property=\"og:image\" content=\"https:\/\/graziamagazine.com\/es\/wp-content\/uploads\/sites\/12\/2026\/01\/harrystyles-2.jpg\" \/>\n\t<meta property=\"og:image:width\" content=\"1440\" \/>\n\t<meta property=\"og:image:height\" content=\"1079\" \/>\n\t<meta property=\"og:image:type\" content=\"image\/jpeg\" \/>\n<meta name=\"twitter:card\" content=\"summary_large_image\" \/>\n<meta name=\"twitter:label1\" content=\"Est. reading time\" \/>\n\t<meta name=\"twitter:data1\" content=\"3 minutos\" \/>\n<script type=\"application\/ld+json\" class=\"yoast-schema-graph\">{\"@context\":\"https:\/\/schema.org\",\"@graph\":[{\"@type\":\"WebPage\",\"@id\":\"https:\/\/graziamagazine.com\/es\/articles\/lo-que-sabemos-del-regreso-de-harry-styles-y-aperture\/\",\"url\":\"https:\/\/graziamagazine.com\/es\/articles\/lo-que-sabemos-del-regreso-de-harry-styles-y-aperture\/\",\"name\":\"Lo que sabemos del regreso de Harry Styles y 'Aperture'\",\"isPartOf\":{\"@id\":\"https:\/\/graziamagazine.com\/es\/#website\"},\"datePublished\":\"2026-01-23T11:44:22+00:00\",\"dateModified\":\"2026-01-23T11:44:22+00:00\",\"description\":\"Cuando Harry Styles desaparece, no lo hace para descansar: lo hace para redefinirse. Y su regreso lo confirma. Tras meses de silencio estrat\u00e9gico, el\",\"breadcrumb\":{\"@id\":\"https:\/\/graziamagazine.com\/es\/articles\/lo-que-sabemos-del-regreso-de-harry-styles-y-aperture\/#breadcrumb\"},\"inLanguage\":\"es\",\"potentialAction\":[{\"@type\":\"ReadAction\",\"target\":[\"https:\/\/graziamagazine.com\/es\/articles\/lo-que-sabemos-del-regreso-de-harry-styles-y-aperture\/\"]}]},{\"@type\":\"BreadcrumbList\",\"@id\":\"https:\/\/graziamagazine.com\/es\/articles\/lo-que-sabemos-del-regreso-de-harry-styles-y-aperture\/#breadcrumb\",\"itemListElement\":[{\"@type\":\"ListItem\",\"position\":1,\"name\":\"Portada\",\"item\":\"https:\/\/graziamagazine.com\/es\/\"},{\"@type\":\"ListItem\",\"position\":2,\"name\":\"Lo que sabemos del regreso de Harry Styles y &#8216;Aperture&#8217;\"}]},{\"@type\":\"WebSite\",\"@id\":\"https:\/\/graziamagazine.com\/es\/#website\",\"url\":\"https:\/\/graziamagazine.com\/es\/\",\"name\":\"Grazia\",\"description\":\"Moda, belleza, celebrities, estilo de vida...\",\"potentialAction\":[{\"@type\":\"SearchAction\",\"target\":{\"@type\":\"EntryPoint\",\"urlTemplate\":\"https:\/\/graziamagazine.com\/es\/?s={search_term_string}\"},\"query-input\":\"required name=search_term_string\"}],\"inLanguage\":\"es\"}]}<\/script>\n<!-- \/ Yoast SEO Premium plugin. -->","yoast_head_json":{"title":"Lo que sabemos del regreso de Harry Styles y 'Aperture'","description":"Cuando Harry Styles desaparece, no lo hace para descansar: lo hace para redefinirse. Y su regreso lo confirma. Tras meses de silencio estrat\u00e9gico, el","robots":{"index":"index","follow":"follow","max-snippet":"max-snippet:-1","max-image-preview":"max-image-preview:large","max-video-preview":"max-video-preview:-1"},"canonical":"https:\/\/graziamagazine.com\/es\/articles\/lo-que-sabemos-del-regreso-de-harry-styles-y-aperture\/","og_locale":"es_ES","og_type":"article","og_title":"Lo que sabemos del regreso de Harry Styles y 'Aperture'","og_description":"Cuando Harry Styles desaparece, no lo hace para descansar: lo hace para redefinirse. Y su regreso lo confirma. Tras meses de silencio estrat\u00e9gico, el","og_url":"https:\/\/graziamagazine.com\/es\/articles\/lo-que-sabemos-del-regreso-de-harry-styles-y-aperture\/","og_site_name":"Grazia","og_image":[{"width":1440,"height":1079,"url":"https:\/\/graziamagazine.com\/es\/wp-content\/uploads\/sites\/12\/2026\/01\/harrystyles-2.jpg","type":"image\/jpeg"}],"twitter_card":"summary_large_image","twitter_misc":{"Est. reading time":"3 minutos"},"schema":{"@context":"https:\/\/schema.org","@graph":[{"@type":"WebPage","@id":"https:\/\/graziamagazine.com\/es\/articles\/lo-que-sabemos-del-regreso-de-harry-styles-y-aperture\/","url":"https:\/\/graziamagazine.com\/es\/articles\/lo-que-sabemos-del-regreso-de-harry-styles-y-aperture\/","name":"Lo que sabemos del regreso de Harry Styles y 'Aperture'","isPartOf":{"@id":"https:\/\/graziamagazine.com\/es\/#website"},"datePublished":"2026-01-23T11:44:22+00:00","dateModified":"2026-01-23T11:44:22+00:00","description":"Cuando Harry Styles desaparece, no lo hace para descansar: lo hace para redefinirse. Y su regreso lo confirma. Tras meses de silencio estrat\u00e9gico, el","breadcrumb":{"@id":"https:\/\/graziamagazine.com\/es\/articles\/lo-que-sabemos-del-regreso-de-harry-styles-y-aperture\/#breadcrumb"},"inLanguage":"es","potentialAction":[{"@type":"ReadAction","target":["https:\/\/graziamagazine.com\/es\/articles\/lo-que-sabemos-del-regreso-de-harry-styles-y-aperture\/"]}]},{"@type":"BreadcrumbList","@id":"https:\/\/graziamagazine.com\/es\/articles\/lo-que-sabemos-del-regreso-de-harry-styles-y-aperture\/#breadcrumb","itemListElement":[{"@type":"ListItem","position":1,"name":"Portada","item":"https:\/\/graziamagazine.com\/es\/"},{"@type":"ListItem","position":2,"name":"Lo que sabemos del regreso de Harry Styles y &#8216;Aperture&#8217;"}]},{"@type":"WebSite","@id":"https:\/\/graziamagazine.com\/es\/#website","url":"https:\/\/graziamagazine.com\/es\/","name":"Grazia","description":"Moda, belleza, celebrities, estilo de vida...","potentialAction":[{"@type":"SearchAction","target":{"@type":"EntryPoint","urlTemplate":"https:\/\/graziamagazine.com\/es\/?s={search_term_string}"},"query-input":"required name=search_term_string"}],"inLanguage":"es"}]}},"jetpack_sharing_enabled":true,"distributor_meta":false,"distributor_terms":false,"distributor_media":false,"distributor_original_site_name":"Grazia","distributor_original_site_url":"https:\/\/graziamagazine.com\/es","push-errors":false,"_links":{"self":[{"href":"https:\/\/graziamagazine.com\/es\/wp-json\/wp\/v2\/articles\/191335"}],"collection":[{"href":"https:\/\/graziamagazine.com\/es\/wp-json\/wp\/v2\/articles"}],"about":[{"href":"https:\/\/graziamagazine.com\/es\/wp-json\/wp\/v2\/types\/articles"}],"author":[{"embeddable":true,"href":"https:\/\/graziamagazine.com\/es\/wp-json\/wp\/v2\/users\/11653"}],"wp:featuredmedia":[{"embeddable":true,"href":"https:\/\/graziamagazine.com\/es\/wp-json\/wp\/v2\/media\/191336"}],"wp:attachment":[{"href":"https:\/\/graziamagazine.com\/es\/wp-json\/wp\/v2\/media?parent=191335"}],"wp:term":[{"taxonomy":"category","embeddable":true,"href":"https:\/\/graziamagazine.com\/es\/wp-json\/wp\/v2\/categories?post=191335"}],"curies":[{"name":"wp","href":"https:\/\/api.w.org\/{rel}","templated":true}]}}